{"id":20317,"date":"2014-08-21T16:46:05","date_gmt":"2014-08-21T19:46:05","guid":{"rendered":"http:\/\/www.notibras.com\/site\/?p=20317"},"modified":"2014-08-21T16:46:40","modified_gmt":"2014-08-21T19:46:40","slug":"medico-condenado-a-indenizar-vendedora-em-50-mil-por-racismo","status":"publish","type":"post","link":"https:\/\/www.notibras.com\/site\/medico-condenado-a-indenizar-vendedora-em-50-mil-por-racismo\/","title":{"rendered":"M\u00e9dico condenado a indenizar vendedora em R$ 50 mil por racismo"},"content":{"rendered":"<p>O m\u00e9dico Heverton Octac\u00edlio de Campos Menezes foi condenado a indenizar uma funcion\u00e1ria de um cinema em um shopping da <span class=\"premium-tip\">Asa Norte<\/span> pelo crime de inj\u00faria racial. O valor da indeniza\u00e7\u00e3o foi fixado em R$ 50 mil mais os custos do processo. O m\u00e9dico recorreu da decis\u00e3o.<\/p>\n<p>Segundo a decis\u00e3o, Menezes \u201cadotou um comportamento desrespeitoso com a autora, constrangendo-a com agress\u00f5es verbais, inclusive fazendo refer\u00eancia \u00e0 sua etnia\u201d. A den\u00fancia do Minist\u00e9rio P\u00fablico aponta que, em 29 de abril de 2012, o m\u00e9dico solicitou atendimento preferencial na fila do cinema Cine Cultural e, inconformado com a recusa, ofendeu a funcion\u00e1ria.<\/p>\n<p>\u201cO seu lugar n\u00e3o \u00e9 aqui, lidando com gente, por isso voc\u00ea \u00e9 dessa cor. Voc\u00ea deveria estar na \u00c1frica cuidando de orangotangos\u201d, disse Menezes, ainda segundo a den\u00fancia do Minist\u00e9rio P\u00fablico. No processo, a v\u00edtima afirmou que testemunhas chegaram a acionar a seguran\u00e7a, mas o m\u00e9dico fugiu correndo do shopping.<\/p>\n<blockquote><p>Segundo a senten\u00e7a do tribunal, o m\u00e9dico afirma que foi orientado pela funcion\u00e1ria a se dirigir para o \u201crabo da fila, que era lugar de velhotes bichonas\u201d, e que foi vaiado e humilhado por pessoas que testemunharam a discuss\u00e3o.<\/p><\/blockquote>\n<p>Na decis\u00e3o, a ju\u00edza afirma que os fatos causaram grande transtorno \u00e0 atendente. &#8220;Na verdade, causariam a qualquer cidad\u00e3o de bem. A grande repercuss\u00e3o na m\u00eddia sugere o sentimento de indigna\u00e7\u00e3o coletiva em face da conduta abusiva do r\u00e9u. A forma como destratou a autora demonstra um sentimento intr\u00ednseco de superioridade, n\u00e3o somente em rela\u00e7\u00e3o \u00e0 cor da pele, mas tamb\u00e9m em face da sua condi\u00e7\u00e3o social\u201d, afirma a decis\u00e3o.<\/p>\n","protected":false},"excerpt":{"rendered":"<p>O m\u00e9dico Heverton Octac\u00edlio de Campos Menezes foi condenado a indenizar uma funcion\u00e1ria de um cinema em um shopping da Asa Norte pelo crime de inj\u00faria racial. O valor da indeniza\u00e7\u00e3o foi fixado em R$ 50 mil mais os custos do processo. O m\u00e9dico recorreu da decis\u00e3o. Segundo a decis\u00e3o, Menezes \u201cadotou um comportamento desrespeitoso [&hellip;]<\/p>\n","protected":false},"author":2,"featured_media":20318,"comment_status":"open","ping_status":"closed","sticky":false,"template":"","format":"standard","meta":{"_acf_changed":false,"footnotes":""},"categories":[1],"tags":[],"class_list":["post-20317","post","type-post","status-publish","format-standard","has-post-thumbnail","hentry","category-brasilia"],"acf":[],"_links":{"self":[{"href":"https:\/\/www.notibras.com\/site\/wp-json\/wp\/v2\/posts\/20317","targetHints":{"allow":["GET"]}}],"collection":[{"href":"https:\/\/www.notibras.com\/site\/wp-json\/wp\/v2\/posts"}],"about":[{"href":"https:\/\/www.notibras.com\/site\/wp-json\/wp\/v2\/types\/post"}],"author":[{"embeddable":true,"href":"https:\/\/www.notibras.com\/site\/wp-json\/wp\/v2\/users\/2"}],"replies":[{"embeddable":true,"href":"https:\/\/www.notibras.com\/site\/wp-json\/wp\/v2\/comments?post=20317"}],"version-history":[{"count":0,"href":"https:\/\/www.notibras.com\/site\/wp-json\/wp\/v2\/posts\/20317\/revisions"}],"wp:featuredmedia":[{"embeddable":true,"href":"https:\/\/www.notibras.com\/site\/wp-json\/wp\/v2\/media\/20318"}],"wp:attachment":[{"href":"https:\/\/www.notibras.com\/site\/wp-json\/wp\/v2\/media?parent=20317"}],"wp:term":[{"taxonomy":"category","embeddable":true,"href":"https:\/\/www.notibras.com\/site\/wp-json\/wp\/v2\/categories?post=20317"},{"taxonomy":"post_tag","embeddable":true,"href":"https:\/\/www.notibras.com\/site\/wp-json\/wp\/v2\/tags?post=20317"}],"curies":[{"name":"wp","href":"https:\/\/api.w.org\/{rel}","templated":true}]}}