{"id":203176,"date":"2019-02-21T07:22:07","date_gmt":"2019-02-21T10:22:07","guid":{"rendered":"https:\/\/www.notibras.com\/site\/?p=203176"},"modified":"2019-02-21T08:26:54","modified_gmt":"2019-02-21T11:26:54","slug":"pf-e-fab-cacam-quadrilha-do-trafico-de-coca","status":"publish","type":"post","link":"https:\/\/www.notibras.com\/site\/pf-e-fab-cacam-quadrilha-do-trafico-de-coca\/","title":{"rendered":"PF e FAB ca\u00e7am quadrilha do tr\u00e1fico de coca"},"content":{"rendered":"<p>A Pol\u00edcia Federal (PF) realiza na manh\u00e3 desta quinta-feira, 21, a Opera\u00e7\u00e3o Flak, para desarticular financeiramente uma organiza\u00e7\u00e3o criminosa especializada em transporte a\u00e9reo de drogas e que levou entorpecentes para o Brasil, Estados Unidos e Europa em pelo menos 23 viagens.<\/p>\n<p>S\u00e3o sendo cumpridos 54 mandados de pris\u00e3o e 81 de busca e apreens\u00e3o no Distrito Federal e nos estados de Tocantins, Goi\u00e1s, Paran\u00e1, Par\u00e1, Roraima, S\u00e3o Paulo e Cear\u00e1.<\/p>\n<p>De acordo com informa\u00e7\u00f5es da PF, o \u00f3rg\u00e3o pediu e a Justi\u00e7a Federal deferiu o bloqueio de contas banc\u00e1rias de aproximadamente 100 pessoas e empresas envolvidas, al\u00e9m da apreens\u00e3o de 47 aeronaves, o sequestro de 13 fazendas com mais de 10 mil cabe\u00e7as de gado bovino e a inclus\u00e3o de seis pessoas no Sistema de Difus\u00e3o Vermelha da Interpol.<\/p>\n<p>A investiga\u00e7\u00e3o, que teve in\u00edcio h\u00e1 dois anos, apontou que no per\u00edodo compreendido entre meados de 2017 e 2018, foram realizados no m\u00ednimo 23 voos transportando em m\u00e9dia 400 quilos de coca\u00edna cada, totalizando mais de nove toneladas.<\/p>\n<p>Segundo a PF, mais de 400 policiais federais d\u00e3o cumprimento aos mandados. A a\u00e7\u00e3o conta com o apoio da For\u00e7a A\u00e9rea Brasileira (FAB) e do Grupamento de R\u00e1dio Patrulha A\u00e9rea da Pol\u00edcia Militar de Goi\u00e1s (GRAER\/PMGO).<\/p>\n<p>Os investigados devem responder por tr\u00e1fico transnacional de drogas, associa\u00e7\u00e3o para o tr\u00e1fico, financiamento ao tr\u00e1fico, organiza\u00e7\u00e3o criminosa, lavagem de dinheiro e atentado contra a seguran\u00e7a do transporte a\u00e9reo.<\/p>\n","protected":false},"excerpt":{"rendered":"<p>A Pol\u00edcia Federal (PF) realiza na manh\u00e3 desta quinta-feira, 21, a Opera\u00e7\u00e3o Flak, para desarticular financeiramente uma organiza\u00e7\u00e3o criminosa especializada em transporte a\u00e9reo de drogas e que levou entorpecentes para o Brasil, Estados Unidos e Europa em pelo menos 23 viagens. S\u00e3o sendo cumpridos 54 mandados de pris\u00e3o e 81 de busca e apreens\u00e3o no [&hellip;]<\/p>\n","protected":false},"author":2,"featured_media":203177,"comment_status":"closed","ping_status":"closed","sticky":false,"template":"","format":"standard","meta":{"_acf_changed":false,"footnotes":""},"categories":[16],"tags":[95],"class_list":["post-203176","post","type-post","status-publish","format-standard","has-post-thumbnail","hentry","category-brasil","tag-capa"],"acf":[],"yoast_head":"<!-- This site is optimized with the Yoast SEO plugin v27.2 - https:\/\/yoast.com\/product\/yoast-seo-wordpress\/ -->\n<title>PF e FAB ca\u00e7am quadrilha do tr\u00e1fico de coca - Notibras<\/title>\n<meta name=\"robots\" content=\"index, follow, max-snippet:-1, max-image-preview:large, max-video-preview:-1\" \/>\n<link rel=\"canonical\" href=\"https:\/\/www.notibras.com\/site\/pf-e-fab-cacam-quadrilha-do-trafico-de-coca\/\" \/>\n<meta property=\"og:locale\" content=\"pt_BR\" \/>\n<meta property=\"og:type\" content=\"article\" \/>\n<meta property=\"og:title\" content=\"PF e FAB ca\u00e7am quadrilha do tr\u00e1fico de coca - Notibras\" \/>\n<meta property=\"og:description\" content=\"A Pol\u00edcia Federal (PF) realiza na manh\u00e3 desta quinta-feira, 21, a Opera\u00e7\u00e3o Flak, para desarticular financeiramente uma organiza\u00e7\u00e3o criminosa especializada em transporte a\u00e9reo de drogas e que levou entorpecentes para o Brasil, Estados Unidos e Europa em pelo menos 23 viagens. S\u00e3o sendo cumpridos 54 mandados de pris\u00e3o e 81 de busca e apreens\u00e3o no [&hellip;]\" \/>\n<meta property=\"og:url\" content=\"https:\/\/www.notibras.com\/site\/pf-e-fab-cacam-quadrilha-do-trafico-de-coca\/\" \/>\n<meta property=\"og:site_name\" content=\"Notibras\" \/>\n<meta property=\"article:publisher\" content=\"https:\/\/www.facebook.com\/notibras\/\" \/>\n<meta property=\"article:published_time\" content=\"2019-02-21T10:22:07+00:00\" \/>\n<meta property=\"article:modified_time\" content=\"2019-02-21T11:26:54+00:00\" \/>\n<meta property=\"og:image\" content=\"https:\/\/www.notibras.com\/site\/wp-content\/uploads\/2019\/02\/aeronaves-apreendidas-operacao-trafico.jpeg\" \/>\n\t<meta property=\"og:image:width\" content=\"1600\" \/>\n\t<meta property=\"og:image:height\" content=\"1200\" \/>\n\t<meta property=\"og:image:type\" content=\"image\/jpeg\" \/>\n<meta name=\"author\" content=\"Reda\u00e7\u00e3o\" \/>\n<meta name=\"twitter:card\" content=\"summary_large_image\" \/>\n<meta name=\"twitter:creator\" content=\"@Notibras\" \/>\n<meta name=\"twitter:site\" content=\"@Notibras\" \/>\n<meta name=\"twitter:label1\" content=\"Escrito por\" \/>\n\t<meta name=\"twitter:data1\" content=\"Reda\u00e7\u00e3o\" \/>\n\t<meta name=\"twitter:label2\" content=\"Est. tempo de leitura\" \/>\n\t<meta name=\"twitter:data2\" content=\"1 minuto\" \/>\n<script type=\"application\/ld+json\" class=\"yoast-schema-graph\">{\"@context\":\"https:\/\/schema.org\",\"@graph\":[{\"@type\":\"Article\",\"@id\":\"https:\/\/www.notibras.com\/site\/pf-e-fab-cacam-quadrilha-do-trafico-de-coca\/#article\",\"isPartOf\":{\"@id\":\"https:\/\/www.notibras.com\/site\/pf-e-fab-cacam-quadrilha-do-trafico-de-coca\/\"},\"author\":{\"name\":\"Reda\u00e7\u00e3o\",\"@id\":\"https:\/\/www.notibras.com\/site\/#\/schema\/person\/36ab0979449956132d3e5b517ea76ac8\"},\"headline\":\"PF e FAB ca\u00e7am quadrilha do tr\u00e1fico de coca\",\"datePublished\":\"2019-02-21T10:22:07+00:00\",\"dateModified\":\"2019-02-21T11:26:54+00:00\",\"mainEntityOfPage\":{\"@id\":\"https:\/\/www.notibras.com\/site\/pf-e-fab-cacam-quadrilha-do-trafico-de-coca\/\"},\"wordCount\":270,\"publisher\":{\"@id\":\"https:\/\/www.notibras.com\/site\/#organization\"},\"image\":{\"@id\":\"https:\/\/www.notibras.com\/site\/pf-e-fab-cacam-quadrilha-do-trafico-de-coca\/#primaryimage\"},\"thumbnailUrl\":\"https:\/\/www.notibras.com\/site\/wp-content\/uploads\/2019\/02\/aeronaves-apreendidas-operacao-trafico.jpeg\",\"keywords\":[\"capa\"],\"articleSection\":[\"Brasil\"],\"inLanguage\":\"pt-BR\"},{\"@type\":\"WebPage\",\"@id\":\"https:\/\/www.notibras.com\/site\/pf-e-fab-cacam-quadrilha-do-trafico-de-coca\/\",\"url\":\"https:\/\/www.notibras.com\/site\/pf-e-fab-cacam-quadrilha-do-trafico-de-coca\/\",\"name\":\"PF e FAB ca\u00e7am quadrilha do tr\u00e1fico de coca - Notibras\",\"isPartOf\":{\"@id\":\"https:\/\/www.notibras.com\/site\/#website\"},\"primaryImageOfPage\":{\"@id\":\"https:\/\/www.notibras.com\/site\/pf-e-fab-cacam-quadrilha-do-trafico-de-coca\/#primaryimage\"},\"image\":{\"@id\":\"https:\/\/www.notibras.com\/site\/pf-e-fab-cacam-quadrilha-do-trafico-de-coca\/#primaryimage\"},\"thumbnailUrl\":\"https:\/\/www.notibras.com\/site\/wp-content\/uploads\/2019\/02\/aeronaves-apreendidas-operacao-trafico.jpeg\",\"datePublished\":\"2019-02-21T10:22:07+00:00\",\"dateModified\":\"2019-02-21T11:26:54+00:00\",\"breadcrumb\":{\"@id\":\"https:\/\/www.notibras.com\/site\/pf-e-fab-cacam-quadrilha-do-trafico-de-coca\/#breadcrumb\"},\"inLanguage\":\"pt-BR\",\"potentialAction\":[{\"@type\":\"ReadAction\",\"target\":[\"https:\/\/www.notibras.com\/site\/pf-e-fab-cacam-quadrilha-do-trafico-de-coca\/\"]}]},{\"@type\":\"ImageObject\",\"inLanguage\":\"pt-BR\",\"@id\":\"https:\/\/www.notibras.com\/site\/pf-e-fab-cacam-quadrilha-do-trafico-de-coca\/#primaryimage\",\"url\":\"https:\/\/www.notibras.com\/site\/wp-content\/uploads\/2019\/02\/aeronaves-apreendidas-operacao-trafico.jpeg\",\"contentUrl\":\"https:\/\/www.notibras.com\/site\/wp-content\/uploads\/2019\/02\/aeronaves-apreendidas-operacao-trafico.jpeg\",\"width\":1600,\"height\":1200,\"caption\":\"Foto\/Divulga\u00e7\u00e3o - Pol\u00edcia Federal\"},{\"@type\":\"BreadcrumbList\",\"@id\":\"https:\/\/www.notibras.com\/site\/pf-e-fab-cacam-quadrilha-do-trafico-de-coca\/#breadcrumb\",\"itemListElement\":[{\"@type\":\"ListItem\",\"position\":1,\"name\":\"In\u00edcio\",\"item\":\"https:\/\/www.notibras.com\/site\/\"},{\"@type\":\"ListItem\",\"position\":2,\"name\":\"PF e FAB ca\u00e7am quadrilha do tr\u00e1fico de coca\"}]},{\"@type\":\"WebSite\",\"@id\":\"https:\/\/www.notibras.com\/site\/#website\",\"url\":\"https:\/\/www.notibras.com\/site\/\",\"name\":\"Notibras\",\"description\":\"Not\u00edcias de Bras\u00edlia, do Brasil e do Mundo\",\"publisher\":{\"@id\":\"https:\/\/www.notibras.com\/site\/#organization\"},\"potentialAction\":[{\"@type\":\"SearchAction\",\"target\":{\"@type\":\"EntryPoint\",\"urlTemplate\":\"https:\/\/www.notibras.com\/site\/?s={search_term_string}\"},\"query-input\":{\"@type\":\"PropertyValueSpecification\",\"valueRequired\":true,\"valueName\":\"search_term_string\"}}],\"inLanguage\":\"pt-BR\"},{\"@type\":\"Organization\",\"@id\":\"https:\/\/www.notibras.com\/site\/#organization\",\"name\":\"Grupo Notibras de Comunica\u00e7\u00e3o\",\"url\":\"https:\/\/www.notibras.com\/site\/\",\"logo\":{\"@type\":\"ImageObject\",\"inLanguage\":\"pt-BR\",\"@id\":\"https:\/\/www.notibras.com\/site\/#\/schema\/logo\/image\/\",\"url\":\"https:\/\/www.notibras.com\/site\/wp-content\/uploads\/2023\/01\/notibras23.png\",\"contentUrl\":\"https:\/\/www.notibras.com\/site\/wp-content\/uploads\/2023\/01\/notibras23.png\",\"width\":350,\"height\":87,\"caption\":\"Grupo Notibras de Comunica\u00e7\u00e3o\"},\"image\":{\"@id\":\"https:\/\/www.notibras.com\/site\/#\/schema\/logo\/image\/\"},\"sameAs\":[\"https:\/\/www.facebook.com\/notibras\/\",\"https:\/\/x.com\/Notibras\",\"https:\/\/www.instagram.com\/notibras\/\"]},{\"@type\":\"Person\",\"@id\":\"https:\/\/www.notibras.com\/site\/#\/schema\/person\/36ab0979449956132d3e5b517ea76ac8\",\"name\":\"Reda\u00e7\u00e3o\",\"image\":{\"@type\":\"ImageObject\",\"inLanguage\":\"pt-BR\",\"@id\":\"https:\/\/secure.gravatar.com\/avatar\/e0a867bdedb85fd243eadf09663511f96fc81e0720a4a42581f334ad4303aa6b?s=96&d=mm&r=g\",\"url\":\"https:\/\/secure.gravatar.com\/avatar\/e0a867bdedb85fd243eadf09663511f96fc81e0720a4a42581f334ad4303aa6b?s=96&d=mm&r=g\",\"contentUrl\":\"https:\/\/secure.gravatar.com\/avatar\/e0a867bdedb85fd243eadf09663511f96fc81e0720a4a42581f334ad4303aa6b?s=96&d=mm&r=g\",\"caption\":\"Reda\u00e7\u00e3o\"}}]}<\/script>\n<!-- \/ Yoast SEO plugin. -->","yoast_head_json":{"title":"PF e FAB ca\u00e7am quadrilha do tr\u00e1fico de coca - Notibras","robots":{"index":"index","follow":"follow","max-snippet":"max-snippet:-1","max-image-preview":"max-image-preview:large","max-video-preview":"max-video-preview:-1"},"canonical":"https:\/\/www.notibras.com\/site\/pf-e-fab-cacam-quadrilha-do-trafico-de-coca\/","og_locale":"pt_BR","og_type":"article","og_title":"PF e FAB ca\u00e7am quadrilha do tr\u00e1fico de coca - Notibras","og_description":"A Pol\u00edcia Federal (PF) realiza na manh\u00e3 desta quinta-feira, 21, a Opera\u00e7\u00e3o Flak, para desarticular financeiramente uma organiza\u00e7\u00e3o criminosa especializada em transporte a\u00e9reo de drogas e que levou entorpecentes para o Brasil, Estados Unidos e Europa em pelo menos 23 viagens. S\u00e3o sendo cumpridos 54 mandados de pris\u00e3o e 81 de busca e apreens\u00e3o no [&hellip;]","og_url":"https:\/\/www.notibras.com\/site\/pf-e-fab-cacam-quadrilha-do-trafico-de-coca\/","og_site_name":"Notibras","article_publisher":"https:\/\/www.facebook.com\/notibras\/","article_published_time":"2019-02-21T10:22:07+00:00","article_modified_time":"2019-02-21T11:26:54+00:00","og_image":[{"width":1600,"height":1200,"url":"https:\/\/www.notibras.com\/site\/wp-content\/uploads\/2019\/02\/aeronaves-apreendidas-operacao-trafico.jpeg","type":"image\/jpeg"}],"author":"Reda\u00e7\u00e3o","twitter_card":"summary_large_image","twitter_creator":"@Notibras","twitter_site":"@Notibras","twitter_misc":{"Escrito por":"Reda\u00e7\u00e3o","Est. tempo de leitura":"1 minuto"},"schema":{"@context":"https:\/\/schema.org","@graph":[{"@type":"Article","@id":"https:\/\/www.notibras.com\/site\/pf-e-fab-cacam-quadrilha-do-trafico-de-coca\/#article","isPartOf":{"@id":"https:\/\/www.notibras.com\/site\/pf-e-fab-cacam-quadrilha-do-trafico-de-coca\/"},"author":{"name":"Reda\u00e7\u00e3o","@id":"https:\/\/www.notibras.com\/site\/#\/schema\/person\/36ab0979449956132d3e5b517ea76ac8"},"headline":"PF e FAB ca\u00e7am quadrilha do tr\u00e1fico de coca","datePublished":"2019-02-21T10:22:07+00:00","dateModified":"2019-02-21T11:26:54+00:00","mainEntityOfPage":{"@id":"https:\/\/www.notibras.com\/site\/pf-e-fab-cacam-quadrilha-do-trafico-de-coca\/"},"wordCount":270,"publisher":{"@id":"https:\/\/www.notibras.com\/site\/#organization"},"image":{"@id":"https:\/\/www.notibras.com\/site\/pf-e-fab-cacam-quadrilha-do-trafico-de-coca\/#primaryimage"},"thumbnailUrl":"https:\/\/www.notibras.com\/site\/wp-content\/uploads\/2019\/02\/aeronaves-apreendidas-operacao-trafico.jpeg","keywords":["capa"],"articleSection":["Brasil"],"inLanguage":"pt-BR"},{"@type":"WebPage","@id":"https:\/\/www.notibras.com\/site\/pf-e-fab-cacam-quadrilha-do-trafico-de-coca\/","url":"https:\/\/www.notibras.com\/site\/pf-e-fab-cacam-quadrilha-do-trafico-de-coca\/","name":"PF e FAB ca\u00e7am quadrilha do tr\u00e1fico de coca - Notibras","isPartOf":{"@id":"https:\/\/www.notibras.com\/site\/#website"},"primaryImageOfPage":{"@id":"https:\/\/www.notibras.com\/site\/pf-e-fab-cacam-quadrilha-do-trafico-de-coca\/#primaryimage"},"image":{"@id":"https:\/\/www.notibras.com\/site\/pf-e-fab-cacam-quadrilha-do-trafico-de-coca\/#primaryimage"},"thumbnailUrl":"https:\/\/www.notibras.com\/site\/wp-content\/uploads\/2019\/02\/aeronaves-apreendidas-operacao-trafico.jpeg","datePublished":"2019-02-21T10:22:07+00:00","dateModified":"2019-02-21T11:26:54+00:00","breadcrumb":{"@id":"https:\/\/www.notibras.com\/site\/pf-e-fab-cacam-quadrilha-do-trafico-de-coca\/#breadcrumb"},"inLanguage":"pt-BR","potentialAction":[{"@type":"ReadAction","target":["https:\/\/www.notibras.com\/site\/pf-e-fab-cacam-quadrilha-do-trafico-de-coca\/"]}]},{"@type":"ImageObject","inLanguage":"pt-BR","@id":"https:\/\/www.notibras.com\/site\/pf-e-fab-cacam-quadrilha-do-trafico-de-coca\/#primaryimage","url":"https:\/\/www.notibras.com\/site\/wp-content\/uploads\/2019\/02\/aeronaves-apreendidas-operacao-trafico.jpeg","contentUrl":"https:\/\/www.notibras.com\/site\/wp-content\/uploads\/2019\/02\/aeronaves-apreendidas-operacao-trafico.jpeg","width":1600,"height":1200,"caption":"Foto\/Divulga\u00e7\u00e3o - Pol\u00edcia Federal"},{"@type":"BreadcrumbList","@id":"https:\/\/www.notibras.com\/site\/pf-e-fab-cacam-quadrilha-do-trafico-de-coca\/#breadcrumb","itemListElement":[{"@type":"ListItem","position":1,"name":"In\u00edcio","item":"https:\/\/www.notibras.com\/site\/"},{"@type":"ListItem","position":2,"name":"PF e FAB ca\u00e7am quadrilha do tr\u00e1fico de coca"}]},{"@type":"WebSite","@id":"https:\/\/www.notibras.com\/site\/#website","url":"https:\/\/www.notibras.com\/site\/","name":"Notibras","description":"Not\u00edcias de Bras\u00edlia, do Brasil e do Mundo","publisher":{"@id":"https:\/\/www.notibras.com\/site\/#organization"},"potentialAction":[{"@type":"SearchAction","target":{"@type":"EntryPoint","urlTemplate":"https:\/\/www.notibras.com\/site\/?s={search_term_string}"},"query-input":{"@type":"PropertyValueSpecification","valueRequired":true,"valueName":"search_term_string"}}],"inLanguage":"pt-BR"},{"@type":"Organization","@id":"https:\/\/www.notibras.com\/site\/#organization","name":"Grupo Notibras de Comunica\u00e7\u00e3o","url":"https:\/\/www.notibras.com\/site\/","logo":{"@type":"ImageObject","inLanguage":"pt-BR","@id":"https:\/\/www.notibras.com\/site\/#\/schema\/logo\/image\/","url":"https:\/\/www.notibras.com\/site\/wp-content\/uploads\/2023\/01\/notibras23.png","contentUrl":"https:\/\/www.notibras.com\/site\/wp-content\/uploads\/2023\/01\/notibras23.png","width":350,"height":87,"caption":"Grupo Notibras de Comunica\u00e7\u00e3o"},"image":{"@id":"https:\/\/www.notibras.com\/site\/#\/schema\/logo\/image\/"},"sameAs":["https:\/\/www.facebook.com\/notibras\/","https:\/\/x.com\/Notibras","https:\/\/www.instagram.com\/notibras\/"]},{"@type":"Person","@id":"https:\/\/www.notibras.com\/site\/#\/schema\/person\/36ab0979449956132d3e5b517ea76ac8","name":"Reda\u00e7\u00e3o","image":{"@type":"ImageObject","inLanguage":"pt-BR","@id":"https:\/\/secure.gravatar.com\/avatar\/e0a867bdedb85fd243eadf09663511f96fc81e0720a4a42581f334ad4303aa6b?s=96&d=mm&r=g","url":"https:\/\/secure.gravatar.com\/avatar\/e0a867bdedb85fd243eadf09663511f96fc81e0720a4a42581f334ad4303aa6b?s=96&d=mm&r=g","contentUrl":"https:\/\/secure.gravatar.com\/avatar\/e0a867bdedb85fd243eadf09663511f96fc81e0720a4a42581f334ad4303aa6b?s=96&d=mm&r=g","caption":"Reda\u00e7\u00e3o"}}]}},"amp_enabled":true,"_links":{"self":[{"href":"https:\/\/www.notibras.com\/site\/wp-json\/wp\/v2\/posts\/203176","targetHints":{"allow":["GET"]}}],"collection":[{"href":"https:\/\/www.notibras.com\/site\/wp-json\/wp\/v2\/posts"}],"about":[{"href":"https:\/\/www.notibras.com\/site\/wp-json\/wp\/v2\/types\/post"}],"author":[{"embeddable":true,"href":"https:\/\/www.notibras.com\/site\/wp-json\/wp\/v2\/users\/2"}],"replies":[{"embeddable":true,"href":"https:\/\/www.notibras.com\/site\/wp-json\/wp\/v2\/comments?post=203176"}],"version-history":[{"count":4,"href":"https:\/\/www.notibras.com\/site\/wp-json\/wp\/v2\/posts\/203176\/revisions"}],"predecessor-version":[{"id":203181,"href":"https:\/\/www.notibras.com\/site\/wp-json\/wp\/v2\/posts\/203176\/revisions\/203181"}],"wp:featuredmedia":[{"embeddable":true,"href":"https:\/\/www.notibras.com\/site\/wp-json\/wp\/v2\/media\/203177"}],"wp:attachment":[{"href":"https:\/\/www.notibras.com\/site\/wp-json\/wp\/v2\/media?parent=203176"}],"wp:term":[{"taxonomy":"category","embeddable":true,"href":"https:\/\/www.notibras.com\/site\/wp-json\/wp\/v2\/categories?post=203176"},{"taxonomy":"post_tag","embeddable":true,"href":"https:\/\/www.notibras.com\/site\/wp-json\/wp\/v2\/tags?post=203176"}],"curies":[{"name":"wp","href":"https:\/\/api.w.org\/{rel}","templated":true}]}}