{"id":203186,"date":"2019-02-21T12:01:18","date_gmt":"2019-02-21T15:01:18","guid":{"rendered":"https:\/\/www.notibras.com\/site\/?p=203186"},"modified":"2019-02-21T14:03:24","modified_gmt":"2019-02-21T17:03:24","slug":"fachin-nega-mais-um-pedido-de-lula-para-ser-solto","status":"publish","type":"post","link":"https:\/\/www.notibras.com\/site\/fachin-nega-mais-um-pedido-de-lula-para-ser-solto\/","title":{"rendered":"Fachin nega mais um pedido de Lula para ser solto"},"content":{"rendered":"<p>O ministro Edson Fachin, relator da Opera\u00e7\u00e3o Lava Jato no Supremo Tribunal Federal (STF), negou mais um pedido de liberdade do ex-presidente Luiz In\u00e1cio Lula da Silva (PT), condenado pela Lava Jato e preso desde abril do ano passado na Superintend\u00eancia da Pol\u00edcia Federal em Curitiba.<\/p>\n<p>A solicita\u00e7\u00e3o, apresentada em dezembro do ano passado, foi rejeitada na quarta, 20, mas tornada p\u00fablica somente nesta quinta, 21. O pedido era contra contra uma decis\u00e3o do ministro Felix Fischer, do Superior Tribunal de Justi\u00e7a (STJ), que negou, de forma individual, um recurso do petista contra sua condena\u00e7\u00e3o no caso do triplex do Guaruj\u00e1.<\/p>\n<p>Esta condena\u00e7\u00e3o levou o ex-presidente a pris\u00e3o, ap\u00f3s confirma\u00e7\u00e3o em segunda inst\u00e2ncia. Lula tamb\u00e9m foi recentemente condenado por corrup\u00e7\u00e3o e lavagem de dinheiro no processo relativo ao s\u00edtio em Atibaia. Esse caso ainda n\u00e3o passou pela segunda inst\u00e2ncia da Justi\u00e7a.<\/p>\n<p>Fischer, que \u00e9 relator da Lava Jato no STJ, decidiu de forma individual negar o recurso do ex-presidente Lula que buscava rever sua condena\u00e7\u00e3o em torno do triplex. A defesa de Lula recorreu, e o processo ainda ser\u00e1 analisado pela Quinta Turma do STJ, apelidada de \u201cc\u00e2mara de g\u00e1s\u201d em fun\u00e7\u00e3o do rigor das decis\u00f5es de seus ministros integrantes.<\/p>\n<p>Segundo os advogados do petista, Fischer n\u00e3o poderia ter negado, de forma monocr\u00e1tica, o recurso de Lula. Eles alegam que o processo deveria ter sido analisado pelo colegiado. Por isso, pediram que o ex-presidente ficasse em liberdade at\u00e9 o julgamento de m\u00e9rito do processo apresentado no STF contra a posi\u00e7\u00e3o do ministro do STJ. Solicitaram ainda que a Suprema Corte anulasse a senten\u00e7a do triplex.<\/p>\n<p>Ao rejeitar seguimento a a\u00e7\u00e3o do ex-presidente, Fachin negou todos os pedidos. Na despacho. o ministro do STF destacou que a \u201ccolegialidade\u201d \u00e9 sempre desej\u00e1vel, \u201crecomend\u00e1vel ou mesmo necess\u00e1ria\u201d, mas lembrou que o recurso de Lula no pr\u00f3prio STJ ainda ser\u00e1 analisado pela Quinta Turma.<\/p>\n<p>Foi por causa deste habeas corpus negado por Fachin que, em dezembro, a defesa de Lula pediu para que a Segunda Turma do STF adiasse o julgamento de outro pedido de liberdade do petista \u2013 que busca a anula\u00e7\u00e3o dos atos do ex-juiz S\u00e9rgio Moro, que condenou o ex-presidente no caso do triplex. A turma n\u00e3o atendeu ao apelo dos advogados, mas a an\u00e1lise do habeas foi interrompida por um pedido de vista (mais tempo de an\u00e1lise) do ministro Gilmar Mendes. At\u00e9 o momento, j\u00e1 votaram para rejeitar a a\u00e7\u00e3o os ministros Edson Fachin e C\u00e1rmen L\u00facia.<\/p>\n","protected":false},"excerpt":{"rendered":"<p>O ministro Edson Fachin, relator da Opera\u00e7\u00e3o Lava Jato no Supremo Tribunal Federal (STF), negou mais um pedido de liberdade do ex-presidente Luiz In\u00e1cio Lula da Silva (PT), condenado pela Lava Jato e preso desde abril do ano passado na Superintend\u00eancia da Pol\u00edcia Federal em Curitiba. A solicita\u00e7\u00e3o, apresentada em dezembro do ano passado, foi [&hellip;]<\/p>\n","protected":false},"author":2,"featured_media":183855,"comment_status":"closed","ping_status":"closed","sticky":false,"template":"","format":"standard","meta":{"_acf_changed":false,"footnotes":""},"categories":[16],"tags":[95],"class_list":["post-203186","post","type-post","status-publish","format-standard","has-post-thumbnail","hentry","category-brasil","tag-capa"],"acf":[],"yoast_head":"<!-- This site is optimized with the Yoast SEO plugin v27.2 - https:\/\/yoast.com\/product\/yoast-seo-wordpress\/ -->\n<title>Fachin nega mais um pedido de Lula para ser solto - Notibras<\/title>\n<meta name=\"robots\" content=\"index, follow, max-snippet:-1, max-image-preview:large, max-video-preview:-1\" \/>\n<link rel=\"canonical\" href=\"https:\/\/www.notibras.com\/site\/fachin-nega-mais-um-pedido-de-lula-para-ser-solto\/\" \/>\n<meta property=\"og:locale\" content=\"pt_BR\" \/>\n<meta property=\"og:type\" content=\"article\" \/>\n<meta property=\"og:title\" content=\"Fachin nega mais um pedido de Lula para ser solto - Notibras\" \/>\n<meta property=\"og:description\" content=\"O ministro Edson Fachin, relator da Opera\u00e7\u00e3o Lava Jato no Supremo Tribunal Federal (STF), negou mais um pedido de liberdade do ex-presidente Luiz In\u00e1cio Lula da Silva (PT), condenado pela Lava Jato e preso desde abril do ano passado na Superintend\u00eancia da Pol\u00edcia Federal em Curitiba. A solicita\u00e7\u00e3o, apresentada em dezembro do ano passado, foi [&hellip;]\" \/>\n<meta property=\"og:url\" content=\"https:\/\/www.notibras.com\/site\/fachin-nega-mais-um-pedido-de-lula-para-ser-solto\/\" \/>\n<meta property=\"og:site_name\" content=\"Notibras\" \/>\n<meta property=\"article:publisher\" content=\"https:\/\/www.facebook.com\/notibras\/\" \/>\n<meta property=\"article:published_time\" content=\"2019-02-21T15:01:18+00:00\" \/>\n<meta property=\"article:modified_time\" content=\"2019-02-21T17:03:24+00:00\" \/>\n<meta property=\"og:image\" content=\"https:\/\/www.notibras.com\/site\/wp-content\/uploads\/2018\/06\/edson-fachin-20151217.jpg\" \/>\n\t<meta property=\"og:image:width\" content=\"3000\" \/>\n\t<meta property=\"og:image:height\" content=\"2000\" \/>\n\t<meta property=\"og:image:type\" content=\"image\/jpeg\" \/>\n<meta name=\"author\" content=\"Reda\u00e7\u00e3o\" \/>\n<meta name=\"twitter:card\" content=\"summary_large_image\" \/>\n<meta name=\"twitter:creator\" content=\"@Notibras\" \/>\n<meta name=\"twitter:site\" content=\"@Notibras\" \/>\n<meta name=\"twitter:label1\" content=\"Escrito por\" \/>\n\t<meta name=\"twitter:data1\" content=\"Reda\u00e7\u00e3o\" \/>\n\t<meta name=\"twitter:label2\" content=\"Est. tempo de leitura\" \/>\n\t<meta name=\"twitter:data2\" content=\"2 minutos\" \/>\n<script type=\"application\/ld+json\" class=\"yoast-schema-graph\">{\"@context\":\"https:\/\/schema.org\",\"@graph\":[{\"@type\":\"Article\",\"@id\":\"https:\/\/www.notibras.com\/site\/fachin-nega-mais-um-pedido-de-lula-para-ser-solto\/#article\",\"isPartOf\":{\"@id\":\"https:\/\/www.notibras.com\/site\/fachin-nega-mais-um-pedido-de-lula-para-ser-solto\/\"},\"author\":{\"name\":\"Reda\u00e7\u00e3o\",\"@id\":\"https:\/\/www.notibras.com\/site\/#\/schema\/person\/36ab0979449956132d3e5b517ea76ac8\"},\"headline\":\"Fachin nega mais um pedido de Lula para ser solto\",\"datePublished\":\"2019-02-21T15:01:18+00:00\",\"dateModified\":\"2019-02-21T17:03:24+00:00\",\"mainEntityOfPage\":{\"@id\":\"https:\/\/www.notibras.com\/site\/fachin-nega-mais-um-pedido-de-lula-para-ser-solto\/\"},\"wordCount\":455,\"publisher\":{\"@id\":\"https:\/\/www.notibras.com\/site\/#organization\"},\"image\":{\"@id\":\"https:\/\/www.notibras.com\/site\/fachin-nega-mais-um-pedido-de-lula-para-ser-solto\/#primaryimage\"},\"thumbnailUrl\":\"https:\/\/www.notibras.com\/site\/wp-content\/uploads\/2018\/06\/edson-fachin-20151217.jpg\",\"keywords\":[\"capa\"],\"articleSection\":[\"Brasil\"],\"inLanguage\":\"pt-BR\"},{\"@type\":\"WebPage\",\"@id\":\"https:\/\/www.notibras.com\/site\/fachin-nega-mais-um-pedido-de-lula-para-ser-solto\/\",\"url\":\"https:\/\/www.notibras.com\/site\/fachin-nega-mais-um-pedido-de-lula-para-ser-solto\/\",\"name\":\"Fachin nega mais um pedido de Lula para ser solto - Notibras\",\"isPartOf\":{\"@id\":\"https:\/\/www.notibras.com\/site\/#website\"},\"primaryImageOfPage\":{\"@id\":\"https:\/\/www.notibras.com\/site\/fachin-nega-mais-um-pedido-de-lula-para-ser-solto\/#primaryimage\"},\"image\":{\"@id\":\"https:\/\/www.notibras.com\/site\/fachin-nega-mais-um-pedido-de-lula-para-ser-solto\/#primaryimage\"},\"thumbnailUrl\":\"https:\/\/www.notibras.com\/site\/wp-content\/uploads\/2018\/06\/edson-fachin-20151217.jpg\",\"datePublished\":\"2019-02-21T15:01:18+00:00\",\"dateModified\":\"2019-02-21T17:03:24+00:00\",\"breadcrumb\":{\"@id\":\"https:\/\/www.notibras.com\/site\/fachin-nega-mais-um-pedido-de-lula-para-ser-solto\/#breadcrumb\"},\"inLanguage\":\"pt-BR\",\"potentialAction\":[{\"@type\":\"ReadAction\",\"target\":[\"https:\/\/www.notibras.com\/site\/fachin-nega-mais-um-pedido-de-lula-para-ser-solto\/\"]}]},{\"@type\":\"ImageObject\",\"inLanguage\":\"pt-BR\",\"@id\":\"https:\/\/www.notibras.com\/site\/fachin-nega-mais-um-pedido-de-lula-para-ser-solto\/#primaryimage\",\"url\":\"https:\/\/www.notibras.com\/site\/wp-content\/uploads\/2018\/06\/edson-fachin-20151217.jpg\",\"contentUrl\":\"https:\/\/www.notibras.com\/site\/wp-content\/uploads\/2018\/06\/edson-fachin-20151217.jpg\",\"width\":3000,\"height\":2000},{\"@type\":\"BreadcrumbList\",\"@id\":\"https:\/\/www.notibras.com\/site\/fachin-nega-mais-um-pedido-de-lula-para-ser-solto\/#breadcrumb\",\"itemListElement\":[{\"@type\":\"ListItem\",\"position\":1,\"name\":\"In\u00edcio\",\"item\":\"https:\/\/www.notibras.com\/site\/\"},{\"@type\":\"ListItem\",\"position\":2,\"name\":\"Fachin nega mais um pedido de Lula para ser solto\"}]},{\"@type\":\"WebSite\",\"@id\":\"https:\/\/www.notibras.com\/site\/#website\",\"url\":\"https:\/\/www.notibras.com\/site\/\",\"name\":\"Notibras\",\"description\":\"Not\u00edcias de Bras\u00edlia, do Brasil e do Mundo\",\"publisher\":{\"@id\":\"https:\/\/www.notibras.com\/site\/#organization\"},\"potentialAction\":[{\"@type\":\"SearchAction\",\"target\":{\"@type\":\"EntryPoint\",\"urlTemplate\":\"https:\/\/www.notibras.com\/site\/?s={search_term_string}\"},\"query-input\":{\"@type\":\"PropertyValueSpecification\",\"valueRequired\":true,\"valueName\":\"search_term_string\"}}],\"inLanguage\":\"pt-BR\"},{\"@type\":\"Organization\",\"@id\":\"https:\/\/www.notibras.com\/site\/#organization\",\"name\":\"Grupo Notibras de Comunica\u00e7\u00e3o\",\"url\":\"https:\/\/www.notibras.com\/site\/\",\"logo\":{\"@type\":\"ImageObject\",\"inLanguage\":\"pt-BR\",\"@id\":\"https:\/\/www.notibras.com\/site\/#\/schema\/logo\/image\/\",\"url\":\"https:\/\/www.notibras.com\/site\/wp-content\/uploads\/2023\/01\/notibras23.png\",\"contentUrl\":\"https:\/\/www.notibras.com\/site\/wp-content\/uploads\/2023\/01\/notibras23.png\",\"width\":350,\"height\":87,\"caption\":\"Grupo Notibras de Comunica\u00e7\u00e3o\"},\"image\":{\"@id\":\"https:\/\/www.notibras.com\/site\/#\/schema\/logo\/image\/\"},\"sameAs\":[\"https:\/\/www.facebook.com\/notibras\/\",\"https:\/\/x.com\/Notibras\",\"https:\/\/www.instagram.com\/notibras\/\"]},{\"@type\":\"Person\",\"@id\":\"https:\/\/www.notibras.com\/site\/#\/schema\/person\/36ab0979449956132d3e5b517ea76ac8\",\"name\":\"Reda\u00e7\u00e3o\",\"image\":{\"@type\":\"ImageObject\",\"inLanguage\":\"pt-BR\",\"@id\":\"https:\/\/secure.gravatar.com\/avatar\/e0a867bdedb85fd243eadf09663511f96fc81e0720a4a42581f334ad4303aa6b?s=96&d=mm&r=g\",\"url\":\"https:\/\/secure.gravatar.com\/avatar\/e0a867bdedb85fd243eadf09663511f96fc81e0720a4a42581f334ad4303aa6b?s=96&d=mm&r=g\",\"contentUrl\":\"https:\/\/secure.gravatar.com\/avatar\/e0a867bdedb85fd243eadf09663511f96fc81e0720a4a42581f334ad4303aa6b?s=96&d=mm&r=g\",\"caption\":\"Reda\u00e7\u00e3o\"}}]}<\/script>\n<!-- \/ Yoast SEO plugin. -->","yoast_head_json":{"title":"Fachin nega mais um pedido de Lula para ser solto - Notibras","robots":{"index":"index","follow":"follow","max-snippet":"max-snippet:-1","max-image-preview":"max-image-preview:large","max-video-preview":"max-video-preview:-1"},"canonical":"https:\/\/www.notibras.com\/site\/fachin-nega-mais-um-pedido-de-lula-para-ser-solto\/","og_locale":"pt_BR","og_type":"article","og_title":"Fachin nega mais um pedido de Lula para ser solto - Notibras","og_description":"O ministro Edson Fachin, relator da Opera\u00e7\u00e3o Lava Jato no Supremo Tribunal Federal (STF), negou mais um pedido de liberdade do ex-presidente Luiz In\u00e1cio Lula da Silva (PT), condenado pela Lava Jato e preso desde abril do ano passado na Superintend\u00eancia da Pol\u00edcia Federal em Curitiba. A solicita\u00e7\u00e3o, apresentada em dezembro do ano passado, foi [&hellip;]","og_url":"https:\/\/www.notibras.com\/site\/fachin-nega-mais-um-pedido-de-lula-para-ser-solto\/","og_site_name":"Notibras","article_publisher":"https:\/\/www.facebook.com\/notibras\/","article_published_time":"2019-02-21T15:01:18+00:00","article_modified_time":"2019-02-21T17:03:24+00:00","og_image":[{"width":3000,"height":2000,"url":"https:\/\/www.notibras.com\/site\/wp-content\/uploads\/2018\/06\/edson-fachin-20151217.jpg","type":"image\/jpeg"}],"author":"Reda\u00e7\u00e3o","twitter_card":"summary_large_image","twitter_creator":"@Notibras","twitter_site":"@Notibras","twitter_misc":{"Escrito por":"Reda\u00e7\u00e3o","Est. tempo de leitura":"2 minutos"},"schema":{"@context":"https:\/\/schema.org","@graph":[{"@type":"Article","@id":"https:\/\/www.notibras.com\/site\/fachin-nega-mais-um-pedido-de-lula-para-ser-solto\/#article","isPartOf":{"@id":"https:\/\/www.notibras.com\/site\/fachin-nega-mais-um-pedido-de-lula-para-ser-solto\/"},"author":{"name":"Reda\u00e7\u00e3o","@id":"https:\/\/www.notibras.com\/site\/#\/schema\/person\/36ab0979449956132d3e5b517ea76ac8"},"headline":"Fachin nega mais um pedido de Lula para ser solto","datePublished":"2019-02-21T15:01:18+00:00","dateModified":"2019-02-21T17:03:24+00:00","mainEntityOfPage":{"@id":"https:\/\/www.notibras.com\/site\/fachin-nega-mais-um-pedido-de-lula-para-ser-solto\/"},"wordCount":455,"publisher":{"@id":"https:\/\/www.notibras.com\/site\/#organization"},"image":{"@id":"https:\/\/www.notibras.com\/site\/fachin-nega-mais-um-pedido-de-lula-para-ser-solto\/#primaryimage"},"thumbnailUrl":"https:\/\/www.notibras.com\/site\/wp-content\/uploads\/2018\/06\/edson-fachin-20151217.jpg","keywords":["capa"],"articleSection":["Brasil"],"inLanguage":"pt-BR"},{"@type":"WebPage","@id":"https:\/\/www.notibras.com\/site\/fachin-nega-mais-um-pedido-de-lula-para-ser-solto\/","url":"https:\/\/www.notibras.com\/site\/fachin-nega-mais-um-pedido-de-lula-para-ser-solto\/","name":"Fachin nega mais um pedido de Lula para ser solto - Notibras","isPartOf":{"@id":"https:\/\/www.notibras.com\/site\/#website"},"primaryImageOfPage":{"@id":"https:\/\/www.notibras.com\/site\/fachin-nega-mais-um-pedido-de-lula-para-ser-solto\/#primaryimage"},"image":{"@id":"https:\/\/www.notibras.com\/site\/fachin-nega-mais-um-pedido-de-lula-para-ser-solto\/#primaryimage"},"thumbnailUrl":"https:\/\/www.notibras.com\/site\/wp-content\/uploads\/2018\/06\/edson-fachin-20151217.jpg","datePublished":"2019-02-21T15:01:18+00:00","dateModified":"2019-02-21T17:03:24+00:00","breadcrumb":{"@id":"https:\/\/www.notibras.com\/site\/fachin-nega-mais-um-pedido-de-lula-para-ser-solto\/#breadcrumb"},"inLanguage":"pt-BR","potentialAction":[{"@type":"ReadAction","target":["https:\/\/www.notibras.com\/site\/fachin-nega-mais-um-pedido-de-lula-para-ser-solto\/"]}]},{"@type":"ImageObject","inLanguage":"pt-BR","@id":"https:\/\/www.notibras.com\/site\/fachin-nega-mais-um-pedido-de-lula-para-ser-solto\/#primaryimage","url":"https:\/\/www.notibras.com\/site\/wp-content\/uploads\/2018\/06\/edson-fachin-20151217.jpg","contentUrl":"https:\/\/www.notibras.com\/site\/wp-content\/uploads\/2018\/06\/edson-fachin-20151217.jpg","width":3000,"height":2000},{"@type":"BreadcrumbList","@id":"https:\/\/www.notibras.com\/site\/fachin-nega-mais-um-pedido-de-lula-para-ser-solto\/#breadcrumb","itemListElement":[{"@type":"ListItem","position":1,"name":"In\u00edcio","item":"https:\/\/www.notibras.com\/site\/"},{"@type":"ListItem","position":2,"name":"Fachin nega mais um pedido de Lula para ser solto"}]},{"@type":"WebSite","@id":"https:\/\/www.notibras.com\/site\/#website","url":"https:\/\/www.notibras.com\/site\/","name":"Notibras","description":"Not\u00edcias de Bras\u00edlia, do Brasil e do Mundo","publisher":{"@id":"https:\/\/www.notibras.com\/site\/#organization"},"potentialAction":[{"@type":"SearchAction","target":{"@type":"EntryPoint","urlTemplate":"https:\/\/www.notibras.com\/site\/?s={search_term_string}"},"query-input":{"@type":"PropertyValueSpecification","valueRequired":true,"valueName":"search_term_string"}}],"inLanguage":"pt-BR"},{"@type":"Organization","@id":"https:\/\/www.notibras.com\/site\/#organization","name":"Grupo Notibras de Comunica\u00e7\u00e3o","url":"https:\/\/www.notibras.com\/site\/","logo":{"@type":"ImageObject","inLanguage":"pt-BR","@id":"https:\/\/www.notibras.com\/site\/#\/schema\/logo\/image\/","url":"https:\/\/www.notibras.com\/site\/wp-content\/uploads\/2023\/01\/notibras23.png","contentUrl":"https:\/\/www.notibras.com\/site\/wp-content\/uploads\/2023\/01\/notibras23.png","width":350,"height":87,"caption":"Grupo Notibras de Comunica\u00e7\u00e3o"},"image":{"@id":"https:\/\/www.notibras.com\/site\/#\/schema\/logo\/image\/"},"sameAs":["https:\/\/www.facebook.com\/notibras\/","https:\/\/x.com\/Notibras","https:\/\/www.instagram.com\/notibras\/"]},{"@type":"Person","@id":"https:\/\/www.notibras.com\/site\/#\/schema\/person\/36ab0979449956132d3e5b517ea76ac8","name":"Reda\u00e7\u00e3o","image":{"@type":"ImageObject","inLanguage":"pt-BR","@id":"https:\/\/secure.gravatar.com\/avatar\/e0a867bdedb85fd243eadf09663511f96fc81e0720a4a42581f334ad4303aa6b?s=96&d=mm&r=g","url":"https:\/\/secure.gravatar.com\/avatar\/e0a867bdedb85fd243eadf09663511f96fc81e0720a4a42581f334ad4303aa6b?s=96&d=mm&r=g","contentUrl":"https:\/\/secure.gravatar.com\/avatar\/e0a867bdedb85fd243eadf09663511f96fc81e0720a4a42581f334ad4303aa6b?s=96&d=mm&r=g","caption":"Reda\u00e7\u00e3o"}}]}},"amp_enabled":true,"_links":{"self":[{"href":"https:\/\/www.notibras.com\/site\/wp-json\/wp\/v2\/posts\/203186","targetHints":{"allow":["GET"]}}],"collection":[{"href":"https:\/\/www.notibras.com\/site\/wp-json\/wp\/v2\/posts"}],"about":[{"href":"https:\/\/www.notibras.com\/site\/wp-json\/wp\/v2\/types\/post"}],"author":[{"embeddable":true,"href":"https:\/\/www.notibras.com\/site\/wp-json\/wp\/v2\/users\/2"}],"replies":[{"embeddable":true,"href":"https:\/\/www.notibras.com\/site\/wp-json\/wp\/v2\/comments?post=203186"}],"version-history":[{"count":1,"href":"https:\/\/www.notibras.com\/site\/wp-json\/wp\/v2\/posts\/203186\/revisions"}],"predecessor-version":[{"id":203187,"href":"https:\/\/www.notibras.com\/site\/wp-json\/wp\/v2\/posts\/203186\/revisions\/203187"}],"wp:featuredmedia":[{"embeddable":true,"href":"https:\/\/www.notibras.com\/site\/wp-json\/wp\/v2\/media\/183855"}],"wp:attachment":[{"href":"https:\/\/www.notibras.com\/site\/wp-json\/wp\/v2\/media?parent=203186"}],"wp:term":[{"taxonomy":"category","embeddable":true,"href":"https:\/\/www.notibras.com\/site\/wp-json\/wp\/v2\/categories?post=203186"},{"taxonomy":"post_tag","embeddable":true,"href":"https:\/\/www.notibras.com\/site\/wp-json\/wp\/v2\/tags?post=203186"}],"curies":[{"name":"wp","href":"https:\/\/api.w.org\/{rel}","templated":true}]}}