{"id":203198,"date":"2019-02-21T15:57:23","date_gmt":"2019-02-21T18:57:23","guid":{"rendered":"https:\/\/www.notibras.com\/site\/?p=203198"},"modified":"2019-02-21T17:00:28","modified_gmt":"2019-02-21T20:00:28","slug":"bolsonaro-nomeia-general-para-o-comando-de-itaipu","status":"publish","type":"post","link":"https:\/\/www.notibras.com\/site\/bolsonaro-nomeia-general-para-o-comando-de-itaipu\/","title":{"rendered":"Bolsonaro nomeia general para o comando de Itaipu"},"content":{"rendered":"<p>O ex-ministro da Defesa Joaquim Silva e Luna foi nomeado como novo diretor-geral brasileiro da Usina Hidrel\u00e9trica de Itaipu, no rio Paran\u00e1, na divisa entre o Brasil e Paraguai. A escolha foi publicada nesta quinta (21) no Di\u00e1rio Oficial da Uni\u00e3o (DOU). O vice-almirante Anatal\u00edcio Risden J\u00fanior vai ocupar a diretoria financeira da usina. Os dois substituem Marcos Vit\u00f3rio Stamm e M\u00e1rio Ant\u00f4nio Cecato, respectivamente. Os mandatos v\u00e3o at\u00e9 16 de maio de 2022.<\/p>\n<p>Luna comandar\u00e1 a parte brasileira da usina hidrel\u00e9trica, que pertence ao Brasil e ao Paraguai, e ter\u00e1, entre outros compromissos, iniciar as tratativas para a renegocia\u00e7\u00e3o do Anexo C do Tratado de Itaipu. Assinado em 1973, o tratado prev\u00ea que em 2023 haver\u00e1 revis\u00e3o dos valores para a venda ao Brasil de parte da energia produzida a que o Paraguai tem direito. Tanto o Brasil quanto o Paraguai tem direito a 50% da energia produzida.<\/p>\n<p>No \u00faltimo dia 13, o Minist\u00e9rio de Minas e Energia criou um grupo de trabalho para coordenar os estudos do processo de revis\u00e3o do tratado da hidrel\u00e9trica binacional Itaipu. O GT tem 60 dias para apresentar um plano de trabalho com as etapas necess\u00e1rias para conclus\u00e3o dos estudos.<\/p>\n<p>Entre outros pontos, a discuss\u00e3o sobre a revis\u00e3o do Anexo C vai recair sobre o custo da tarifa e a possibilidade de permitir que a energia da usina seja vendida a qualquer comprador e n\u00e3o somente entre Brasil e Paraguai. Depois dessa data, nova revis\u00e3o s\u00f3 ocorrer\u00e1 em 2073<\/p>\n<p>A energia vendida ao Brasil abastece clientes nas regi\u00f5es Sul e Sudeste. Uma redu\u00e7\u00e3o no volume ofertado ao Brasil ou o aumento no pre\u00e7o cobrado pela energia importada poderiam afetar a tarifa de energia el\u00e9trica no Brasil.<\/p>\n<p>A tarifa de Itaipu \u00e9 calculada pelo custo, e um componente importante nessa conta \u00e9 o pagamento da d\u00edvida &#8211; de aproximadamente US$ 27 bilh\u00f5es &#8211; contra\u00edda para constru\u00e7\u00e3o da usina. Esse financiamento, cujo pagamento equivale a cerca de dois ter\u00e7os da tarifa, estar\u00e1 totalmente amortizada em 2023.<\/p>\n<p>Com um or\u00e7amento de US$ 3,5 bilh\u00f5es, a usina de Itaipu Binacional \u00e9 l\u00edder mundial na gera\u00e7\u00e3o de energia limpa e renov\u00e1vel, com 20 unidades geradoras e 14 mil MW de pot\u00eancia instalada. Atualmente a usina responde por 17% do mercado brasileiro de eletricidade e 85% do consumo paraguaio.<\/p>\n<p>O general da reserva Silva e Luna foi o primeiro militar a ocupar a chefia do Minist\u00e9rio da Defesa. Luna \u00e9 doutor em Ci\u00eancias Militares pela Escola de Comando e Estado-Maior do Ex\u00e9rcito<\/p>\n<p>O novo diretor financeiro, vice-almirante Anatal\u00edcio Risden J\u00fanior, \u00e9 mestre em Ci\u00eancias Navais e doutor em Altos Estudos de Pol\u00edtica e Estrat\u00e9gia \u2013 Mar\u00edtimas. Desde 2015, \u00e9 consultor da Funda\u00e7\u00e3o Getulio Vargas (FGV).<\/p>\n","protected":false},"excerpt":{"rendered":"<p>O ex-ministro da Defesa Joaquim Silva e Luna foi nomeado como novo diretor-geral brasileiro da Usina Hidrel\u00e9trica de Itaipu, no rio Paran\u00e1, na divisa entre o Brasil e Paraguai. A escolha foi publicada nesta quinta (21) no Di\u00e1rio Oficial da Uni\u00e3o (DOU). O vice-almirante Anatal\u00edcio Risden J\u00fanior vai ocupar a diretoria financeira da usina. Os [&hellip;]<\/p>\n","protected":false},"author":2,"featured_media":203199,"comment_status":"closed","ping_status":"closed","sticky":false,"template":"","format":"standard","meta":{"_acf_changed":false,"footnotes":""},"categories":[16],"tags":[95],"class_list":["post-203198","post","type-post","status-publish","format-standard","has-post-thumbnail","hentry","category-brasil","tag-capa"],"acf":[],"yoast_head":"<!-- This site is optimized with the Yoast SEO plugin v27.2 - https:\/\/yoast.com\/product\/yoast-seo-wordpress\/ -->\n<title>Bolsonaro nomeia general para o comando de Itaipu - Notibras<\/title>\n<meta name=\"robots\" content=\"index, follow, max-snippet:-1, max-image-preview:large, max-video-preview:-1\" \/>\n<link rel=\"canonical\" href=\"https:\/\/www.notibras.com\/site\/bolsonaro-nomeia-general-para-o-comando-de-itaipu\/\" \/>\n<meta property=\"og:locale\" content=\"pt_BR\" \/>\n<meta property=\"og:type\" content=\"article\" \/>\n<meta property=\"og:title\" content=\"Bolsonaro nomeia general para o comando de Itaipu - Notibras\" \/>\n<meta property=\"og:description\" content=\"O ex-ministro da Defesa Joaquim Silva e Luna foi nomeado como novo diretor-geral brasileiro da Usina Hidrel\u00e9trica de Itaipu, no rio Paran\u00e1, na divisa entre o Brasil e Paraguai. A escolha foi publicada nesta quinta (21) no Di\u00e1rio Oficial da Uni\u00e3o (DOU). O vice-almirante Anatal\u00edcio Risden J\u00fanior vai ocupar a diretoria financeira da usina. Os [&hellip;]\" \/>\n<meta property=\"og:url\" content=\"https:\/\/www.notibras.com\/site\/bolsonaro-nomeia-general-para-o-comando-de-itaipu\/\" \/>\n<meta property=\"og:site_name\" content=\"Notibras\" \/>\n<meta property=\"article:publisher\" content=\"https:\/\/www.facebook.com\/notibras\/\" \/>\n<meta property=\"article:published_time\" content=\"2019-02-21T18:57:23+00:00\" \/>\n<meta property=\"article:modified_time\" content=\"2019-02-21T20:00:28+00:00\" \/>\n<meta property=\"og:image\" content=\"https:\/\/www.notibras.com\/site\/wp-content\/uploads\/2019\/02\/Joaquim-Silva-e-Luna.jpg\" \/>\n\t<meta property=\"og:image:width\" content=\"1140\" \/>\n\t<meta property=\"og:image:height\" content=\"760\" \/>\n\t<meta property=\"og:image:type\" content=\"image\/jpeg\" \/>\n<meta name=\"author\" content=\"Reda\u00e7\u00e3o\" \/>\n<meta name=\"twitter:card\" content=\"summary_large_image\" \/>\n<meta name=\"twitter:creator\" content=\"@Notibras\" \/>\n<meta name=\"twitter:site\" content=\"@Notibras\" \/>\n<meta name=\"twitter:label1\" content=\"Escrito por\" \/>\n\t<meta name=\"twitter:data1\" content=\"Reda\u00e7\u00e3o\" \/>\n\t<meta name=\"twitter:label2\" content=\"Est. tempo de leitura\" \/>\n\t<meta name=\"twitter:data2\" content=\"2 minutos\" \/>\n<script type=\"application\/ld+json\" class=\"yoast-schema-graph\">{\"@context\":\"https:\/\/schema.org\",\"@graph\":[{\"@type\":\"Article\",\"@id\":\"https:\/\/www.notibras.com\/site\/bolsonaro-nomeia-general-para-o-comando-de-itaipu\/#article\",\"isPartOf\":{\"@id\":\"https:\/\/www.notibras.com\/site\/bolsonaro-nomeia-general-para-o-comando-de-itaipu\/\"},\"author\":{\"name\":\"Reda\u00e7\u00e3o\",\"@id\":\"https:\/\/www.notibras.com\/site\/#\/schema\/person\/36ab0979449956132d3e5b517ea76ac8\"},\"headline\":\"Bolsonaro nomeia general para o comando de Itaipu\",\"datePublished\":\"2019-02-21T18:57:23+00:00\",\"dateModified\":\"2019-02-21T20:00:28+00:00\",\"mainEntityOfPage\":{\"@id\":\"https:\/\/www.notibras.com\/site\/bolsonaro-nomeia-general-para-o-comando-de-itaipu\/\"},\"wordCount\":476,\"publisher\":{\"@id\":\"https:\/\/www.notibras.com\/site\/#organization\"},\"image\":{\"@id\":\"https:\/\/www.notibras.com\/site\/bolsonaro-nomeia-general-para-o-comando-de-itaipu\/#primaryimage\"},\"thumbnailUrl\":\"https:\/\/www.notibras.com\/site\/wp-content\/uploads\/2019\/02\/Joaquim-Silva-e-Luna.jpg\",\"keywords\":[\"capa\"],\"articleSection\":[\"Brasil\"],\"inLanguage\":\"pt-BR\"},{\"@type\":\"WebPage\",\"@id\":\"https:\/\/www.notibras.com\/site\/bolsonaro-nomeia-general-para-o-comando-de-itaipu\/\",\"url\":\"https:\/\/www.notibras.com\/site\/bolsonaro-nomeia-general-para-o-comando-de-itaipu\/\",\"name\":\"Bolsonaro nomeia general para o comando de Itaipu - Notibras\",\"isPartOf\":{\"@id\":\"https:\/\/www.notibras.com\/site\/#website\"},\"primaryImageOfPage\":{\"@id\":\"https:\/\/www.notibras.com\/site\/bolsonaro-nomeia-general-para-o-comando-de-itaipu\/#primaryimage\"},\"image\":{\"@id\":\"https:\/\/www.notibras.com\/site\/bolsonaro-nomeia-general-para-o-comando-de-itaipu\/#primaryimage\"},\"thumbnailUrl\":\"https:\/\/www.notibras.com\/site\/wp-content\/uploads\/2019\/02\/Joaquim-Silva-e-Luna.jpg\",\"datePublished\":\"2019-02-21T18:57:23+00:00\",\"dateModified\":\"2019-02-21T20:00:28+00:00\",\"breadcrumb\":{\"@id\":\"https:\/\/www.notibras.com\/site\/bolsonaro-nomeia-general-para-o-comando-de-itaipu\/#breadcrumb\"},\"inLanguage\":\"pt-BR\",\"potentialAction\":[{\"@type\":\"ReadAction\",\"target\":[\"https:\/\/www.notibras.com\/site\/bolsonaro-nomeia-general-para-o-comando-de-itaipu\/\"]}]},{\"@type\":\"ImageObject\",\"inLanguage\":\"pt-BR\",\"@id\":\"https:\/\/www.notibras.com\/site\/bolsonaro-nomeia-general-para-o-comando-de-itaipu\/#primaryimage\",\"url\":\"https:\/\/www.notibras.com\/site\/wp-content\/uploads\/2019\/02\/Joaquim-Silva-e-Luna.jpg\",\"contentUrl\":\"https:\/\/www.notibras.com\/site\/wp-content\/uploads\/2019\/02\/Joaquim-Silva-e-Luna.jpg\",\"width\":1140,\"height\":760,\"caption\":\"Foto: Fabio Rodrigues Pozzebom\/Ag\u00eancia Brasil\"},{\"@type\":\"BreadcrumbList\",\"@id\":\"https:\/\/www.notibras.com\/site\/bolsonaro-nomeia-general-para-o-comando-de-itaipu\/#breadcrumb\",\"itemListElement\":[{\"@type\":\"ListItem\",\"position\":1,\"name\":\"In\u00edcio\",\"item\":\"https:\/\/www.notibras.com\/site\/\"},{\"@type\":\"ListItem\",\"position\":2,\"name\":\"Bolsonaro nomeia general para o comando de Itaipu\"}]},{\"@type\":\"WebSite\",\"@id\":\"https:\/\/www.notibras.com\/site\/#website\",\"url\":\"https:\/\/www.notibras.com\/site\/\",\"name\":\"Notibras\",\"description\":\"Not\u00edcias de Bras\u00edlia, do Brasil e do Mundo\",\"publisher\":{\"@id\":\"https:\/\/www.notibras.com\/site\/#organization\"},\"potentialAction\":[{\"@type\":\"SearchAction\",\"target\":{\"@type\":\"EntryPoint\",\"urlTemplate\":\"https:\/\/www.notibras.com\/site\/?s={search_term_string}\"},\"query-input\":{\"@type\":\"PropertyValueSpecification\",\"valueRequired\":true,\"valueName\":\"search_term_string\"}}],\"inLanguage\":\"pt-BR\"},{\"@type\":\"Organization\",\"@id\":\"https:\/\/www.notibras.com\/site\/#organization\",\"name\":\"Grupo Notibras de Comunica\u00e7\u00e3o\",\"url\":\"https:\/\/www.notibras.com\/site\/\",\"logo\":{\"@type\":\"ImageObject\",\"inLanguage\":\"pt-BR\",\"@id\":\"https:\/\/www.notibras.com\/site\/#\/schema\/logo\/image\/\",\"url\":\"https:\/\/www.notibras.com\/site\/wp-content\/uploads\/2023\/01\/notibras23.png\",\"contentUrl\":\"https:\/\/www.notibras.com\/site\/wp-content\/uploads\/2023\/01\/notibras23.png\",\"width\":350,\"height\":87,\"caption\":\"Grupo Notibras de Comunica\u00e7\u00e3o\"},\"image\":{\"@id\":\"https:\/\/www.notibras.com\/site\/#\/schema\/logo\/image\/\"},\"sameAs\":[\"https:\/\/www.facebook.com\/notibras\/\",\"https:\/\/x.com\/Notibras\",\"https:\/\/www.instagram.com\/notibras\/\"]},{\"@type\":\"Person\",\"@id\":\"https:\/\/www.notibras.com\/site\/#\/schema\/person\/36ab0979449956132d3e5b517ea76ac8\",\"name\":\"Reda\u00e7\u00e3o\",\"image\":{\"@type\":\"ImageObject\",\"inLanguage\":\"pt-BR\",\"@id\":\"https:\/\/secure.gravatar.com\/avatar\/e0a867bdedb85fd243eadf09663511f96fc81e0720a4a42581f334ad4303aa6b?s=96&d=mm&r=g\",\"url\":\"https:\/\/secure.gravatar.com\/avatar\/e0a867bdedb85fd243eadf09663511f96fc81e0720a4a42581f334ad4303aa6b?s=96&d=mm&r=g\",\"contentUrl\":\"https:\/\/secure.gravatar.com\/avatar\/e0a867bdedb85fd243eadf09663511f96fc81e0720a4a42581f334ad4303aa6b?s=96&d=mm&r=g\",\"caption\":\"Reda\u00e7\u00e3o\"}}]}<\/script>\n<!-- \/ Yoast SEO plugin. -->","yoast_head_json":{"title":"Bolsonaro nomeia general para o comando de Itaipu - Notibras","robots":{"index":"index","follow":"follow","max-snippet":"max-snippet:-1","max-image-preview":"max-image-preview:large","max-video-preview":"max-video-preview:-1"},"canonical":"https:\/\/www.notibras.com\/site\/bolsonaro-nomeia-general-para-o-comando-de-itaipu\/","og_locale":"pt_BR","og_type":"article","og_title":"Bolsonaro nomeia general para o comando de Itaipu - Notibras","og_description":"O ex-ministro da Defesa Joaquim Silva e Luna foi nomeado como novo diretor-geral brasileiro da Usina Hidrel\u00e9trica de Itaipu, no rio Paran\u00e1, na divisa entre o Brasil e Paraguai. A escolha foi publicada nesta quinta (21) no Di\u00e1rio Oficial da Uni\u00e3o (DOU). O vice-almirante Anatal\u00edcio Risden J\u00fanior vai ocupar a diretoria financeira da usina. Os [&hellip;]","og_url":"https:\/\/www.notibras.com\/site\/bolsonaro-nomeia-general-para-o-comando-de-itaipu\/","og_site_name":"Notibras","article_publisher":"https:\/\/www.facebook.com\/notibras\/","article_published_time":"2019-02-21T18:57:23+00:00","article_modified_time":"2019-02-21T20:00:28+00:00","og_image":[{"width":1140,"height":760,"url":"https:\/\/www.notibras.com\/site\/wp-content\/uploads\/2019\/02\/Joaquim-Silva-e-Luna.jpg","type":"image\/jpeg"}],"author":"Reda\u00e7\u00e3o","twitter_card":"summary_large_image","twitter_creator":"@Notibras","twitter_site":"@Notibras","twitter_misc":{"Escrito por":"Reda\u00e7\u00e3o","Est. tempo de leitura":"2 minutos"},"schema":{"@context":"https:\/\/schema.org","@graph":[{"@type":"Article","@id":"https:\/\/www.notibras.com\/site\/bolsonaro-nomeia-general-para-o-comando-de-itaipu\/#article","isPartOf":{"@id":"https:\/\/www.notibras.com\/site\/bolsonaro-nomeia-general-para-o-comando-de-itaipu\/"},"author":{"name":"Reda\u00e7\u00e3o","@id":"https:\/\/www.notibras.com\/site\/#\/schema\/person\/36ab0979449956132d3e5b517ea76ac8"},"headline":"Bolsonaro nomeia general para o comando de Itaipu","datePublished":"2019-02-21T18:57:23+00:00","dateModified":"2019-02-21T20:00:28+00:00","mainEntityOfPage":{"@id":"https:\/\/www.notibras.com\/site\/bolsonaro-nomeia-general-para-o-comando-de-itaipu\/"},"wordCount":476,"publisher":{"@id":"https:\/\/www.notibras.com\/site\/#organization"},"image":{"@id":"https:\/\/www.notibras.com\/site\/bolsonaro-nomeia-general-para-o-comando-de-itaipu\/#primaryimage"},"thumbnailUrl":"https:\/\/www.notibras.com\/site\/wp-content\/uploads\/2019\/02\/Joaquim-Silva-e-Luna.jpg","keywords":["capa"],"articleSection":["Brasil"],"inLanguage":"pt-BR"},{"@type":"WebPage","@id":"https:\/\/www.notibras.com\/site\/bolsonaro-nomeia-general-para-o-comando-de-itaipu\/","url":"https:\/\/www.notibras.com\/site\/bolsonaro-nomeia-general-para-o-comando-de-itaipu\/","name":"Bolsonaro nomeia general para o comando de Itaipu - Notibras","isPartOf":{"@id":"https:\/\/www.notibras.com\/site\/#website"},"primaryImageOfPage":{"@id":"https:\/\/www.notibras.com\/site\/bolsonaro-nomeia-general-para-o-comando-de-itaipu\/#primaryimage"},"image":{"@id":"https:\/\/www.notibras.com\/site\/bolsonaro-nomeia-general-para-o-comando-de-itaipu\/#primaryimage"},"thumbnailUrl":"https:\/\/www.notibras.com\/site\/wp-content\/uploads\/2019\/02\/Joaquim-Silva-e-Luna.jpg","datePublished":"2019-02-21T18:57:23+00:00","dateModified":"2019-02-21T20:00:28+00:00","breadcrumb":{"@id":"https:\/\/www.notibras.com\/site\/bolsonaro-nomeia-general-para-o-comando-de-itaipu\/#breadcrumb"},"inLanguage":"pt-BR","potentialAction":[{"@type":"ReadAction","target":["https:\/\/www.notibras.com\/site\/bolsonaro-nomeia-general-para-o-comando-de-itaipu\/"]}]},{"@type":"ImageObject","inLanguage":"pt-BR","@id":"https:\/\/www.notibras.com\/site\/bolsonaro-nomeia-general-para-o-comando-de-itaipu\/#primaryimage","url":"https:\/\/www.notibras.com\/site\/wp-content\/uploads\/2019\/02\/Joaquim-Silva-e-Luna.jpg","contentUrl":"https:\/\/www.notibras.com\/site\/wp-content\/uploads\/2019\/02\/Joaquim-Silva-e-Luna.jpg","width":1140,"height":760,"caption":"Foto: Fabio Rodrigues Pozzebom\/Ag\u00eancia Brasil"},{"@type":"BreadcrumbList","@id":"https:\/\/www.notibras.com\/site\/bolsonaro-nomeia-general-para-o-comando-de-itaipu\/#breadcrumb","itemListElement":[{"@type":"ListItem","position":1,"name":"In\u00edcio","item":"https:\/\/www.notibras.com\/site\/"},{"@type":"ListItem","position":2,"name":"Bolsonaro nomeia general para o comando de Itaipu"}]},{"@type":"WebSite","@id":"https:\/\/www.notibras.com\/site\/#website","url":"https:\/\/www.notibras.com\/site\/","name":"Notibras","description":"Not\u00edcias de Bras\u00edlia, do Brasil e do Mundo","publisher":{"@id":"https:\/\/www.notibras.com\/site\/#organization"},"potentialAction":[{"@type":"SearchAction","target":{"@type":"EntryPoint","urlTemplate":"https:\/\/www.notibras.com\/site\/?s={search_term_string}"},"query-input":{"@type":"PropertyValueSpecification","valueRequired":true,"valueName":"search_term_string"}}],"inLanguage":"pt-BR"},{"@type":"Organization","@id":"https:\/\/www.notibras.com\/site\/#organization","name":"Grupo Notibras de Comunica\u00e7\u00e3o","url":"https:\/\/www.notibras.com\/site\/","logo":{"@type":"ImageObject","inLanguage":"pt-BR","@id":"https:\/\/www.notibras.com\/site\/#\/schema\/logo\/image\/","url":"https:\/\/www.notibras.com\/site\/wp-content\/uploads\/2023\/01\/notibras23.png","contentUrl":"https:\/\/www.notibras.com\/site\/wp-content\/uploads\/2023\/01\/notibras23.png","width":350,"height":87,"caption":"Grupo Notibras de Comunica\u00e7\u00e3o"},"image":{"@id":"https:\/\/www.notibras.com\/site\/#\/schema\/logo\/image\/"},"sameAs":["https:\/\/www.facebook.com\/notibras\/","https:\/\/x.com\/Notibras","https:\/\/www.instagram.com\/notibras\/"]},{"@type":"Person","@id":"https:\/\/www.notibras.com\/site\/#\/schema\/person\/36ab0979449956132d3e5b517ea76ac8","name":"Reda\u00e7\u00e3o","image":{"@type":"ImageObject","inLanguage":"pt-BR","@id":"https:\/\/secure.gravatar.com\/avatar\/e0a867bdedb85fd243eadf09663511f96fc81e0720a4a42581f334ad4303aa6b?s=96&d=mm&r=g","url":"https:\/\/secure.gravatar.com\/avatar\/e0a867bdedb85fd243eadf09663511f96fc81e0720a4a42581f334ad4303aa6b?s=96&d=mm&r=g","contentUrl":"https:\/\/secure.gravatar.com\/avatar\/e0a867bdedb85fd243eadf09663511f96fc81e0720a4a42581f334ad4303aa6b?s=96&d=mm&r=g","caption":"Reda\u00e7\u00e3o"}}]}},"amp_enabled":true,"_links":{"self":[{"href":"https:\/\/www.notibras.com\/site\/wp-json\/wp\/v2\/posts\/203198","targetHints":{"allow":["GET"]}}],"collection":[{"href":"https:\/\/www.notibras.com\/site\/wp-json\/wp\/v2\/posts"}],"about":[{"href":"https:\/\/www.notibras.com\/site\/wp-json\/wp\/v2\/types\/post"}],"author":[{"embeddable":true,"href":"https:\/\/www.notibras.com\/site\/wp-json\/wp\/v2\/users\/2"}],"replies":[{"embeddable":true,"href":"https:\/\/www.notibras.com\/site\/wp-json\/wp\/v2\/comments?post=203198"}],"version-history":[{"count":1,"href":"https:\/\/www.notibras.com\/site\/wp-json\/wp\/v2\/posts\/203198\/revisions"}],"predecessor-version":[{"id":203200,"href":"https:\/\/www.notibras.com\/site\/wp-json\/wp\/v2\/posts\/203198\/revisions\/203200"}],"wp:featuredmedia":[{"embeddable":true,"href":"https:\/\/www.notibras.com\/site\/wp-json\/wp\/v2\/media\/203199"}],"wp:attachment":[{"href":"https:\/\/www.notibras.com\/site\/wp-json\/wp\/v2\/media?parent=203198"}],"wp:term":[{"taxonomy":"category","embeddable":true,"href":"https:\/\/www.notibras.com\/site\/wp-json\/wp\/v2\/categories?post=203198"},{"taxonomy":"post_tag","embeddable":true,"href":"https:\/\/www.notibras.com\/site\/wp-json\/wp\/v2\/tags?post=203198"}],"curies":[{"name":"wp","href":"https:\/\/api.w.org\/{rel}","templated":true}]}}