{"id":20343,"date":"2014-08-21T17:40:41","date_gmt":"2014-08-21T20:40:41","guid":{"rendered":"http:\/\/www.notibras.com\/site\/?p=20343"},"modified":"2014-08-21T17:53:02","modified_gmt":"2014-08-21T20:53:02","slug":"julho-registra-menor-indice-de-criacao-de-empregos-em-15-anos","status":"publish","type":"post","link":"https:\/\/www.notibras.com\/site\/julho-registra-menor-indice-de-criacao-de-empregos-em-15-anos\/","title":{"rendered":"Julho registra o mais baixo \u00edndice de cria\u00e7\u00e3o de emprego"},"content":{"rendered":"<p>O n\u00famero de empregos formais criados no Brasil em julho chegou a 11.796, segundo dados do Cadastro Geral de Empregados e Desempregados (Caged) divulgados pelo Minist\u00e9rio do Trabalho e Emprego. No m\u00eas passado, houve 1.746.797 admiss\u00f5es e 1.735.001 desligamentos. \u00c9 a menor gera\u00e7\u00e3o de empregos formais para o m\u00eas em 15 anos. Em julho de 1999, haviam sido criados 8.057 postos de trabalho.<\/p>\n<p>No acumulado de 2014, de janeiro a julho, houve aumento de 632.224 empregos com carteira assinada (1,56%).<\/p>\n<p>Segundo o minist\u00e9rio, sete dos oito setores da atividade econ\u00f4mica fecharam o m\u00eas passado com saldo positivo na gera\u00e7\u00e3o de empregos. Os setores de servi\u00e7os, com aumento de 11.894 vagas em rela\u00e7\u00e3o a junho, agricultura (cria\u00e7\u00e3o de mais 9.953 postos) e constru\u00e7\u00e3o civil (3.013 empregos a mais) s\u00e3o os destaques. O setor de ind\u00fastria de transforma\u00e7\u00e3o registrou queda no n\u00edvel de emprego, com menos 15.392 postos de trabalho.<\/p>\n<blockquote><p>O ministro do Trabalho e Emprego, Manoel Dias, acredita que a gera\u00e7\u00e3o de empregos no pa\u00eds\u00a0 voltar\u00e1 a crescer at\u00e9 o final de 2014. Segundo ele, a segunda metade do ano costuma registrar a cria\u00e7\u00e3o de mais empregos com carteira assinada do que a primeira, impulsionada, por exemplo, pela contrata\u00e7\u00e3o de m\u00e3o de obra para o per\u00edodo de festas de fim de ano.<\/p><\/blockquote>\n<p>Manoel Dias reconheceu o recuo na gera\u00e7\u00e3o de empregos, que j\u00e1 chegou a registrar mais de 203 mil vagas, em julho de 2008, mas demonstrou otimismo para sair do \u201cfundo do po\u00e7o\u201d. A Copa do Mundo, segundo o ministro, contribuiu para os resultados. \u201cA Copa afetou porque, na medida em que voc\u00ea reduz o n\u00famero de dias trabalhados, voc\u00ea reduz o n\u00famero de contratados\u201d, disse.<\/p>\n","protected":false},"excerpt":{"rendered":"<p>O n\u00famero de empregos formais criados no Brasil em julho chegou a 11.796, segundo dados do Cadastro Geral de Empregados e Desempregados (Caged) divulgados pelo Minist\u00e9rio do Trabalho e Emprego. No m\u00eas passado, houve 1.746.797 admiss\u00f5es e 1.735.001 desligamentos. \u00c9 a menor gera\u00e7\u00e3o de empregos formais para o m\u00eas em 15 anos. Em julho de [&hellip;]<\/p>\n","protected":false},"author":2,"featured_media":20344,"comment_status":"open","ping_status":"closed","sticky":false,"template":"","format":"standard","meta":{"_acf_changed":false,"footnotes":""},"categories":[16],"tags":[],"class_list":["post-20343","post","type-post","status-publish","format-standard","has-post-thumbnail","hentry","category-brasil"],"acf":[],"_links":{"self":[{"href":"https:\/\/www.notibras.com\/site\/wp-json\/wp\/v2\/posts\/20343","targetHints":{"allow":["GET"]}}],"collection":[{"href":"https:\/\/www.notibras.com\/site\/wp-json\/wp\/v2\/posts"}],"about":[{"href":"https:\/\/www.notibras.com\/site\/wp-json\/wp\/v2\/types\/post"}],"author":[{"embeddable":true,"href":"https:\/\/www.notibras.com\/site\/wp-json\/wp\/v2\/users\/2"}],"replies":[{"embeddable":true,"href":"https:\/\/www.notibras.com\/site\/wp-json\/wp\/v2\/comments?post=20343"}],"version-history":[{"count":0,"href":"https:\/\/www.notibras.com\/site\/wp-json\/wp\/v2\/posts\/20343\/revisions"}],"wp:featuredmedia":[{"embeddable":true,"href":"https:\/\/www.notibras.com\/site\/wp-json\/wp\/v2\/media\/20344"}],"wp:attachment":[{"href":"https:\/\/www.notibras.com\/site\/wp-json\/wp\/v2\/media?parent=20343"}],"wp:term":[{"taxonomy":"category","embeddable":true,"href":"https:\/\/www.notibras.com\/site\/wp-json\/wp\/v2\/categories?post=20343"},{"taxonomy":"post_tag","embeddable":true,"href":"https:\/\/www.notibras.com\/site\/wp-json\/wp\/v2\/tags?post=20343"}],"curies":[{"name":"wp","href":"https:\/\/api.w.org\/{rel}","templated":true}]}}