{"id":203484,"date":"2019-02-25T11:23:15","date_gmt":"2019-02-25T14:23:15","guid":{"rendered":"https:\/\/www.notibras.com\/site\/?p=203484"},"modified":"2019-02-25T13:26:55","modified_gmt":"2019-02-25T16:26:55","slug":"europa-adverte-que-invadir-venezuela-e-perigoso","status":"publish","type":"post","link":"https:\/\/www.notibras.com\/site\/europa-adverte-que-invadir-venezuela-e-perigoso\/","title":{"rendered":"Europa adverte que invadir Venezuela \u00e9 perigoso"},"content":{"rendered":"<p>A Uni\u00e3o Europeia (UE) reiterou nesta segunda-feira, 25, seu chamado para que se evite uma interven\u00e7\u00e3o militar na Venezuela e seu compromisso com uma sa\u00edda &#8220;pac\u00edfica, pol\u00edtica e democr\u00e1tica&#8221; para a crise, afirmou a porta-voz da diplomacia europeia.<\/p>\n<p>&#8220;Devemos evitar uma interven\u00e7\u00e3o militar&#8221;, disse Maja Kocijancic. &#8220;Precisamos de uma solu\u00e7\u00e3o pac\u00edfica, pol\u00edtica e democr\u00e1tica para a crise, que exclua a viol\u00eancia&#8221;, acrescentou a porta-voz de Federica Mogherini, chefe da diplomacia europeia. &#8220;O que a UE quer \u00e9 a realiza\u00e7\u00e3o de elei\u00e7\u00f5es presidenciais livres, transparentes e confi\u00e1veis, de acordo com a Constitui\u00e7\u00e3o venezuelana.&#8221;<\/p>\n<p>Sobre a miss\u00e3o t\u00e9cnica do grupo de contato que visitou Caracas na semana passada, Maja afirmou que foi poss\u00edvel &#8220;falar com todos os atores pol\u00edticos relevantes&#8221;, incluindo representantes de v\u00e1rios espectros pol\u00edticos e tamb\u00e9m da sociedade civil e de ag\u00eancias da ONU.<\/p>\n<p>&#8220;Conversaram sobre as etapas necess\u00e1rias para a solu\u00e7\u00e3o da crise, para as elei\u00e7\u00f5es e para a ajuda humanit\u00e1ria, respeitando os princ\u00edpios dessa assist\u00eancia humanit\u00e1ria&#8221;, explicou. Ela tamb\u00e9m disse que na quinta-feira ser\u00e1 realizada uma reuni\u00e3o em Bruxelas para definir os pr\u00f3ximos passos do grupo de contato.<\/p>\n<p>O l\u00edder da oposi\u00e7\u00e3o Juan Guaid\u00f3, reconhecido como presidente por mais de 50 pa\u00edses, e o vice-presidente dos Estados Unidos, Mike Pence, se encontram nesta segunda-feira com o Grupo de Lima para definir suas a\u00e7\u00f5es para for\u00e7ar a sa\u00edda de Nicol\u00e1s Maduro do poder, o que poderia incluir o uso da for\u00e7a.<\/p>\n<p>Guaid\u00f3 pediu para &#8220;deixar em aberto todas as op\u00e7\u00f5es&#8221; contra Maduro depois da frustrada opera\u00e7\u00e3o no fim de semana que buscava levar assist\u00eancia b\u00e1sica aos venezuelanos atingidos pela escassez de alimentos e rem\u00e9dios.<\/p>\n<p>O secret\u00e1rio de Estado dos EUA, Mike Pompeo, advertiu no domingo que os dias do l\u00edder socialista &#8220;est\u00e3o contados&#8221;.<\/p>\n","protected":false},"excerpt":{"rendered":"<p>A Uni\u00e3o Europeia (UE) reiterou nesta segunda-feira, 25, seu chamado para que se evite uma interven\u00e7\u00e3o militar na Venezuela e seu compromisso com uma sa\u00edda &#8220;pac\u00edfica, pol\u00edtica e democr\u00e1tica&#8221; para a crise, afirmou a porta-voz da diplomacia europeia. &#8220;Devemos evitar uma interven\u00e7\u00e3o militar&#8221;, disse Maja Kocijancic. &#8220;Precisamos de uma solu\u00e7\u00e3o pac\u00edfica, pol\u00edtica e democr\u00e1tica para [&hellip;]<\/p>\n","protected":false},"author":2,"featured_media":203485,"comment_status":"closed","ping_status":"closed","sticky":false,"template":"","format":"standard","meta":{"_acf_changed":false,"footnotes":""},"categories":[17],"tags":[],"class_list":["post-203484","post","type-post","status-publish","format-standard","has-post-thumbnail","hentry","category-mundo"],"acf":[],"yoast_head":"<!-- This site is optimized with the Yoast SEO plugin v27.2 - https:\/\/yoast.com\/product\/yoast-seo-wordpress\/ -->\n<title>Europa adverte que invadir Venezuela \u00e9 perigoso - Notibras<\/title>\n<meta name=\"robots\" content=\"index, follow, max-snippet:-1, max-image-preview:large, max-video-preview:-1\" \/>\n<link rel=\"canonical\" href=\"https:\/\/www.notibras.com\/site\/europa-adverte-que-invadir-venezuela-e-perigoso\/\" \/>\n<meta property=\"og:locale\" content=\"pt_BR\" \/>\n<meta property=\"og:type\" content=\"article\" \/>\n<meta property=\"og:title\" content=\"Europa adverte que invadir Venezuela \u00e9 perigoso - Notibras\" \/>\n<meta property=\"og:description\" content=\"A Uni\u00e3o Europeia (UE) reiterou nesta segunda-feira, 25, seu chamado para que se evite uma interven\u00e7\u00e3o militar na Venezuela e seu compromisso com uma sa\u00edda &#8220;pac\u00edfica, pol\u00edtica e democr\u00e1tica&#8221; para a crise, afirmou a porta-voz da diplomacia europeia. &#8220;Devemos evitar uma interven\u00e7\u00e3o militar&#8221;, disse Maja Kocijancic. &#8220;Precisamos de uma solu\u00e7\u00e3o pac\u00edfica, pol\u00edtica e democr\u00e1tica para [&hellip;]\" \/>\n<meta property=\"og:url\" content=\"https:\/\/www.notibras.com\/site\/europa-adverte-que-invadir-venezuela-e-perigoso\/\" \/>\n<meta property=\"og:site_name\" content=\"Notibras\" \/>\n<meta property=\"article:publisher\" content=\"https:\/\/www.facebook.com\/notibras\/\" \/>\n<meta property=\"article:published_time\" content=\"2019-02-25T14:23:15+00:00\" \/>\n<meta property=\"article:modified_time\" content=\"2019-02-25T16:26:55+00:00\" \/>\n<meta property=\"og:image\" content=\"https:\/\/www.notibras.com\/site\/wp-content\/uploads\/2019\/02\/europa-venezuela.jpg\" \/>\n\t<meta property=\"og:image:width\" content=\"1140\" \/>\n\t<meta property=\"og:image:height\" content=\"760\" \/>\n\t<meta property=\"og:image:type\" content=\"image\/jpeg\" \/>\n<meta name=\"author\" content=\"Reda\u00e7\u00e3o\" \/>\n<meta name=\"twitter:card\" content=\"summary_large_image\" \/>\n<meta name=\"twitter:creator\" content=\"@Notibras\" \/>\n<meta name=\"twitter:site\" content=\"@Notibras\" \/>\n<meta name=\"twitter:label1\" content=\"Escrito por\" \/>\n\t<meta name=\"twitter:data1\" content=\"Reda\u00e7\u00e3o\" \/>\n\t<meta name=\"twitter:label2\" content=\"Est. tempo de leitura\" \/>\n\t<meta name=\"twitter:data2\" content=\"2 minutos\" \/>\n<script type=\"application\/ld+json\" class=\"yoast-schema-graph\">{\"@context\":\"https:\/\/schema.org\",\"@graph\":[{\"@type\":\"Article\",\"@id\":\"https:\/\/www.notibras.com\/site\/europa-adverte-que-invadir-venezuela-e-perigoso\/#article\",\"isPartOf\":{\"@id\":\"https:\/\/www.notibras.com\/site\/europa-adverte-que-invadir-venezuela-e-perigoso\/\"},\"author\":{\"name\":\"Reda\u00e7\u00e3o\",\"@id\":\"https:\/\/www.notibras.com\/site\/#\/schema\/person\/36ab0979449956132d3e5b517ea76ac8\"},\"headline\":\"Europa adverte que invadir Venezuela \u00e9 perigoso\",\"datePublished\":\"2019-02-25T14:23:15+00:00\",\"dateModified\":\"2019-02-25T16:26:55+00:00\",\"mainEntityOfPage\":{\"@id\":\"https:\/\/www.notibras.com\/site\/europa-adverte-que-invadir-venezuela-e-perigoso\/\"},\"wordCount\":337,\"publisher\":{\"@id\":\"https:\/\/www.notibras.com\/site\/#organization\"},\"image\":{\"@id\":\"https:\/\/www.notibras.com\/site\/europa-adverte-que-invadir-venezuela-e-perigoso\/#primaryimage\"},\"thumbnailUrl\":\"https:\/\/www.notibras.com\/site\/wp-content\/uploads\/2019\/02\/europa-venezuela.jpg\",\"articleSection\":[\"Mundo\"],\"inLanguage\":\"pt-BR\"},{\"@type\":\"WebPage\",\"@id\":\"https:\/\/www.notibras.com\/site\/europa-adverte-que-invadir-venezuela-e-perigoso\/\",\"url\":\"https:\/\/www.notibras.com\/site\/europa-adverte-que-invadir-venezuela-e-perigoso\/\",\"name\":\"Europa adverte que invadir Venezuela \u00e9 perigoso - Notibras\",\"isPartOf\":{\"@id\":\"https:\/\/www.notibras.com\/site\/#website\"},\"primaryImageOfPage\":{\"@id\":\"https:\/\/www.notibras.com\/site\/europa-adverte-que-invadir-venezuela-e-perigoso\/#primaryimage\"},\"image\":{\"@id\":\"https:\/\/www.notibras.com\/site\/europa-adverte-que-invadir-venezuela-e-perigoso\/#primaryimage\"},\"thumbnailUrl\":\"https:\/\/www.notibras.com\/site\/wp-content\/uploads\/2019\/02\/europa-venezuela.jpg\",\"datePublished\":\"2019-02-25T14:23:15+00:00\",\"dateModified\":\"2019-02-25T16:26:55+00:00\",\"breadcrumb\":{\"@id\":\"https:\/\/www.notibras.com\/site\/europa-adverte-que-invadir-venezuela-e-perigoso\/#breadcrumb\"},\"inLanguage\":\"pt-BR\",\"potentialAction\":[{\"@type\":\"ReadAction\",\"target\":[\"https:\/\/www.notibras.com\/site\/europa-adverte-que-invadir-venezuela-e-perigoso\/\"]}]},{\"@type\":\"ImageObject\",\"inLanguage\":\"pt-BR\",\"@id\":\"https:\/\/www.notibras.com\/site\/europa-adverte-que-invadir-venezuela-e-perigoso\/#primaryimage\",\"url\":\"https:\/\/www.notibras.com\/site\/wp-content\/uploads\/2019\/02\/europa-venezuela.jpg\",\"contentUrl\":\"https:\/\/www.notibras.com\/site\/wp-content\/uploads\/2019\/02\/europa-venezuela.jpg\",\"width\":1140,\"height\":760,\"caption\":\"Foto\/Reuters - ABr\"},{\"@type\":\"BreadcrumbList\",\"@id\":\"https:\/\/www.notibras.com\/site\/europa-adverte-que-invadir-venezuela-e-perigoso\/#breadcrumb\",\"itemListElement\":[{\"@type\":\"ListItem\",\"position\":1,\"name\":\"In\u00edcio\",\"item\":\"https:\/\/www.notibras.com\/site\/\"},{\"@type\":\"ListItem\",\"position\":2,\"name\":\"Europa adverte que invadir Venezuela \u00e9 perigoso\"}]},{\"@type\":\"WebSite\",\"@id\":\"https:\/\/www.notibras.com\/site\/#website\",\"url\":\"https:\/\/www.notibras.com\/site\/\",\"name\":\"Notibras\",\"description\":\"Not\u00edcias de Bras\u00edlia, do Brasil e do Mundo\",\"publisher\":{\"@id\":\"https:\/\/www.notibras.com\/site\/#organization\"},\"potentialAction\":[{\"@type\":\"SearchAction\",\"target\":{\"@type\":\"EntryPoint\",\"urlTemplate\":\"https:\/\/www.notibras.com\/site\/?s={search_term_string}\"},\"query-input\":{\"@type\":\"PropertyValueSpecification\",\"valueRequired\":true,\"valueName\":\"search_term_string\"}}],\"inLanguage\":\"pt-BR\"},{\"@type\":\"Organization\",\"@id\":\"https:\/\/www.notibras.com\/site\/#organization\",\"name\":\"Grupo Notibras de Comunica\u00e7\u00e3o\",\"url\":\"https:\/\/www.notibras.com\/site\/\",\"logo\":{\"@type\":\"ImageObject\",\"inLanguage\":\"pt-BR\",\"@id\":\"https:\/\/www.notibras.com\/site\/#\/schema\/logo\/image\/\",\"url\":\"https:\/\/www.notibras.com\/site\/wp-content\/uploads\/2023\/01\/notibras23.png\",\"contentUrl\":\"https:\/\/www.notibras.com\/site\/wp-content\/uploads\/2023\/01\/notibras23.png\",\"width\":350,\"height\":87,\"caption\":\"Grupo Notibras de Comunica\u00e7\u00e3o\"},\"image\":{\"@id\":\"https:\/\/www.notibras.com\/site\/#\/schema\/logo\/image\/\"},\"sameAs\":[\"https:\/\/www.facebook.com\/notibras\/\",\"https:\/\/x.com\/Notibras\",\"https:\/\/www.instagram.com\/notibras\/\"]},{\"@type\":\"Person\",\"@id\":\"https:\/\/www.notibras.com\/site\/#\/schema\/person\/36ab0979449956132d3e5b517ea76ac8\",\"name\":\"Reda\u00e7\u00e3o\",\"image\":{\"@type\":\"ImageObject\",\"inLanguage\":\"pt-BR\",\"@id\":\"https:\/\/secure.gravatar.com\/avatar\/e0a867bdedb85fd243eadf09663511f96fc81e0720a4a42581f334ad4303aa6b?s=96&d=mm&r=g\",\"url\":\"https:\/\/secure.gravatar.com\/avatar\/e0a867bdedb85fd243eadf09663511f96fc81e0720a4a42581f334ad4303aa6b?s=96&d=mm&r=g\",\"contentUrl\":\"https:\/\/secure.gravatar.com\/avatar\/e0a867bdedb85fd243eadf09663511f96fc81e0720a4a42581f334ad4303aa6b?s=96&d=mm&r=g\",\"caption\":\"Reda\u00e7\u00e3o\"}}]}<\/script>\n<!-- \/ Yoast SEO plugin. -->","yoast_head_json":{"title":"Europa adverte que invadir Venezuela \u00e9 perigoso - Notibras","robots":{"index":"index","follow":"follow","max-snippet":"max-snippet:-1","max-image-preview":"max-image-preview:large","max-video-preview":"max-video-preview:-1"},"canonical":"https:\/\/www.notibras.com\/site\/europa-adverte-que-invadir-venezuela-e-perigoso\/","og_locale":"pt_BR","og_type":"article","og_title":"Europa adverte que invadir Venezuela \u00e9 perigoso - Notibras","og_description":"A Uni\u00e3o Europeia (UE) reiterou nesta segunda-feira, 25, seu chamado para que se evite uma interven\u00e7\u00e3o militar na Venezuela e seu compromisso com uma sa\u00edda &#8220;pac\u00edfica, pol\u00edtica e democr\u00e1tica&#8221; para a crise, afirmou a porta-voz da diplomacia europeia. &#8220;Devemos evitar uma interven\u00e7\u00e3o militar&#8221;, disse Maja Kocijancic. &#8220;Precisamos de uma solu\u00e7\u00e3o pac\u00edfica, pol\u00edtica e democr\u00e1tica para [&hellip;]","og_url":"https:\/\/www.notibras.com\/site\/europa-adverte-que-invadir-venezuela-e-perigoso\/","og_site_name":"Notibras","article_publisher":"https:\/\/www.facebook.com\/notibras\/","article_published_time":"2019-02-25T14:23:15+00:00","article_modified_time":"2019-02-25T16:26:55+00:00","og_image":[{"width":1140,"height":760,"url":"https:\/\/www.notibras.com\/site\/wp-content\/uploads\/2019\/02\/europa-venezuela.jpg","type":"image\/jpeg"}],"author":"Reda\u00e7\u00e3o","twitter_card":"summary_large_image","twitter_creator":"@Notibras","twitter_site":"@Notibras","twitter_misc":{"Escrito por":"Reda\u00e7\u00e3o","Est. tempo de leitura":"2 minutos"},"schema":{"@context":"https:\/\/schema.org","@graph":[{"@type":"Article","@id":"https:\/\/www.notibras.com\/site\/europa-adverte-que-invadir-venezuela-e-perigoso\/#article","isPartOf":{"@id":"https:\/\/www.notibras.com\/site\/europa-adverte-que-invadir-venezuela-e-perigoso\/"},"author":{"name":"Reda\u00e7\u00e3o","@id":"https:\/\/www.notibras.com\/site\/#\/schema\/person\/36ab0979449956132d3e5b517ea76ac8"},"headline":"Europa adverte que invadir Venezuela \u00e9 perigoso","datePublished":"2019-02-25T14:23:15+00:00","dateModified":"2019-02-25T16:26:55+00:00","mainEntityOfPage":{"@id":"https:\/\/www.notibras.com\/site\/europa-adverte-que-invadir-venezuela-e-perigoso\/"},"wordCount":337,"publisher":{"@id":"https:\/\/www.notibras.com\/site\/#organization"},"image":{"@id":"https:\/\/www.notibras.com\/site\/europa-adverte-que-invadir-venezuela-e-perigoso\/#primaryimage"},"thumbnailUrl":"https:\/\/www.notibras.com\/site\/wp-content\/uploads\/2019\/02\/europa-venezuela.jpg","articleSection":["Mundo"],"inLanguage":"pt-BR"},{"@type":"WebPage","@id":"https:\/\/www.notibras.com\/site\/europa-adverte-que-invadir-venezuela-e-perigoso\/","url":"https:\/\/www.notibras.com\/site\/europa-adverte-que-invadir-venezuela-e-perigoso\/","name":"Europa adverte que invadir Venezuela \u00e9 perigoso - Notibras","isPartOf":{"@id":"https:\/\/www.notibras.com\/site\/#website"},"primaryImageOfPage":{"@id":"https:\/\/www.notibras.com\/site\/europa-adverte-que-invadir-venezuela-e-perigoso\/#primaryimage"},"image":{"@id":"https:\/\/www.notibras.com\/site\/europa-adverte-que-invadir-venezuela-e-perigoso\/#primaryimage"},"thumbnailUrl":"https:\/\/www.notibras.com\/site\/wp-content\/uploads\/2019\/02\/europa-venezuela.jpg","datePublished":"2019-02-25T14:23:15+00:00","dateModified":"2019-02-25T16:26:55+00:00","breadcrumb":{"@id":"https:\/\/www.notibras.com\/site\/europa-adverte-que-invadir-venezuela-e-perigoso\/#breadcrumb"},"inLanguage":"pt-BR","potentialAction":[{"@type":"ReadAction","target":["https:\/\/www.notibras.com\/site\/europa-adverte-que-invadir-venezuela-e-perigoso\/"]}]},{"@type":"ImageObject","inLanguage":"pt-BR","@id":"https:\/\/www.notibras.com\/site\/europa-adverte-que-invadir-venezuela-e-perigoso\/#primaryimage","url":"https:\/\/www.notibras.com\/site\/wp-content\/uploads\/2019\/02\/europa-venezuela.jpg","contentUrl":"https:\/\/www.notibras.com\/site\/wp-content\/uploads\/2019\/02\/europa-venezuela.jpg","width":1140,"height":760,"caption":"Foto\/Reuters - ABr"},{"@type":"BreadcrumbList","@id":"https:\/\/www.notibras.com\/site\/europa-adverte-que-invadir-venezuela-e-perigoso\/#breadcrumb","itemListElement":[{"@type":"ListItem","position":1,"name":"In\u00edcio","item":"https:\/\/www.notibras.com\/site\/"},{"@type":"ListItem","position":2,"name":"Europa adverte que invadir Venezuela \u00e9 perigoso"}]},{"@type":"WebSite","@id":"https:\/\/www.notibras.com\/site\/#website","url":"https:\/\/www.notibras.com\/site\/","name":"Notibras","description":"Not\u00edcias de Bras\u00edlia, do Brasil e do Mundo","publisher":{"@id":"https:\/\/www.notibras.com\/site\/#organization"},"potentialAction":[{"@type":"SearchAction","target":{"@type":"EntryPoint","urlTemplate":"https:\/\/www.notibras.com\/site\/?s={search_term_string}"},"query-input":{"@type":"PropertyValueSpecification","valueRequired":true,"valueName":"search_term_string"}}],"inLanguage":"pt-BR"},{"@type":"Organization","@id":"https:\/\/www.notibras.com\/site\/#organization","name":"Grupo Notibras de Comunica\u00e7\u00e3o","url":"https:\/\/www.notibras.com\/site\/","logo":{"@type":"ImageObject","inLanguage":"pt-BR","@id":"https:\/\/www.notibras.com\/site\/#\/schema\/logo\/image\/","url":"https:\/\/www.notibras.com\/site\/wp-content\/uploads\/2023\/01\/notibras23.png","contentUrl":"https:\/\/www.notibras.com\/site\/wp-content\/uploads\/2023\/01\/notibras23.png","width":350,"height":87,"caption":"Grupo Notibras de Comunica\u00e7\u00e3o"},"image":{"@id":"https:\/\/www.notibras.com\/site\/#\/schema\/logo\/image\/"},"sameAs":["https:\/\/www.facebook.com\/notibras\/","https:\/\/x.com\/Notibras","https:\/\/www.instagram.com\/notibras\/"]},{"@type":"Person","@id":"https:\/\/www.notibras.com\/site\/#\/schema\/person\/36ab0979449956132d3e5b517ea76ac8","name":"Reda\u00e7\u00e3o","image":{"@type":"ImageObject","inLanguage":"pt-BR","@id":"https:\/\/secure.gravatar.com\/avatar\/e0a867bdedb85fd243eadf09663511f96fc81e0720a4a42581f334ad4303aa6b?s=96&d=mm&r=g","url":"https:\/\/secure.gravatar.com\/avatar\/e0a867bdedb85fd243eadf09663511f96fc81e0720a4a42581f334ad4303aa6b?s=96&d=mm&r=g","contentUrl":"https:\/\/secure.gravatar.com\/avatar\/e0a867bdedb85fd243eadf09663511f96fc81e0720a4a42581f334ad4303aa6b?s=96&d=mm&r=g","caption":"Reda\u00e7\u00e3o"}}]}},"amp_enabled":true,"_links":{"self":[{"href":"https:\/\/www.notibras.com\/site\/wp-json\/wp\/v2\/posts\/203484","targetHints":{"allow":["GET"]}}],"collection":[{"href":"https:\/\/www.notibras.com\/site\/wp-json\/wp\/v2\/posts"}],"about":[{"href":"https:\/\/www.notibras.com\/site\/wp-json\/wp\/v2\/types\/post"}],"author":[{"embeddable":true,"href":"https:\/\/www.notibras.com\/site\/wp-json\/wp\/v2\/users\/2"}],"replies":[{"embeddable":true,"href":"https:\/\/www.notibras.com\/site\/wp-json\/wp\/v2\/comments?post=203484"}],"version-history":[{"count":1,"href":"https:\/\/www.notibras.com\/site\/wp-json\/wp\/v2\/posts\/203484\/revisions"}],"predecessor-version":[{"id":203486,"href":"https:\/\/www.notibras.com\/site\/wp-json\/wp\/v2\/posts\/203484\/revisions\/203486"}],"wp:featuredmedia":[{"embeddable":true,"href":"https:\/\/www.notibras.com\/site\/wp-json\/wp\/v2\/media\/203485"}],"wp:attachment":[{"href":"https:\/\/www.notibras.com\/site\/wp-json\/wp\/v2\/media?parent=203484"}],"wp:term":[{"taxonomy":"category","embeddable":true,"href":"https:\/\/www.notibras.com\/site\/wp-json\/wp\/v2\/categories?post=203484"},{"taxonomy":"post_tag","embeddable":true,"href":"https:\/\/www.notibras.com\/site\/wp-json\/wp\/v2\/tags?post=203484"}],"curies":[{"name":"wp","href":"https:\/\/api.w.org\/{rel}","templated":true}]}}