{"id":203494,"date":"2019-02-25T12:38:47","date_gmt":"2019-02-25T15:38:47","guid":{"rendered":"https:\/\/www.notibras.com\/site\/?p=203494"},"modified":"2019-02-25T17:41:27","modified_gmt":"2019-02-25T20:41:27","slug":"piada-de-mau-gosto-tem-limite-larguem-do-pe-do-fabio","status":"publish","type":"post","link":"https:\/\/www.notibras.com\/site\/piada-de-mau-gosto-tem-limite-larguem-do-pe-do-fabio\/","title":{"rendered":"&#8216;Piada de mau gosto tem limite. Larguem do p\u00e9 do F\u00e1bio&#8217;"},"content":{"rendered":"<p>Diversos artistas sa\u00edram em defesa do ator Fabio Assun\u00e7\u00e3o nesta segunda-feira, 25, por conta de diversas piadas e brincadeiras que t\u00eam sido feitas envolvendo sua depend\u00eancia qu\u00edmica.<\/p>\n<p>A maior parte deles postou uma imagem do ator acompanhada da seguinte legenda: &#8220;Al\u00e9m da figura p\u00fablica, apresento a voc\u00eas um ser humano portador de uma doen\u00e7a chamada depend\u00eancia qu\u00edmica. Algu\u00e9m faz piada com atores que t\u00eam c\u00e2ncer?&#8221;<\/p>\n<p>Carolina Dieckmann publicou um story afirmando que &#8220;piada tem limite, sim, j\u00e1 o amor e a empatia s\u00e3o infinitos&#8221;. Mariana Rios pediu que as pessoas deem opini\u00f5es de forma respeitosa, &#8220;sem discrimina\u00e7\u00f5es ou puni\u00e7\u00f5es&#8221;.<\/p>\n<p>&#8220;Chega de rirmos da dor alheia e de fazermos piada disso! Todo meu amor e torcida ao meu amigo querido&#8221;, escreveu Marcelo Serrado.<\/p>\n","protected":false},"excerpt":{"rendered":"<p>Diversos artistas sa\u00edram em defesa do ator Fabio Assun\u00e7\u00e3o nesta segunda-feira, 25, por conta de diversas piadas e brincadeiras que t\u00eam sido feitas envolvendo sua depend\u00eancia qu\u00edmica. A maior parte deles postou uma imagem do ator acompanhada da seguinte legenda: &#8220;Al\u00e9m da figura p\u00fablica, apresento a voc\u00eas um ser humano portador de uma doen\u00e7a chamada [&hellip;]<\/p>\n","protected":false},"author":2,"featured_media":203495,"comment_status":"closed","ping_status":"closed","sticky":false,"template":"","format":"standard","meta":{"_acf_changed":false,"footnotes":""},"categories":[70],"tags":[],"class_list":["post-203494","post","type-post","status-publish","format-standard","has-post-thumbnail","hentry","category-cultura"],"acf":[],"yoast_head":"<!-- This site is optimized with the Yoast SEO plugin v27.2 - https:\/\/yoast.com\/product\/yoast-seo-wordpress\/ -->\n<title>&#039;Piada de mau gosto tem limite. Larguem do p\u00e9 do F\u00e1bio&#039; - Notibras<\/title>\n<meta name=\"robots\" content=\"index, follow, max-snippet:-1, max-image-preview:large, max-video-preview:-1\" \/>\n<link rel=\"canonical\" href=\"https:\/\/www.notibras.com\/site\/piada-de-mau-gosto-tem-limite-larguem-do-pe-do-fabio\/\" \/>\n<meta property=\"og:locale\" content=\"pt_BR\" \/>\n<meta property=\"og:type\" content=\"article\" \/>\n<meta property=\"og:title\" content=\"&#039;Piada de mau gosto tem limite. Larguem do p\u00e9 do F\u00e1bio&#039; - Notibras\" \/>\n<meta property=\"og:description\" content=\"Diversos artistas sa\u00edram em defesa do ator Fabio Assun\u00e7\u00e3o nesta segunda-feira, 25, por conta de diversas piadas e brincadeiras que t\u00eam sido feitas envolvendo sua depend\u00eancia qu\u00edmica. A maior parte deles postou uma imagem do ator acompanhada da seguinte legenda: &#8220;Al\u00e9m da figura p\u00fablica, apresento a voc\u00eas um ser humano portador de uma doen\u00e7a chamada [&hellip;]\" \/>\n<meta property=\"og:url\" content=\"https:\/\/www.notibras.com\/site\/piada-de-mau-gosto-tem-limite-larguem-do-pe-do-fabio\/\" \/>\n<meta property=\"og:site_name\" content=\"Notibras\" \/>\n<meta property=\"article:publisher\" content=\"https:\/\/www.facebook.com\/notibras\/\" \/>\n<meta property=\"article:published_time\" content=\"2019-02-25T15:38:47+00:00\" \/>\n<meta property=\"article:modified_time\" content=\"2019-02-25T20:41:27+00:00\" \/>\n<meta property=\"og:image\" content=\"https:\/\/www.notibras.com\/site\/wp-content\/uploads\/2019\/02\/fabio.jpg\" \/>\n\t<meta property=\"og:image:width\" content=\"945\" \/>\n\t<meta property=\"og:image:height\" content=\"630\" \/>\n\t<meta property=\"og:image:type\" content=\"image\/jpeg\" \/>\n<meta name=\"author\" content=\"Reda\u00e7\u00e3o\" \/>\n<meta name=\"twitter:card\" content=\"summary_large_image\" \/>\n<meta name=\"twitter:creator\" content=\"@Notibras\" \/>\n<meta name=\"twitter:site\" content=\"@Notibras\" \/>\n<meta name=\"twitter:label1\" content=\"Escrito por\" \/>\n\t<meta name=\"twitter:data1\" content=\"Reda\u00e7\u00e3o\" \/>\n\t<meta name=\"twitter:label2\" content=\"Est. tempo de leitura\" \/>\n\t<meta name=\"twitter:data2\" content=\"1 minuto\" \/>\n<script type=\"application\/ld+json\" class=\"yoast-schema-graph\">{\"@context\":\"https:\/\/schema.org\",\"@graph\":[{\"@type\":\"Article\",\"@id\":\"https:\/\/www.notibras.com\/site\/piada-de-mau-gosto-tem-limite-larguem-do-pe-do-fabio\/#article\",\"isPartOf\":{\"@id\":\"https:\/\/www.notibras.com\/site\/piada-de-mau-gosto-tem-limite-larguem-do-pe-do-fabio\/\"},\"author\":{\"name\":\"Reda\u00e7\u00e3o\",\"@id\":\"https:\/\/www.notibras.com\/site\/#\/schema\/person\/36ab0979449956132d3e5b517ea76ac8\"},\"headline\":\"&#8216;Piada de mau gosto tem limite. Larguem do p\u00e9 do F\u00e1bio&#8217;\",\"datePublished\":\"2019-02-25T15:38:47+00:00\",\"dateModified\":\"2019-02-25T20:41:27+00:00\",\"mainEntityOfPage\":{\"@id\":\"https:\/\/www.notibras.com\/site\/piada-de-mau-gosto-tem-limite-larguem-do-pe-do-fabio\/\"},\"wordCount\":151,\"publisher\":{\"@id\":\"https:\/\/www.notibras.com\/site\/#organization\"},\"image\":{\"@id\":\"https:\/\/www.notibras.com\/site\/piada-de-mau-gosto-tem-limite-larguem-do-pe-do-fabio\/#primaryimage\"},\"thumbnailUrl\":\"https:\/\/www.notibras.com\/site\/wp-content\/uploads\/2019\/02\/fabio.jpg\",\"articleSection\":[\"Cultura\"],\"inLanguage\":\"pt-BR\"},{\"@type\":\"WebPage\",\"@id\":\"https:\/\/www.notibras.com\/site\/piada-de-mau-gosto-tem-limite-larguem-do-pe-do-fabio\/\",\"url\":\"https:\/\/www.notibras.com\/site\/piada-de-mau-gosto-tem-limite-larguem-do-pe-do-fabio\/\",\"name\":\"'Piada de mau gosto tem limite. Larguem do p\u00e9 do F\u00e1bio' - Notibras\",\"isPartOf\":{\"@id\":\"https:\/\/www.notibras.com\/site\/#website\"},\"primaryImageOfPage\":{\"@id\":\"https:\/\/www.notibras.com\/site\/piada-de-mau-gosto-tem-limite-larguem-do-pe-do-fabio\/#primaryimage\"},\"image\":{\"@id\":\"https:\/\/www.notibras.com\/site\/piada-de-mau-gosto-tem-limite-larguem-do-pe-do-fabio\/#primaryimage\"},\"thumbnailUrl\":\"https:\/\/www.notibras.com\/site\/wp-content\/uploads\/2019\/02\/fabio.jpg\",\"datePublished\":\"2019-02-25T15:38:47+00:00\",\"dateModified\":\"2019-02-25T20:41:27+00:00\",\"breadcrumb\":{\"@id\":\"https:\/\/www.notibras.com\/site\/piada-de-mau-gosto-tem-limite-larguem-do-pe-do-fabio\/#breadcrumb\"},\"inLanguage\":\"pt-BR\",\"potentialAction\":[{\"@type\":\"ReadAction\",\"target\":[\"https:\/\/www.notibras.com\/site\/piada-de-mau-gosto-tem-limite-larguem-do-pe-do-fabio\/\"]}]},{\"@type\":\"ImageObject\",\"inLanguage\":\"pt-BR\",\"@id\":\"https:\/\/www.notibras.com\/site\/piada-de-mau-gosto-tem-limite-larguem-do-pe-do-fabio\/#primaryimage\",\"url\":\"https:\/\/www.notibras.com\/site\/wp-content\/uploads\/2019\/02\/fabio.jpg\",\"contentUrl\":\"https:\/\/www.notibras.com\/site\/wp-content\/uploads\/2019\/02\/fabio.jpg\",\"width\":945,\"height\":630,\"caption\":\"Foto\/Divulga\u00e7\u00e3o\"},{\"@type\":\"BreadcrumbList\",\"@id\":\"https:\/\/www.notibras.com\/site\/piada-de-mau-gosto-tem-limite-larguem-do-pe-do-fabio\/#breadcrumb\",\"itemListElement\":[{\"@type\":\"ListItem\",\"position\":1,\"name\":\"In\u00edcio\",\"item\":\"https:\/\/www.notibras.com\/site\/\"},{\"@type\":\"ListItem\",\"position\":2,\"name\":\"&#8216;Piada de mau gosto tem limite. Larguem do p\u00e9 do F\u00e1bio&#8217;\"}]},{\"@type\":\"WebSite\",\"@id\":\"https:\/\/www.notibras.com\/site\/#website\",\"url\":\"https:\/\/www.notibras.com\/site\/\",\"name\":\"Notibras\",\"description\":\"Not\u00edcias de Bras\u00edlia, do Brasil e do Mundo\",\"publisher\":{\"@id\":\"https:\/\/www.notibras.com\/site\/#organization\"},\"potentialAction\":[{\"@type\":\"SearchAction\",\"target\":{\"@type\":\"EntryPoint\",\"urlTemplate\":\"https:\/\/www.notibras.com\/site\/?s={search_term_string}\"},\"query-input\":{\"@type\":\"PropertyValueSpecification\",\"valueRequired\":true,\"valueName\":\"search_term_string\"}}],\"inLanguage\":\"pt-BR\"},{\"@type\":\"Organization\",\"@id\":\"https:\/\/www.notibras.com\/site\/#organization\",\"name\":\"Grupo Notibras de Comunica\u00e7\u00e3o\",\"url\":\"https:\/\/www.notibras.com\/site\/\",\"logo\":{\"@type\":\"ImageObject\",\"inLanguage\":\"pt-BR\",\"@id\":\"https:\/\/www.notibras.com\/site\/#\/schema\/logo\/image\/\",\"url\":\"https:\/\/www.notibras.com\/site\/wp-content\/uploads\/2023\/01\/notibras23.png\",\"contentUrl\":\"https:\/\/www.notibras.com\/site\/wp-content\/uploads\/2023\/01\/notibras23.png\",\"width\":350,\"height\":87,\"caption\":\"Grupo Notibras de Comunica\u00e7\u00e3o\"},\"image\":{\"@id\":\"https:\/\/www.notibras.com\/site\/#\/schema\/logo\/image\/\"},\"sameAs\":[\"https:\/\/www.facebook.com\/notibras\/\",\"https:\/\/x.com\/Notibras\",\"https:\/\/www.instagram.com\/notibras\/\"]},{\"@type\":\"Person\",\"@id\":\"https:\/\/www.notibras.com\/site\/#\/schema\/person\/36ab0979449956132d3e5b517ea76ac8\",\"name\":\"Reda\u00e7\u00e3o\",\"image\":{\"@type\":\"ImageObject\",\"inLanguage\":\"pt-BR\",\"@id\":\"https:\/\/secure.gravatar.com\/avatar\/e0a867bdedb85fd243eadf09663511f96fc81e0720a4a42581f334ad4303aa6b?s=96&d=mm&r=g\",\"url\":\"https:\/\/secure.gravatar.com\/avatar\/e0a867bdedb85fd243eadf09663511f96fc81e0720a4a42581f334ad4303aa6b?s=96&d=mm&r=g\",\"contentUrl\":\"https:\/\/secure.gravatar.com\/avatar\/e0a867bdedb85fd243eadf09663511f96fc81e0720a4a42581f334ad4303aa6b?s=96&d=mm&r=g\",\"caption\":\"Reda\u00e7\u00e3o\"}}]}<\/script>\n<!-- \/ Yoast SEO plugin. -->","yoast_head_json":{"title":"'Piada de mau gosto tem limite. Larguem do p\u00e9 do F\u00e1bio' - Notibras","robots":{"index":"index","follow":"follow","max-snippet":"max-snippet:-1","max-image-preview":"max-image-preview:large","max-video-preview":"max-video-preview:-1"},"canonical":"https:\/\/www.notibras.com\/site\/piada-de-mau-gosto-tem-limite-larguem-do-pe-do-fabio\/","og_locale":"pt_BR","og_type":"article","og_title":"'Piada de mau gosto tem limite. Larguem do p\u00e9 do F\u00e1bio' - Notibras","og_description":"Diversos artistas sa\u00edram em defesa do ator Fabio Assun\u00e7\u00e3o nesta segunda-feira, 25, por conta de diversas piadas e brincadeiras que t\u00eam sido feitas envolvendo sua depend\u00eancia qu\u00edmica. A maior parte deles postou uma imagem do ator acompanhada da seguinte legenda: &#8220;Al\u00e9m da figura p\u00fablica, apresento a voc\u00eas um ser humano portador de uma doen\u00e7a chamada [&hellip;]","og_url":"https:\/\/www.notibras.com\/site\/piada-de-mau-gosto-tem-limite-larguem-do-pe-do-fabio\/","og_site_name":"Notibras","article_publisher":"https:\/\/www.facebook.com\/notibras\/","article_published_time":"2019-02-25T15:38:47+00:00","article_modified_time":"2019-02-25T20:41:27+00:00","og_image":[{"width":945,"height":630,"url":"https:\/\/www.notibras.com\/site\/wp-content\/uploads\/2019\/02\/fabio.jpg","type":"image\/jpeg"}],"author":"Reda\u00e7\u00e3o","twitter_card":"summary_large_image","twitter_creator":"@Notibras","twitter_site":"@Notibras","twitter_misc":{"Escrito por":"Reda\u00e7\u00e3o","Est. tempo de leitura":"1 minuto"},"schema":{"@context":"https:\/\/schema.org","@graph":[{"@type":"Article","@id":"https:\/\/www.notibras.com\/site\/piada-de-mau-gosto-tem-limite-larguem-do-pe-do-fabio\/#article","isPartOf":{"@id":"https:\/\/www.notibras.com\/site\/piada-de-mau-gosto-tem-limite-larguem-do-pe-do-fabio\/"},"author":{"name":"Reda\u00e7\u00e3o","@id":"https:\/\/www.notibras.com\/site\/#\/schema\/person\/36ab0979449956132d3e5b517ea76ac8"},"headline":"&#8216;Piada de mau gosto tem limite. Larguem do p\u00e9 do F\u00e1bio&#8217;","datePublished":"2019-02-25T15:38:47+00:00","dateModified":"2019-02-25T20:41:27+00:00","mainEntityOfPage":{"@id":"https:\/\/www.notibras.com\/site\/piada-de-mau-gosto-tem-limite-larguem-do-pe-do-fabio\/"},"wordCount":151,"publisher":{"@id":"https:\/\/www.notibras.com\/site\/#organization"},"image":{"@id":"https:\/\/www.notibras.com\/site\/piada-de-mau-gosto-tem-limite-larguem-do-pe-do-fabio\/#primaryimage"},"thumbnailUrl":"https:\/\/www.notibras.com\/site\/wp-content\/uploads\/2019\/02\/fabio.jpg","articleSection":["Cultura"],"inLanguage":"pt-BR"},{"@type":"WebPage","@id":"https:\/\/www.notibras.com\/site\/piada-de-mau-gosto-tem-limite-larguem-do-pe-do-fabio\/","url":"https:\/\/www.notibras.com\/site\/piada-de-mau-gosto-tem-limite-larguem-do-pe-do-fabio\/","name":"'Piada de mau gosto tem limite. Larguem do p\u00e9 do F\u00e1bio' - Notibras","isPartOf":{"@id":"https:\/\/www.notibras.com\/site\/#website"},"primaryImageOfPage":{"@id":"https:\/\/www.notibras.com\/site\/piada-de-mau-gosto-tem-limite-larguem-do-pe-do-fabio\/#primaryimage"},"image":{"@id":"https:\/\/www.notibras.com\/site\/piada-de-mau-gosto-tem-limite-larguem-do-pe-do-fabio\/#primaryimage"},"thumbnailUrl":"https:\/\/www.notibras.com\/site\/wp-content\/uploads\/2019\/02\/fabio.jpg","datePublished":"2019-02-25T15:38:47+00:00","dateModified":"2019-02-25T20:41:27+00:00","breadcrumb":{"@id":"https:\/\/www.notibras.com\/site\/piada-de-mau-gosto-tem-limite-larguem-do-pe-do-fabio\/#breadcrumb"},"inLanguage":"pt-BR","potentialAction":[{"@type":"ReadAction","target":["https:\/\/www.notibras.com\/site\/piada-de-mau-gosto-tem-limite-larguem-do-pe-do-fabio\/"]}]},{"@type":"ImageObject","inLanguage":"pt-BR","@id":"https:\/\/www.notibras.com\/site\/piada-de-mau-gosto-tem-limite-larguem-do-pe-do-fabio\/#primaryimage","url":"https:\/\/www.notibras.com\/site\/wp-content\/uploads\/2019\/02\/fabio.jpg","contentUrl":"https:\/\/www.notibras.com\/site\/wp-content\/uploads\/2019\/02\/fabio.jpg","width":945,"height":630,"caption":"Foto\/Divulga\u00e7\u00e3o"},{"@type":"BreadcrumbList","@id":"https:\/\/www.notibras.com\/site\/piada-de-mau-gosto-tem-limite-larguem-do-pe-do-fabio\/#breadcrumb","itemListElement":[{"@type":"ListItem","position":1,"name":"In\u00edcio","item":"https:\/\/www.notibras.com\/site\/"},{"@type":"ListItem","position":2,"name":"&#8216;Piada de mau gosto tem limite. Larguem do p\u00e9 do F\u00e1bio&#8217;"}]},{"@type":"WebSite","@id":"https:\/\/www.notibras.com\/site\/#website","url":"https:\/\/www.notibras.com\/site\/","name":"Notibras","description":"Not\u00edcias de Bras\u00edlia, do Brasil e do Mundo","publisher":{"@id":"https:\/\/www.notibras.com\/site\/#organization"},"potentialAction":[{"@type":"SearchAction","target":{"@type":"EntryPoint","urlTemplate":"https:\/\/www.notibras.com\/site\/?s={search_term_string}"},"query-input":{"@type":"PropertyValueSpecification","valueRequired":true,"valueName":"search_term_string"}}],"inLanguage":"pt-BR"},{"@type":"Organization","@id":"https:\/\/www.notibras.com\/site\/#organization","name":"Grupo Notibras de Comunica\u00e7\u00e3o","url":"https:\/\/www.notibras.com\/site\/","logo":{"@type":"ImageObject","inLanguage":"pt-BR","@id":"https:\/\/www.notibras.com\/site\/#\/schema\/logo\/image\/","url":"https:\/\/www.notibras.com\/site\/wp-content\/uploads\/2023\/01\/notibras23.png","contentUrl":"https:\/\/www.notibras.com\/site\/wp-content\/uploads\/2023\/01\/notibras23.png","width":350,"height":87,"caption":"Grupo Notibras de Comunica\u00e7\u00e3o"},"image":{"@id":"https:\/\/www.notibras.com\/site\/#\/schema\/logo\/image\/"},"sameAs":["https:\/\/www.facebook.com\/notibras\/","https:\/\/x.com\/Notibras","https:\/\/www.instagram.com\/notibras\/"]},{"@type":"Person","@id":"https:\/\/www.notibras.com\/site\/#\/schema\/person\/36ab0979449956132d3e5b517ea76ac8","name":"Reda\u00e7\u00e3o","image":{"@type":"ImageObject","inLanguage":"pt-BR","@id":"https:\/\/secure.gravatar.com\/avatar\/e0a867bdedb85fd243eadf09663511f96fc81e0720a4a42581f334ad4303aa6b?s=96&d=mm&r=g","url":"https:\/\/secure.gravatar.com\/avatar\/e0a867bdedb85fd243eadf09663511f96fc81e0720a4a42581f334ad4303aa6b?s=96&d=mm&r=g","contentUrl":"https:\/\/secure.gravatar.com\/avatar\/e0a867bdedb85fd243eadf09663511f96fc81e0720a4a42581f334ad4303aa6b?s=96&d=mm&r=g","caption":"Reda\u00e7\u00e3o"}}]}},"amp_enabled":true,"_links":{"self":[{"href":"https:\/\/www.notibras.com\/site\/wp-json\/wp\/v2\/posts\/203494","targetHints":{"allow":["GET"]}}],"collection":[{"href":"https:\/\/www.notibras.com\/site\/wp-json\/wp\/v2\/posts"}],"about":[{"href":"https:\/\/www.notibras.com\/site\/wp-json\/wp\/v2\/types\/post"}],"author":[{"embeddable":true,"href":"https:\/\/www.notibras.com\/site\/wp-json\/wp\/v2\/users\/2"}],"replies":[{"embeddable":true,"href":"https:\/\/www.notibras.com\/site\/wp-json\/wp\/v2\/comments?post=203494"}],"version-history":[{"count":1,"href":"https:\/\/www.notibras.com\/site\/wp-json\/wp\/v2\/posts\/203494\/revisions"}],"predecessor-version":[{"id":203496,"href":"https:\/\/www.notibras.com\/site\/wp-json\/wp\/v2\/posts\/203494\/revisions\/203496"}],"wp:featuredmedia":[{"embeddable":true,"href":"https:\/\/www.notibras.com\/site\/wp-json\/wp\/v2\/media\/203495"}],"wp:attachment":[{"href":"https:\/\/www.notibras.com\/site\/wp-json\/wp\/v2\/media?parent=203494"}],"wp:term":[{"taxonomy":"category","embeddable":true,"href":"https:\/\/www.notibras.com\/site\/wp-json\/wp\/v2\/categories?post=203494"},{"taxonomy":"post_tag","embeddable":true,"href":"https:\/\/www.notibras.com\/site\/wp-json\/wp\/v2\/tags?post=203494"}],"curies":[{"name":"wp","href":"https:\/\/api.w.org\/{rel}","templated":true}]}}