{"id":203572,"date":"2019-02-26T12:20:21","date_gmt":"2019-02-26T15:20:21","guid":{"rendered":"https:\/\/www.notibras.com\/site\/?p=203572"},"modified":"2019-02-26T12:23:36","modified_gmt":"2019-02-26T15:23:36","slug":"embraer-verde-amarelo-vira-gigante-do-ar","status":"publish","type":"post","link":"https:\/\/www.notibras.com\/site\/embraer-verde-amarelo-vira-gigante-do-ar\/","title":{"rendered":"Embraer, verde-amarelo, vira &#8216;Gigante do Ar&#8217;"},"content":{"rendered":"<p>A parceria entre a Embraer e a Boeing foi aprovada por 96,8% dos votos v\u00e1lidos dos acionistas da fabricante brasileira, na assembleia extraordin\u00e1ria realizada nesta ter\u00e7a (26). Os acionistas aprovaram a proposta que estabelecer\u00e1 uma joint venture composta pelas opera\u00e7\u00f5es de aeronaves comerciais e servi\u00e7os relacionados da Embraer. A Boeing deter\u00e1 80% da nova empresa e a Embraer os 20% restantes.<\/p>\n<p>Segundo a Embraer, a transa\u00e7\u00e3o avalia 100% das opera\u00e7\u00f5es de aeronaves comerciais da empresa em US$ 5,26 bilh\u00f5es e contempla um valor de US$ 4,2 bilh\u00f5es pela participa\u00e7\u00e3o de 80% da Boeing na joint venture. Os acionistas da Embraer tamb\u00e9m aprovaram a cria\u00e7\u00e3o de uma joint venture para promover e desenvolver novos mercados para o avi\u00e3o multimiss\u00e3o KC-390. Sob os termos da parceria proposta, a Embraer deter\u00e1 51% das a\u00e7\u00f5es da joint venture e a Boeing, os 49% restantes.<\/p>\n<p>\u201cEssa importante parceria posicionar\u00e1 as duas empresas para oferecer uma proposta de valor mais robusta a nossos clientes e investidores, al\u00e9m criar mais oportunidades para nossos empregados. Nosso acordo criar\u00e1 benef\u00edcios m\u00fatuos e aumentar\u00e1 a competitividade tanto da Embraer quanto da Boeing\u201d, disse o presidente e CEO da Embraer, Paulo Cesar de Souza e Silva.<\/p>\n<p>A Embraer informou, por meio de nota, que os neg\u00f3cios de defesa e jatos executivos e as opera\u00e7\u00f5es de servi\u00e7os da empresa associados a esses produtos permanecer\u00e3o como uma empresa independente e de capital aberto. \u201cUma s\u00e9rie de acordos com foco na cadeia de suprimentos, engenharia e instala\u00e7\u00f5es garantir\u00e1 benef\u00edcios m\u00fatuos e maior competitividade entre a Boeing, a joint venture e a Embraer\u201d, diz a nota.<\/p>\n<p>A Boeing e a Embraer anunciaram em dezembro de 2018 que haviam aprovado os termos das duas joint ventures e o governo brasileiro aprovou a transa\u00e7\u00e3o em janeiro de 2019. Em seguida, o conselho de administra\u00e7\u00e3o da Embraer ratificou seu apoio ao acordo e os documentos definitivos foram assinados. A conclus\u00e3o do neg\u00f3cio est\u00e1 sujeita a aprova\u00e7\u00f5es das autoridades reguladoras e a outras condi\u00e7\u00f5es pertinentes \u00e0 conclus\u00e3o de uma transa\u00e7\u00e3o desse tipo, marcos que a Boeing e a Embraer esperam alcan\u00e7ar at\u00e9 o final de 2019.<\/p>\n<p>A Embraer continuar\u00e1 operando as \u00e1reas de avia\u00e7\u00e3o comercial e do programa KC-390 de forma independente at\u00e9 a conclus\u00e3o da transa\u00e7\u00e3o.<\/p>\n","protected":false},"excerpt":{"rendered":"<p>A parceria entre a Embraer e a Boeing foi aprovada por 96,8% dos votos v\u00e1lidos dos acionistas da fabricante brasileira, na assembleia extraordin\u00e1ria realizada nesta ter\u00e7a (26). Os acionistas aprovaram a proposta que estabelecer\u00e1 uma joint venture composta pelas opera\u00e7\u00f5es de aeronaves comerciais e servi\u00e7os relacionados da Embraer. A Boeing deter\u00e1 80% da nova empresa [&hellip;]<\/p>\n","protected":false},"author":2,"featured_media":203573,"comment_status":"closed","ping_status":"closed","sticky":false,"template":"","format":"standard","meta":{"_acf_changed":false,"footnotes":""},"categories":[16],"tags":[95],"class_list":["post-203572","post","type-post","status-publish","format-standard","has-post-thumbnail","hentry","category-brasil","tag-capa"],"acf":[],"yoast_head":"<!-- This site is optimized with the Yoast SEO plugin v27.2 - https:\/\/yoast.com\/product\/yoast-seo-wordpress\/ -->\n<title>Embraer, verde-amarelo, vira &#039;Gigante do Ar&#039; - Notibras<\/title>\n<meta name=\"robots\" content=\"index, follow, max-snippet:-1, max-image-preview:large, max-video-preview:-1\" \/>\n<link rel=\"canonical\" href=\"https:\/\/www.notibras.com\/site\/embraer-verde-amarelo-vira-gigante-do-ar\/\" \/>\n<meta property=\"og:locale\" content=\"pt_BR\" \/>\n<meta property=\"og:type\" content=\"article\" \/>\n<meta property=\"og:title\" content=\"Embraer, verde-amarelo, vira &#039;Gigante do Ar&#039; - Notibras\" \/>\n<meta property=\"og:description\" content=\"A parceria entre a Embraer e a Boeing foi aprovada por 96,8% dos votos v\u00e1lidos dos acionistas da fabricante brasileira, na assembleia extraordin\u00e1ria realizada nesta ter\u00e7a (26). Os acionistas aprovaram a proposta que estabelecer\u00e1 uma joint venture composta pelas opera\u00e7\u00f5es de aeronaves comerciais e servi\u00e7os relacionados da Embraer. A Boeing deter\u00e1 80% da nova empresa [&hellip;]\" \/>\n<meta property=\"og:url\" content=\"https:\/\/www.notibras.com\/site\/embraer-verde-amarelo-vira-gigante-do-ar\/\" \/>\n<meta property=\"og:site_name\" content=\"Notibras\" \/>\n<meta property=\"article:publisher\" content=\"https:\/\/www.facebook.com\/notibras\/\" \/>\n<meta property=\"article:published_time\" content=\"2019-02-26T15:20:21+00:00\" \/>\n<meta property=\"article:modified_time\" content=\"2019-02-26T15:23:36+00:00\" \/>\n<meta property=\"og:image\" content=\"https:\/\/www.notibras.com\/site\/wp-content\/uploads\/2019\/02\/embraer-boeing.jpg\" \/>\n\t<meta property=\"og:image:width\" content=\"1140\" \/>\n\t<meta property=\"og:image:height\" content=\"760\" \/>\n\t<meta property=\"og:image:type\" content=\"image\/jpeg\" \/>\n<meta name=\"author\" content=\"Reda\u00e7\u00e3o\" \/>\n<meta name=\"twitter:card\" content=\"summary_large_image\" \/>\n<meta name=\"twitter:creator\" content=\"@Notibras\" \/>\n<meta name=\"twitter:site\" content=\"@Notibras\" \/>\n<meta name=\"twitter:label1\" content=\"Escrito por\" \/>\n\t<meta name=\"twitter:data1\" content=\"Reda\u00e7\u00e3o\" \/>\n\t<meta name=\"twitter:label2\" content=\"Est. tempo de leitura\" \/>\n\t<meta name=\"twitter:data2\" content=\"2 minutos\" \/>\n<script type=\"application\/ld+json\" class=\"yoast-schema-graph\">{\"@context\":\"https:\/\/schema.org\",\"@graph\":[{\"@type\":\"Article\",\"@id\":\"https:\/\/www.notibras.com\/site\/embraer-verde-amarelo-vira-gigante-do-ar\/#article\",\"isPartOf\":{\"@id\":\"https:\/\/www.notibras.com\/site\/embraer-verde-amarelo-vira-gigante-do-ar\/\"},\"author\":{\"name\":\"Reda\u00e7\u00e3o\",\"@id\":\"https:\/\/www.notibras.com\/site\/#\/schema\/person\/36ab0979449956132d3e5b517ea76ac8\"},\"headline\":\"Embraer, verde-amarelo, vira &#8216;Gigante do Ar&#8217;\",\"datePublished\":\"2019-02-26T15:20:21+00:00\",\"dateModified\":\"2019-02-26T15:23:36+00:00\",\"mainEntityOfPage\":{\"@id\":\"https:\/\/www.notibras.com\/site\/embraer-verde-amarelo-vira-gigante-do-ar\/\"},\"wordCount\":398,\"publisher\":{\"@id\":\"https:\/\/www.notibras.com\/site\/#organization\"},\"image\":{\"@id\":\"https:\/\/www.notibras.com\/site\/embraer-verde-amarelo-vira-gigante-do-ar\/#primaryimage\"},\"thumbnailUrl\":\"https:\/\/www.notibras.com\/site\/wp-content\/uploads\/2019\/02\/embraer-boeing.jpg\",\"keywords\":[\"capa\"],\"articleSection\":[\"Brasil\"],\"inLanguage\":\"pt-BR\"},{\"@type\":\"WebPage\",\"@id\":\"https:\/\/www.notibras.com\/site\/embraer-verde-amarelo-vira-gigante-do-ar\/\",\"url\":\"https:\/\/www.notibras.com\/site\/embraer-verde-amarelo-vira-gigante-do-ar\/\",\"name\":\"Embraer, verde-amarelo, vira 'Gigante do Ar' - Notibras\",\"isPartOf\":{\"@id\":\"https:\/\/www.notibras.com\/site\/#website\"},\"primaryImageOfPage\":{\"@id\":\"https:\/\/www.notibras.com\/site\/embraer-verde-amarelo-vira-gigante-do-ar\/#primaryimage\"},\"image\":{\"@id\":\"https:\/\/www.notibras.com\/site\/embraer-verde-amarelo-vira-gigante-do-ar\/#primaryimage\"},\"thumbnailUrl\":\"https:\/\/www.notibras.com\/site\/wp-content\/uploads\/2019\/02\/embraer-boeing.jpg\",\"datePublished\":\"2019-02-26T15:20:21+00:00\",\"dateModified\":\"2019-02-26T15:23:36+00:00\",\"breadcrumb\":{\"@id\":\"https:\/\/www.notibras.com\/site\/embraer-verde-amarelo-vira-gigante-do-ar\/#breadcrumb\"},\"inLanguage\":\"pt-BR\",\"potentialAction\":[{\"@type\":\"ReadAction\",\"target\":[\"https:\/\/www.notibras.com\/site\/embraer-verde-amarelo-vira-gigante-do-ar\/\"]}]},{\"@type\":\"ImageObject\",\"inLanguage\":\"pt-BR\",\"@id\":\"https:\/\/www.notibras.com\/site\/embraer-verde-amarelo-vira-gigante-do-ar\/#primaryimage\",\"url\":\"https:\/\/www.notibras.com\/site\/wp-content\/uploads\/2019\/02\/embraer-boeing.jpg\",\"contentUrl\":\"https:\/\/www.notibras.com\/site\/wp-content\/uploads\/2019\/02\/embraer-boeing.jpg\",\"width\":1140,\"height\":760,\"caption\":\"Foto\/Arquivo Notibras\"},{\"@type\":\"BreadcrumbList\",\"@id\":\"https:\/\/www.notibras.com\/site\/embraer-verde-amarelo-vira-gigante-do-ar\/#breadcrumb\",\"itemListElement\":[{\"@type\":\"ListItem\",\"position\":1,\"name\":\"In\u00edcio\",\"item\":\"https:\/\/www.notibras.com\/site\/\"},{\"@type\":\"ListItem\",\"position\":2,\"name\":\"Embraer, verde-amarelo, vira &#8216;Gigante do Ar&#8217;\"}]},{\"@type\":\"WebSite\",\"@id\":\"https:\/\/www.notibras.com\/site\/#website\",\"url\":\"https:\/\/www.notibras.com\/site\/\",\"name\":\"Notibras\",\"description\":\"Not\u00edcias de Bras\u00edlia, do Brasil e do Mundo\",\"publisher\":{\"@id\":\"https:\/\/www.notibras.com\/site\/#organization\"},\"potentialAction\":[{\"@type\":\"SearchAction\",\"target\":{\"@type\":\"EntryPoint\",\"urlTemplate\":\"https:\/\/www.notibras.com\/site\/?s={search_term_string}\"},\"query-input\":{\"@type\":\"PropertyValueSpecification\",\"valueRequired\":true,\"valueName\":\"search_term_string\"}}],\"inLanguage\":\"pt-BR\"},{\"@type\":\"Organization\",\"@id\":\"https:\/\/www.notibras.com\/site\/#organization\",\"name\":\"Grupo Notibras de Comunica\u00e7\u00e3o\",\"url\":\"https:\/\/www.notibras.com\/site\/\",\"logo\":{\"@type\":\"ImageObject\",\"inLanguage\":\"pt-BR\",\"@id\":\"https:\/\/www.notibras.com\/site\/#\/schema\/logo\/image\/\",\"url\":\"https:\/\/www.notibras.com\/site\/wp-content\/uploads\/2023\/01\/notibras23.png\",\"contentUrl\":\"https:\/\/www.notibras.com\/site\/wp-content\/uploads\/2023\/01\/notibras23.png\",\"width\":350,\"height\":87,\"caption\":\"Grupo Notibras de Comunica\u00e7\u00e3o\"},\"image\":{\"@id\":\"https:\/\/www.notibras.com\/site\/#\/schema\/logo\/image\/\"},\"sameAs\":[\"https:\/\/www.facebook.com\/notibras\/\",\"https:\/\/x.com\/Notibras\",\"https:\/\/www.instagram.com\/notibras\/\"]},{\"@type\":\"Person\",\"@id\":\"https:\/\/www.notibras.com\/site\/#\/schema\/person\/36ab0979449956132d3e5b517ea76ac8\",\"name\":\"Reda\u00e7\u00e3o\",\"image\":{\"@type\":\"ImageObject\",\"inLanguage\":\"pt-BR\",\"@id\":\"https:\/\/secure.gravatar.com\/avatar\/e0a867bdedb85fd243eadf09663511f96fc81e0720a4a42581f334ad4303aa6b?s=96&d=mm&r=g\",\"url\":\"https:\/\/secure.gravatar.com\/avatar\/e0a867bdedb85fd243eadf09663511f96fc81e0720a4a42581f334ad4303aa6b?s=96&d=mm&r=g\",\"contentUrl\":\"https:\/\/secure.gravatar.com\/avatar\/e0a867bdedb85fd243eadf09663511f96fc81e0720a4a42581f334ad4303aa6b?s=96&d=mm&r=g\",\"caption\":\"Reda\u00e7\u00e3o\"}}]}<\/script>\n<!-- \/ Yoast SEO plugin. -->","yoast_head_json":{"title":"Embraer, verde-amarelo, vira 'Gigante do Ar' - Notibras","robots":{"index":"index","follow":"follow","max-snippet":"max-snippet:-1","max-image-preview":"max-image-preview:large","max-video-preview":"max-video-preview:-1"},"canonical":"https:\/\/www.notibras.com\/site\/embraer-verde-amarelo-vira-gigante-do-ar\/","og_locale":"pt_BR","og_type":"article","og_title":"Embraer, verde-amarelo, vira 'Gigante do Ar' - Notibras","og_description":"A parceria entre a Embraer e a Boeing foi aprovada por 96,8% dos votos v\u00e1lidos dos acionistas da fabricante brasileira, na assembleia extraordin\u00e1ria realizada nesta ter\u00e7a (26). Os acionistas aprovaram a proposta que estabelecer\u00e1 uma joint venture composta pelas opera\u00e7\u00f5es de aeronaves comerciais e servi\u00e7os relacionados da Embraer. A Boeing deter\u00e1 80% da nova empresa [&hellip;]","og_url":"https:\/\/www.notibras.com\/site\/embraer-verde-amarelo-vira-gigante-do-ar\/","og_site_name":"Notibras","article_publisher":"https:\/\/www.facebook.com\/notibras\/","article_published_time":"2019-02-26T15:20:21+00:00","article_modified_time":"2019-02-26T15:23:36+00:00","og_image":[{"width":1140,"height":760,"url":"https:\/\/www.notibras.com\/site\/wp-content\/uploads\/2019\/02\/embraer-boeing.jpg","type":"image\/jpeg"}],"author":"Reda\u00e7\u00e3o","twitter_card":"summary_large_image","twitter_creator":"@Notibras","twitter_site":"@Notibras","twitter_misc":{"Escrito por":"Reda\u00e7\u00e3o","Est. tempo de leitura":"2 minutos"},"schema":{"@context":"https:\/\/schema.org","@graph":[{"@type":"Article","@id":"https:\/\/www.notibras.com\/site\/embraer-verde-amarelo-vira-gigante-do-ar\/#article","isPartOf":{"@id":"https:\/\/www.notibras.com\/site\/embraer-verde-amarelo-vira-gigante-do-ar\/"},"author":{"name":"Reda\u00e7\u00e3o","@id":"https:\/\/www.notibras.com\/site\/#\/schema\/person\/36ab0979449956132d3e5b517ea76ac8"},"headline":"Embraer, verde-amarelo, vira &#8216;Gigante do Ar&#8217;","datePublished":"2019-02-26T15:20:21+00:00","dateModified":"2019-02-26T15:23:36+00:00","mainEntityOfPage":{"@id":"https:\/\/www.notibras.com\/site\/embraer-verde-amarelo-vira-gigante-do-ar\/"},"wordCount":398,"publisher":{"@id":"https:\/\/www.notibras.com\/site\/#organization"},"image":{"@id":"https:\/\/www.notibras.com\/site\/embraer-verde-amarelo-vira-gigante-do-ar\/#primaryimage"},"thumbnailUrl":"https:\/\/www.notibras.com\/site\/wp-content\/uploads\/2019\/02\/embraer-boeing.jpg","keywords":["capa"],"articleSection":["Brasil"],"inLanguage":"pt-BR"},{"@type":"WebPage","@id":"https:\/\/www.notibras.com\/site\/embraer-verde-amarelo-vira-gigante-do-ar\/","url":"https:\/\/www.notibras.com\/site\/embraer-verde-amarelo-vira-gigante-do-ar\/","name":"Embraer, verde-amarelo, vira 'Gigante do Ar' - Notibras","isPartOf":{"@id":"https:\/\/www.notibras.com\/site\/#website"},"primaryImageOfPage":{"@id":"https:\/\/www.notibras.com\/site\/embraer-verde-amarelo-vira-gigante-do-ar\/#primaryimage"},"image":{"@id":"https:\/\/www.notibras.com\/site\/embraer-verde-amarelo-vira-gigante-do-ar\/#primaryimage"},"thumbnailUrl":"https:\/\/www.notibras.com\/site\/wp-content\/uploads\/2019\/02\/embraer-boeing.jpg","datePublished":"2019-02-26T15:20:21+00:00","dateModified":"2019-02-26T15:23:36+00:00","breadcrumb":{"@id":"https:\/\/www.notibras.com\/site\/embraer-verde-amarelo-vira-gigante-do-ar\/#breadcrumb"},"inLanguage":"pt-BR","potentialAction":[{"@type":"ReadAction","target":["https:\/\/www.notibras.com\/site\/embraer-verde-amarelo-vira-gigante-do-ar\/"]}]},{"@type":"ImageObject","inLanguage":"pt-BR","@id":"https:\/\/www.notibras.com\/site\/embraer-verde-amarelo-vira-gigante-do-ar\/#primaryimage","url":"https:\/\/www.notibras.com\/site\/wp-content\/uploads\/2019\/02\/embraer-boeing.jpg","contentUrl":"https:\/\/www.notibras.com\/site\/wp-content\/uploads\/2019\/02\/embraer-boeing.jpg","width":1140,"height":760,"caption":"Foto\/Arquivo Notibras"},{"@type":"BreadcrumbList","@id":"https:\/\/www.notibras.com\/site\/embraer-verde-amarelo-vira-gigante-do-ar\/#breadcrumb","itemListElement":[{"@type":"ListItem","position":1,"name":"In\u00edcio","item":"https:\/\/www.notibras.com\/site\/"},{"@type":"ListItem","position":2,"name":"Embraer, verde-amarelo, vira &#8216;Gigante do Ar&#8217;"}]},{"@type":"WebSite","@id":"https:\/\/www.notibras.com\/site\/#website","url":"https:\/\/www.notibras.com\/site\/","name":"Notibras","description":"Not\u00edcias de Bras\u00edlia, do Brasil e do Mundo","publisher":{"@id":"https:\/\/www.notibras.com\/site\/#organization"},"potentialAction":[{"@type":"SearchAction","target":{"@type":"EntryPoint","urlTemplate":"https:\/\/www.notibras.com\/site\/?s={search_term_string}"},"query-input":{"@type":"PropertyValueSpecification","valueRequired":true,"valueName":"search_term_string"}}],"inLanguage":"pt-BR"},{"@type":"Organization","@id":"https:\/\/www.notibras.com\/site\/#organization","name":"Grupo Notibras de Comunica\u00e7\u00e3o","url":"https:\/\/www.notibras.com\/site\/","logo":{"@type":"ImageObject","inLanguage":"pt-BR","@id":"https:\/\/www.notibras.com\/site\/#\/schema\/logo\/image\/","url":"https:\/\/www.notibras.com\/site\/wp-content\/uploads\/2023\/01\/notibras23.png","contentUrl":"https:\/\/www.notibras.com\/site\/wp-content\/uploads\/2023\/01\/notibras23.png","width":350,"height":87,"caption":"Grupo Notibras de Comunica\u00e7\u00e3o"},"image":{"@id":"https:\/\/www.notibras.com\/site\/#\/schema\/logo\/image\/"},"sameAs":["https:\/\/www.facebook.com\/notibras\/","https:\/\/x.com\/Notibras","https:\/\/www.instagram.com\/notibras\/"]},{"@type":"Person","@id":"https:\/\/www.notibras.com\/site\/#\/schema\/person\/36ab0979449956132d3e5b517ea76ac8","name":"Reda\u00e7\u00e3o","image":{"@type":"ImageObject","inLanguage":"pt-BR","@id":"https:\/\/secure.gravatar.com\/avatar\/e0a867bdedb85fd243eadf09663511f96fc81e0720a4a42581f334ad4303aa6b?s=96&d=mm&r=g","url":"https:\/\/secure.gravatar.com\/avatar\/e0a867bdedb85fd243eadf09663511f96fc81e0720a4a42581f334ad4303aa6b?s=96&d=mm&r=g","contentUrl":"https:\/\/secure.gravatar.com\/avatar\/e0a867bdedb85fd243eadf09663511f96fc81e0720a4a42581f334ad4303aa6b?s=96&d=mm&r=g","caption":"Reda\u00e7\u00e3o"}}]}},"amp_enabled":true,"_links":{"self":[{"href":"https:\/\/www.notibras.com\/site\/wp-json\/wp\/v2\/posts\/203572","targetHints":{"allow":["GET"]}}],"collection":[{"href":"https:\/\/www.notibras.com\/site\/wp-json\/wp\/v2\/posts"}],"about":[{"href":"https:\/\/www.notibras.com\/site\/wp-json\/wp\/v2\/types\/post"}],"author":[{"embeddable":true,"href":"https:\/\/www.notibras.com\/site\/wp-json\/wp\/v2\/users\/2"}],"replies":[{"embeddable":true,"href":"https:\/\/www.notibras.com\/site\/wp-json\/wp\/v2\/comments?post=203572"}],"version-history":[{"count":4,"href":"https:\/\/www.notibras.com\/site\/wp-json\/wp\/v2\/posts\/203572\/revisions"}],"predecessor-version":[{"id":203577,"href":"https:\/\/www.notibras.com\/site\/wp-json\/wp\/v2\/posts\/203572\/revisions\/203577"}],"wp:featuredmedia":[{"embeddable":true,"href":"https:\/\/www.notibras.com\/site\/wp-json\/wp\/v2\/media\/203573"}],"wp:attachment":[{"href":"https:\/\/www.notibras.com\/site\/wp-json\/wp\/v2\/media?parent=203572"}],"wp:term":[{"taxonomy":"category","embeddable":true,"href":"https:\/\/www.notibras.com\/site\/wp-json\/wp\/v2\/categories?post=203572"},{"taxonomy":"post_tag","embeddable":true,"href":"https:\/\/www.notibras.com\/site\/wp-json\/wp\/v2\/tags?post=203572"}],"curies":[{"name":"wp","href":"https:\/\/api.w.org\/{rel}","templated":true}]}}