{"id":203596,"date":"2019-02-26T17:20:15","date_gmt":"2019-02-26T20:20:15","guid":{"rendered":"https:\/\/www.notibras.com\/site\/?p=203596"},"modified":"2019-02-26T17:21:15","modified_gmt":"2019-02-26T20:21:15","slug":"aneel-avisa-que-luz-barata-tem-dias-contados","status":"publish","type":"post","link":"https:\/\/www.notibras.com\/site\/aneel-avisa-que-luz-barata-tem-dias-contados\/","title":{"rendered":"Aneel avisa que luz barata tem dias contados"},"content":{"rendered":"<p>A Ag\u00eancia Nacional de Energia El\u00e9trica (Aneel) quer reajustar o pre\u00e7o das bandeiras tarif\u00e1rias amarela e vermelha, nos patamares 1 e 2. A iniciativa consta de uma proposta de consulta p\u00fablica anunciada nesta ter\u00e7a (26) pela ag\u00eancia reguladora. A consulta ficar\u00e1 aberta entre 27 de fevereiro a 1\u00ba de abril.<\/p>\n<p>O sistema de bandeiras tarif\u00e1rias foi criado para sinalizar aos consumidores os custos reais da gera\u00e7\u00e3o de energia el\u00e9trica. A ado\u00e7\u00e3o de cada bandeira, nas cores verde (sem cobran\u00e7a extra), amarela e vermelha (patamar 1 e 2), est\u00e1 relacionada aos custos da gera\u00e7\u00e3o de energia el\u00e9trica.<\/p>\n<p>Na amarela, h\u00e1 o acr\u00e9scimo de R$ 1 a cada 100 kWh (quilowatts-hora). Na vermelha, no patamar 1, o adicional nas contas de luz \u00e9 de R$ 3 a cada 100 kWh; j\u00e1 no 2, o valor extra sobe para R$ 5.<\/p>\n<p>Pela proposta, os custos adicionais com as bandeiras tarif\u00e1rias ser\u00e3o reajustados entre maio desse ano e abril de 2020. Com isso, o adicional da bandeira amarela pode passar de R$ 1 para R$ 1,50 a cada na kWh; de R$ 3 para R$ 3,50 na vermelha patamar 1 e de R$ 5 para R$ 6 no patamar 2. Os valores propostos pela \u00e1rea t\u00e9cnica da Aneel ainda podem ser alterados at\u00e9 o final da consulta.<\/p>\n<p>De acordo com a ag\u00eancia, a proposta mant\u00e9m a combina\u00e7\u00e3o entre risco hidrol\u00f3gico e pre\u00e7o de liquida\u00e7\u00e3o de diferen\u00e7as (PLD) como as principais vari\u00e1veis para ado\u00e7\u00e3o das bandeiras tarif\u00e1rias. As vari\u00e1veis est\u00e3o ligadas ao volume de chuvas.<\/p>\n","protected":false},"excerpt":{"rendered":"<p>A Ag\u00eancia Nacional de Energia El\u00e9trica (Aneel) quer reajustar o pre\u00e7o das bandeiras tarif\u00e1rias amarela e vermelha, nos patamares 1 e 2. A iniciativa consta de uma proposta de consulta p\u00fablica anunciada nesta ter\u00e7a (26) pela ag\u00eancia reguladora. A consulta ficar\u00e1 aberta entre 27 de fevereiro a 1\u00ba de abril. O sistema de bandeiras tarif\u00e1rias [&hellip;]<\/p>\n","protected":false},"author":2,"featured_media":157410,"comment_status":"closed","ping_status":"closed","sticky":false,"template":"","format":"standard","meta":{"_acf_changed":false,"footnotes":""},"categories":[1],"tags":[95],"class_list":["post-203596","post","type-post","status-publish","format-standard","has-post-thumbnail","hentry","category-brasilia","tag-capa"],"acf":[],"yoast_head":"<!-- This site is optimized with the Yoast SEO plugin v27.2 - https:\/\/yoast.com\/product\/yoast-seo-wordpress\/ -->\n<title>Aneel avisa que luz barata tem dias contados - Notibras<\/title>\n<meta name=\"robots\" content=\"index, follow, max-snippet:-1, max-image-preview:large, max-video-preview:-1\" \/>\n<link rel=\"canonical\" href=\"https:\/\/www.notibras.com\/site\/aneel-avisa-que-luz-barata-tem-dias-contados\/\" \/>\n<meta property=\"og:locale\" content=\"pt_BR\" \/>\n<meta property=\"og:type\" content=\"article\" \/>\n<meta property=\"og:title\" content=\"Aneel avisa que luz barata tem dias contados - Notibras\" \/>\n<meta property=\"og:description\" content=\"A Ag\u00eancia Nacional de Energia El\u00e9trica (Aneel) quer reajustar o pre\u00e7o das bandeiras tarif\u00e1rias amarela e vermelha, nos patamares 1 e 2. A iniciativa consta de uma proposta de consulta p\u00fablica anunciada nesta ter\u00e7a (26) pela ag\u00eancia reguladora. A consulta ficar\u00e1 aberta entre 27 de fevereiro a 1\u00ba de abril. O sistema de bandeiras tarif\u00e1rias [&hellip;]\" \/>\n<meta property=\"og:url\" content=\"https:\/\/www.notibras.com\/site\/aneel-avisa-que-luz-barata-tem-dias-contados\/\" \/>\n<meta property=\"og:site_name\" content=\"Notibras\" \/>\n<meta property=\"article:publisher\" content=\"https:\/\/www.facebook.com\/notibras\/\" \/>\n<meta property=\"article:published_time\" content=\"2019-02-26T20:20:15+00:00\" \/>\n<meta property=\"article:modified_time\" content=\"2019-02-26T20:21:15+00:00\" \/>\n<meta property=\"og:image\" content=\"https:\/\/www.notibras.com\/site\/wp-content\/uploads\/2017\/10\/conta-de-luz.jpg\" \/>\n\t<meta property=\"og:image:width\" content=\"1080\" \/>\n\t<meta property=\"og:image:height\" content=\"810\" \/>\n\t<meta property=\"og:image:type\" content=\"image\/jpeg\" \/>\n<meta name=\"author\" content=\"Reda\u00e7\u00e3o\" \/>\n<meta name=\"twitter:card\" content=\"summary_large_image\" \/>\n<meta name=\"twitter:creator\" content=\"@Notibras\" \/>\n<meta name=\"twitter:site\" content=\"@Notibras\" \/>\n<meta name=\"twitter:label1\" content=\"Escrito por\" \/>\n\t<meta name=\"twitter:data1\" content=\"Reda\u00e7\u00e3o\" \/>\n\t<meta name=\"twitter:label2\" content=\"Est. tempo de leitura\" \/>\n\t<meta name=\"twitter:data2\" content=\"1 minuto\" \/>\n<script type=\"application\/ld+json\" class=\"yoast-schema-graph\">{\"@context\":\"https:\/\/schema.org\",\"@graph\":[{\"@type\":\"Article\",\"@id\":\"https:\/\/www.notibras.com\/site\/aneel-avisa-que-luz-barata-tem-dias-contados\/#article\",\"isPartOf\":{\"@id\":\"https:\/\/www.notibras.com\/site\/aneel-avisa-que-luz-barata-tem-dias-contados\/\"},\"author\":{\"name\":\"Reda\u00e7\u00e3o\",\"@id\":\"https:\/\/www.notibras.com\/site\/#\/schema\/person\/36ab0979449956132d3e5b517ea76ac8\"},\"headline\":\"Aneel avisa que luz barata tem dias contados\",\"datePublished\":\"2019-02-26T20:20:15+00:00\",\"dateModified\":\"2019-02-26T20:21:15+00:00\",\"mainEntityOfPage\":{\"@id\":\"https:\/\/www.notibras.com\/site\/aneel-avisa-que-luz-barata-tem-dias-contados\/\"},\"wordCount\":264,\"publisher\":{\"@id\":\"https:\/\/www.notibras.com\/site\/#organization\"},\"image\":{\"@id\":\"https:\/\/www.notibras.com\/site\/aneel-avisa-que-luz-barata-tem-dias-contados\/#primaryimage\"},\"thumbnailUrl\":\"https:\/\/www.notibras.com\/site\/wp-content\/uploads\/2017\/10\/conta-de-luz.jpg\",\"keywords\":[\"capa\"],\"articleSection\":[\"Bras\u00edlia\"],\"inLanguage\":\"pt-BR\"},{\"@type\":\"WebPage\",\"@id\":\"https:\/\/www.notibras.com\/site\/aneel-avisa-que-luz-barata-tem-dias-contados\/\",\"url\":\"https:\/\/www.notibras.com\/site\/aneel-avisa-que-luz-barata-tem-dias-contados\/\",\"name\":\"Aneel avisa que luz barata tem dias contados - Notibras\",\"isPartOf\":{\"@id\":\"https:\/\/www.notibras.com\/site\/#website\"},\"primaryImageOfPage\":{\"@id\":\"https:\/\/www.notibras.com\/site\/aneel-avisa-que-luz-barata-tem-dias-contados\/#primaryimage\"},\"image\":{\"@id\":\"https:\/\/www.notibras.com\/site\/aneel-avisa-que-luz-barata-tem-dias-contados\/#primaryimage\"},\"thumbnailUrl\":\"https:\/\/www.notibras.com\/site\/wp-content\/uploads\/2017\/10\/conta-de-luz.jpg\",\"datePublished\":\"2019-02-26T20:20:15+00:00\",\"dateModified\":\"2019-02-26T20:21:15+00:00\",\"breadcrumb\":{\"@id\":\"https:\/\/www.notibras.com\/site\/aneel-avisa-que-luz-barata-tem-dias-contados\/#breadcrumb\"},\"inLanguage\":\"pt-BR\",\"potentialAction\":[{\"@type\":\"ReadAction\",\"target\":[\"https:\/\/www.notibras.com\/site\/aneel-avisa-que-luz-barata-tem-dias-contados\/\"]}]},{\"@type\":\"ImageObject\",\"inLanguage\":\"pt-BR\",\"@id\":\"https:\/\/www.notibras.com\/site\/aneel-avisa-que-luz-barata-tem-dias-contados\/#primaryimage\",\"url\":\"https:\/\/www.notibras.com\/site\/wp-content\/uploads\/2017\/10\/conta-de-luz.jpg\",\"contentUrl\":\"https:\/\/www.notibras.com\/site\/wp-content\/uploads\/2017\/10\/conta-de-luz.jpg\",\"width\":1080,\"height\":810},{\"@type\":\"BreadcrumbList\",\"@id\":\"https:\/\/www.notibras.com\/site\/aneel-avisa-que-luz-barata-tem-dias-contados\/#breadcrumb\",\"itemListElement\":[{\"@type\":\"ListItem\",\"position\":1,\"name\":\"In\u00edcio\",\"item\":\"https:\/\/www.notibras.com\/site\/\"},{\"@type\":\"ListItem\",\"position\":2,\"name\":\"Aneel avisa que luz barata tem dias contados\"}]},{\"@type\":\"WebSite\",\"@id\":\"https:\/\/www.notibras.com\/site\/#website\",\"url\":\"https:\/\/www.notibras.com\/site\/\",\"name\":\"Notibras\",\"description\":\"Not\u00edcias de Bras\u00edlia, do Brasil e do Mundo\",\"publisher\":{\"@id\":\"https:\/\/www.notibras.com\/site\/#organization\"},\"potentialAction\":[{\"@type\":\"SearchAction\",\"target\":{\"@type\":\"EntryPoint\",\"urlTemplate\":\"https:\/\/www.notibras.com\/site\/?s={search_term_string}\"},\"query-input\":{\"@type\":\"PropertyValueSpecification\",\"valueRequired\":true,\"valueName\":\"search_term_string\"}}],\"inLanguage\":\"pt-BR\"},{\"@type\":\"Organization\",\"@id\":\"https:\/\/www.notibras.com\/site\/#organization\",\"name\":\"Grupo Notibras de Comunica\u00e7\u00e3o\",\"url\":\"https:\/\/www.notibras.com\/site\/\",\"logo\":{\"@type\":\"ImageObject\",\"inLanguage\":\"pt-BR\",\"@id\":\"https:\/\/www.notibras.com\/site\/#\/schema\/logo\/image\/\",\"url\":\"https:\/\/www.notibras.com\/site\/wp-content\/uploads\/2023\/01\/notibras23.png\",\"contentUrl\":\"https:\/\/www.notibras.com\/site\/wp-content\/uploads\/2023\/01\/notibras23.png\",\"width\":350,\"height\":87,\"caption\":\"Grupo Notibras de Comunica\u00e7\u00e3o\"},\"image\":{\"@id\":\"https:\/\/www.notibras.com\/site\/#\/schema\/logo\/image\/\"},\"sameAs\":[\"https:\/\/www.facebook.com\/notibras\/\",\"https:\/\/x.com\/Notibras\",\"https:\/\/www.instagram.com\/notibras\/\"]},{\"@type\":\"Person\",\"@id\":\"https:\/\/www.notibras.com\/site\/#\/schema\/person\/36ab0979449956132d3e5b517ea76ac8\",\"name\":\"Reda\u00e7\u00e3o\",\"image\":{\"@type\":\"ImageObject\",\"inLanguage\":\"pt-BR\",\"@id\":\"https:\/\/secure.gravatar.com\/avatar\/e0a867bdedb85fd243eadf09663511f96fc81e0720a4a42581f334ad4303aa6b?s=96&d=mm&r=g\",\"url\":\"https:\/\/secure.gravatar.com\/avatar\/e0a867bdedb85fd243eadf09663511f96fc81e0720a4a42581f334ad4303aa6b?s=96&d=mm&r=g\",\"contentUrl\":\"https:\/\/secure.gravatar.com\/avatar\/e0a867bdedb85fd243eadf09663511f96fc81e0720a4a42581f334ad4303aa6b?s=96&d=mm&r=g\",\"caption\":\"Reda\u00e7\u00e3o\"}}]}<\/script>\n<!-- \/ Yoast SEO plugin. -->","yoast_head_json":{"title":"Aneel avisa que luz barata tem dias contados - Notibras","robots":{"index":"index","follow":"follow","max-snippet":"max-snippet:-1","max-image-preview":"max-image-preview:large","max-video-preview":"max-video-preview:-1"},"canonical":"https:\/\/www.notibras.com\/site\/aneel-avisa-que-luz-barata-tem-dias-contados\/","og_locale":"pt_BR","og_type":"article","og_title":"Aneel avisa que luz barata tem dias contados - Notibras","og_description":"A Ag\u00eancia Nacional de Energia El\u00e9trica (Aneel) quer reajustar o pre\u00e7o das bandeiras tarif\u00e1rias amarela e vermelha, nos patamares 1 e 2. A iniciativa consta de uma proposta de consulta p\u00fablica anunciada nesta ter\u00e7a (26) pela ag\u00eancia reguladora. A consulta ficar\u00e1 aberta entre 27 de fevereiro a 1\u00ba de abril. O sistema de bandeiras tarif\u00e1rias [&hellip;]","og_url":"https:\/\/www.notibras.com\/site\/aneel-avisa-que-luz-barata-tem-dias-contados\/","og_site_name":"Notibras","article_publisher":"https:\/\/www.facebook.com\/notibras\/","article_published_time":"2019-02-26T20:20:15+00:00","article_modified_time":"2019-02-26T20:21:15+00:00","og_image":[{"width":1080,"height":810,"url":"https:\/\/www.notibras.com\/site\/wp-content\/uploads\/2017\/10\/conta-de-luz.jpg","type":"image\/jpeg"}],"author":"Reda\u00e7\u00e3o","twitter_card":"summary_large_image","twitter_creator":"@Notibras","twitter_site":"@Notibras","twitter_misc":{"Escrito por":"Reda\u00e7\u00e3o","Est. tempo de leitura":"1 minuto"},"schema":{"@context":"https:\/\/schema.org","@graph":[{"@type":"Article","@id":"https:\/\/www.notibras.com\/site\/aneel-avisa-que-luz-barata-tem-dias-contados\/#article","isPartOf":{"@id":"https:\/\/www.notibras.com\/site\/aneel-avisa-que-luz-barata-tem-dias-contados\/"},"author":{"name":"Reda\u00e7\u00e3o","@id":"https:\/\/www.notibras.com\/site\/#\/schema\/person\/36ab0979449956132d3e5b517ea76ac8"},"headline":"Aneel avisa que luz barata tem dias contados","datePublished":"2019-02-26T20:20:15+00:00","dateModified":"2019-02-26T20:21:15+00:00","mainEntityOfPage":{"@id":"https:\/\/www.notibras.com\/site\/aneel-avisa-que-luz-barata-tem-dias-contados\/"},"wordCount":264,"publisher":{"@id":"https:\/\/www.notibras.com\/site\/#organization"},"image":{"@id":"https:\/\/www.notibras.com\/site\/aneel-avisa-que-luz-barata-tem-dias-contados\/#primaryimage"},"thumbnailUrl":"https:\/\/www.notibras.com\/site\/wp-content\/uploads\/2017\/10\/conta-de-luz.jpg","keywords":["capa"],"articleSection":["Bras\u00edlia"],"inLanguage":"pt-BR"},{"@type":"WebPage","@id":"https:\/\/www.notibras.com\/site\/aneel-avisa-que-luz-barata-tem-dias-contados\/","url":"https:\/\/www.notibras.com\/site\/aneel-avisa-que-luz-barata-tem-dias-contados\/","name":"Aneel avisa que luz barata tem dias contados - Notibras","isPartOf":{"@id":"https:\/\/www.notibras.com\/site\/#website"},"primaryImageOfPage":{"@id":"https:\/\/www.notibras.com\/site\/aneel-avisa-que-luz-barata-tem-dias-contados\/#primaryimage"},"image":{"@id":"https:\/\/www.notibras.com\/site\/aneel-avisa-que-luz-barata-tem-dias-contados\/#primaryimage"},"thumbnailUrl":"https:\/\/www.notibras.com\/site\/wp-content\/uploads\/2017\/10\/conta-de-luz.jpg","datePublished":"2019-02-26T20:20:15+00:00","dateModified":"2019-02-26T20:21:15+00:00","breadcrumb":{"@id":"https:\/\/www.notibras.com\/site\/aneel-avisa-que-luz-barata-tem-dias-contados\/#breadcrumb"},"inLanguage":"pt-BR","potentialAction":[{"@type":"ReadAction","target":["https:\/\/www.notibras.com\/site\/aneel-avisa-que-luz-barata-tem-dias-contados\/"]}]},{"@type":"ImageObject","inLanguage":"pt-BR","@id":"https:\/\/www.notibras.com\/site\/aneel-avisa-que-luz-barata-tem-dias-contados\/#primaryimage","url":"https:\/\/www.notibras.com\/site\/wp-content\/uploads\/2017\/10\/conta-de-luz.jpg","contentUrl":"https:\/\/www.notibras.com\/site\/wp-content\/uploads\/2017\/10\/conta-de-luz.jpg","width":1080,"height":810},{"@type":"BreadcrumbList","@id":"https:\/\/www.notibras.com\/site\/aneel-avisa-que-luz-barata-tem-dias-contados\/#breadcrumb","itemListElement":[{"@type":"ListItem","position":1,"name":"In\u00edcio","item":"https:\/\/www.notibras.com\/site\/"},{"@type":"ListItem","position":2,"name":"Aneel avisa que luz barata tem dias contados"}]},{"@type":"WebSite","@id":"https:\/\/www.notibras.com\/site\/#website","url":"https:\/\/www.notibras.com\/site\/","name":"Notibras","description":"Not\u00edcias de Bras\u00edlia, do Brasil e do Mundo","publisher":{"@id":"https:\/\/www.notibras.com\/site\/#organization"},"potentialAction":[{"@type":"SearchAction","target":{"@type":"EntryPoint","urlTemplate":"https:\/\/www.notibras.com\/site\/?s={search_term_string}"},"query-input":{"@type":"PropertyValueSpecification","valueRequired":true,"valueName":"search_term_string"}}],"inLanguage":"pt-BR"},{"@type":"Organization","@id":"https:\/\/www.notibras.com\/site\/#organization","name":"Grupo Notibras de Comunica\u00e7\u00e3o","url":"https:\/\/www.notibras.com\/site\/","logo":{"@type":"ImageObject","inLanguage":"pt-BR","@id":"https:\/\/www.notibras.com\/site\/#\/schema\/logo\/image\/","url":"https:\/\/www.notibras.com\/site\/wp-content\/uploads\/2023\/01\/notibras23.png","contentUrl":"https:\/\/www.notibras.com\/site\/wp-content\/uploads\/2023\/01\/notibras23.png","width":350,"height":87,"caption":"Grupo Notibras de Comunica\u00e7\u00e3o"},"image":{"@id":"https:\/\/www.notibras.com\/site\/#\/schema\/logo\/image\/"},"sameAs":["https:\/\/www.facebook.com\/notibras\/","https:\/\/x.com\/Notibras","https:\/\/www.instagram.com\/notibras\/"]},{"@type":"Person","@id":"https:\/\/www.notibras.com\/site\/#\/schema\/person\/36ab0979449956132d3e5b517ea76ac8","name":"Reda\u00e7\u00e3o","image":{"@type":"ImageObject","inLanguage":"pt-BR","@id":"https:\/\/secure.gravatar.com\/avatar\/e0a867bdedb85fd243eadf09663511f96fc81e0720a4a42581f334ad4303aa6b?s=96&d=mm&r=g","url":"https:\/\/secure.gravatar.com\/avatar\/e0a867bdedb85fd243eadf09663511f96fc81e0720a4a42581f334ad4303aa6b?s=96&d=mm&r=g","contentUrl":"https:\/\/secure.gravatar.com\/avatar\/e0a867bdedb85fd243eadf09663511f96fc81e0720a4a42581f334ad4303aa6b?s=96&d=mm&r=g","caption":"Reda\u00e7\u00e3o"}}]}},"amp_enabled":true,"_links":{"self":[{"href":"https:\/\/www.notibras.com\/site\/wp-json\/wp\/v2\/posts\/203596","targetHints":{"allow":["GET"]}}],"collection":[{"href":"https:\/\/www.notibras.com\/site\/wp-json\/wp\/v2\/posts"}],"about":[{"href":"https:\/\/www.notibras.com\/site\/wp-json\/wp\/v2\/types\/post"}],"author":[{"embeddable":true,"href":"https:\/\/www.notibras.com\/site\/wp-json\/wp\/v2\/users\/2"}],"replies":[{"embeddable":true,"href":"https:\/\/www.notibras.com\/site\/wp-json\/wp\/v2\/comments?post=203596"}],"version-history":[{"count":3,"href":"https:\/\/www.notibras.com\/site\/wp-json\/wp\/v2\/posts\/203596\/revisions"}],"predecessor-version":[{"id":203599,"href":"https:\/\/www.notibras.com\/site\/wp-json\/wp\/v2\/posts\/203596\/revisions\/203599"}],"wp:featuredmedia":[{"embeddable":true,"href":"https:\/\/www.notibras.com\/site\/wp-json\/wp\/v2\/media\/157410"}],"wp:attachment":[{"href":"https:\/\/www.notibras.com\/site\/wp-json\/wp\/v2\/media?parent=203596"}],"wp:term":[{"taxonomy":"category","embeddable":true,"href":"https:\/\/www.notibras.com\/site\/wp-json\/wp\/v2\/categories?post=203596"},{"taxonomy":"post_tag","embeddable":true,"href":"https:\/\/www.notibras.com\/site\/wp-json\/wp\/v2\/tags?post=203596"}],"curies":[{"name":"wp","href":"https:\/\/api.w.org\/{rel}","templated":true}]}}