{"id":203603,"date":"2019-02-27T01:50:37","date_gmt":"2019-02-27T04:50:37","guid":{"rendered":"https:\/\/www.notibras.com\/site\/?p=203603"},"modified":"2019-02-27T07:10:23","modified_gmt":"2019-02-27T10:10:23","slug":"ongs-enganaram-indios-e-agora-o-pau-vai-comer","status":"publish","type":"post","link":"https:\/\/www.notibras.com\/site\/ongs-enganaram-indios-e-agora-o-pau-vai-comer\/","title":{"rendered":"ONGs enganaram \u00edndios. E agora o pau vai comer"},"content":{"rendered":"<p>\u00cdndio quer smartphone, se n\u00e3o der, pau vai comer! A marchinha de Haroldo Lobo e Milton de Oliveira, amea\u00e7a carnavalesca usada pelas ONGs, financiadas pelos escandinavos noruegueses e credenciadas por Lula e Marina Silva para tomar a Amaz\u00f4nia dos brasileiros, tem sido o grande tema na Justi\u00e7a Federal. Nos cap\u00edtulos anteriores, Notibras, com exclusividade, vem desvendando um suposto golpe bilion\u00e1rio que envolveu o BNDES, por meio de um decreto (6.527\/08) que criou um fundo financeiro pouco vis\u00edvel, esp\u00e9cie de cart\u00e3o de cr\u00e9dito sem personalidade jur\u00eddica.<\/p>\n<p>A Noruega foi a fonte de 5 bilh\u00f5es de reais, parte de um total de R$ 20 bi, repasse que foi interrompido pela realeza norueguesa na queda do imp\u00e9rio petista. O dinheiro entrava no BNDES e era distribu\u00eddo \u00e0s ONGs, movimentado como saldo de uma conta corrente privada. Simples assim. O problema \u00e9 que, ao ser incorporado ao Er\u00e1rio, esse recurso deixa de ser privado. Nesse cap\u00edtulo da trama, vamos ver como Lula e sua ministra Marina Silva abriram as portas da Amaz\u00f4nia aos interesses internacionais, utilizando uma praga \u2013 com raras exce\u00e7\u00f5es &#8211; do S\u00e9culo XX: as Organiza\u00e7\u00f5es N\u00e3o Governamentais \u2013 ONGs.<\/p>\n<p>Os noruegueses s\u00e3o grandes poluidores, 25% de sua economia dependem da produ\u00e7\u00e3o de petr\u00f3leo e g\u00e1s. Boa parte do PIB tamb\u00e9m vem da fabrica\u00e7\u00e3o de mobili\u00e1rio e papel, que depende de florestas. As deles est\u00e3o a maior parte do tempo restritas pela neve, al\u00e9m de contar com um territ\u00f3rio limitado. Essa \u00e9 a origem da manobra para pagar a conta dos cr\u00e9ditos de carbono que eles devem ao mundo.<\/p>\n<p>Embora a Noruega tenha sido respons\u00e1vel por 97% dos recursos do Fundo Amaz\u00f4nia, a Alemanha tamb\u00e9m aparece como contribuinte. Ela \u00e9 inimiga da tecnologia brasileira, que produz energia el\u00e9trica a partir de hidrel\u00e9tricas, fonte que det\u00e9m o menor custo entre os modais existentes. Os alem\u00e3es s\u00e3o grandes produtores de energia e\u00f3lica e fotovoltaica. Precisam vender a sua tecnologia e n\u00e3o querem nem ouvir falar de hidrel\u00e9tricas.<\/p>\n<p>Por isso, quanto menos o Brasil ocupar a Amaz\u00f4nia, melhor para eles. Quanto mais tribos forem dominadas pelas ONGs, melhor para eles. Quanto mais os \u00edndios dominarem e ampliarem seus territ\u00f3rios, melhor para eles. O problema \u00e9 que, quanto mais infiltrada essa pr\u00e1tica de ocupa\u00e7\u00e3o territorial, pior para a sociedade brasileira. O dom\u00ednio sobre os \u00edndios pelas Organiza\u00e7\u00f5es N\u00e3o Governamentais e de popula\u00e7\u00f5es perif\u00e9ricas por prefeitos petistas, chegou pelos cofres do BNDES.<\/p>\n<p>O discurso politicamente correto, de preserva\u00e7\u00e3o da mata e dos povos ind\u00edgenas, com simp\u00e1tica repercuss\u00e3o internacional, esconde os verdadeiros interesses de pa\u00edses que n\u00e3o pretendem interromper seu desenvolvimento. O Brasil, pela sua dimens\u00e3o, \u00e9 o territ\u00f3rio do desejo das na\u00e7\u00f5es desenvolvidas. Mantendo e fixando o ultrapassado sistema extrativista nas \u00e1reas que subjugam, impedem o desenvolvimento e criam uma reserva de mercado em territ\u00f3rio alheio.<\/p>\n<p>Embora Lula da Silva tenha assinado o decreto criando o Fundo Amaz\u00f4nia, n\u00e3o foi o autor da ferramenta utilizada pelos intrusos. O ambientalista noruegu\u00eas Erik Solheim, das fileiras do Partido de Esquerda Socialista da Noruega, e o Greenpeace, tomam a autoria do Fundo Amaz\u00f4nia, projeto entregue \u00e0 \u00e9poca ao deputado federal Jos\u00e9 Sarney Filho, coordenador da Frente Parlamentar Ambientalista e \u00e0 ministra do Meio Ambiente, Marina Silva. O pacote chegou completo ao Pal\u00e1cio do Planalto. Bastava numerar e assinar o decreto.<\/p>\n<p>Assim foi feito. A\u00ed as ONGs vieram de mala e cuia, inclusive ocupando gabinetes no Minist\u00e9rio do Meio Ambiente, Ibama e Funai, com direito a placa na porta dos espa\u00e7os p\u00fablicos federais. N\u00e3o precisavam pagar aluguel, cafezinho e papel higi\u00eanico e estavam definitivamente infiltrados no poder, de onde despachavam os bilh\u00f5es que vinham de al\u00e9m mar.<\/p>\n<p>Mas, e os \u00edndios? Na verdade s\u00e3o ex-\u00edndios pela ess\u00eancia e modo de vida que hoje levam. Existem, sim, algumas tribos de verdadeiros \u00edndios ainda n\u00e3o visitadas pelo homem branco na regi\u00e3o. O ideal \u00e9 que assim permane\u00e7am. As etnias j\u00e1 urbanizadas ter\u00e3o como heran\u00e7a a tradi\u00e7\u00e3o e o folclore, como quaisquer outros povos colonizados, que devem ser, sim, preservados. N\u00e3o h\u00e1 o que fazer. Esse conv\u00edvio com a civiliza\u00e7\u00e3o \u00e9 devido, especialmente, aos irm\u00e3os Villas Boas. Paci\u00eancia.<\/p>\n<p>Agora esses cidad\u00e3os da floresta desejam mesmo \u00e9 conforto, boa alimenta\u00e7\u00e3o, atendimento m\u00e9dico e educa\u00e7\u00e3o superior para os filhos. Mas se tiver uma m\u00e3ozinha amiga, eles podem at\u00e9 aceitar um escambo de mat\u00e9rias-primas, extra\u00eddas do territ\u00f3rio que \u00e9 deles. Afinal, est\u00e3o convencidos de que s\u00e3o eles os propriet\u00e1rios das riquezas.<\/p>\n<p>Na outra ponta, as ONGs que s\u00e3o privadas e que gerenciam o destino das tribos. No meio, recursos p\u00fablicos. Nada que uma torre de wifi no meio da floresta n\u00e3o resolva. No quarto e \u00faltimo cap\u00edtulo, vamos entender quais as perspectivas para o futuro. Apito n\u00e3o \u00e9.<\/p>\n","protected":false},"excerpt":{"rendered":"<p>\u00cdndio quer smartphone, se n\u00e3o der, pau vai comer! A marchinha de Haroldo Lobo e Milton de Oliveira, amea\u00e7a carnavalesca usada pelas ONGs, financiadas pelos escandinavos noruegueses e credenciadas por Lula e Marina Silva para tomar a Amaz\u00f4nia dos brasileiros, tem sido o grande tema na Justi\u00e7a Federal. Nos cap\u00edtulos anteriores, Notibras, com exclusividade, vem [&hellip;]<\/p>\n","protected":false},"author":2,"featured_media":203604,"comment_status":"closed","ping_status":"closed","sticky":false,"template":"","format":"standard","meta":{"_acf_changed":false,"footnotes":""},"categories":[16],"tags":[95],"class_list":["post-203603","post","type-post","status-publish","format-standard","has-post-thumbnail","hentry","category-brasil","tag-capa"],"acf":[],"yoast_head":"<!-- This site is optimized with the Yoast SEO plugin v27.2 - https:\/\/yoast.com\/product\/yoast-seo-wordpress\/ -->\n<title>ONGs enganaram \u00edndios. E agora o pau vai comer - Notibras<\/title>\n<meta name=\"robots\" content=\"index, follow, max-snippet:-1, max-image-preview:large, max-video-preview:-1\" \/>\n<link rel=\"canonical\" href=\"https:\/\/www.notibras.com\/site\/ongs-enganaram-indios-e-agora-o-pau-vai-comer\/\" \/>\n<meta property=\"og:locale\" content=\"pt_BR\" \/>\n<meta property=\"og:type\" content=\"article\" \/>\n<meta property=\"og:title\" content=\"ONGs enganaram \u00edndios. E agora o pau vai comer - Notibras\" \/>\n<meta property=\"og:description\" content=\"\u00cdndio quer smartphone, se n\u00e3o der, pau vai comer! A marchinha de Haroldo Lobo e Milton de Oliveira, amea\u00e7a carnavalesca usada pelas ONGs, financiadas pelos escandinavos noruegueses e credenciadas por Lula e Marina Silva para tomar a Amaz\u00f4nia dos brasileiros, tem sido o grande tema na Justi\u00e7a Federal. Nos cap\u00edtulos anteriores, Notibras, com exclusividade, vem [&hellip;]\" \/>\n<meta property=\"og:url\" content=\"https:\/\/www.notibras.com\/site\/ongs-enganaram-indios-e-agora-o-pau-vai-comer\/\" \/>\n<meta property=\"og:site_name\" content=\"Notibras\" \/>\n<meta property=\"article:publisher\" content=\"https:\/\/www.facebook.com\/notibras\/\" \/>\n<meta property=\"article:published_time\" content=\"2019-02-27T04:50:37+00:00\" \/>\n<meta property=\"article:modified_time\" content=\"2019-02-27T10:10:23+00:00\" \/>\n<meta property=\"og:image\" content=\"https:\/\/www.notibras.com\/site\/wp-content\/uploads\/2019\/02\/indios-fundo-amazonia.jpg\" \/>\n\t<meta property=\"og:image:width\" content=\"1380\" \/>\n\t<meta property=\"og:image:height\" content=\"920\" \/>\n\t<meta property=\"og:image:type\" content=\"image\/jpeg\" \/>\n<meta name=\"author\" content=\"Reda\u00e7\u00e3o\" \/>\n<meta name=\"twitter:card\" content=\"summary_large_image\" \/>\n<meta name=\"twitter:creator\" content=\"@Notibras\" \/>\n<meta name=\"twitter:site\" content=\"@Notibras\" \/>\n<meta name=\"twitter:label1\" content=\"Escrito por\" \/>\n\t<meta name=\"twitter:data1\" content=\"Reda\u00e7\u00e3o\" \/>\n\t<meta name=\"twitter:label2\" content=\"Est. tempo de leitura\" \/>\n\t<meta name=\"twitter:data2\" content=\"4 minutos\" \/>\n<script type=\"application\/ld+json\" class=\"yoast-schema-graph\">{\"@context\":\"https:\/\/schema.org\",\"@graph\":[{\"@type\":\"Article\",\"@id\":\"https:\/\/www.notibras.com\/site\/ongs-enganaram-indios-e-agora-o-pau-vai-comer\/#article\",\"isPartOf\":{\"@id\":\"https:\/\/www.notibras.com\/site\/ongs-enganaram-indios-e-agora-o-pau-vai-comer\/\"},\"author\":{\"name\":\"Reda\u00e7\u00e3o\",\"@id\":\"https:\/\/www.notibras.com\/site\/#\/schema\/person\/36ab0979449956132d3e5b517ea76ac8\"},\"headline\":\"ONGs enganaram \u00edndios. E agora o pau vai comer\",\"datePublished\":\"2019-02-27T04:50:37+00:00\",\"dateModified\":\"2019-02-27T10:10:23+00:00\",\"mainEntityOfPage\":{\"@id\":\"https:\/\/www.notibras.com\/site\/ongs-enganaram-indios-e-agora-o-pau-vai-comer\/\"},\"wordCount\":865,\"publisher\":{\"@id\":\"https:\/\/www.notibras.com\/site\/#organization\"},\"image\":{\"@id\":\"https:\/\/www.notibras.com\/site\/ongs-enganaram-indios-e-agora-o-pau-vai-comer\/#primaryimage\"},\"thumbnailUrl\":\"https:\/\/www.notibras.com\/site\/wp-content\/uploads\/2019\/02\/indios-fundo-amazonia.jpg\",\"keywords\":[\"capa\"],\"articleSection\":[\"Brasil\"],\"inLanguage\":\"pt-BR\"},{\"@type\":\"WebPage\",\"@id\":\"https:\/\/www.notibras.com\/site\/ongs-enganaram-indios-e-agora-o-pau-vai-comer\/\",\"url\":\"https:\/\/www.notibras.com\/site\/ongs-enganaram-indios-e-agora-o-pau-vai-comer\/\",\"name\":\"ONGs enganaram \u00edndios. E agora o pau vai comer - Notibras\",\"isPartOf\":{\"@id\":\"https:\/\/www.notibras.com\/site\/#website\"},\"primaryImageOfPage\":{\"@id\":\"https:\/\/www.notibras.com\/site\/ongs-enganaram-indios-e-agora-o-pau-vai-comer\/#primaryimage\"},\"image\":{\"@id\":\"https:\/\/www.notibras.com\/site\/ongs-enganaram-indios-e-agora-o-pau-vai-comer\/#primaryimage\"},\"thumbnailUrl\":\"https:\/\/www.notibras.com\/site\/wp-content\/uploads\/2019\/02\/indios-fundo-amazonia.jpg\",\"datePublished\":\"2019-02-27T04:50:37+00:00\",\"dateModified\":\"2019-02-27T10:10:23+00:00\",\"breadcrumb\":{\"@id\":\"https:\/\/www.notibras.com\/site\/ongs-enganaram-indios-e-agora-o-pau-vai-comer\/#breadcrumb\"},\"inLanguage\":\"pt-BR\",\"potentialAction\":[{\"@type\":\"ReadAction\",\"target\":[\"https:\/\/www.notibras.com\/site\/ongs-enganaram-indios-e-agora-o-pau-vai-comer\/\"]}]},{\"@type\":\"ImageObject\",\"inLanguage\":\"pt-BR\",\"@id\":\"https:\/\/www.notibras.com\/site\/ongs-enganaram-indios-e-agora-o-pau-vai-comer\/#primaryimage\",\"url\":\"https:\/\/www.notibras.com\/site\/wp-content\/uploads\/2019\/02\/indios-fundo-amazonia.jpg\",\"contentUrl\":\"https:\/\/www.notibras.com\/site\/wp-content\/uploads\/2019\/02\/indios-fundo-amazonia.jpg\",\"width\":1380,\"height\":920,\"caption\":\"Foto\/Arquivo Notibras\"},{\"@type\":\"BreadcrumbList\",\"@id\":\"https:\/\/www.notibras.com\/site\/ongs-enganaram-indios-e-agora-o-pau-vai-comer\/#breadcrumb\",\"itemListElement\":[{\"@type\":\"ListItem\",\"position\":1,\"name\":\"In\u00edcio\",\"item\":\"https:\/\/www.notibras.com\/site\/\"},{\"@type\":\"ListItem\",\"position\":2,\"name\":\"ONGs enganaram \u00edndios. E agora o pau vai comer\"}]},{\"@type\":\"WebSite\",\"@id\":\"https:\/\/www.notibras.com\/site\/#website\",\"url\":\"https:\/\/www.notibras.com\/site\/\",\"name\":\"Notibras\",\"description\":\"Not\u00edcias de Bras\u00edlia, do Brasil e do Mundo\",\"publisher\":{\"@id\":\"https:\/\/www.notibras.com\/site\/#organization\"},\"potentialAction\":[{\"@type\":\"SearchAction\",\"target\":{\"@type\":\"EntryPoint\",\"urlTemplate\":\"https:\/\/www.notibras.com\/site\/?s={search_term_string}\"},\"query-input\":{\"@type\":\"PropertyValueSpecification\",\"valueRequired\":true,\"valueName\":\"search_term_string\"}}],\"inLanguage\":\"pt-BR\"},{\"@type\":\"Organization\",\"@id\":\"https:\/\/www.notibras.com\/site\/#organization\",\"name\":\"Grupo Notibras de Comunica\u00e7\u00e3o\",\"url\":\"https:\/\/www.notibras.com\/site\/\",\"logo\":{\"@type\":\"ImageObject\",\"inLanguage\":\"pt-BR\",\"@id\":\"https:\/\/www.notibras.com\/site\/#\/schema\/logo\/image\/\",\"url\":\"https:\/\/www.notibras.com\/site\/wp-content\/uploads\/2023\/01\/notibras23.png\",\"contentUrl\":\"https:\/\/www.notibras.com\/site\/wp-content\/uploads\/2023\/01\/notibras23.png\",\"width\":350,\"height\":87,\"caption\":\"Grupo Notibras de Comunica\u00e7\u00e3o\"},\"image\":{\"@id\":\"https:\/\/www.notibras.com\/site\/#\/schema\/logo\/image\/\"},\"sameAs\":[\"https:\/\/www.facebook.com\/notibras\/\",\"https:\/\/x.com\/Notibras\",\"https:\/\/www.instagram.com\/notibras\/\"]},{\"@type\":\"Person\",\"@id\":\"https:\/\/www.notibras.com\/site\/#\/schema\/person\/36ab0979449956132d3e5b517ea76ac8\",\"name\":\"Reda\u00e7\u00e3o\",\"image\":{\"@type\":\"ImageObject\",\"inLanguage\":\"pt-BR\",\"@id\":\"https:\/\/secure.gravatar.com\/avatar\/e0a867bdedb85fd243eadf09663511f96fc81e0720a4a42581f334ad4303aa6b?s=96&d=mm&r=g\",\"url\":\"https:\/\/secure.gravatar.com\/avatar\/e0a867bdedb85fd243eadf09663511f96fc81e0720a4a42581f334ad4303aa6b?s=96&d=mm&r=g\",\"contentUrl\":\"https:\/\/secure.gravatar.com\/avatar\/e0a867bdedb85fd243eadf09663511f96fc81e0720a4a42581f334ad4303aa6b?s=96&d=mm&r=g\",\"caption\":\"Reda\u00e7\u00e3o\"}}]}<\/script>\n<!-- \/ Yoast SEO plugin. -->","yoast_head_json":{"title":"ONGs enganaram \u00edndios. E agora o pau vai comer - Notibras","robots":{"index":"index","follow":"follow","max-snippet":"max-snippet:-1","max-image-preview":"max-image-preview:large","max-video-preview":"max-video-preview:-1"},"canonical":"https:\/\/www.notibras.com\/site\/ongs-enganaram-indios-e-agora-o-pau-vai-comer\/","og_locale":"pt_BR","og_type":"article","og_title":"ONGs enganaram \u00edndios. E agora o pau vai comer - Notibras","og_description":"\u00cdndio quer smartphone, se n\u00e3o der, pau vai comer! A marchinha de Haroldo Lobo e Milton de Oliveira, amea\u00e7a carnavalesca usada pelas ONGs, financiadas pelos escandinavos noruegueses e credenciadas por Lula e Marina Silva para tomar a Amaz\u00f4nia dos brasileiros, tem sido o grande tema na Justi\u00e7a Federal. Nos cap\u00edtulos anteriores, Notibras, com exclusividade, vem [&hellip;]","og_url":"https:\/\/www.notibras.com\/site\/ongs-enganaram-indios-e-agora-o-pau-vai-comer\/","og_site_name":"Notibras","article_publisher":"https:\/\/www.facebook.com\/notibras\/","article_published_time":"2019-02-27T04:50:37+00:00","article_modified_time":"2019-02-27T10:10:23+00:00","og_image":[{"width":1380,"height":920,"url":"https:\/\/www.notibras.com\/site\/wp-content\/uploads\/2019\/02\/indios-fundo-amazonia.jpg","type":"image\/jpeg"}],"author":"Reda\u00e7\u00e3o","twitter_card":"summary_large_image","twitter_creator":"@Notibras","twitter_site":"@Notibras","twitter_misc":{"Escrito por":"Reda\u00e7\u00e3o","Est. tempo de leitura":"4 minutos"},"schema":{"@context":"https:\/\/schema.org","@graph":[{"@type":"Article","@id":"https:\/\/www.notibras.com\/site\/ongs-enganaram-indios-e-agora-o-pau-vai-comer\/#article","isPartOf":{"@id":"https:\/\/www.notibras.com\/site\/ongs-enganaram-indios-e-agora-o-pau-vai-comer\/"},"author":{"name":"Reda\u00e7\u00e3o","@id":"https:\/\/www.notibras.com\/site\/#\/schema\/person\/36ab0979449956132d3e5b517ea76ac8"},"headline":"ONGs enganaram \u00edndios. E agora o pau vai comer","datePublished":"2019-02-27T04:50:37+00:00","dateModified":"2019-02-27T10:10:23+00:00","mainEntityOfPage":{"@id":"https:\/\/www.notibras.com\/site\/ongs-enganaram-indios-e-agora-o-pau-vai-comer\/"},"wordCount":865,"publisher":{"@id":"https:\/\/www.notibras.com\/site\/#organization"},"image":{"@id":"https:\/\/www.notibras.com\/site\/ongs-enganaram-indios-e-agora-o-pau-vai-comer\/#primaryimage"},"thumbnailUrl":"https:\/\/www.notibras.com\/site\/wp-content\/uploads\/2019\/02\/indios-fundo-amazonia.jpg","keywords":["capa"],"articleSection":["Brasil"],"inLanguage":"pt-BR"},{"@type":"WebPage","@id":"https:\/\/www.notibras.com\/site\/ongs-enganaram-indios-e-agora-o-pau-vai-comer\/","url":"https:\/\/www.notibras.com\/site\/ongs-enganaram-indios-e-agora-o-pau-vai-comer\/","name":"ONGs enganaram \u00edndios. E agora o pau vai comer - Notibras","isPartOf":{"@id":"https:\/\/www.notibras.com\/site\/#website"},"primaryImageOfPage":{"@id":"https:\/\/www.notibras.com\/site\/ongs-enganaram-indios-e-agora-o-pau-vai-comer\/#primaryimage"},"image":{"@id":"https:\/\/www.notibras.com\/site\/ongs-enganaram-indios-e-agora-o-pau-vai-comer\/#primaryimage"},"thumbnailUrl":"https:\/\/www.notibras.com\/site\/wp-content\/uploads\/2019\/02\/indios-fundo-amazonia.jpg","datePublished":"2019-02-27T04:50:37+00:00","dateModified":"2019-02-27T10:10:23+00:00","breadcrumb":{"@id":"https:\/\/www.notibras.com\/site\/ongs-enganaram-indios-e-agora-o-pau-vai-comer\/#breadcrumb"},"inLanguage":"pt-BR","potentialAction":[{"@type":"ReadAction","target":["https:\/\/www.notibras.com\/site\/ongs-enganaram-indios-e-agora-o-pau-vai-comer\/"]}]},{"@type":"ImageObject","inLanguage":"pt-BR","@id":"https:\/\/www.notibras.com\/site\/ongs-enganaram-indios-e-agora-o-pau-vai-comer\/#primaryimage","url":"https:\/\/www.notibras.com\/site\/wp-content\/uploads\/2019\/02\/indios-fundo-amazonia.jpg","contentUrl":"https:\/\/www.notibras.com\/site\/wp-content\/uploads\/2019\/02\/indios-fundo-amazonia.jpg","width":1380,"height":920,"caption":"Foto\/Arquivo Notibras"},{"@type":"BreadcrumbList","@id":"https:\/\/www.notibras.com\/site\/ongs-enganaram-indios-e-agora-o-pau-vai-comer\/#breadcrumb","itemListElement":[{"@type":"ListItem","position":1,"name":"In\u00edcio","item":"https:\/\/www.notibras.com\/site\/"},{"@type":"ListItem","position":2,"name":"ONGs enganaram \u00edndios. E agora o pau vai comer"}]},{"@type":"WebSite","@id":"https:\/\/www.notibras.com\/site\/#website","url":"https:\/\/www.notibras.com\/site\/","name":"Notibras","description":"Not\u00edcias de Bras\u00edlia, do Brasil e do Mundo","publisher":{"@id":"https:\/\/www.notibras.com\/site\/#organization"},"potentialAction":[{"@type":"SearchAction","target":{"@type":"EntryPoint","urlTemplate":"https:\/\/www.notibras.com\/site\/?s={search_term_string}"},"query-input":{"@type":"PropertyValueSpecification","valueRequired":true,"valueName":"search_term_string"}}],"inLanguage":"pt-BR"},{"@type":"Organization","@id":"https:\/\/www.notibras.com\/site\/#organization","name":"Grupo Notibras de Comunica\u00e7\u00e3o","url":"https:\/\/www.notibras.com\/site\/","logo":{"@type":"ImageObject","inLanguage":"pt-BR","@id":"https:\/\/www.notibras.com\/site\/#\/schema\/logo\/image\/","url":"https:\/\/www.notibras.com\/site\/wp-content\/uploads\/2023\/01\/notibras23.png","contentUrl":"https:\/\/www.notibras.com\/site\/wp-content\/uploads\/2023\/01\/notibras23.png","width":350,"height":87,"caption":"Grupo Notibras de Comunica\u00e7\u00e3o"},"image":{"@id":"https:\/\/www.notibras.com\/site\/#\/schema\/logo\/image\/"},"sameAs":["https:\/\/www.facebook.com\/notibras\/","https:\/\/x.com\/Notibras","https:\/\/www.instagram.com\/notibras\/"]},{"@type":"Person","@id":"https:\/\/www.notibras.com\/site\/#\/schema\/person\/36ab0979449956132d3e5b517ea76ac8","name":"Reda\u00e7\u00e3o","image":{"@type":"ImageObject","inLanguage":"pt-BR","@id":"https:\/\/secure.gravatar.com\/avatar\/e0a867bdedb85fd243eadf09663511f96fc81e0720a4a42581f334ad4303aa6b?s=96&d=mm&r=g","url":"https:\/\/secure.gravatar.com\/avatar\/e0a867bdedb85fd243eadf09663511f96fc81e0720a4a42581f334ad4303aa6b?s=96&d=mm&r=g","contentUrl":"https:\/\/secure.gravatar.com\/avatar\/e0a867bdedb85fd243eadf09663511f96fc81e0720a4a42581f334ad4303aa6b?s=96&d=mm&r=g","caption":"Reda\u00e7\u00e3o"}}]}},"amp_enabled":true,"_links":{"self":[{"href":"https:\/\/www.notibras.com\/site\/wp-json\/wp\/v2\/posts\/203603","targetHints":{"allow":["GET"]}}],"collection":[{"href":"https:\/\/www.notibras.com\/site\/wp-json\/wp\/v2\/posts"}],"about":[{"href":"https:\/\/www.notibras.com\/site\/wp-json\/wp\/v2\/types\/post"}],"author":[{"embeddable":true,"href":"https:\/\/www.notibras.com\/site\/wp-json\/wp\/v2\/users\/2"}],"replies":[{"embeddable":true,"href":"https:\/\/www.notibras.com\/site\/wp-json\/wp\/v2\/comments?post=203603"}],"version-history":[{"count":2,"href":"https:\/\/www.notibras.com\/site\/wp-json\/wp\/v2\/posts\/203603\/revisions"}],"predecessor-version":[{"id":203606,"href":"https:\/\/www.notibras.com\/site\/wp-json\/wp\/v2\/posts\/203603\/revisions\/203606"}],"wp:featuredmedia":[{"embeddable":true,"href":"https:\/\/www.notibras.com\/site\/wp-json\/wp\/v2\/media\/203604"}],"wp:attachment":[{"href":"https:\/\/www.notibras.com\/site\/wp-json\/wp\/v2\/media?parent=203603"}],"wp:term":[{"taxonomy":"category","embeddable":true,"href":"https:\/\/www.notibras.com\/site\/wp-json\/wp\/v2\/categories?post=203603"},{"taxonomy":"post_tag","embeddable":true,"href":"https:\/\/www.notibras.com\/site\/wp-json\/wp\/v2\/tags?post=203603"}],"curies":[{"name":"wp","href":"https:\/\/api.w.org\/{rel}","templated":true}]}}