{"id":203630,"date":"2019-02-27T11:34:48","date_gmt":"2019-02-27T14:34:48","guid":{"rendered":"https:\/\/www.notibras.com\/site\/?p=203630"},"modified":"2019-02-27T14:23:35","modified_gmt":"2019-02-27T17:23:35","slug":"executivo-faz-terrorismo-e-ve-petrobras-falida","status":"publish","type":"post","link":"https:\/\/www.notibras.com\/site\/executivo-faz-terrorismo-e-ve-petrobras-falida\/","title":{"rendered":"Executivo faz terrorismo e v\u00ea Petrobras falida"},"content":{"rendered":"<p>A Petrobr\u00e1s pretende at\u00e9 junho desativar sua sede administrativa (Edisp) em S\u00e3o Paulo e lan\u00e7ar um novo programa de demiss\u00e3o volunt\u00e1ria. Al\u00e9m disso, a estatal planeja fechar unidades inclu\u00eddas em seu plano de desinvestimento que n\u00e3o despertarem interesse dos compradores, o que pode levar a mais demiss\u00f5es. Os planos do atual comando da petroleira foram revelados aos funcion\u00e1rios na segunda-feira por um rec\u00e9m-contratado gerente executivo de Recursos Humanos, Claudio Costa, durante uma reuni\u00e3o para explicar apenas a desativa\u00e7\u00e3o da sede da Avenida Paulista, onde trabalham 700 pessoas.<\/p>\n<p>Nas declara\u00e7\u00f5es do executivo, gravadas em \u00e1udios que circularam pelas redes sociais ontem, ele afirma ainda que em 2015 a Petrobr\u00e1s estava literalmente falida, e que se as demiss\u00f5es n\u00e3o forem realizadas, &#8220;daqui a duas d\u00e9cadas essa empresa n\u00e3o existir\u00e1 mais&#8221;.<\/p>\n<p>Um grupo de sindicalistas que aguardava o gerente para uma reuni\u00e3o na sede da companhia no Rio reagiu com rep\u00fadio \u00e0s declara\u00e7\u00f5es de Costa, e se recusou a deixar o pr\u00e9dio antes de esclarecer as declara\u00e7\u00f5es do executivo que trouxeram inquieta\u00e7\u00e3o aos funcion\u00e1rios. &#8220;Viemos (cerca de 15 pessoas) para uma reuni\u00e3o da comiss\u00e3o do ACT (Acordo Coletivo de Trabalho), mas s\u00f3 vamos sair depois de conversar com o gerente Claudio Costa para ele explicar o que houve em S\u00e3o Paulo&#8221;, disse Adaelson Costa, secret\u00e1rio-geral da Federa\u00e7\u00e3o Nacional dos Petroleiros (FNP) e coordenador-geral do Sindipetro do Litoral Paulista. No in\u00edcio da noite, a reuni\u00e3o com o gerente foi remarcada para esta quarta-feira, 27.<\/p>\n<p>O sindicalista explicou que no ACT da Petrobr\u00e1s existe a previs\u00e3o de demiss\u00e3o, desde que haja negocia\u00e7\u00e3o. Segundo ele, a falta de sensibilidade de Costa provou que o executivo n\u00e3o &#8220;est\u00e1 preparado para lidar com uma empresa do porte da Petrobr\u00e1s.<\/p>\n<p>Instaurada a pol\u00eamica, o presidente da empresa, Roberto Castello Branco, se viu obrigado a gravar um v\u00eddeo para os funcion\u00e1rios na noite de ontem. Ele minimizou a dimens\u00e3o dos desligamentos, mas confirmou que a empresa estuda o lan\u00e7amento de novo plano de incentivo \u00e0 demiss\u00e3o volunt\u00e1ria. &#8220;N\u00e3o existe um plano de demiss\u00f5es na Petrobr\u00e1s. N\u00f3s estamos estudando um programa incentivado de demiss\u00e3o volunt\u00e1ria, que n\u00e3o foi ainda aprovado pela diretoria executiva&#8221;, afirmou o presidente aos funcion\u00e1rios<\/p>\n<p>Castello Branco informou ainda que os empregados do Edisp ser\u00e3o redirecionados para outras unidades da estatal e que algumas pessoas v\u00e3o trabalhar de casa. &#8220;Elas v\u00e3o para localidades de custo mais baixo para a redu\u00e7\u00e3o do custo da Petrobr\u00e1s.&#8221;<\/p>\n<p>Sobre a sede da empresa em S\u00e3o Paulo, a Petrobr\u00e1s informou que a desocupa\u00e7\u00e3o ser\u00e1 feita at\u00e9 junho e vai gerar economia de R$ 100 milh\u00f5es at\u00e9 2023. A maior parte dos funcion\u00e1rios que ocupa o pr\u00e9dio \u00e9 de concursados, que d\u00e3o suporte \u00e0s unidades operacionais da empresa nas Regi\u00f5es Sul e Sudeste, principalmente refinarias e terminais. Como parte dessas unidades ser\u00e1 vendida, alguns funcion\u00e1rios dever\u00e3o ser remanejados e poucos permanecer\u00e3o em S\u00e3o Paulo, num pr\u00e9dio do tipo &#8220;coworking&#8221; que a empresa pretende alugar. O restante ser\u00e1 demitido.<\/p>\n<p>&#8220;Algumas pessoas n\u00e3o ficar\u00e3o na companhia. D\u00e1 para absorver todo mundo que aqui est\u00e1? N\u00e3o. Algumas pessoas n\u00e3o ficar\u00e3o. Algumas v\u00e3o poder decidir por n\u00e3o permanecer na companhia. Os programas (de demiss\u00e3o volunt\u00e1ria) vir\u00e3o para ajud\u00e1-los nesse processo decis\u00f3rio&#8221;, diz Costa no \u00e1udio. Ele chegou a comparar a situa\u00e7\u00e3o da estatal \u00e0 da montadora Ford, que anunciou o fechamento de uma f\u00e1brica em S\u00e3o Bernardo (SP) e deve deixar 2,8 mil desempregados<\/p>\n<p>A Petrobr\u00e1s tem 62,7 mil funcion\u00e1rios, n\u00famero reduzido frente aos 78,5 mil de 2015, ap\u00f3s sucessivos programas de demiss\u00e3o volunt\u00e1ria.<\/p>\n","protected":false},"excerpt":{"rendered":"<p>A Petrobr\u00e1s pretende at\u00e9 junho desativar sua sede administrativa (Edisp) em S\u00e3o Paulo e lan\u00e7ar um novo programa de demiss\u00e3o volunt\u00e1ria. Al\u00e9m disso, a estatal planeja fechar unidades inclu\u00eddas em seu plano de desinvestimento que n\u00e3o despertarem interesse dos compradores, o que pode levar a mais demiss\u00f5es. Os planos do atual comando da petroleira foram [&hellip;]<\/p>\n","protected":false},"author":2,"featured_media":38163,"comment_status":"closed","ping_status":"closed","sticky":false,"template":"","format":"standard","meta":{"_acf_changed":false,"footnotes":""},"categories":[16],"tags":[95],"class_list":["post-203630","post","type-post","status-publish","format-standard","has-post-thumbnail","hentry","category-brasil","tag-capa"],"acf":[],"yoast_head":"<!-- This site is optimized with the Yoast SEO plugin v27.2 - https:\/\/yoast.com\/product\/yoast-seo-wordpress\/ -->\n<title>Executivo faz terrorismo e v\u00ea Petrobras falida - Notibras<\/title>\n<meta name=\"robots\" content=\"index, follow, max-snippet:-1, max-image-preview:large, max-video-preview:-1\" \/>\n<link rel=\"canonical\" href=\"https:\/\/www.notibras.com\/site\/executivo-faz-terrorismo-e-ve-petrobras-falida\/\" \/>\n<meta property=\"og:locale\" content=\"pt_BR\" \/>\n<meta property=\"og:type\" content=\"article\" \/>\n<meta property=\"og:title\" content=\"Executivo faz terrorismo e v\u00ea Petrobras falida - Notibras\" \/>\n<meta property=\"og:description\" content=\"A Petrobr\u00e1s pretende at\u00e9 junho desativar sua sede administrativa (Edisp) em S\u00e3o Paulo e lan\u00e7ar um novo programa de demiss\u00e3o volunt\u00e1ria. Al\u00e9m disso, a estatal planeja fechar unidades inclu\u00eddas em seu plano de desinvestimento que n\u00e3o despertarem interesse dos compradores, o que pode levar a mais demiss\u00f5es. Os planos do atual comando da petroleira foram [&hellip;]\" \/>\n<meta property=\"og:url\" content=\"https:\/\/www.notibras.com\/site\/executivo-faz-terrorismo-e-ve-petrobras-falida\/\" \/>\n<meta property=\"og:site_name\" content=\"Notibras\" \/>\n<meta property=\"article:publisher\" content=\"https:\/\/www.facebook.com\/notibras\/\" \/>\n<meta property=\"article:published_time\" content=\"2019-02-27T14:34:48+00:00\" \/>\n<meta property=\"article:modified_time\" content=\"2019-02-27T17:23:35+00:00\" \/>\n<meta property=\"og:image\" content=\"https:\/\/www.notibras.com\/site\/wp-content\/uploads\/2015\/02\/petrobras.jpg\" \/>\n\t<meta property=\"og:image:width\" content=\"1200\" \/>\n\t<meta property=\"og:image:height\" content=\"815\" \/>\n\t<meta property=\"og:image:type\" content=\"image\/jpeg\" \/>\n<meta name=\"author\" content=\"Reda\u00e7\u00e3o\" \/>\n<meta name=\"twitter:card\" content=\"summary_large_image\" \/>\n<meta name=\"twitter:creator\" content=\"@Notibras\" \/>\n<meta name=\"twitter:site\" content=\"@Notibras\" \/>\n<meta name=\"twitter:label1\" content=\"Escrito por\" \/>\n\t<meta name=\"twitter:data1\" content=\"Reda\u00e7\u00e3o\" \/>\n\t<meta name=\"twitter:label2\" content=\"Est. tempo de leitura\" \/>\n\t<meta name=\"twitter:data2\" content=\"3 minutos\" \/>\n<script type=\"application\/ld+json\" class=\"yoast-schema-graph\">{\"@context\":\"https:\/\/schema.org\",\"@graph\":[{\"@type\":\"Article\",\"@id\":\"https:\/\/www.notibras.com\/site\/executivo-faz-terrorismo-e-ve-petrobras-falida\/#article\",\"isPartOf\":{\"@id\":\"https:\/\/www.notibras.com\/site\/executivo-faz-terrorismo-e-ve-petrobras-falida\/\"},\"author\":{\"name\":\"Reda\u00e7\u00e3o\",\"@id\":\"https:\/\/www.notibras.com\/site\/#\/schema\/person\/36ab0979449956132d3e5b517ea76ac8\"},\"headline\":\"Executivo faz terrorismo e v\u00ea Petrobras falida\",\"datePublished\":\"2019-02-27T14:34:48+00:00\",\"dateModified\":\"2019-02-27T17:23:35+00:00\",\"mainEntityOfPage\":{\"@id\":\"https:\/\/www.notibras.com\/site\/executivo-faz-terrorismo-e-ve-petrobras-falida\/\"},\"wordCount\":663,\"publisher\":{\"@id\":\"https:\/\/www.notibras.com\/site\/#organization\"},\"image\":{\"@id\":\"https:\/\/www.notibras.com\/site\/executivo-faz-terrorismo-e-ve-petrobras-falida\/#primaryimage\"},\"thumbnailUrl\":\"https:\/\/www.notibras.com\/site\/wp-content\/uploads\/2015\/02\/petrobras.jpg\",\"keywords\":[\"capa\"],\"articleSection\":[\"Brasil\"],\"inLanguage\":\"pt-BR\"},{\"@type\":\"WebPage\",\"@id\":\"https:\/\/www.notibras.com\/site\/executivo-faz-terrorismo-e-ve-petrobras-falida\/\",\"url\":\"https:\/\/www.notibras.com\/site\/executivo-faz-terrorismo-e-ve-petrobras-falida\/\",\"name\":\"Executivo faz terrorismo e v\u00ea Petrobras falida - Notibras\",\"isPartOf\":{\"@id\":\"https:\/\/www.notibras.com\/site\/#website\"},\"primaryImageOfPage\":{\"@id\":\"https:\/\/www.notibras.com\/site\/executivo-faz-terrorismo-e-ve-petrobras-falida\/#primaryimage\"},\"image\":{\"@id\":\"https:\/\/www.notibras.com\/site\/executivo-faz-terrorismo-e-ve-petrobras-falida\/#primaryimage\"},\"thumbnailUrl\":\"https:\/\/www.notibras.com\/site\/wp-content\/uploads\/2015\/02\/petrobras.jpg\",\"datePublished\":\"2019-02-27T14:34:48+00:00\",\"dateModified\":\"2019-02-27T17:23:35+00:00\",\"breadcrumb\":{\"@id\":\"https:\/\/www.notibras.com\/site\/executivo-faz-terrorismo-e-ve-petrobras-falida\/#breadcrumb\"},\"inLanguage\":\"pt-BR\",\"potentialAction\":[{\"@type\":\"ReadAction\",\"target\":[\"https:\/\/www.notibras.com\/site\/executivo-faz-terrorismo-e-ve-petrobras-falida\/\"]}]},{\"@type\":\"ImageObject\",\"inLanguage\":\"pt-BR\",\"@id\":\"https:\/\/www.notibras.com\/site\/executivo-faz-terrorismo-e-ve-petrobras-falida\/#primaryimage\",\"url\":\"https:\/\/www.notibras.com\/site\/wp-content\/uploads\/2015\/02\/petrobras.jpg\",\"contentUrl\":\"https:\/\/www.notibras.com\/site\/wp-content\/uploads\/2015\/02\/petrobras.jpg\",\"width\":1200,\"height\":815},{\"@type\":\"BreadcrumbList\",\"@id\":\"https:\/\/www.notibras.com\/site\/executivo-faz-terrorismo-e-ve-petrobras-falida\/#breadcrumb\",\"itemListElement\":[{\"@type\":\"ListItem\",\"position\":1,\"name\":\"In\u00edcio\",\"item\":\"https:\/\/www.notibras.com\/site\/\"},{\"@type\":\"ListItem\",\"position\":2,\"name\":\"Executivo faz terrorismo e v\u00ea Petrobras falida\"}]},{\"@type\":\"WebSite\",\"@id\":\"https:\/\/www.notibras.com\/site\/#website\",\"url\":\"https:\/\/www.notibras.com\/site\/\",\"name\":\"Notibras\",\"description\":\"Not\u00edcias de Bras\u00edlia, do Brasil e do Mundo\",\"publisher\":{\"@id\":\"https:\/\/www.notibras.com\/site\/#organization\"},\"potentialAction\":[{\"@type\":\"SearchAction\",\"target\":{\"@type\":\"EntryPoint\",\"urlTemplate\":\"https:\/\/www.notibras.com\/site\/?s={search_term_string}\"},\"query-input\":{\"@type\":\"PropertyValueSpecification\",\"valueRequired\":true,\"valueName\":\"search_term_string\"}}],\"inLanguage\":\"pt-BR\"},{\"@type\":\"Organization\",\"@id\":\"https:\/\/www.notibras.com\/site\/#organization\",\"name\":\"Grupo Notibras de Comunica\u00e7\u00e3o\",\"url\":\"https:\/\/www.notibras.com\/site\/\",\"logo\":{\"@type\":\"ImageObject\",\"inLanguage\":\"pt-BR\",\"@id\":\"https:\/\/www.notibras.com\/site\/#\/schema\/logo\/image\/\",\"url\":\"https:\/\/www.notibras.com\/site\/wp-content\/uploads\/2023\/01\/notibras23.png\",\"contentUrl\":\"https:\/\/www.notibras.com\/site\/wp-content\/uploads\/2023\/01\/notibras23.png\",\"width\":350,\"height\":87,\"caption\":\"Grupo Notibras de Comunica\u00e7\u00e3o\"},\"image\":{\"@id\":\"https:\/\/www.notibras.com\/site\/#\/schema\/logo\/image\/\"},\"sameAs\":[\"https:\/\/www.facebook.com\/notibras\/\",\"https:\/\/x.com\/Notibras\",\"https:\/\/www.instagram.com\/notibras\/\"]},{\"@type\":\"Person\",\"@id\":\"https:\/\/www.notibras.com\/site\/#\/schema\/person\/36ab0979449956132d3e5b517ea76ac8\",\"name\":\"Reda\u00e7\u00e3o\",\"image\":{\"@type\":\"ImageObject\",\"inLanguage\":\"pt-BR\",\"@id\":\"https:\/\/secure.gravatar.com\/avatar\/e0a867bdedb85fd243eadf09663511f96fc81e0720a4a42581f334ad4303aa6b?s=96&d=mm&r=g\",\"url\":\"https:\/\/secure.gravatar.com\/avatar\/e0a867bdedb85fd243eadf09663511f96fc81e0720a4a42581f334ad4303aa6b?s=96&d=mm&r=g\",\"contentUrl\":\"https:\/\/secure.gravatar.com\/avatar\/e0a867bdedb85fd243eadf09663511f96fc81e0720a4a42581f334ad4303aa6b?s=96&d=mm&r=g\",\"caption\":\"Reda\u00e7\u00e3o\"}}]}<\/script>\n<!-- \/ Yoast SEO plugin. -->","yoast_head_json":{"title":"Executivo faz terrorismo e v\u00ea Petrobras falida - Notibras","robots":{"index":"index","follow":"follow","max-snippet":"max-snippet:-1","max-image-preview":"max-image-preview:large","max-video-preview":"max-video-preview:-1"},"canonical":"https:\/\/www.notibras.com\/site\/executivo-faz-terrorismo-e-ve-petrobras-falida\/","og_locale":"pt_BR","og_type":"article","og_title":"Executivo faz terrorismo e v\u00ea Petrobras falida - Notibras","og_description":"A Petrobr\u00e1s pretende at\u00e9 junho desativar sua sede administrativa (Edisp) em S\u00e3o Paulo e lan\u00e7ar um novo programa de demiss\u00e3o volunt\u00e1ria. Al\u00e9m disso, a estatal planeja fechar unidades inclu\u00eddas em seu plano de desinvestimento que n\u00e3o despertarem interesse dos compradores, o que pode levar a mais demiss\u00f5es. Os planos do atual comando da petroleira foram [&hellip;]","og_url":"https:\/\/www.notibras.com\/site\/executivo-faz-terrorismo-e-ve-petrobras-falida\/","og_site_name":"Notibras","article_publisher":"https:\/\/www.facebook.com\/notibras\/","article_published_time":"2019-02-27T14:34:48+00:00","article_modified_time":"2019-02-27T17:23:35+00:00","og_image":[{"width":1200,"height":815,"url":"https:\/\/www.notibras.com\/site\/wp-content\/uploads\/2015\/02\/petrobras.jpg","type":"image\/jpeg"}],"author":"Reda\u00e7\u00e3o","twitter_card":"summary_large_image","twitter_creator":"@Notibras","twitter_site":"@Notibras","twitter_misc":{"Escrito por":"Reda\u00e7\u00e3o","Est. tempo de leitura":"3 minutos"},"schema":{"@context":"https:\/\/schema.org","@graph":[{"@type":"Article","@id":"https:\/\/www.notibras.com\/site\/executivo-faz-terrorismo-e-ve-petrobras-falida\/#article","isPartOf":{"@id":"https:\/\/www.notibras.com\/site\/executivo-faz-terrorismo-e-ve-petrobras-falida\/"},"author":{"name":"Reda\u00e7\u00e3o","@id":"https:\/\/www.notibras.com\/site\/#\/schema\/person\/36ab0979449956132d3e5b517ea76ac8"},"headline":"Executivo faz terrorismo e v\u00ea Petrobras falida","datePublished":"2019-02-27T14:34:48+00:00","dateModified":"2019-02-27T17:23:35+00:00","mainEntityOfPage":{"@id":"https:\/\/www.notibras.com\/site\/executivo-faz-terrorismo-e-ve-petrobras-falida\/"},"wordCount":663,"publisher":{"@id":"https:\/\/www.notibras.com\/site\/#organization"},"image":{"@id":"https:\/\/www.notibras.com\/site\/executivo-faz-terrorismo-e-ve-petrobras-falida\/#primaryimage"},"thumbnailUrl":"https:\/\/www.notibras.com\/site\/wp-content\/uploads\/2015\/02\/petrobras.jpg","keywords":["capa"],"articleSection":["Brasil"],"inLanguage":"pt-BR"},{"@type":"WebPage","@id":"https:\/\/www.notibras.com\/site\/executivo-faz-terrorismo-e-ve-petrobras-falida\/","url":"https:\/\/www.notibras.com\/site\/executivo-faz-terrorismo-e-ve-petrobras-falida\/","name":"Executivo faz terrorismo e v\u00ea Petrobras falida - Notibras","isPartOf":{"@id":"https:\/\/www.notibras.com\/site\/#website"},"primaryImageOfPage":{"@id":"https:\/\/www.notibras.com\/site\/executivo-faz-terrorismo-e-ve-petrobras-falida\/#primaryimage"},"image":{"@id":"https:\/\/www.notibras.com\/site\/executivo-faz-terrorismo-e-ve-petrobras-falida\/#primaryimage"},"thumbnailUrl":"https:\/\/www.notibras.com\/site\/wp-content\/uploads\/2015\/02\/petrobras.jpg","datePublished":"2019-02-27T14:34:48+00:00","dateModified":"2019-02-27T17:23:35+00:00","breadcrumb":{"@id":"https:\/\/www.notibras.com\/site\/executivo-faz-terrorismo-e-ve-petrobras-falida\/#breadcrumb"},"inLanguage":"pt-BR","potentialAction":[{"@type":"ReadAction","target":["https:\/\/www.notibras.com\/site\/executivo-faz-terrorismo-e-ve-petrobras-falida\/"]}]},{"@type":"ImageObject","inLanguage":"pt-BR","@id":"https:\/\/www.notibras.com\/site\/executivo-faz-terrorismo-e-ve-petrobras-falida\/#primaryimage","url":"https:\/\/www.notibras.com\/site\/wp-content\/uploads\/2015\/02\/petrobras.jpg","contentUrl":"https:\/\/www.notibras.com\/site\/wp-content\/uploads\/2015\/02\/petrobras.jpg","width":1200,"height":815},{"@type":"BreadcrumbList","@id":"https:\/\/www.notibras.com\/site\/executivo-faz-terrorismo-e-ve-petrobras-falida\/#breadcrumb","itemListElement":[{"@type":"ListItem","position":1,"name":"In\u00edcio","item":"https:\/\/www.notibras.com\/site\/"},{"@type":"ListItem","position":2,"name":"Executivo faz terrorismo e v\u00ea Petrobras falida"}]},{"@type":"WebSite","@id":"https:\/\/www.notibras.com\/site\/#website","url":"https:\/\/www.notibras.com\/site\/","name":"Notibras","description":"Not\u00edcias de Bras\u00edlia, do Brasil e do Mundo","publisher":{"@id":"https:\/\/www.notibras.com\/site\/#organization"},"potentialAction":[{"@type":"SearchAction","target":{"@type":"EntryPoint","urlTemplate":"https:\/\/www.notibras.com\/site\/?s={search_term_string}"},"query-input":{"@type":"PropertyValueSpecification","valueRequired":true,"valueName":"search_term_string"}}],"inLanguage":"pt-BR"},{"@type":"Organization","@id":"https:\/\/www.notibras.com\/site\/#organization","name":"Grupo Notibras de Comunica\u00e7\u00e3o","url":"https:\/\/www.notibras.com\/site\/","logo":{"@type":"ImageObject","inLanguage":"pt-BR","@id":"https:\/\/www.notibras.com\/site\/#\/schema\/logo\/image\/","url":"https:\/\/www.notibras.com\/site\/wp-content\/uploads\/2023\/01\/notibras23.png","contentUrl":"https:\/\/www.notibras.com\/site\/wp-content\/uploads\/2023\/01\/notibras23.png","width":350,"height":87,"caption":"Grupo Notibras de Comunica\u00e7\u00e3o"},"image":{"@id":"https:\/\/www.notibras.com\/site\/#\/schema\/logo\/image\/"},"sameAs":["https:\/\/www.facebook.com\/notibras\/","https:\/\/x.com\/Notibras","https:\/\/www.instagram.com\/notibras\/"]},{"@type":"Person","@id":"https:\/\/www.notibras.com\/site\/#\/schema\/person\/36ab0979449956132d3e5b517ea76ac8","name":"Reda\u00e7\u00e3o","image":{"@type":"ImageObject","inLanguage":"pt-BR","@id":"https:\/\/secure.gravatar.com\/avatar\/e0a867bdedb85fd243eadf09663511f96fc81e0720a4a42581f334ad4303aa6b?s=96&d=mm&r=g","url":"https:\/\/secure.gravatar.com\/avatar\/e0a867bdedb85fd243eadf09663511f96fc81e0720a4a42581f334ad4303aa6b?s=96&d=mm&r=g","contentUrl":"https:\/\/secure.gravatar.com\/avatar\/e0a867bdedb85fd243eadf09663511f96fc81e0720a4a42581f334ad4303aa6b?s=96&d=mm&r=g","caption":"Reda\u00e7\u00e3o"}}]}},"amp_enabled":true,"_links":{"self":[{"href":"https:\/\/www.notibras.com\/site\/wp-json\/wp\/v2\/posts\/203630","targetHints":{"allow":["GET"]}}],"collection":[{"href":"https:\/\/www.notibras.com\/site\/wp-json\/wp\/v2\/posts"}],"about":[{"href":"https:\/\/www.notibras.com\/site\/wp-json\/wp\/v2\/types\/post"}],"author":[{"embeddable":true,"href":"https:\/\/www.notibras.com\/site\/wp-json\/wp\/v2\/users\/2"}],"replies":[{"embeddable":true,"href":"https:\/\/www.notibras.com\/site\/wp-json\/wp\/v2\/comments?post=203630"}],"version-history":[{"count":2,"href":"https:\/\/www.notibras.com\/site\/wp-json\/wp\/v2\/posts\/203630\/revisions"}],"predecessor-version":[{"id":203632,"href":"https:\/\/www.notibras.com\/site\/wp-json\/wp\/v2\/posts\/203630\/revisions\/203632"}],"wp:featuredmedia":[{"embeddable":true,"href":"https:\/\/www.notibras.com\/site\/wp-json\/wp\/v2\/media\/38163"}],"wp:attachment":[{"href":"https:\/\/www.notibras.com\/site\/wp-json\/wp\/v2\/media?parent=203630"}],"wp:term":[{"taxonomy":"category","embeddable":true,"href":"https:\/\/www.notibras.com\/site\/wp-json\/wp\/v2\/categories?post=203630"},{"taxonomy":"post_tag","embeddable":true,"href":"https:\/\/www.notibras.com\/site\/wp-json\/wp\/v2\/tags?post=203630"}],"curies":[{"name":"wp","href":"https:\/\/api.w.org\/{rel}","templated":true}]}}