{"id":203633,"date":"2019-02-27T13:04:47","date_gmt":"2019-02-27T16:04:47","guid":{"rendered":"https:\/\/www.notibras.com\/site\/?p=203633"},"modified":"2019-02-27T13:04:47","modified_gmt":"2019-02-27T16:04:47","slug":"bolsonaro-escala-filho-carlos-para-vender-reforma","status":"publish","type":"post","link":"https:\/\/www.notibras.com\/site\/bolsonaro-escala-filho-carlos-para-vender-reforma\/","title":{"rendered":"Bolsonaro escala filho Carlos para &#8216;vender&#8217; reforma"},"content":{"rendered":"<p>O presidente Jair Bolsonaro se comprometeu com os l\u00edderes dos partidos que podem votar a favor da reforma da Previd\u00eancia a fazer uma defesa mais enf\u00e1tica do tema em suas redes sociais, inclusive utilizando a ajuda do seu filho, Carlos Bolsonaro. A falta de envolvimento dele com o tema irritou aliados que n\u00e3o querem herdar o \u00f4nus da proposta sozinhos.<\/p>\n<p>A cobran\u00e7a foi feita na noite desta ter\u00e7a-feira, 26, durante uma reuni\u00e3o com as lideran\u00e7as no Pal\u00e1cio da Alvorada. Os deputados reclamaram que Bolsonaro est\u00e1 &#8220;mudo&#8221; sobre o assunto nas suas p\u00e1ginas. Um deles chegou a, inclusive, checar o Twitter do presidente na sua frente e dizer que n\u00e3o encontrava qualquer refer\u00eancia \u00e0 proposta.<\/p>\n<p>Em resposta, Bolsonaro afirmou que gravar\u00e1 mais v\u00eddeos para as redes e se comprometeu a fazer &#8220;lives&#8221;, as transmiss\u00f5es ao vivo pela internet, para tratar do tema diretamente com a popula\u00e7\u00e3o. A ideia \u00e9 que ele endosse os argumentos que os pr\u00f3prios parlamentares usar\u00e3o para convencer a popula\u00e7\u00e3o sobre a necessidade da aprova\u00e7\u00e3o de novas regras para a aposentadoria.<\/p>\n<p>De acordo com deputados que participaram da reuni\u00e3o, Bolsonaro chegou a dizer que seu filho Carlos ir\u00e1 ajud\u00e1-lo neste trabalho. Carlos \u00e9 vereador no Rio de Janeiro, mas teve uma influ\u00eancia fundamental na campanha eleitoral do pai ao administrar as suas redes sociais. A sua influ\u00eancia em rela\u00e7\u00e3o ao Pal\u00e1cio do Planalto, no entanto, \u00e9 criticada. Ele foi o piv\u00f4 da deflagra\u00e7\u00e3o da crise que culminou com a demiss\u00e3o do ex-ministro Gustavo Bebianno.<\/p>\n<p>Nesta ter\u00e7a-feira, Carlos criticou no Twitter o sil\u00eancio de &#8220;deputados eleitos por Bolsonaro&#8221; e fez um apelo para que eles defendam o texto da PEC da Previd\u00eancia. O vereador disse ainda que o projeto do governo federal n\u00e3o \u00e9 &#8220;t\u00e3o popular&#8221;, mas &#8220;necess\u00e1rio&#8221; e que &#8220;um time tem que jogar junto&#8221;.<\/p>\n<p>&#8220;Gostaria de ver mais deputados eleitos por Bolsonaro defendendo a n\u00e3o t\u00e3o popular, mas necess\u00e1ria proposta da nova previd\u00eancia&#8221;, escreveu o filho de Bolsonaro no Twitter. &#8220;Sabemos que alguns j\u00e1 o fazem, mas qualquer um v\u00ea que a esmagadora maioria nem toca no assunto. Um time tem que jogar junto interessado s\u00f3 no Brasil.&#8221;<\/p>\n","protected":false},"excerpt":{"rendered":"<p>O presidente Jair Bolsonaro se comprometeu com os l\u00edderes dos partidos que podem votar a favor da reforma da Previd\u00eancia a fazer uma defesa mais enf\u00e1tica do tema em suas redes sociais, inclusive utilizando a ajuda do seu filho, Carlos Bolsonaro. A falta de envolvimento dele com o tema irritou aliados que n\u00e3o querem herdar [&hellip;]<\/p>\n","protected":false},"author":2,"featured_media":203634,"comment_status":"closed","ping_status":"closed","sticky":false,"template":"","format":"standard","meta":{"_acf_changed":false,"footnotes":""},"categories":[16],"tags":[95],"class_list":["post-203633","post","type-post","status-publish","format-standard","has-post-thumbnail","hentry","category-brasil","tag-capa"],"acf":[],"yoast_head":"<!-- This site is optimized with the Yoast SEO plugin v27.2 - https:\/\/yoast.com\/product\/yoast-seo-wordpress\/ -->\n<title>Bolsonaro escala filho Carlos para &#039;vender&#039; reforma - Notibras<\/title>\n<meta name=\"robots\" content=\"index, follow, max-snippet:-1, max-image-preview:large, max-video-preview:-1\" \/>\n<link rel=\"canonical\" href=\"https:\/\/www.notibras.com\/site\/bolsonaro-escala-filho-carlos-para-vender-reforma\/\" \/>\n<meta property=\"og:locale\" content=\"pt_BR\" \/>\n<meta property=\"og:type\" content=\"article\" \/>\n<meta property=\"og:title\" content=\"Bolsonaro escala filho Carlos para &#039;vender&#039; reforma - Notibras\" \/>\n<meta property=\"og:description\" content=\"O presidente Jair Bolsonaro se comprometeu com os l\u00edderes dos partidos que podem votar a favor da reforma da Previd\u00eancia a fazer uma defesa mais enf\u00e1tica do tema em suas redes sociais, inclusive utilizando a ajuda do seu filho, Carlos Bolsonaro. A falta de envolvimento dele com o tema irritou aliados que n\u00e3o querem herdar [&hellip;]\" \/>\n<meta property=\"og:url\" content=\"https:\/\/www.notibras.com\/site\/bolsonaro-escala-filho-carlos-para-vender-reforma\/\" \/>\n<meta property=\"og:site_name\" content=\"Notibras\" \/>\n<meta property=\"article:publisher\" content=\"https:\/\/www.facebook.com\/notibras\/\" \/>\n<meta property=\"article:published_time\" content=\"2019-02-27T16:04:47+00:00\" \/>\n<meta property=\"og:image\" content=\"https:\/\/www.notibras.com\/site\/wp-content\/uploads\/2019\/02\/jair-e-carlos.jpg\" \/>\n\t<meta property=\"og:image:width\" content=\"980\" \/>\n\t<meta property=\"og:image:height\" content=\"629\" \/>\n\t<meta property=\"og:image:type\" content=\"image\/jpeg\" \/>\n<meta name=\"author\" content=\"Reda\u00e7\u00e3o\" \/>\n<meta name=\"twitter:card\" content=\"summary_large_image\" \/>\n<meta name=\"twitter:creator\" content=\"@Notibras\" \/>\n<meta name=\"twitter:site\" content=\"@Notibras\" \/>\n<meta name=\"twitter:label1\" content=\"Escrito por\" \/>\n\t<meta name=\"twitter:data1\" content=\"Reda\u00e7\u00e3o\" \/>\n\t<meta name=\"twitter:label2\" content=\"Est. tempo de leitura\" \/>\n\t<meta name=\"twitter:data2\" content=\"2 minutos\" \/>\n<script type=\"application\/ld+json\" class=\"yoast-schema-graph\">{\"@context\":\"https:\/\/schema.org\",\"@graph\":[{\"@type\":\"Article\",\"@id\":\"https:\/\/www.notibras.com\/site\/bolsonaro-escala-filho-carlos-para-vender-reforma\/#article\",\"isPartOf\":{\"@id\":\"https:\/\/www.notibras.com\/site\/bolsonaro-escala-filho-carlos-para-vender-reforma\/\"},\"author\":{\"name\":\"Reda\u00e7\u00e3o\",\"@id\":\"https:\/\/www.notibras.com\/site\/#\/schema\/person\/36ab0979449956132d3e5b517ea76ac8\"},\"headline\":\"Bolsonaro escala filho Carlos para &#8216;vender&#8217; reforma\",\"datePublished\":\"2019-02-27T16:04:47+00:00\",\"mainEntityOfPage\":{\"@id\":\"https:\/\/www.notibras.com\/site\/bolsonaro-escala-filho-carlos-para-vender-reforma\/\"},\"wordCount\":389,\"publisher\":{\"@id\":\"https:\/\/www.notibras.com\/site\/#organization\"},\"image\":{\"@id\":\"https:\/\/www.notibras.com\/site\/bolsonaro-escala-filho-carlos-para-vender-reforma\/#primaryimage\"},\"thumbnailUrl\":\"https:\/\/www.notibras.com\/site\/wp-content\/uploads\/2019\/02\/jair-e-carlos.jpg\",\"keywords\":[\"capa\"],\"articleSection\":[\"Brasil\"],\"inLanguage\":\"pt-BR\"},{\"@type\":\"WebPage\",\"@id\":\"https:\/\/www.notibras.com\/site\/bolsonaro-escala-filho-carlos-para-vender-reforma\/\",\"url\":\"https:\/\/www.notibras.com\/site\/bolsonaro-escala-filho-carlos-para-vender-reforma\/\",\"name\":\"Bolsonaro escala filho Carlos para 'vender' reforma - Notibras\",\"isPartOf\":{\"@id\":\"https:\/\/www.notibras.com\/site\/#website\"},\"primaryImageOfPage\":{\"@id\":\"https:\/\/www.notibras.com\/site\/bolsonaro-escala-filho-carlos-para-vender-reforma\/#primaryimage\"},\"image\":{\"@id\":\"https:\/\/www.notibras.com\/site\/bolsonaro-escala-filho-carlos-para-vender-reforma\/#primaryimage\"},\"thumbnailUrl\":\"https:\/\/www.notibras.com\/site\/wp-content\/uploads\/2019\/02\/jair-e-carlos.jpg\",\"datePublished\":\"2019-02-27T16:04:47+00:00\",\"breadcrumb\":{\"@id\":\"https:\/\/www.notibras.com\/site\/bolsonaro-escala-filho-carlos-para-vender-reforma\/#breadcrumb\"},\"inLanguage\":\"pt-BR\",\"potentialAction\":[{\"@type\":\"ReadAction\",\"target\":[\"https:\/\/www.notibras.com\/site\/bolsonaro-escala-filho-carlos-para-vender-reforma\/\"]}]},{\"@type\":\"ImageObject\",\"inLanguage\":\"pt-BR\",\"@id\":\"https:\/\/www.notibras.com\/site\/bolsonaro-escala-filho-carlos-para-vender-reforma\/#primaryimage\",\"url\":\"https:\/\/www.notibras.com\/site\/wp-content\/uploads\/2019\/02\/jair-e-carlos.jpg\",\"contentUrl\":\"https:\/\/www.notibras.com\/site\/wp-content\/uploads\/2019\/02\/jair-e-carlos.jpg\",\"width\":980,\"height\":629,\"caption\":\"Foto\/Arquivo Notibras\"},{\"@type\":\"BreadcrumbList\",\"@id\":\"https:\/\/www.notibras.com\/site\/bolsonaro-escala-filho-carlos-para-vender-reforma\/#breadcrumb\",\"itemListElement\":[{\"@type\":\"ListItem\",\"position\":1,\"name\":\"In\u00edcio\",\"item\":\"https:\/\/www.notibras.com\/site\/\"},{\"@type\":\"ListItem\",\"position\":2,\"name\":\"Bolsonaro escala filho Carlos para &#8216;vender&#8217; reforma\"}]},{\"@type\":\"WebSite\",\"@id\":\"https:\/\/www.notibras.com\/site\/#website\",\"url\":\"https:\/\/www.notibras.com\/site\/\",\"name\":\"Notibras\",\"description\":\"Not\u00edcias de Bras\u00edlia, do Brasil e do Mundo\",\"publisher\":{\"@id\":\"https:\/\/www.notibras.com\/site\/#organization\"},\"potentialAction\":[{\"@type\":\"SearchAction\",\"target\":{\"@type\":\"EntryPoint\",\"urlTemplate\":\"https:\/\/www.notibras.com\/site\/?s={search_term_string}\"},\"query-input\":{\"@type\":\"PropertyValueSpecification\",\"valueRequired\":true,\"valueName\":\"search_term_string\"}}],\"inLanguage\":\"pt-BR\"},{\"@type\":\"Organization\",\"@id\":\"https:\/\/www.notibras.com\/site\/#organization\",\"name\":\"Grupo Notibras de Comunica\u00e7\u00e3o\",\"url\":\"https:\/\/www.notibras.com\/site\/\",\"logo\":{\"@type\":\"ImageObject\",\"inLanguage\":\"pt-BR\",\"@id\":\"https:\/\/www.notibras.com\/site\/#\/schema\/logo\/image\/\",\"url\":\"https:\/\/www.notibras.com\/site\/wp-content\/uploads\/2023\/01\/notibras23.png\",\"contentUrl\":\"https:\/\/www.notibras.com\/site\/wp-content\/uploads\/2023\/01\/notibras23.png\",\"width\":350,\"height\":87,\"caption\":\"Grupo Notibras de Comunica\u00e7\u00e3o\"},\"image\":{\"@id\":\"https:\/\/www.notibras.com\/site\/#\/schema\/logo\/image\/\"},\"sameAs\":[\"https:\/\/www.facebook.com\/notibras\/\",\"https:\/\/x.com\/Notibras\",\"https:\/\/www.instagram.com\/notibras\/\"]},{\"@type\":\"Person\",\"@id\":\"https:\/\/www.notibras.com\/site\/#\/schema\/person\/36ab0979449956132d3e5b517ea76ac8\",\"name\":\"Reda\u00e7\u00e3o\",\"image\":{\"@type\":\"ImageObject\",\"inLanguage\":\"pt-BR\",\"@id\":\"https:\/\/secure.gravatar.com\/avatar\/e0a867bdedb85fd243eadf09663511f96fc81e0720a4a42581f334ad4303aa6b?s=96&d=mm&r=g\",\"url\":\"https:\/\/secure.gravatar.com\/avatar\/e0a867bdedb85fd243eadf09663511f96fc81e0720a4a42581f334ad4303aa6b?s=96&d=mm&r=g\",\"contentUrl\":\"https:\/\/secure.gravatar.com\/avatar\/e0a867bdedb85fd243eadf09663511f96fc81e0720a4a42581f334ad4303aa6b?s=96&d=mm&r=g\",\"caption\":\"Reda\u00e7\u00e3o\"}}]}<\/script>\n<!-- \/ Yoast SEO plugin. -->","yoast_head_json":{"title":"Bolsonaro escala filho Carlos para 'vender' reforma - Notibras","robots":{"index":"index","follow":"follow","max-snippet":"max-snippet:-1","max-image-preview":"max-image-preview:large","max-video-preview":"max-video-preview:-1"},"canonical":"https:\/\/www.notibras.com\/site\/bolsonaro-escala-filho-carlos-para-vender-reforma\/","og_locale":"pt_BR","og_type":"article","og_title":"Bolsonaro escala filho Carlos para 'vender' reforma - Notibras","og_description":"O presidente Jair Bolsonaro se comprometeu com os l\u00edderes dos partidos que podem votar a favor da reforma da Previd\u00eancia a fazer uma defesa mais enf\u00e1tica do tema em suas redes sociais, inclusive utilizando a ajuda do seu filho, Carlos Bolsonaro. A falta de envolvimento dele com o tema irritou aliados que n\u00e3o querem herdar [&hellip;]","og_url":"https:\/\/www.notibras.com\/site\/bolsonaro-escala-filho-carlos-para-vender-reforma\/","og_site_name":"Notibras","article_publisher":"https:\/\/www.facebook.com\/notibras\/","article_published_time":"2019-02-27T16:04:47+00:00","og_image":[{"width":980,"height":629,"url":"https:\/\/www.notibras.com\/site\/wp-content\/uploads\/2019\/02\/jair-e-carlos.jpg","type":"image\/jpeg"}],"author":"Reda\u00e7\u00e3o","twitter_card":"summary_large_image","twitter_creator":"@Notibras","twitter_site":"@Notibras","twitter_misc":{"Escrito por":"Reda\u00e7\u00e3o","Est. tempo de leitura":"2 minutos"},"schema":{"@context":"https:\/\/schema.org","@graph":[{"@type":"Article","@id":"https:\/\/www.notibras.com\/site\/bolsonaro-escala-filho-carlos-para-vender-reforma\/#article","isPartOf":{"@id":"https:\/\/www.notibras.com\/site\/bolsonaro-escala-filho-carlos-para-vender-reforma\/"},"author":{"name":"Reda\u00e7\u00e3o","@id":"https:\/\/www.notibras.com\/site\/#\/schema\/person\/36ab0979449956132d3e5b517ea76ac8"},"headline":"Bolsonaro escala filho Carlos para &#8216;vender&#8217; reforma","datePublished":"2019-02-27T16:04:47+00:00","mainEntityOfPage":{"@id":"https:\/\/www.notibras.com\/site\/bolsonaro-escala-filho-carlos-para-vender-reforma\/"},"wordCount":389,"publisher":{"@id":"https:\/\/www.notibras.com\/site\/#organization"},"image":{"@id":"https:\/\/www.notibras.com\/site\/bolsonaro-escala-filho-carlos-para-vender-reforma\/#primaryimage"},"thumbnailUrl":"https:\/\/www.notibras.com\/site\/wp-content\/uploads\/2019\/02\/jair-e-carlos.jpg","keywords":["capa"],"articleSection":["Brasil"],"inLanguage":"pt-BR"},{"@type":"WebPage","@id":"https:\/\/www.notibras.com\/site\/bolsonaro-escala-filho-carlos-para-vender-reforma\/","url":"https:\/\/www.notibras.com\/site\/bolsonaro-escala-filho-carlos-para-vender-reforma\/","name":"Bolsonaro escala filho Carlos para 'vender' reforma - Notibras","isPartOf":{"@id":"https:\/\/www.notibras.com\/site\/#website"},"primaryImageOfPage":{"@id":"https:\/\/www.notibras.com\/site\/bolsonaro-escala-filho-carlos-para-vender-reforma\/#primaryimage"},"image":{"@id":"https:\/\/www.notibras.com\/site\/bolsonaro-escala-filho-carlos-para-vender-reforma\/#primaryimage"},"thumbnailUrl":"https:\/\/www.notibras.com\/site\/wp-content\/uploads\/2019\/02\/jair-e-carlos.jpg","datePublished":"2019-02-27T16:04:47+00:00","breadcrumb":{"@id":"https:\/\/www.notibras.com\/site\/bolsonaro-escala-filho-carlos-para-vender-reforma\/#breadcrumb"},"inLanguage":"pt-BR","potentialAction":[{"@type":"ReadAction","target":["https:\/\/www.notibras.com\/site\/bolsonaro-escala-filho-carlos-para-vender-reforma\/"]}]},{"@type":"ImageObject","inLanguage":"pt-BR","@id":"https:\/\/www.notibras.com\/site\/bolsonaro-escala-filho-carlos-para-vender-reforma\/#primaryimage","url":"https:\/\/www.notibras.com\/site\/wp-content\/uploads\/2019\/02\/jair-e-carlos.jpg","contentUrl":"https:\/\/www.notibras.com\/site\/wp-content\/uploads\/2019\/02\/jair-e-carlos.jpg","width":980,"height":629,"caption":"Foto\/Arquivo Notibras"},{"@type":"BreadcrumbList","@id":"https:\/\/www.notibras.com\/site\/bolsonaro-escala-filho-carlos-para-vender-reforma\/#breadcrumb","itemListElement":[{"@type":"ListItem","position":1,"name":"In\u00edcio","item":"https:\/\/www.notibras.com\/site\/"},{"@type":"ListItem","position":2,"name":"Bolsonaro escala filho Carlos para &#8216;vender&#8217; reforma"}]},{"@type":"WebSite","@id":"https:\/\/www.notibras.com\/site\/#website","url":"https:\/\/www.notibras.com\/site\/","name":"Notibras","description":"Not\u00edcias de Bras\u00edlia, do Brasil e do Mundo","publisher":{"@id":"https:\/\/www.notibras.com\/site\/#organization"},"potentialAction":[{"@type":"SearchAction","target":{"@type":"EntryPoint","urlTemplate":"https:\/\/www.notibras.com\/site\/?s={search_term_string}"},"query-input":{"@type":"PropertyValueSpecification","valueRequired":true,"valueName":"search_term_string"}}],"inLanguage":"pt-BR"},{"@type":"Organization","@id":"https:\/\/www.notibras.com\/site\/#organization","name":"Grupo Notibras de Comunica\u00e7\u00e3o","url":"https:\/\/www.notibras.com\/site\/","logo":{"@type":"ImageObject","inLanguage":"pt-BR","@id":"https:\/\/www.notibras.com\/site\/#\/schema\/logo\/image\/","url":"https:\/\/www.notibras.com\/site\/wp-content\/uploads\/2023\/01\/notibras23.png","contentUrl":"https:\/\/www.notibras.com\/site\/wp-content\/uploads\/2023\/01\/notibras23.png","width":350,"height":87,"caption":"Grupo Notibras de Comunica\u00e7\u00e3o"},"image":{"@id":"https:\/\/www.notibras.com\/site\/#\/schema\/logo\/image\/"},"sameAs":["https:\/\/www.facebook.com\/notibras\/","https:\/\/x.com\/Notibras","https:\/\/www.instagram.com\/notibras\/"]},{"@type":"Person","@id":"https:\/\/www.notibras.com\/site\/#\/schema\/person\/36ab0979449956132d3e5b517ea76ac8","name":"Reda\u00e7\u00e3o","image":{"@type":"ImageObject","inLanguage":"pt-BR","@id":"https:\/\/secure.gravatar.com\/avatar\/e0a867bdedb85fd243eadf09663511f96fc81e0720a4a42581f334ad4303aa6b?s=96&d=mm&r=g","url":"https:\/\/secure.gravatar.com\/avatar\/e0a867bdedb85fd243eadf09663511f96fc81e0720a4a42581f334ad4303aa6b?s=96&d=mm&r=g","contentUrl":"https:\/\/secure.gravatar.com\/avatar\/e0a867bdedb85fd243eadf09663511f96fc81e0720a4a42581f334ad4303aa6b?s=96&d=mm&r=g","caption":"Reda\u00e7\u00e3o"}}]}},"amp_enabled":true,"_links":{"self":[{"href":"https:\/\/www.notibras.com\/site\/wp-json\/wp\/v2\/posts\/203633","targetHints":{"allow":["GET"]}}],"collection":[{"href":"https:\/\/www.notibras.com\/site\/wp-json\/wp\/v2\/posts"}],"about":[{"href":"https:\/\/www.notibras.com\/site\/wp-json\/wp\/v2\/types\/post"}],"author":[{"embeddable":true,"href":"https:\/\/www.notibras.com\/site\/wp-json\/wp\/v2\/users\/2"}],"replies":[{"embeddable":true,"href":"https:\/\/www.notibras.com\/site\/wp-json\/wp\/v2\/comments?post=203633"}],"version-history":[{"count":1,"href":"https:\/\/www.notibras.com\/site\/wp-json\/wp\/v2\/posts\/203633\/revisions"}],"predecessor-version":[{"id":203635,"href":"https:\/\/www.notibras.com\/site\/wp-json\/wp\/v2\/posts\/203633\/revisions\/203635"}],"wp:featuredmedia":[{"embeddable":true,"href":"https:\/\/www.notibras.com\/site\/wp-json\/wp\/v2\/media\/203634"}],"wp:attachment":[{"href":"https:\/\/www.notibras.com\/site\/wp-json\/wp\/v2\/media?parent=203633"}],"wp:term":[{"taxonomy":"category","embeddable":true,"href":"https:\/\/www.notibras.com\/site\/wp-json\/wp\/v2\/categories?post=203633"},{"taxonomy":"post_tag","embeddable":true,"href":"https:\/\/www.notibras.com\/site\/wp-json\/wp\/v2\/tags?post=203633"}],"curies":[{"name":"wp","href":"https:\/\/api.w.org\/{rel}","templated":true}]}}