{"id":203660,"date":"2019-02-28T00:45:50","date_gmt":"2019-02-28T03:45:50","guid":{"rendered":"https:\/\/www.notibras.com\/site\/?p=203660"},"modified":"2019-02-28T08:01:07","modified_gmt":"2019-02-28T11:01:07","slug":"bolsonaro-decide-combater-farra-de-ong-com-indios","status":"publish","type":"post","link":"https:\/\/www.notibras.com\/site\/bolsonaro-decide-combater-farra-de-ong-com-indios\/","title":{"rendered":"Bolsonaro decide combater farra de ONG com \u00edndios"},"content":{"rendered":"<p>O presidente Jair Bolsonaro, preocupado neste momento com o desfecho da crise na Venezuela, ter\u00e1 muito o que fazer em terras brasileiras, quando for cumprir outra promessa de campanha: acabar com a farra das Organiza\u00e7\u00f5es N\u00e3o Governamentais na Amaz\u00f4nia. E ele vai cumprir, confidenciam interlocutores palacianos.<\/p>\n<p>Em uma s\u00e9rie de reportagens, fechada com este \u00faltimo \u2018cap\u00edtulo\u2019, <strong>Notibras<\/strong> apresentou uma vis\u00e3o geral de como foi arquitetada a ocupa\u00e7\u00e3o internacional daquela regi\u00e3o, financiada por pa\u00edses onde n\u00e3o existem florestas nem \u00edndios, com a complac\u00eancia dos governos do PT. Foram prometidos bilh\u00f5es de reais, mas o que ficou foi um rombo de 5 bilh\u00f5es.<\/p>\n<p>O instrumento para financiar a usurpa\u00e7\u00e3o veio de mais uma canetada do apenado Lula da Silva, com atua\u00e7\u00e3o decisiva de Marina Silva, por meio de um decreto que criou o Fundo Amaz\u00f4nia, que n\u00e3o existe formalmente \u2013 n\u00e3o tem CNPJ \u2013 mas que na pr\u00e1tica \u00e9 poderoso.<\/p>\n<p>Em 2013, foi publicada mat\u00e9ria sobre uma visita feita pelo rei da Noruega Harald 5\u00ba, \u00e0s terras yanomami. A Noruega \u00e9 o maior financiador do fundo bilion\u00e1rio. O rei entrou no Brasil sem os rituais protocolares do Itamaraty e foi direto comer macacos na aldeia Demini, recebido pelo l\u00edder Kopenawa.<\/p>\n<p>Harald 5\u00b0 deu trabalho para a Pol\u00edcia Federal, que teve que deslocar agentes de \u00faltima hora para acompanh\u00e1-lo na visita informal, talvez tur\u00edstica. Quem autorizou a sua entrada sorrateira no pa\u00eds? Resposta: foi a Funai, fazendo o papel do MRE, para atender uma solicita\u00e7\u00e3o dos pr\u00f3prios \u00edndios.<\/p>\n<p>Perguntada como foi o ingresso do rei escandinavo no pa\u00eds, a funda\u00e7\u00e3o disse que ele havia tomado as vacinas necess\u00e1rias. Ent\u00e3o t\u00e1. O Brasil daquele ano n\u00e3o poderia mesmo ser visto como um Pa\u00eds s\u00e9rio.<\/p>\n<p>O tema \u00e2ncora para a investida dos pa\u00edses liderados pela Noruega sobre nossas terras veio de um movimento para impedir a constru\u00e7\u00e3o da usina de Belo Monte, iniciativa aprovada por 100% da popula\u00e7\u00e3o de Altamira e arredores, regi\u00e3o sem qualquer perspectiva de desenvolvimento. Lula autorizou. Depois veio o financiamento do BNDES para patrocinar ONGs que queriam impedir a obra. Lula autorizou.<\/p>\n<p>Se n\u00e3o \u00e9 poss\u00edvel entender contradi\u00e7\u00f5es, devemos estabelecer par\u00e2metros para compreender a dimens\u00e3o e gravidade dos fatos. O controle das terras ind\u00edgenas, a fiscaliza\u00e7\u00e3o e at\u00e9 a demarca\u00e7\u00e3o, foram terceirizadas para ONGs, lideradas pelo Instituto Socioambiental \u2013 ISA. Veja agora alguns dos parceiros do tal ISA: International Rivers, WWF, Rainforest Fundation, Fund.b\u00f6ll, Survival International, Indigenous People\u00b4s Cultural Support, Suzuki Foundation e outras 250, com nomes muito estranhos.<\/p>\n<p>Opa! pare de rir. N\u00e3o tem gra\u00e7a nenhuma. At\u00e9 o patrono global Jos\u00e9 Roberto Marinho, que j\u00e1 presidiu a WWF-Brasil, convocou as atrizes Let\u00edcia Sabatella e Camila Pitanga, reconhecidas pela cultura que destilam, como garotas propaganda da campanha contra Belo Monte.<\/p>\n<p>Considerando que vivem pouco mais de 20 mil yanomami naquela reserva, temos uma ONG para cada lote de 84 \u00edndios. S\u00e3o mais bem cuidados que muitos alunos em escolas p\u00fablicas. O territ\u00f3rio entregue para a pajelan\u00e7a do rei da Noruega, apenas a \u00e1rea yanomami, \u00e9 maior que Portugal \u2013 anote -, 100 mil km2.<\/p>\n<p>Os R$ 20 bilh\u00f5es prometidos pela realeza escandinava, que segundo os autores da a\u00e7\u00e3o que pede investiga\u00e7\u00e3o sobre o Fundo Amaz\u00f4nia, eram esquentados em uma conta corrente no BNDES, e serviam para cooptar as na\u00e7\u00f5es ind\u00edgenas.<\/p>\n<p>Tem mais: o plano de expans\u00e3o internacional (lembre-se de que a demarca\u00e7\u00e3o ficou a cargo de um instituto privado), tinha como objetivo reunir as \u00e1reas ind\u00edgenas do Xingu, Alto e M\u00e9dio Rio Negro e Yanomami, em um \u00fanico pol\u00edgono. A na\u00e7\u00e3o silv\u00edcola, aben\u00e7oada pela Noruega e outros parceiros estrangeiros, somaria 240 milh\u00f5es de quil\u00f4metros quadrados. Para termos ideia da sua dimens\u00e3o, equivale a mais de 600 vezes o territ\u00f3rio da Noruega.<\/p>\n<p>Em pleno S\u00e9culo XXI, o rei colonizador encontrou uma forma moderna de expandir seu territ\u00f3rio, repetindo a f\u00f3rmula de Cabral que veio ao encontro dos \u00edndios h\u00e1 mais de 500 anos para ficar.<\/p>\n<p>Autores da a\u00e7\u00e3o proposta na Justi\u00e7a Federal do Distrito Federal, o pesquisador Claudemiro Soares e a advogada D\u00eania Magalh\u00e3es, consultores desta s\u00e9rie de reportagens, com ampla documenta\u00e7\u00e3o fornecida, entendem que por mais bonzinho que seja, o reinado da Noruega ainda n\u00e3o disse a que veio. Nem avisou que viria.<\/p>\n<p>Quando Bolsonaro afirma que \u00edndio n\u00e3o ter\u00e1 nem mais nem um mil\u00edmetro de terra, talvez ele j\u00e1 tenha dado a resposta. A grilagem que atinge os estados da Amaz\u00f4nia e Roraima \u00e9 ocupada h\u00e1 d\u00e9cadas por garimpeiros em busca de ouro. Com a anu\u00eancia dos \u00edndios, \u00e9 bom observar. Pode ser que em seguida cheguem filantropos com sotaque para garimpar petr\u00f3leo, ni\u00f3bio, grafeno, g\u00e1s e outros patrim\u00f4nios sociais e culturais.<\/p>\n<p>\u00d3rg\u00e3os federais s\u00e3o capazes de demarcar, fiscalizar e dar assist\u00eancia aos povos ind\u00edgenas. Basta uma decis\u00e3o presidencial s\u00e9ria e a orienta\u00e7\u00e3o de pesquisadores legalistas no assunto. Antes disso, convidar as ONGs para que deixem o territ\u00f3rio nacional e procurem outras florestas longe do Brasil.<\/p>\n<p>Apenas um alerta: a \u00edndia caiap\u00f3 Tu\u00edra tentou dar uma facada no presidente da Eletronorte, Jos\u00e9 Muniz Lopes. \u00c9 bom levar o Ex\u00e9rcito e a Pol\u00edcia Federal.<\/p>\n","protected":false},"excerpt":{"rendered":"<p>O presidente Jair Bolsonaro, preocupado neste momento com o desfecho da crise na Venezuela, ter\u00e1 muito o que fazer em terras brasileiras, quando for cumprir outra promessa de campanha: acabar com a farra das Organiza\u00e7\u00f5es N\u00e3o Governamentais na Amaz\u00f4nia. E ele vai cumprir, confidenciam interlocutores palacianos. Em uma s\u00e9rie de reportagens, fechada com este \u00faltimo [&hellip;]<\/p>\n","protected":false},"author":2,"featured_media":203661,"comment_status":"closed","ping_status":"closed","sticky":false,"template":"","format":"standard","meta":{"_acf_changed":false,"footnotes":""},"categories":[16],"tags":[95],"class_list":["post-203660","post","type-post","status-publish","format-standard","has-post-thumbnail","hentry","category-brasil","tag-capa"],"acf":[],"yoast_head":"<!-- This site is optimized with the Yoast SEO plugin v27.2 - https:\/\/yoast.com\/product\/yoast-seo-wordpress\/ -->\n<title>Bolsonaro decide combater farra de ONG com \u00edndios - Notibras<\/title>\n<meta name=\"robots\" content=\"index, follow, max-snippet:-1, max-image-preview:large, max-video-preview:-1\" \/>\n<link rel=\"canonical\" href=\"https:\/\/www.notibras.com\/site\/bolsonaro-decide-combater-farra-de-ong-com-indios\/\" \/>\n<meta property=\"og:locale\" content=\"pt_BR\" \/>\n<meta property=\"og:type\" content=\"article\" \/>\n<meta property=\"og:title\" content=\"Bolsonaro decide combater farra de ONG com \u00edndios - Notibras\" \/>\n<meta property=\"og:description\" content=\"O presidente Jair Bolsonaro, preocupado neste momento com o desfecho da crise na Venezuela, ter\u00e1 muito o que fazer em terras brasileiras, quando for cumprir outra promessa de campanha: acabar com a farra das Organiza\u00e7\u00f5es N\u00e3o Governamentais na Amaz\u00f4nia. E ele vai cumprir, confidenciam interlocutores palacianos. Em uma s\u00e9rie de reportagens, fechada com este \u00faltimo [&hellip;]\" \/>\n<meta property=\"og:url\" content=\"https:\/\/www.notibras.com\/site\/bolsonaro-decide-combater-farra-de-ong-com-indios\/\" \/>\n<meta property=\"og:site_name\" content=\"Notibras\" \/>\n<meta property=\"article:publisher\" content=\"https:\/\/www.facebook.com\/notibras\/\" \/>\n<meta property=\"article:published_time\" content=\"2019-02-28T03:45:50+00:00\" \/>\n<meta property=\"article:modified_time\" content=\"2019-02-28T11:01:07+00:00\" \/>\n<meta property=\"og:image\" content=\"https:\/\/www.notibras.com\/site\/wp-content\/uploads\/2019\/02\/exercito-na-amazonia-foto-valter-campanato.jpg\" \/>\n\t<meta property=\"og:image:width\" content=\"1140\" \/>\n\t<meta property=\"og:image:height\" content=\"760\" \/>\n\t<meta property=\"og:image:type\" content=\"image\/jpeg\" \/>\n<meta name=\"author\" content=\"Reda\u00e7\u00e3o\" \/>\n<meta name=\"twitter:card\" content=\"summary_large_image\" \/>\n<meta name=\"twitter:creator\" content=\"@Notibras\" \/>\n<meta name=\"twitter:site\" content=\"@Notibras\" \/>\n<meta name=\"twitter:label1\" content=\"Escrito por\" \/>\n\t<meta name=\"twitter:data1\" content=\"Reda\u00e7\u00e3o\" \/>\n\t<meta name=\"twitter:label2\" content=\"Est. tempo de leitura\" \/>\n\t<meta name=\"twitter:data2\" content=\"5 minutos\" \/>\n<script type=\"application\/ld+json\" class=\"yoast-schema-graph\">{\"@context\":\"https:\/\/schema.org\",\"@graph\":[{\"@type\":\"Article\",\"@id\":\"https:\/\/www.notibras.com\/site\/bolsonaro-decide-combater-farra-de-ong-com-indios\/#article\",\"isPartOf\":{\"@id\":\"https:\/\/www.notibras.com\/site\/bolsonaro-decide-combater-farra-de-ong-com-indios\/\"},\"author\":{\"name\":\"Reda\u00e7\u00e3o\",\"@id\":\"https:\/\/www.notibras.com\/site\/#\/schema\/person\/36ab0979449956132d3e5b517ea76ac8\"},\"headline\":\"Bolsonaro decide combater farra de ONG com \u00edndios\",\"datePublished\":\"2019-02-28T03:45:50+00:00\",\"dateModified\":\"2019-02-28T11:01:07+00:00\",\"mainEntityOfPage\":{\"@id\":\"https:\/\/www.notibras.com\/site\/bolsonaro-decide-combater-farra-de-ong-com-indios\/\"},\"wordCount\":922,\"publisher\":{\"@id\":\"https:\/\/www.notibras.com\/site\/#organization\"},\"image\":{\"@id\":\"https:\/\/www.notibras.com\/site\/bolsonaro-decide-combater-farra-de-ong-com-indios\/#primaryimage\"},\"thumbnailUrl\":\"https:\/\/www.notibras.com\/site\/wp-content\/uploads\/2019\/02\/exercito-na-amazonia-foto-valter-campanato.jpg\",\"keywords\":[\"capa\"],\"articleSection\":[\"Brasil\"],\"inLanguage\":\"pt-BR\"},{\"@type\":\"WebPage\",\"@id\":\"https:\/\/www.notibras.com\/site\/bolsonaro-decide-combater-farra-de-ong-com-indios\/\",\"url\":\"https:\/\/www.notibras.com\/site\/bolsonaro-decide-combater-farra-de-ong-com-indios\/\",\"name\":\"Bolsonaro decide combater farra de ONG com \u00edndios - Notibras\",\"isPartOf\":{\"@id\":\"https:\/\/www.notibras.com\/site\/#website\"},\"primaryImageOfPage\":{\"@id\":\"https:\/\/www.notibras.com\/site\/bolsonaro-decide-combater-farra-de-ong-com-indios\/#primaryimage\"},\"image\":{\"@id\":\"https:\/\/www.notibras.com\/site\/bolsonaro-decide-combater-farra-de-ong-com-indios\/#primaryimage\"},\"thumbnailUrl\":\"https:\/\/www.notibras.com\/site\/wp-content\/uploads\/2019\/02\/exercito-na-amazonia-foto-valter-campanato.jpg\",\"datePublished\":\"2019-02-28T03:45:50+00:00\",\"dateModified\":\"2019-02-28T11:01:07+00:00\",\"breadcrumb\":{\"@id\":\"https:\/\/www.notibras.com\/site\/bolsonaro-decide-combater-farra-de-ong-com-indios\/#breadcrumb\"},\"inLanguage\":\"pt-BR\",\"potentialAction\":[{\"@type\":\"ReadAction\",\"target\":[\"https:\/\/www.notibras.com\/site\/bolsonaro-decide-combater-farra-de-ong-com-indios\/\"]}]},{\"@type\":\"ImageObject\",\"inLanguage\":\"pt-BR\",\"@id\":\"https:\/\/www.notibras.com\/site\/bolsonaro-decide-combater-farra-de-ong-com-indios\/#primaryimage\",\"url\":\"https:\/\/www.notibras.com\/site\/wp-content\/uploads\/2019\/02\/exercito-na-amazonia-foto-valter-campanato.jpg\",\"contentUrl\":\"https:\/\/www.notibras.com\/site\/wp-content\/uploads\/2019\/02\/exercito-na-amazonia-foto-valter-campanato.jpg\",\"width\":1140,\"height\":760},{\"@type\":\"BreadcrumbList\",\"@id\":\"https:\/\/www.notibras.com\/site\/bolsonaro-decide-combater-farra-de-ong-com-indios\/#breadcrumb\",\"itemListElement\":[{\"@type\":\"ListItem\",\"position\":1,\"name\":\"In\u00edcio\",\"item\":\"https:\/\/www.notibras.com\/site\/\"},{\"@type\":\"ListItem\",\"position\":2,\"name\":\"Bolsonaro decide combater farra de ONG com \u00edndios\"}]},{\"@type\":\"WebSite\",\"@id\":\"https:\/\/www.notibras.com\/site\/#website\",\"url\":\"https:\/\/www.notibras.com\/site\/\",\"name\":\"Notibras\",\"description\":\"Not\u00edcias de Bras\u00edlia, do Brasil e do Mundo\",\"publisher\":{\"@id\":\"https:\/\/www.notibras.com\/site\/#organization\"},\"potentialAction\":[{\"@type\":\"SearchAction\",\"target\":{\"@type\":\"EntryPoint\",\"urlTemplate\":\"https:\/\/www.notibras.com\/site\/?s={search_term_string}\"},\"query-input\":{\"@type\":\"PropertyValueSpecification\",\"valueRequired\":true,\"valueName\":\"search_term_string\"}}],\"inLanguage\":\"pt-BR\"},{\"@type\":\"Organization\",\"@id\":\"https:\/\/www.notibras.com\/site\/#organization\",\"name\":\"Grupo Notibras de Comunica\u00e7\u00e3o\",\"url\":\"https:\/\/www.notibras.com\/site\/\",\"logo\":{\"@type\":\"ImageObject\",\"inLanguage\":\"pt-BR\",\"@id\":\"https:\/\/www.notibras.com\/site\/#\/schema\/logo\/image\/\",\"url\":\"https:\/\/www.notibras.com\/site\/wp-content\/uploads\/2023\/01\/notibras23.png\",\"contentUrl\":\"https:\/\/www.notibras.com\/site\/wp-content\/uploads\/2023\/01\/notibras23.png\",\"width\":350,\"height\":87,\"caption\":\"Grupo Notibras de Comunica\u00e7\u00e3o\"},\"image\":{\"@id\":\"https:\/\/www.notibras.com\/site\/#\/schema\/logo\/image\/\"},\"sameAs\":[\"https:\/\/www.facebook.com\/notibras\/\",\"https:\/\/x.com\/Notibras\",\"https:\/\/www.instagram.com\/notibras\/\"]},{\"@type\":\"Person\",\"@id\":\"https:\/\/www.notibras.com\/site\/#\/schema\/person\/36ab0979449956132d3e5b517ea76ac8\",\"name\":\"Reda\u00e7\u00e3o\",\"image\":{\"@type\":\"ImageObject\",\"inLanguage\":\"pt-BR\",\"@id\":\"https:\/\/secure.gravatar.com\/avatar\/e0a867bdedb85fd243eadf09663511f96fc81e0720a4a42581f334ad4303aa6b?s=96&d=mm&r=g\",\"url\":\"https:\/\/secure.gravatar.com\/avatar\/e0a867bdedb85fd243eadf09663511f96fc81e0720a4a42581f334ad4303aa6b?s=96&d=mm&r=g\",\"contentUrl\":\"https:\/\/secure.gravatar.com\/avatar\/e0a867bdedb85fd243eadf09663511f96fc81e0720a4a42581f334ad4303aa6b?s=96&d=mm&r=g\",\"caption\":\"Reda\u00e7\u00e3o\"}}]}<\/script>\n<!-- \/ Yoast SEO plugin. -->","yoast_head_json":{"title":"Bolsonaro decide combater farra de ONG com \u00edndios - Notibras","robots":{"index":"index","follow":"follow","max-snippet":"max-snippet:-1","max-image-preview":"max-image-preview:large","max-video-preview":"max-video-preview:-1"},"canonical":"https:\/\/www.notibras.com\/site\/bolsonaro-decide-combater-farra-de-ong-com-indios\/","og_locale":"pt_BR","og_type":"article","og_title":"Bolsonaro decide combater farra de ONG com \u00edndios - Notibras","og_description":"O presidente Jair Bolsonaro, preocupado neste momento com o desfecho da crise na Venezuela, ter\u00e1 muito o que fazer em terras brasileiras, quando for cumprir outra promessa de campanha: acabar com a farra das Organiza\u00e7\u00f5es N\u00e3o Governamentais na Amaz\u00f4nia. E ele vai cumprir, confidenciam interlocutores palacianos. Em uma s\u00e9rie de reportagens, fechada com este \u00faltimo [&hellip;]","og_url":"https:\/\/www.notibras.com\/site\/bolsonaro-decide-combater-farra-de-ong-com-indios\/","og_site_name":"Notibras","article_publisher":"https:\/\/www.facebook.com\/notibras\/","article_published_time":"2019-02-28T03:45:50+00:00","article_modified_time":"2019-02-28T11:01:07+00:00","og_image":[{"width":1140,"height":760,"url":"https:\/\/www.notibras.com\/site\/wp-content\/uploads\/2019\/02\/exercito-na-amazonia-foto-valter-campanato.jpg","type":"image\/jpeg"}],"author":"Reda\u00e7\u00e3o","twitter_card":"summary_large_image","twitter_creator":"@Notibras","twitter_site":"@Notibras","twitter_misc":{"Escrito por":"Reda\u00e7\u00e3o","Est. tempo de leitura":"5 minutos"},"schema":{"@context":"https:\/\/schema.org","@graph":[{"@type":"Article","@id":"https:\/\/www.notibras.com\/site\/bolsonaro-decide-combater-farra-de-ong-com-indios\/#article","isPartOf":{"@id":"https:\/\/www.notibras.com\/site\/bolsonaro-decide-combater-farra-de-ong-com-indios\/"},"author":{"name":"Reda\u00e7\u00e3o","@id":"https:\/\/www.notibras.com\/site\/#\/schema\/person\/36ab0979449956132d3e5b517ea76ac8"},"headline":"Bolsonaro decide combater farra de ONG com \u00edndios","datePublished":"2019-02-28T03:45:50+00:00","dateModified":"2019-02-28T11:01:07+00:00","mainEntityOfPage":{"@id":"https:\/\/www.notibras.com\/site\/bolsonaro-decide-combater-farra-de-ong-com-indios\/"},"wordCount":922,"publisher":{"@id":"https:\/\/www.notibras.com\/site\/#organization"},"image":{"@id":"https:\/\/www.notibras.com\/site\/bolsonaro-decide-combater-farra-de-ong-com-indios\/#primaryimage"},"thumbnailUrl":"https:\/\/www.notibras.com\/site\/wp-content\/uploads\/2019\/02\/exercito-na-amazonia-foto-valter-campanato.jpg","keywords":["capa"],"articleSection":["Brasil"],"inLanguage":"pt-BR"},{"@type":"WebPage","@id":"https:\/\/www.notibras.com\/site\/bolsonaro-decide-combater-farra-de-ong-com-indios\/","url":"https:\/\/www.notibras.com\/site\/bolsonaro-decide-combater-farra-de-ong-com-indios\/","name":"Bolsonaro decide combater farra de ONG com \u00edndios - Notibras","isPartOf":{"@id":"https:\/\/www.notibras.com\/site\/#website"},"primaryImageOfPage":{"@id":"https:\/\/www.notibras.com\/site\/bolsonaro-decide-combater-farra-de-ong-com-indios\/#primaryimage"},"image":{"@id":"https:\/\/www.notibras.com\/site\/bolsonaro-decide-combater-farra-de-ong-com-indios\/#primaryimage"},"thumbnailUrl":"https:\/\/www.notibras.com\/site\/wp-content\/uploads\/2019\/02\/exercito-na-amazonia-foto-valter-campanato.jpg","datePublished":"2019-02-28T03:45:50+00:00","dateModified":"2019-02-28T11:01:07+00:00","breadcrumb":{"@id":"https:\/\/www.notibras.com\/site\/bolsonaro-decide-combater-farra-de-ong-com-indios\/#breadcrumb"},"inLanguage":"pt-BR","potentialAction":[{"@type":"ReadAction","target":["https:\/\/www.notibras.com\/site\/bolsonaro-decide-combater-farra-de-ong-com-indios\/"]}]},{"@type":"ImageObject","inLanguage":"pt-BR","@id":"https:\/\/www.notibras.com\/site\/bolsonaro-decide-combater-farra-de-ong-com-indios\/#primaryimage","url":"https:\/\/www.notibras.com\/site\/wp-content\/uploads\/2019\/02\/exercito-na-amazonia-foto-valter-campanato.jpg","contentUrl":"https:\/\/www.notibras.com\/site\/wp-content\/uploads\/2019\/02\/exercito-na-amazonia-foto-valter-campanato.jpg","width":1140,"height":760},{"@type":"BreadcrumbList","@id":"https:\/\/www.notibras.com\/site\/bolsonaro-decide-combater-farra-de-ong-com-indios\/#breadcrumb","itemListElement":[{"@type":"ListItem","position":1,"name":"In\u00edcio","item":"https:\/\/www.notibras.com\/site\/"},{"@type":"ListItem","position":2,"name":"Bolsonaro decide combater farra de ONG com \u00edndios"}]},{"@type":"WebSite","@id":"https:\/\/www.notibras.com\/site\/#website","url":"https:\/\/www.notibras.com\/site\/","name":"Notibras","description":"Not\u00edcias de Bras\u00edlia, do Brasil e do Mundo","publisher":{"@id":"https:\/\/www.notibras.com\/site\/#organization"},"potentialAction":[{"@type":"SearchAction","target":{"@type":"EntryPoint","urlTemplate":"https:\/\/www.notibras.com\/site\/?s={search_term_string}"},"query-input":{"@type":"PropertyValueSpecification","valueRequired":true,"valueName":"search_term_string"}}],"inLanguage":"pt-BR"},{"@type":"Organization","@id":"https:\/\/www.notibras.com\/site\/#organization","name":"Grupo Notibras de Comunica\u00e7\u00e3o","url":"https:\/\/www.notibras.com\/site\/","logo":{"@type":"ImageObject","inLanguage":"pt-BR","@id":"https:\/\/www.notibras.com\/site\/#\/schema\/logo\/image\/","url":"https:\/\/www.notibras.com\/site\/wp-content\/uploads\/2023\/01\/notibras23.png","contentUrl":"https:\/\/www.notibras.com\/site\/wp-content\/uploads\/2023\/01\/notibras23.png","width":350,"height":87,"caption":"Grupo Notibras de Comunica\u00e7\u00e3o"},"image":{"@id":"https:\/\/www.notibras.com\/site\/#\/schema\/logo\/image\/"},"sameAs":["https:\/\/www.facebook.com\/notibras\/","https:\/\/x.com\/Notibras","https:\/\/www.instagram.com\/notibras\/"]},{"@type":"Person","@id":"https:\/\/www.notibras.com\/site\/#\/schema\/person\/36ab0979449956132d3e5b517ea76ac8","name":"Reda\u00e7\u00e3o","image":{"@type":"ImageObject","inLanguage":"pt-BR","@id":"https:\/\/secure.gravatar.com\/avatar\/e0a867bdedb85fd243eadf09663511f96fc81e0720a4a42581f334ad4303aa6b?s=96&d=mm&r=g","url":"https:\/\/secure.gravatar.com\/avatar\/e0a867bdedb85fd243eadf09663511f96fc81e0720a4a42581f334ad4303aa6b?s=96&d=mm&r=g","contentUrl":"https:\/\/secure.gravatar.com\/avatar\/e0a867bdedb85fd243eadf09663511f96fc81e0720a4a42581f334ad4303aa6b?s=96&d=mm&r=g","caption":"Reda\u00e7\u00e3o"}}]}},"amp_enabled":true,"_links":{"self":[{"href":"https:\/\/www.notibras.com\/site\/wp-json\/wp\/v2\/posts\/203660","targetHints":{"allow":["GET"]}}],"collection":[{"href":"https:\/\/www.notibras.com\/site\/wp-json\/wp\/v2\/posts"}],"about":[{"href":"https:\/\/www.notibras.com\/site\/wp-json\/wp\/v2\/types\/post"}],"author":[{"embeddable":true,"href":"https:\/\/www.notibras.com\/site\/wp-json\/wp\/v2\/users\/2"}],"replies":[{"embeddable":true,"href":"https:\/\/www.notibras.com\/site\/wp-json\/wp\/v2\/comments?post=203660"}],"version-history":[{"count":3,"href":"https:\/\/www.notibras.com\/site\/wp-json\/wp\/v2\/posts\/203660\/revisions"}],"predecessor-version":[{"id":203664,"href":"https:\/\/www.notibras.com\/site\/wp-json\/wp\/v2\/posts\/203660\/revisions\/203664"}],"wp:featuredmedia":[{"embeddable":true,"href":"https:\/\/www.notibras.com\/site\/wp-json\/wp\/v2\/media\/203661"}],"wp:attachment":[{"href":"https:\/\/www.notibras.com\/site\/wp-json\/wp\/v2\/media?parent=203660"}],"wp:term":[{"taxonomy":"category","embeddable":true,"href":"https:\/\/www.notibras.com\/site\/wp-json\/wp\/v2\/categories?post=203660"},{"taxonomy":"post_tag","embeddable":true,"href":"https:\/\/www.notibras.com\/site\/wp-json\/wp\/v2\/tags?post=203660"}],"curies":[{"name":"wp","href":"https:\/\/api.w.org\/{rel}","templated":true}]}}