{"id":203701,"date":"2019-02-28T00:56:15","date_gmt":"2019-02-28T03:56:15","guid":{"rendered":"https:\/\/www.notibras.com\/site\/?p=203701"},"modified":"2019-02-28T08:00:13","modified_gmt":"2019-02-28T11:00:13","slug":"prefeitos-dao-as-maos-a-moro-na-guerra-anti-crime","status":"publish","type":"post","link":"https:\/\/www.notibras.com\/site\/prefeitos-dao-as-maos-a-moro-na-guerra-anti-crime\/","title":{"rendered":"Prefeitos d\u00e3o as m\u00e3os a Moro na guerra anti-crime"},"content":{"rendered":"<p>A Frente Nacional dos Prefeitos (FNP) vai apoiar o projeto de lei anticrime proposto pelo governo federal ao Congresso Nacional. \u201cN\u00f3s vamos apoiar o projeto\u201d, disse Jonas Donizette, prefeito de Campinas (SP) e presidente da frente ap\u00f3s encontro em Bras\u00edlia de 50 prefeitos com o Ministro da Justi\u00e7a e da Seguran\u00e7a P\u00fablica, Sergio Moro.<\/p>\n<p>\u201cA gente acredita que o endurecimento das leis \u00e9 muito importante. Principalmente, os crimes contra a vida, os homic\u00eddios, os latroc\u00ednios e naquilo que envolve organiza\u00e7\u00f5es criminosas\u201d, acrescentou o representante dos prefeitos.<\/p>\n<p>Essa \u00e9 a segunda reuni\u00e3o de Sergio Moro com os prefeitos. A primeira ocorreu em janeiro antes da apresenta\u00e7\u00e3o do pacote. \u201cO ministro tem sido muito sol\u00edcito, muito humilde. Pediu apoio dos prefeitos. Falou que precisa desse apoio para aprovar esse apoio no Congresso. N\u00f3s falamos que daremos esse apoio\u201d, afirmou Donizette.<\/p>\n<p>Desde o primeiro encontro, a FNP defende maior participa\u00e7\u00e3o das prefeituras na elabora\u00e7\u00e3o e implementa\u00e7\u00e3o de pol\u00edticas de seguran\u00e7a p\u00fablica e coopera\u00e7\u00e3o federativa \u201cem especial em rela\u00e7\u00e3o \u00e0 preven\u00e7\u00e3o e ao enfrentamento da viol\u00eancia\u201d, conforme nota da entidade.<\/p>\n<p>\u201cH\u00e1 uma reclama\u00e7\u00e3o dos prefeitos de que quando se fala de seguran\u00e7a p\u00fablica as cidades, as prefeituras, n\u00e3o s\u00e3o chamadas. Ali\u00e1s o Susp, o Sistema \u00danico de Seguran\u00e7a P\u00fablica, n\u00e3o contempla as prefeituras\u201d, salientou Jonas Donizette. \u201cN\u00f3s fizemos essa reivindica\u00e7\u00e3o ao ministro. Falamos que n\u00f3s vamos nos movimentar no Congresso para que tenha uma emenda na lei contemplando as prefeituras&#8221;.<\/p>\n<p>Donizette apontou que sem a participa\u00e7\u00e3o das prefeituras, no Susp \u201cn\u00e3o h\u00e1 instrumento de transfer\u00eancia\u201d de recursos para a\u00e7\u00f5es de seguran\u00e7a p\u00fablica dos munic\u00edpios. Ele n\u00e3o antecipou nenhum valor solicitado ao governo, \u201cpode variar conforme o tamanho das cidades\u201d, mas salientou que o ministro Sergio Moro reconheceu que a aus\u00eancia dos munic\u00edpios em discuss\u00f5es de pol\u00edticas de seguran\u00e7a \u00e9 \u201cum erro hist\u00f3rico\u201d.<\/p>\n<p>Conforme Donizette, as prefeituras t\u00eam tido dificuldade para contratar empresas para a moderniza\u00e7\u00e3o da ilumina\u00e7\u00e3o p\u00fablica. Ele pede que o governo federal auxilie com o estabelecimento de regras que viabilizem a elabora\u00e7\u00e3o de editais para a contrata\u00e7\u00e3o de \u201cparcerias p\u00fablico-privadas\u201d para ilumina\u00e7\u00e3o de cidades.<\/p>\n<p>Al\u00e9m disso, Jonas Donizette sugere que o governo federal implante pol\u00edticas sociais em educa\u00e7\u00e3o (como apoio \u00e0 escola integral), esporte e programas culturais para atrair jovens. \u201cN\u00f3s precisamos disputar os nossos jovens com o crime\u201d.<\/p>\n<p>Em 2016, 123 cidades brasileiras registraram cerca de 30 mil mortes violentas. Al\u00e9m do trabalho ostensivo das guardas municipais, algumas prefeituras mant\u00eam sistemas de monitoramento das ruas e do tr\u00e2nsito por meio de c\u00e2meras, e disp\u00f5e de cadastros individuais de pessoas inscritas em programas municipais.<\/p>\n","protected":false},"excerpt":{"rendered":"<p>A Frente Nacional dos Prefeitos (FNP) vai apoiar o projeto de lei anticrime proposto pelo governo federal ao Congresso Nacional. \u201cN\u00f3s vamos apoiar o projeto\u201d, disse Jonas Donizette, prefeito de Campinas (SP) e presidente da frente ap\u00f3s encontro em Bras\u00edlia de 50 prefeitos com o Ministro da Justi\u00e7a e da Seguran\u00e7a P\u00fablica, Sergio Moro. \u201cA [&hellip;]<\/p>\n","protected":false},"author":2,"featured_media":203702,"comment_status":"closed","ping_status":"closed","sticky":false,"template":"","format":"standard","meta":{"_acf_changed":false,"footnotes":""},"categories":[16],"tags":[95],"class_list":["post-203701","post","type-post","status-publish","format-standard","has-post-thumbnail","hentry","category-brasil","tag-capa"],"acf":[],"yoast_head":"<!-- This site is optimized with the Yoast SEO plugin v27.2 - https:\/\/yoast.com\/product\/yoast-seo-wordpress\/ -->\n<title>Prefeitos d\u00e3o as m\u00e3os a Moro na guerra anti-crime - Notibras<\/title>\n<meta name=\"robots\" content=\"index, follow, max-snippet:-1, max-image-preview:large, max-video-preview:-1\" \/>\n<link rel=\"canonical\" href=\"https:\/\/www.notibras.com\/site\/prefeitos-dao-as-maos-a-moro-na-guerra-anti-crime\/\" \/>\n<meta property=\"og:locale\" content=\"pt_BR\" \/>\n<meta property=\"og:type\" content=\"article\" \/>\n<meta property=\"og:title\" content=\"Prefeitos d\u00e3o as m\u00e3os a Moro na guerra anti-crime - Notibras\" \/>\n<meta property=\"og:description\" content=\"A Frente Nacional dos Prefeitos (FNP) vai apoiar o projeto de lei anticrime proposto pelo governo federal ao Congresso Nacional. \u201cN\u00f3s vamos apoiar o projeto\u201d, disse Jonas Donizette, prefeito de Campinas (SP) e presidente da frente ap\u00f3s encontro em Bras\u00edlia de 50 prefeitos com o Ministro da Justi\u00e7a e da Seguran\u00e7a P\u00fablica, Sergio Moro. \u201cA [&hellip;]\" \/>\n<meta property=\"og:url\" content=\"https:\/\/www.notibras.com\/site\/prefeitos-dao-as-maos-a-moro-na-guerra-anti-crime\/\" \/>\n<meta property=\"og:site_name\" content=\"Notibras\" \/>\n<meta property=\"article:publisher\" content=\"https:\/\/www.facebook.com\/notibras\/\" \/>\n<meta property=\"article:published_time\" content=\"2019-02-28T03:56:15+00:00\" \/>\n<meta property=\"article:modified_time\" content=\"2019-02-28T11:00:13+00:00\" \/>\n<meta property=\"og:image\" content=\"https:\/\/www.notibras.com\/site\/wp-content\/uploads\/2019\/02\/moro-prefeitos.jpg\" \/>\n\t<meta property=\"og:image:width\" content=\"1140\" \/>\n\t<meta property=\"og:image:height\" content=\"760\" \/>\n\t<meta property=\"og:image:type\" content=\"image\/jpeg\" \/>\n<meta name=\"author\" content=\"Reda\u00e7\u00e3o\" \/>\n<meta name=\"twitter:card\" content=\"summary_large_image\" \/>\n<meta name=\"twitter:creator\" content=\"@Notibras\" \/>\n<meta name=\"twitter:site\" content=\"@Notibras\" \/>\n<meta name=\"twitter:label1\" content=\"Escrito por\" \/>\n\t<meta name=\"twitter:data1\" content=\"Reda\u00e7\u00e3o\" \/>\n\t<meta name=\"twitter:label2\" content=\"Est. tempo de leitura\" \/>\n\t<meta name=\"twitter:data2\" content=\"2 minutos\" \/>\n<script type=\"application\/ld+json\" class=\"yoast-schema-graph\">{\"@context\":\"https:\/\/schema.org\",\"@graph\":[{\"@type\":\"Article\",\"@id\":\"https:\/\/www.notibras.com\/site\/prefeitos-dao-as-maos-a-moro-na-guerra-anti-crime\/#article\",\"isPartOf\":{\"@id\":\"https:\/\/www.notibras.com\/site\/prefeitos-dao-as-maos-a-moro-na-guerra-anti-crime\/\"},\"author\":{\"name\":\"Reda\u00e7\u00e3o\",\"@id\":\"https:\/\/www.notibras.com\/site\/#\/schema\/person\/36ab0979449956132d3e5b517ea76ac8\"},\"headline\":\"Prefeitos d\u00e3o as m\u00e3os a Moro na guerra anti-crime\",\"datePublished\":\"2019-02-28T03:56:15+00:00\",\"dateModified\":\"2019-02-28T11:00:13+00:00\",\"mainEntityOfPage\":{\"@id\":\"https:\/\/www.notibras.com\/site\/prefeitos-dao-as-maos-a-moro-na-guerra-anti-crime\/\"},\"wordCount\":490,\"publisher\":{\"@id\":\"https:\/\/www.notibras.com\/site\/#organization\"},\"image\":{\"@id\":\"https:\/\/www.notibras.com\/site\/prefeitos-dao-as-maos-a-moro-na-guerra-anti-crime\/#primaryimage\"},\"thumbnailUrl\":\"https:\/\/www.notibras.com\/site\/wp-content\/uploads\/2019\/02\/moro-prefeitos.jpg\",\"keywords\":[\"capa\"],\"articleSection\":[\"Brasil\"],\"inLanguage\":\"pt-BR\"},{\"@type\":\"WebPage\",\"@id\":\"https:\/\/www.notibras.com\/site\/prefeitos-dao-as-maos-a-moro-na-guerra-anti-crime\/\",\"url\":\"https:\/\/www.notibras.com\/site\/prefeitos-dao-as-maos-a-moro-na-guerra-anti-crime\/\",\"name\":\"Prefeitos d\u00e3o as m\u00e3os a Moro na guerra anti-crime - Notibras\",\"isPartOf\":{\"@id\":\"https:\/\/www.notibras.com\/site\/#website\"},\"primaryImageOfPage\":{\"@id\":\"https:\/\/www.notibras.com\/site\/prefeitos-dao-as-maos-a-moro-na-guerra-anti-crime\/#primaryimage\"},\"image\":{\"@id\":\"https:\/\/www.notibras.com\/site\/prefeitos-dao-as-maos-a-moro-na-guerra-anti-crime\/#primaryimage\"},\"thumbnailUrl\":\"https:\/\/www.notibras.com\/site\/wp-content\/uploads\/2019\/02\/moro-prefeitos.jpg\",\"datePublished\":\"2019-02-28T03:56:15+00:00\",\"dateModified\":\"2019-02-28T11:00:13+00:00\",\"breadcrumb\":{\"@id\":\"https:\/\/www.notibras.com\/site\/prefeitos-dao-as-maos-a-moro-na-guerra-anti-crime\/#breadcrumb\"},\"inLanguage\":\"pt-BR\",\"potentialAction\":[{\"@type\":\"ReadAction\",\"target\":[\"https:\/\/www.notibras.com\/site\/prefeitos-dao-as-maos-a-moro-na-guerra-anti-crime\/\"]}]},{\"@type\":\"ImageObject\",\"inLanguage\":\"pt-BR\",\"@id\":\"https:\/\/www.notibras.com\/site\/prefeitos-dao-as-maos-a-moro-na-guerra-anti-crime\/#primaryimage\",\"url\":\"https:\/\/www.notibras.com\/site\/wp-content\/uploads\/2019\/02\/moro-prefeitos.jpg\",\"contentUrl\":\"https:\/\/www.notibras.com\/site\/wp-content\/uploads\/2019\/02\/moro-prefeitos.jpg\",\"width\":1140,\"height\":760,\"caption\":\"Foto: Valter Campanato\/ABr\"},{\"@type\":\"BreadcrumbList\",\"@id\":\"https:\/\/www.notibras.com\/site\/prefeitos-dao-as-maos-a-moro-na-guerra-anti-crime\/#breadcrumb\",\"itemListElement\":[{\"@type\":\"ListItem\",\"position\":1,\"name\":\"In\u00edcio\",\"item\":\"https:\/\/www.notibras.com\/site\/\"},{\"@type\":\"ListItem\",\"position\":2,\"name\":\"Prefeitos d\u00e3o as m\u00e3os a Moro na guerra anti-crime\"}]},{\"@type\":\"WebSite\",\"@id\":\"https:\/\/www.notibras.com\/site\/#website\",\"url\":\"https:\/\/www.notibras.com\/site\/\",\"name\":\"Notibras\",\"description\":\"Not\u00edcias de Bras\u00edlia, do Brasil e do Mundo\",\"publisher\":{\"@id\":\"https:\/\/www.notibras.com\/site\/#organization\"},\"potentialAction\":[{\"@type\":\"SearchAction\",\"target\":{\"@type\":\"EntryPoint\",\"urlTemplate\":\"https:\/\/www.notibras.com\/site\/?s={search_term_string}\"},\"query-input\":{\"@type\":\"PropertyValueSpecification\",\"valueRequired\":true,\"valueName\":\"search_term_string\"}}],\"inLanguage\":\"pt-BR\"},{\"@type\":\"Organization\",\"@id\":\"https:\/\/www.notibras.com\/site\/#organization\",\"name\":\"Grupo Notibras de Comunica\u00e7\u00e3o\",\"url\":\"https:\/\/www.notibras.com\/site\/\",\"logo\":{\"@type\":\"ImageObject\",\"inLanguage\":\"pt-BR\",\"@id\":\"https:\/\/www.notibras.com\/site\/#\/schema\/logo\/image\/\",\"url\":\"https:\/\/www.notibras.com\/site\/wp-content\/uploads\/2023\/01\/notibras23.png\",\"contentUrl\":\"https:\/\/www.notibras.com\/site\/wp-content\/uploads\/2023\/01\/notibras23.png\",\"width\":350,\"height\":87,\"caption\":\"Grupo Notibras de Comunica\u00e7\u00e3o\"},\"image\":{\"@id\":\"https:\/\/www.notibras.com\/site\/#\/schema\/logo\/image\/\"},\"sameAs\":[\"https:\/\/www.facebook.com\/notibras\/\",\"https:\/\/x.com\/Notibras\",\"https:\/\/www.instagram.com\/notibras\/\"]},{\"@type\":\"Person\",\"@id\":\"https:\/\/www.notibras.com\/site\/#\/schema\/person\/36ab0979449956132d3e5b517ea76ac8\",\"name\":\"Reda\u00e7\u00e3o\",\"image\":{\"@type\":\"ImageObject\",\"inLanguage\":\"pt-BR\",\"@id\":\"https:\/\/secure.gravatar.com\/avatar\/e0a867bdedb85fd243eadf09663511f96fc81e0720a4a42581f334ad4303aa6b?s=96&d=mm&r=g\",\"url\":\"https:\/\/secure.gravatar.com\/avatar\/e0a867bdedb85fd243eadf09663511f96fc81e0720a4a42581f334ad4303aa6b?s=96&d=mm&r=g\",\"contentUrl\":\"https:\/\/secure.gravatar.com\/avatar\/e0a867bdedb85fd243eadf09663511f96fc81e0720a4a42581f334ad4303aa6b?s=96&d=mm&r=g\",\"caption\":\"Reda\u00e7\u00e3o\"}}]}<\/script>\n<!-- \/ Yoast SEO plugin. -->","yoast_head_json":{"title":"Prefeitos d\u00e3o as m\u00e3os a Moro na guerra anti-crime - Notibras","robots":{"index":"index","follow":"follow","max-snippet":"max-snippet:-1","max-image-preview":"max-image-preview:large","max-video-preview":"max-video-preview:-1"},"canonical":"https:\/\/www.notibras.com\/site\/prefeitos-dao-as-maos-a-moro-na-guerra-anti-crime\/","og_locale":"pt_BR","og_type":"article","og_title":"Prefeitos d\u00e3o as m\u00e3os a Moro na guerra anti-crime - Notibras","og_description":"A Frente Nacional dos Prefeitos (FNP) vai apoiar o projeto de lei anticrime proposto pelo governo federal ao Congresso Nacional. \u201cN\u00f3s vamos apoiar o projeto\u201d, disse Jonas Donizette, prefeito de Campinas (SP) e presidente da frente ap\u00f3s encontro em Bras\u00edlia de 50 prefeitos com o Ministro da Justi\u00e7a e da Seguran\u00e7a P\u00fablica, Sergio Moro. \u201cA [&hellip;]","og_url":"https:\/\/www.notibras.com\/site\/prefeitos-dao-as-maos-a-moro-na-guerra-anti-crime\/","og_site_name":"Notibras","article_publisher":"https:\/\/www.facebook.com\/notibras\/","article_published_time":"2019-02-28T03:56:15+00:00","article_modified_time":"2019-02-28T11:00:13+00:00","og_image":[{"width":1140,"height":760,"url":"https:\/\/www.notibras.com\/site\/wp-content\/uploads\/2019\/02\/moro-prefeitos.jpg","type":"image\/jpeg"}],"author":"Reda\u00e7\u00e3o","twitter_card":"summary_large_image","twitter_creator":"@Notibras","twitter_site":"@Notibras","twitter_misc":{"Escrito por":"Reda\u00e7\u00e3o","Est. tempo de leitura":"2 minutos"},"schema":{"@context":"https:\/\/schema.org","@graph":[{"@type":"Article","@id":"https:\/\/www.notibras.com\/site\/prefeitos-dao-as-maos-a-moro-na-guerra-anti-crime\/#article","isPartOf":{"@id":"https:\/\/www.notibras.com\/site\/prefeitos-dao-as-maos-a-moro-na-guerra-anti-crime\/"},"author":{"name":"Reda\u00e7\u00e3o","@id":"https:\/\/www.notibras.com\/site\/#\/schema\/person\/36ab0979449956132d3e5b517ea76ac8"},"headline":"Prefeitos d\u00e3o as m\u00e3os a Moro na guerra anti-crime","datePublished":"2019-02-28T03:56:15+00:00","dateModified":"2019-02-28T11:00:13+00:00","mainEntityOfPage":{"@id":"https:\/\/www.notibras.com\/site\/prefeitos-dao-as-maos-a-moro-na-guerra-anti-crime\/"},"wordCount":490,"publisher":{"@id":"https:\/\/www.notibras.com\/site\/#organization"},"image":{"@id":"https:\/\/www.notibras.com\/site\/prefeitos-dao-as-maos-a-moro-na-guerra-anti-crime\/#primaryimage"},"thumbnailUrl":"https:\/\/www.notibras.com\/site\/wp-content\/uploads\/2019\/02\/moro-prefeitos.jpg","keywords":["capa"],"articleSection":["Brasil"],"inLanguage":"pt-BR"},{"@type":"WebPage","@id":"https:\/\/www.notibras.com\/site\/prefeitos-dao-as-maos-a-moro-na-guerra-anti-crime\/","url":"https:\/\/www.notibras.com\/site\/prefeitos-dao-as-maos-a-moro-na-guerra-anti-crime\/","name":"Prefeitos d\u00e3o as m\u00e3os a Moro na guerra anti-crime - Notibras","isPartOf":{"@id":"https:\/\/www.notibras.com\/site\/#website"},"primaryImageOfPage":{"@id":"https:\/\/www.notibras.com\/site\/prefeitos-dao-as-maos-a-moro-na-guerra-anti-crime\/#primaryimage"},"image":{"@id":"https:\/\/www.notibras.com\/site\/prefeitos-dao-as-maos-a-moro-na-guerra-anti-crime\/#primaryimage"},"thumbnailUrl":"https:\/\/www.notibras.com\/site\/wp-content\/uploads\/2019\/02\/moro-prefeitos.jpg","datePublished":"2019-02-28T03:56:15+00:00","dateModified":"2019-02-28T11:00:13+00:00","breadcrumb":{"@id":"https:\/\/www.notibras.com\/site\/prefeitos-dao-as-maos-a-moro-na-guerra-anti-crime\/#breadcrumb"},"inLanguage":"pt-BR","potentialAction":[{"@type":"ReadAction","target":["https:\/\/www.notibras.com\/site\/prefeitos-dao-as-maos-a-moro-na-guerra-anti-crime\/"]}]},{"@type":"ImageObject","inLanguage":"pt-BR","@id":"https:\/\/www.notibras.com\/site\/prefeitos-dao-as-maos-a-moro-na-guerra-anti-crime\/#primaryimage","url":"https:\/\/www.notibras.com\/site\/wp-content\/uploads\/2019\/02\/moro-prefeitos.jpg","contentUrl":"https:\/\/www.notibras.com\/site\/wp-content\/uploads\/2019\/02\/moro-prefeitos.jpg","width":1140,"height":760,"caption":"Foto: Valter Campanato\/ABr"},{"@type":"BreadcrumbList","@id":"https:\/\/www.notibras.com\/site\/prefeitos-dao-as-maos-a-moro-na-guerra-anti-crime\/#breadcrumb","itemListElement":[{"@type":"ListItem","position":1,"name":"In\u00edcio","item":"https:\/\/www.notibras.com\/site\/"},{"@type":"ListItem","position":2,"name":"Prefeitos d\u00e3o as m\u00e3os a Moro na guerra anti-crime"}]},{"@type":"WebSite","@id":"https:\/\/www.notibras.com\/site\/#website","url":"https:\/\/www.notibras.com\/site\/","name":"Notibras","description":"Not\u00edcias de Bras\u00edlia, do Brasil e do Mundo","publisher":{"@id":"https:\/\/www.notibras.com\/site\/#organization"},"potentialAction":[{"@type":"SearchAction","target":{"@type":"EntryPoint","urlTemplate":"https:\/\/www.notibras.com\/site\/?s={search_term_string}"},"query-input":{"@type":"PropertyValueSpecification","valueRequired":true,"valueName":"search_term_string"}}],"inLanguage":"pt-BR"},{"@type":"Organization","@id":"https:\/\/www.notibras.com\/site\/#organization","name":"Grupo Notibras de Comunica\u00e7\u00e3o","url":"https:\/\/www.notibras.com\/site\/","logo":{"@type":"ImageObject","inLanguage":"pt-BR","@id":"https:\/\/www.notibras.com\/site\/#\/schema\/logo\/image\/","url":"https:\/\/www.notibras.com\/site\/wp-content\/uploads\/2023\/01\/notibras23.png","contentUrl":"https:\/\/www.notibras.com\/site\/wp-content\/uploads\/2023\/01\/notibras23.png","width":350,"height":87,"caption":"Grupo Notibras de Comunica\u00e7\u00e3o"},"image":{"@id":"https:\/\/www.notibras.com\/site\/#\/schema\/logo\/image\/"},"sameAs":["https:\/\/www.facebook.com\/notibras\/","https:\/\/x.com\/Notibras","https:\/\/www.instagram.com\/notibras\/"]},{"@type":"Person","@id":"https:\/\/www.notibras.com\/site\/#\/schema\/person\/36ab0979449956132d3e5b517ea76ac8","name":"Reda\u00e7\u00e3o","image":{"@type":"ImageObject","inLanguage":"pt-BR","@id":"https:\/\/secure.gravatar.com\/avatar\/e0a867bdedb85fd243eadf09663511f96fc81e0720a4a42581f334ad4303aa6b?s=96&d=mm&r=g","url":"https:\/\/secure.gravatar.com\/avatar\/e0a867bdedb85fd243eadf09663511f96fc81e0720a4a42581f334ad4303aa6b?s=96&d=mm&r=g","contentUrl":"https:\/\/secure.gravatar.com\/avatar\/e0a867bdedb85fd243eadf09663511f96fc81e0720a4a42581f334ad4303aa6b?s=96&d=mm&r=g","caption":"Reda\u00e7\u00e3o"}}]}},"amp_enabled":true,"_links":{"self":[{"href":"https:\/\/www.notibras.com\/site\/wp-json\/wp\/v2\/posts\/203701","targetHints":{"allow":["GET"]}}],"collection":[{"href":"https:\/\/www.notibras.com\/site\/wp-json\/wp\/v2\/posts"}],"about":[{"href":"https:\/\/www.notibras.com\/site\/wp-json\/wp\/v2\/types\/post"}],"author":[{"embeddable":true,"href":"https:\/\/www.notibras.com\/site\/wp-json\/wp\/v2\/users\/2"}],"replies":[{"embeddable":true,"href":"https:\/\/www.notibras.com\/site\/wp-json\/wp\/v2\/comments?post=203701"}],"version-history":[{"count":1,"href":"https:\/\/www.notibras.com\/site\/wp-json\/wp\/v2\/posts\/203701\/revisions"}],"predecessor-version":[{"id":203703,"href":"https:\/\/www.notibras.com\/site\/wp-json\/wp\/v2\/posts\/203701\/revisions\/203703"}],"wp:featuredmedia":[{"embeddable":true,"href":"https:\/\/www.notibras.com\/site\/wp-json\/wp\/v2\/media\/203702"}],"wp:attachment":[{"href":"https:\/\/www.notibras.com\/site\/wp-json\/wp\/v2\/media?parent=203701"}],"wp:term":[{"taxonomy":"category","embeddable":true,"href":"https:\/\/www.notibras.com\/site\/wp-json\/wp\/v2\/categories?post=203701"},{"taxonomy":"post_tag","embeddable":true,"href":"https:\/\/www.notibras.com\/site\/wp-json\/wp\/v2\/tags?post=203701"}],"curies":[{"name":"wp","href":"https:\/\/api.w.org\/{rel}","templated":true}]}}