{"id":203710,"date":"2019-02-28T09:00:42","date_gmt":"2019-02-28T12:00:42","guid":{"rendered":"https:\/\/www.notibras.com\/site\/?p=203710"},"modified":"2019-02-28T09:00:42","modified_gmt":"2019-02-28T12:00:42","slug":"delacao-pega-em-cheio-maia-serra-jaques-wagner","status":"publish","type":"post","link":"https:\/\/www.notibras.com\/site\/delacao-pega-em-cheio-maia-serra-jaques-wagner\/","title":{"rendered":"Dela\u00e7\u00e3o pega em cheio Maia, Serra, Jaques Wagner&#8230;"},"content":{"rendered":"<p>Delatores da construtora OAS relataram \u00e0 Procuradoria-Geral da Rep\u00fablica repasses de R$ 125 milh\u00f5es em propina e caixa 2 a 21 pol\u00edticos de oito partidos entre 2010 e 2014, segundo reportagem do jornal<em> O Globo<\/em>. Entre os citados est\u00e3o o presidente da C\u00e2mara, Rodrigo Maia (DEM-RJ), o ministro do Tribunal de Contas da Uni\u00e3o (TCU) Vital do R\u00eago, os senadores Jos\u00e9 Serra (PSDB-SP) e Jaques Wagner (PT-BA), o deputado A\u00e9cio Neves (PSDB-MG), o deputado cassado Eduardo Cunha (MDB-RJ) e o ex-governador do Rio S\u00e9rgio Cabral (MDB).<\/p>\n<p>A dela\u00e7\u00e3o da empreiteira foi homologada no ano passado pelo ministro Edson Fachin, relator da Lava Jato no Supremo Tribunal Federal, que manteve o material sob sigilo. Assim como a Odebrecht, a OAS tinha um setor respons\u00e1vel pelo pagamento de propina e listava os repasses a pol\u00edticos em planilhas.<\/p>\n<p>O esquema, segundo relataram oito ex-funcion\u00e1rios que atuavam na Controladoria de Projetos Estruturados, girava em torno do superfaturamento de obras como a transposi\u00e7\u00e3o do Rio S\u00e3o Francisco e a Ferrovia de Integra\u00e7\u00e3o oeste-leste.<\/p>\n<p>De acordo com o delator Adriano Santana, Maia recebeu caixa 2 para financiar sua campanha \u00e0 prefeitura do Rio em 2012. O acerto inicial teria sido de R$ 250 mil, mas apenas R$ 50 mil teriam sido pagos.<\/p>\n<p>A\u00e9cio teria recebido R$ 3 milh\u00f5es em &#8220;vantagem indevida&#8221; para a campanha presidencial de 2014. O tucano tamb\u00e9m teria sido benefici\u00e1rio de um esquema de R$ 1,2 milh\u00e3o de caixa 2 via contrato fict\u00edcio de empresa de consultoria. O delator Ramilton Junior disse ter operado R$ 1 milh\u00e3o via caixa 2 para Serra.<\/p>\n<p><strong>Defesas<\/strong> &#8211; Em nota, Rodrigo Maia disse que a den\u00fancia \u00e9 &#8220;uma ila\u00e7\u00e3o caluniosa&#8221; e alegou que as doa\u00e7\u00f5es recebidas foram declaradas \u00e0 Justi\u00e7a Eleitoral.<\/p>\n<p>O advogado Alberto Zacharias Toron, defensor de A\u00e9cio, afirmou que &#8220;\u00e9 inadmiss\u00edvel que investigados, para obterem benef\u00edcios de uma dela\u00e7\u00e3o, transformem doa\u00e7\u00f5es oficiais e legais em vantagens indevidas, sem apresentar prova&#8221;.<\/p>\n<p>A assessoria de Serra disse que ele &#8220;jamais recebeu nenhum tipo de vantagem indevida&#8221;. Vital do R\u00eago Filho afirmou que &#8220;n\u00e3o recebeu qualquer doa\u00e7\u00e3o irregular de campanha&#8221;. A defesa de Cunha alegou que a acusa\u00e7\u00e3o trata de &#8220;fatos requentados&#8221; e que ele provar\u00e1 sua inoc\u00eancia. A defesa de Jaques Wagner informou que n\u00e3o comentar\u00e1. Os advogados de Cabral n\u00e3o responderam.<\/p>\n","protected":false},"excerpt":{"rendered":"<p>Delatores da construtora OAS relataram \u00e0 Procuradoria-Geral da Rep\u00fablica repasses de R$ 125 milh\u00f5es em propina e caixa 2 a 21 pol\u00edticos de oito partidos entre 2010 e 2014, segundo reportagem do jornal O Globo. Entre os citados est\u00e3o o presidente da C\u00e2mara, Rodrigo Maia (DEM-RJ), o ministro do Tribunal de Contas da Uni\u00e3o (TCU) [&hellip;]<\/p>\n","protected":false},"author":2,"featured_media":84010,"comment_status":"closed","ping_status":"closed","sticky":false,"template":"","format":"standard","meta":{"_acf_changed":false,"footnotes":""},"categories":[16],"tags":[95],"class_list":["post-203710","post","type-post","status-publish","format-standard","has-post-thumbnail","hentry","category-brasil","tag-capa"],"acf":[],"yoast_head":"<!-- This site is optimized with the Yoast SEO plugin v27.2 - https:\/\/yoast.com\/product\/yoast-seo-wordpress\/ -->\n<title>Dela\u00e7\u00e3o pega em cheio Maia, Serra, Jaques Wagner... - Notibras<\/title>\n<meta name=\"robots\" content=\"index, follow, max-snippet:-1, max-image-preview:large, max-video-preview:-1\" \/>\n<link rel=\"canonical\" href=\"https:\/\/www.notibras.com\/site\/delacao-pega-em-cheio-maia-serra-jaques-wagner\/\" \/>\n<meta property=\"og:locale\" content=\"pt_BR\" \/>\n<meta property=\"og:type\" content=\"article\" \/>\n<meta property=\"og:title\" content=\"Dela\u00e7\u00e3o pega em cheio Maia, Serra, Jaques Wagner... - Notibras\" \/>\n<meta property=\"og:description\" content=\"Delatores da construtora OAS relataram \u00e0 Procuradoria-Geral da Rep\u00fablica repasses de R$ 125 milh\u00f5es em propina e caixa 2 a 21 pol\u00edticos de oito partidos entre 2010 e 2014, segundo reportagem do jornal O Globo. Entre os citados est\u00e3o o presidente da C\u00e2mara, Rodrigo Maia (DEM-RJ), o ministro do Tribunal de Contas da Uni\u00e3o (TCU) [&hellip;]\" \/>\n<meta property=\"og:url\" content=\"https:\/\/www.notibras.com\/site\/delacao-pega-em-cheio-maia-serra-jaques-wagner\/\" \/>\n<meta property=\"og:site_name\" content=\"Notibras\" \/>\n<meta property=\"article:publisher\" content=\"https:\/\/www.facebook.com\/notibras\/\" \/>\n<meta property=\"article:published_time\" content=\"2019-02-28T12:00:42+00:00\" \/>\n<meta property=\"og:image\" content=\"https:\/\/www.notibras.com\/site\/wp-content\/uploads\/2016\/01\/jaques-wagner_0.jpg\" \/>\n\t<meta property=\"og:image:width\" content=\"1200\" \/>\n\t<meta property=\"og:image:height\" content=\"800\" \/>\n\t<meta property=\"og:image:type\" content=\"image\/jpeg\" \/>\n<meta name=\"author\" content=\"Reda\u00e7\u00e3o\" \/>\n<meta name=\"twitter:card\" content=\"summary_large_image\" \/>\n<meta name=\"twitter:creator\" content=\"@Notibras\" \/>\n<meta name=\"twitter:site\" content=\"@Notibras\" \/>\n<meta name=\"twitter:label1\" content=\"Escrito por\" \/>\n\t<meta name=\"twitter:data1\" content=\"Reda\u00e7\u00e3o\" \/>\n\t<meta name=\"twitter:label2\" content=\"Est. tempo de leitura\" \/>\n\t<meta name=\"twitter:data2\" content=\"2 minutos\" \/>\n<script type=\"application\/ld+json\" class=\"yoast-schema-graph\">{\"@context\":\"https:\/\/schema.org\",\"@graph\":[{\"@type\":\"Article\",\"@id\":\"https:\/\/www.notibras.com\/site\/delacao-pega-em-cheio-maia-serra-jaques-wagner\/#article\",\"isPartOf\":{\"@id\":\"https:\/\/www.notibras.com\/site\/delacao-pega-em-cheio-maia-serra-jaques-wagner\/\"},\"author\":{\"name\":\"Reda\u00e7\u00e3o\",\"@id\":\"https:\/\/www.notibras.com\/site\/#\/schema\/person\/36ab0979449956132d3e5b517ea76ac8\"},\"headline\":\"Dela\u00e7\u00e3o pega em cheio Maia, Serra, Jaques Wagner&#8230;\",\"datePublished\":\"2019-02-28T12:00:42+00:00\",\"mainEntityOfPage\":{\"@id\":\"https:\/\/www.notibras.com\/site\/delacao-pega-em-cheio-maia-serra-jaques-wagner\/\"},\"wordCount\":403,\"publisher\":{\"@id\":\"https:\/\/www.notibras.com\/site\/#organization\"},\"image\":{\"@id\":\"https:\/\/www.notibras.com\/site\/delacao-pega-em-cheio-maia-serra-jaques-wagner\/#primaryimage\"},\"thumbnailUrl\":\"https:\/\/www.notibras.com\/site\/wp-content\/uploads\/2016\/01\/jaques-wagner_0.jpg\",\"keywords\":[\"capa\"],\"articleSection\":[\"Brasil\"],\"inLanguage\":\"pt-BR\"},{\"@type\":\"WebPage\",\"@id\":\"https:\/\/www.notibras.com\/site\/delacao-pega-em-cheio-maia-serra-jaques-wagner\/\",\"url\":\"https:\/\/www.notibras.com\/site\/delacao-pega-em-cheio-maia-serra-jaques-wagner\/\",\"name\":\"Dela\u00e7\u00e3o pega em cheio Maia, Serra, Jaques Wagner... - Notibras\",\"isPartOf\":{\"@id\":\"https:\/\/www.notibras.com\/site\/#website\"},\"primaryImageOfPage\":{\"@id\":\"https:\/\/www.notibras.com\/site\/delacao-pega-em-cheio-maia-serra-jaques-wagner\/#primaryimage\"},\"image\":{\"@id\":\"https:\/\/www.notibras.com\/site\/delacao-pega-em-cheio-maia-serra-jaques-wagner\/#primaryimage\"},\"thumbnailUrl\":\"https:\/\/www.notibras.com\/site\/wp-content\/uploads\/2016\/01\/jaques-wagner_0.jpg\",\"datePublished\":\"2019-02-28T12:00:42+00:00\",\"breadcrumb\":{\"@id\":\"https:\/\/www.notibras.com\/site\/delacao-pega-em-cheio-maia-serra-jaques-wagner\/#breadcrumb\"},\"inLanguage\":\"pt-BR\",\"potentialAction\":[{\"@type\":\"ReadAction\",\"target\":[\"https:\/\/www.notibras.com\/site\/delacao-pega-em-cheio-maia-serra-jaques-wagner\/\"]}]},{\"@type\":\"ImageObject\",\"inLanguage\":\"pt-BR\",\"@id\":\"https:\/\/www.notibras.com\/site\/delacao-pega-em-cheio-maia-serra-jaques-wagner\/#primaryimage\",\"url\":\"https:\/\/www.notibras.com\/site\/wp-content\/uploads\/2016\/01\/jaques-wagner_0.jpg\",\"contentUrl\":\"https:\/\/www.notibras.com\/site\/wp-content\/uploads\/2016\/01\/jaques-wagner_0.jpg\",\"width\":1200,\"height\":800,\"caption\":\"Foto\/Arquivo Notibras\"},{\"@type\":\"BreadcrumbList\",\"@id\":\"https:\/\/www.notibras.com\/site\/delacao-pega-em-cheio-maia-serra-jaques-wagner\/#breadcrumb\",\"itemListElement\":[{\"@type\":\"ListItem\",\"position\":1,\"name\":\"In\u00edcio\",\"item\":\"https:\/\/www.notibras.com\/site\/\"},{\"@type\":\"ListItem\",\"position\":2,\"name\":\"Dela\u00e7\u00e3o pega em cheio Maia, Serra, Jaques Wagner&#8230;\"}]},{\"@type\":\"WebSite\",\"@id\":\"https:\/\/www.notibras.com\/site\/#website\",\"url\":\"https:\/\/www.notibras.com\/site\/\",\"name\":\"Notibras\",\"description\":\"Not\u00edcias de Bras\u00edlia, do Brasil e do Mundo\",\"publisher\":{\"@id\":\"https:\/\/www.notibras.com\/site\/#organization\"},\"potentialAction\":[{\"@type\":\"SearchAction\",\"target\":{\"@type\":\"EntryPoint\",\"urlTemplate\":\"https:\/\/www.notibras.com\/site\/?s={search_term_string}\"},\"query-input\":{\"@type\":\"PropertyValueSpecification\",\"valueRequired\":true,\"valueName\":\"search_term_string\"}}],\"inLanguage\":\"pt-BR\"},{\"@type\":\"Organization\",\"@id\":\"https:\/\/www.notibras.com\/site\/#organization\",\"name\":\"Grupo Notibras de Comunica\u00e7\u00e3o\",\"url\":\"https:\/\/www.notibras.com\/site\/\",\"logo\":{\"@type\":\"ImageObject\",\"inLanguage\":\"pt-BR\",\"@id\":\"https:\/\/www.notibras.com\/site\/#\/schema\/logo\/image\/\",\"url\":\"https:\/\/www.notibras.com\/site\/wp-content\/uploads\/2023\/01\/notibras23.png\",\"contentUrl\":\"https:\/\/www.notibras.com\/site\/wp-content\/uploads\/2023\/01\/notibras23.png\",\"width\":350,\"height\":87,\"caption\":\"Grupo Notibras de Comunica\u00e7\u00e3o\"},\"image\":{\"@id\":\"https:\/\/www.notibras.com\/site\/#\/schema\/logo\/image\/\"},\"sameAs\":[\"https:\/\/www.facebook.com\/notibras\/\",\"https:\/\/x.com\/Notibras\",\"https:\/\/www.instagram.com\/notibras\/\"]},{\"@type\":\"Person\",\"@id\":\"https:\/\/www.notibras.com\/site\/#\/schema\/person\/36ab0979449956132d3e5b517ea76ac8\",\"name\":\"Reda\u00e7\u00e3o\",\"image\":{\"@type\":\"ImageObject\",\"inLanguage\":\"pt-BR\",\"@id\":\"https:\/\/secure.gravatar.com\/avatar\/e0a867bdedb85fd243eadf09663511f96fc81e0720a4a42581f334ad4303aa6b?s=96&d=mm&r=g\",\"url\":\"https:\/\/secure.gravatar.com\/avatar\/e0a867bdedb85fd243eadf09663511f96fc81e0720a4a42581f334ad4303aa6b?s=96&d=mm&r=g\",\"contentUrl\":\"https:\/\/secure.gravatar.com\/avatar\/e0a867bdedb85fd243eadf09663511f96fc81e0720a4a42581f334ad4303aa6b?s=96&d=mm&r=g\",\"caption\":\"Reda\u00e7\u00e3o\"}}]}<\/script>\n<!-- \/ Yoast SEO plugin. -->","yoast_head_json":{"title":"Dela\u00e7\u00e3o pega em cheio Maia, Serra, Jaques Wagner... - Notibras","robots":{"index":"index","follow":"follow","max-snippet":"max-snippet:-1","max-image-preview":"max-image-preview:large","max-video-preview":"max-video-preview:-1"},"canonical":"https:\/\/www.notibras.com\/site\/delacao-pega-em-cheio-maia-serra-jaques-wagner\/","og_locale":"pt_BR","og_type":"article","og_title":"Dela\u00e7\u00e3o pega em cheio Maia, Serra, Jaques Wagner... - Notibras","og_description":"Delatores da construtora OAS relataram \u00e0 Procuradoria-Geral da Rep\u00fablica repasses de R$ 125 milh\u00f5es em propina e caixa 2 a 21 pol\u00edticos de oito partidos entre 2010 e 2014, segundo reportagem do jornal O Globo. Entre os citados est\u00e3o o presidente da C\u00e2mara, Rodrigo Maia (DEM-RJ), o ministro do Tribunal de Contas da Uni\u00e3o (TCU) [&hellip;]","og_url":"https:\/\/www.notibras.com\/site\/delacao-pega-em-cheio-maia-serra-jaques-wagner\/","og_site_name":"Notibras","article_publisher":"https:\/\/www.facebook.com\/notibras\/","article_published_time":"2019-02-28T12:00:42+00:00","og_image":[{"width":1200,"height":800,"url":"https:\/\/www.notibras.com\/site\/wp-content\/uploads\/2016\/01\/jaques-wagner_0.jpg","type":"image\/jpeg"}],"author":"Reda\u00e7\u00e3o","twitter_card":"summary_large_image","twitter_creator":"@Notibras","twitter_site":"@Notibras","twitter_misc":{"Escrito por":"Reda\u00e7\u00e3o","Est. tempo de leitura":"2 minutos"},"schema":{"@context":"https:\/\/schema.org","@graph":[{"@type":"Article","@id":"https:\/\/www.notibras.com\/site\/delacao-pega-em-cheio-maia-serra-jaques-wagner\/#article","isPartOf":{"@id":"https:\/\/www.notibras.com\/site\/delacao-pega-em-cheio-maia-serra-jaques-wagner\/"},"author":{"name":"Reda\u00e7\u00e3o","@id":"https:\/\/www.notibras.com\/site\/#\/schema\/person\/36ab0979449956132d3e5b517ea76ac8"},"headline":"Dela\u00e7\u00e3o pega em cheio Maia, Serra, Jaques Wagner&#8230;","datePublished":"2019-02-28T12:00:42+00:00","mainEntityOfPage":{"@id":"https:\/\/www.notibras.com\/site\/delacao-pega-em-cheio-maia-serra-jaques-wagner\/"},"wordCount":403,"publisher":{"@id":"https:\/\/www.notibras.com\/site\/#organization"},"image":{"@id":"https:\/\/www.notibras.com\/site\/delacao-pega-em-cheio-maia-serra-jaques-wagner\/#primaryimage"},"thumbnailUrl":"https:\/\/www.notibras.com\/site\/wp-content\/uploads\/2016\/01\/jaques-wagner_0.jpg","keywords":["capa"],"articleSection":["Brasil"],"inLanguage":"pt-BR"},{"@type":"WebPage","@id":"https:\/\/www.notibras.com\/site\/delacao-pega-em-cheio-maia-serra-jaques-wagner\/","url":"https:\/\/www.notibras.com\/site\/delacao-pega-em-cheio-maia-serra-jaques-wagner\/","name":"Dela\u00e7\u00e3o pega em cheio Maia, Serra, Jaques Wagner... - Notibras","isPartOf":{"@id":"https:\/\/www.notibras.com\/site\/#website"},"primaryImageOfPage":{"@id":"https:\/\/www.notibras.com\/site\/delacao-pega-em-cheio-maia-serra-jaques-wagner\/#primaryimage"},"image":{"@id":"https:\/\/www.notibras.com\/site\/delacao-pega-em-cheio-maia-serra-jaques-wagner\/#primaryimage"},"thumbnailUrl":"https:\/\/www.notibras.com\/site\/wp-content\/uploads\/2016\/01\/jaques-wagner_0.jpg","datePublished":"2019-02-28T12:00:42+00:00","breadcrumb":{"@id":"https:\/\/www.notibras.com\/site\/delacao-pega-em-cheio-maia-serra-jaques-wagner\/#breadcrumb"},"inLanguage":"pt-BR","potentialAction":[{"@type":"ReadAction","target":["https:\/\/www.notibras.com\/site\/delacao-pega-em-cheio-maia-serra-jaques-wagner\/"]}]},{"@type":"ImageObject","inLanguage":"pt-BR","@id":"https:\/\/www.notibras.com\/site\/delacao-pega-em-cheio-maia-serra-jaques-wagner\/#primaryimage","url":"https:\/\/www.notibras.com\/site\/wp-content\/uploads\/2016\/01\/jaques-wagner_0.jpg","contentUrl":"https:\/\/www.notibras.com\/site\/wp-content\/uploads\/2016\/01\/jaques-wagner_0.jpg","width":1200,"height":800,"caption":"Foto\/Arquivo Notibras"},{"@type":"BreadcrumbList","@id":"https:\/\/www.notibras.com\/site\/delacao-pega-em-cheio-maia-serra-jaques-wagner\/#breadcrumb","itemListElement":[{"@type":"ListItem","position":1,"name":"In\u00edcio","item":"https:\/\/www.notibras.com\/site\/"},{"@type":"ListItem","position":2,"name":"Dela\u00e7\u00e3o pega em cheio Maia, Serra, Jaques Wagner&#8230;"}]},{"@type":"WebSite","@id":"https:\/\/www.notibras.com\/site\/#website","url":"https:\/\/www.notibras.com\/site\/","name":"Notibras","description":"Not\u00edcias de Bras\u00edlia, do Brasil e do Mundo","publisher":{"@id":"https:\/\/www.notibras.com\/site\/#organization"},"potentialAction":[{"@type":"SearchAction","target":{"@type":"EntryPoint","urlTemplate":"https:\/\/www.notibras.com\/site\/?s={search_term_string}"},"query-input":{"@type":"PropertyValueSpecification","valueRequired":true,"valueName":"search_term_string"}}],"inLanguage":"pt-BR"},{"@type":"Organization","@id":"https:\/\/www.notibras.com\/site\/#organization","name":"Grupo Notibras de Comunica\u00e7\u00e3o","url":"https:\/\/www.notibras.com\/site\/","logo":{"@type":"ImageObject","inLanguage":"pt-BR","@id":"https:\/\/www.notibras.com\/site\/#\/schema\/logo\/image\/","url":"https:\/\/www.notibras.com\/site\/wp-content\/uploads\/2023\/01\/notibras23.png","contentUrl":"https:\/\/www.notibras.com\/site\/wp-content\/uploads\/2023\/01\/notibras23.png","width":350,"height":87,"caption":"Grupo Notibras de Comunica\u00e7\u00e3o"},"image":{"@id":"https:\/\/www.notibras.com\/site\/#\/schema\/logo\/image\/"},"sameAs":["https:\/\/www.facebook.com\/notibras\/","https:\/\/x.com\/Notibras","https:\/\/www.instagram.com\/notibras\/"]},{"@type":"Person","@id":"https:\/\/www.notibras.com\/site\/#\/schema\/person\/36ab0979449956132d3e5b517ea76ac8","name":"Reda\u00e7\u00e3o","image":{"@type":"ImageObject","inLanguage":"pt-BR","@id":"https:\/\/secure.gravatar.com\/avatar\/e0a867bdedb85fd243eadf09663511f96fc81e0720a4a42581f334ad4303aa6b?s=96&d=mm&r=g","url":"https:\/\/secure.gravatar.com\/avatar\/e0a867bdedb85fd243eadf09663511f96fc81e0720a4a42581f334ad4303aa6b?s=96&d=mm&r=g","contentUrl":"https:\/\/secure.gravatar.com\/avatar\/e0a867bdedb85fd243eadf09663511f96fc81e0720a4a42581f334ad4303aa6b?s=96&d=mm&r=g","caption":"Reda\u00e7\u00e3o"}}]}},"amp_enabled":true,"_links":{"self":[{"href":"https:\/\/www.notibras.com\/site\/wp-json\/wp\/v2\/posts\/203710","targetHints":{"allow":["GET"]}}],"collection":[{"href":"https:\/\/www.notibras.com\/site\/wp-json\/wp\/v2\/posts"}],"about":[{"href":"https:\/\/www.notibras.com\/site\/wp-json\/wp\/v2\/types\/post"}],"author":[{"embeddable":true,"href":"https:\/\/www.notibras.com\/site\/wp-json\/wp\/v2\/users\/2"}],"replies":[{"embeddable":true,"href":"https:\/\/www.notibras.com\/site\/wp-json\/wp\/v2\/comments?post=203710"}],"version-history":[{"count":1,"href":"https:\/\/www.notibras.com\/site\/wp-json\/wp\/v2\/posts\/203710\/revisions"}],"predecessor-version":[{"id":203711,"href":"https:\/\/www.notibras.com\/site\/wp-json\/wp\/v2\/posts\/203710\/revisions\/203711"}],"wp:featuredmedia":[{"embeddable":true,"href":"https:\/\/www.notibras.com\/site\/wp-json\/wp\/v2\/media\/84010"}],"wp:attachment":[{"href":"https:\/\/www.notibras.com\/site\/wp-json\/wp\/v2\/media?parent=203710"}],"wp:term":[{"taxonomy":"category","embeddable":true,"href":"https:\/\/www.notibras.com\/site\/wp-json\/wp\/v2\/categories?post=203710"},{"taxonomy":"post_tag","embeddable":true,"href":"https:\/\/www.notibras.com\/site\/wp-json\/wp\/v2\/tags?post=203710"}],"curies":[{"name":"wp","href":"https:\/\/api.w.org\/{rel}","templated":true}]}}