{"id":203731,"date":"2019-02-28T13:48:44","date_gmt":"2019-02-28T16:48:44","guid":{"rendered":"https:\/\/www.notibras.com\/site\/?p=203731"},"modified":"2019-02-28T19:09:08","modified_gmt":"2019-02-28T22:09:08","slug":"bolsonaro-usa-a-labia-para-tentar-votar-previdencia","status":"publish","type":"post","link":"https:\/\/www.notibras.com\/site\/bolsonaro-usa-a-labia-para-tentar-votar-previdencia\/","title":{"rendered":"Bolsonaro usa a l\u00e1bia para tentar votar a reforma da Previd\u00eancia"},"content":{"rendered":"<p>O primeiro grande desafio do governo vai ser convencer pelo menos 308 deputados e 52 senadores a votarem favoravelmente \u00e0 PEC da Previd\u00eancia. Ele ter\u00e1 uma guerra pela frente tanto na C\u00e2mara dos Deputados como no Senado Federal. A tarefa de convencimento fica mais problem\u00e1tica em raz\u00e3o da disposi\u00e7\u00e3o do presidente Jair Bolsonaro n\u00e3o pretender adotar a tradicional politica do \u201ctoma l\u00e1, d\u00e1 c\u00e1\u201d, ou seja, nomear cabos eleitorais de deputados e senadores e proporcionar \u201cbondades\u201d em troca de votos.<\/p>\n<p>Bolsonaro quer que os parlamentares entendam que as mudan\u00e7as nas regras previdenci\u00e1rias s\u00e3o uma exig\u00eancia do Pa\u00eds. Sem elas, n\u00e3o h\u00e1 como recolocar o Brasil na rota do crescimento. O governo ficar\u00e1 sem caixa, num futuro bem pr\u00f3ximo, inclusive para pagar os aposentados e pensionistas.<\/p>\n<p>A PEC da Previd\u00eancia mexe com os interesses de todos brasileiros, acaba com in\u00fameros privil\u00e9gios e estabelece que \u201cquem ganha mais pagar\u00e1 mais ao sistema da Previd\u00eancia. Quem ganha menos pagar\u00e1 menos\u201d.<\/p>\n<p>Na for\u00e7a-tarefa de convencimento da nova Previd\u00eancia estar\u00e3o empenhados os governadores. \u00c9 que a PEC, se aprovada, permitir\u00e1 ajuda para solucionar o caos das contas p\u00fablicas dos estados e munic\u00edpios. A grande maioria das unidades federativas est\u00e1 em \u201csitua\u00e7\u00e3o de calamidade\u201d, n\u00e3o conseguindo mais pagar aposentados e pensionistas.<\/p>\n<p>Uma campanha, a n\u00edvel nacional, vai ser lan\u00e7ada para tentar criar um ambiente favor\u00e1vel junto a popula\u00e7\u00e3o do pa\u00eds.<\/p>\n<p>Vale lembrar que um levantamento feito pelo Departamento Intersindical de Assessoria Parlamentar, aponta que a oposi\u00e7\u00e3o tem apenas 176 votos declarados contra a nova Previd\u00eancia. Isso garante ao governo uma margem de 337 deputados que se disp\u00f5em aprov\u00e1-la. Portanto, 29 deputados a mais do qu\u00f3rum m\u00ednimo de 308 votos para aprovar a PEC.<\/p>\n<p>Acontece que um bom n\u00famero desses deputados exige algumas compensa\u00e7\u00f5es pol\u00edticas para votarem com o governo. Esse n\u00f3 est\u00e1 sendo desatado pelo presidente. A ideia \u00e9 criar um chamado \u201cbanco de talentos\u201d, que estabeleceria crit\u00e9rios e requisitos para abrigar os indicados pol\u00edticos, que dever\u00e3o ter qualifica\u00e7\u00e3o para exercer o posto. N\u00edvel superior e cursos de especializa\u00e7\u00e3o teriam peso determinante. Esta situa\u00e7\u00e3o dever\u00e1 estar definida nos pr\u00f3ximos dias.<\/p>\n<p>A expectativa nos meios pol\u00edticos \u00e9 que a C\u00e2mara dos Deputados concluir\u00e1 a vota\u00e7\u00e3o da nova Previd\u00eancia em meados de maio. O Senado poder\u00e1 sacramentar a mat\u00e9ria at\u00e9 o dia 15 de julho, quando come\u00e7a o recesso parlamentear do meio de ano.<\/p>\n<p>Mas, para prevalecer as previs\u00f5es otimistas dos pol\u00edticos, o presidente Bolsonaro vai ter que atender exig\u00eancias que v\u00e3o aparecendo. Como a de um grupo de parlamentares que decidiu s\u00f3 analisar a PEC da Previd\u00eancia quando tiverem conhecimento do texto do projeto de lei que tratar\u00e1 das regras que valer\u00e3o para os militares. Sem elas tornadas p\u00fablicas, a PEC ficar\u00e1 parada.<\/p>\n<p>O economista Rog\u00e9rio Marinho coordenador da \u00e1rea da Previd\u00eancia dentro da equipe do ministro Paulo Guedes, anunciou que o projeto dos militares s\u00f3 estar\u00e1 no Congresso Nacional no dia 20 de mar\u00e7o. Revelou que a ideia \u00e9 aumentar de 30 para 35 anos o tempo de servi\u00e7o dos militares e atualizar a contribui\u00e7\u00e3o previdenci\u00e1ria da categoria, que passar\u00e1 de 7,5% para 10,5%. Tamb\u00e9m est\u00e1 prevista uma nova al\u00edquota de 10,5% para os pensionistas, que hoje n\u00e3o contribuem para o sistema.<\/p>\n<p>O tempo de tramita\u00e7\u00e3o \u00e9 apenas um dos obst\u00e1culos para aprovar a reforma da Previd\u00eancia. Em rela\u00e7\u00e3o as mudan\u00e7as previstas na PEC, os ataques t\u00eam sido focados nas altera\u00e7\u00f5es no Beneficio de Presta\u00e7\u00e3o Continuada (BPC), na aposentadoria rural e no tempo m\u00ednimo de contribui\u00e7\u00e3o para aposentadoria, de 15 para 20 anos.<\/p>\n","protected":false},"excerpt":{"rendered":"<p>O primeiro grande desafio do governo vai ser convencer pelo menos 308 deputados e 52 senadores a votarem favoravelmente \u00e0 PEC da Previd\u00eancia. Ele ter\u00e1 uma guerra pela frente tanto na C\u00e2mara dos Deputados como no Senado Federal. A tarefa de convencimento fica mais problem\u00e1tica em raz\u00e3o da disposi\u00e7\u00e3o do presidente Jair Bolsonaro n\u00e3o pretender [&hellip;]<\/p>\n","protected":false},"author":2,"featured_media":198597,"comment_status":"closed","ping_status":"closed","sticky":false,"template":"","format":"standard","meta":{"_acf_changed":false,"footnotes":""},"categories":[16],"tags":[95],"class_list":["post-203731","post","type-post","status-publish","format-standard","has-post-thumbnail","hentry","category-brasil","tag-capa"],"acf":[],"yoast_head":"<!-- This site is optimized with the Yoast SEO plugin v27.2 - https:\/\/yoast.com\/product\/yoast-seo-wordpress\/ -->\n<title>Bolsonaro usa a l\u00e1bia para tentar votar a reforma da Previd\u00eancia - Notibras<\/title>\n<meta name=\"robots\" content=\"index, follow, max-snippet:-1, max-image-preview:large, max-video-preview:-1\" \/>\n<link rel=\"canonical\" href=\"https:\/\/www.notibras.com\/site\/bolsonaro-usa-a-labia-para-tentar-votar-previdencia\/\" \/>\n<meta property=\"og:locale\" content=\"pt_BR\" \/>\n<meta property=\"og:type\" content=\"article\" \/>\n<meta property=\"og:title\" content=\"Bolsonaro usa a l\u00e1bia para tentar votar a reforma da Previd\u00eancia - Notibras\" \/>\n<meta property=\"og:description\" content=\"O primeiro grande desafio do governo vai ser convencer pelo menos 308 deputados e 52 senadores a votarem favoravelmente \u00e0 PEC da Previd\u00eancia. Ele ter\u00e1 uma guerra pela frente tanto na C\u00e2mara dos Deputados como no Senado Federal. A tarefa de convencimento fica mais problem\u00e1tica em raz\u00e3o da disposi\u00e7\u00e3o do presidente Jair Bolsonaro n\u00e3o pretender [&hellip;]\" \/>\n<meta property=\"og:url\" content=\"https:\/\/www.notibras.com\/site\/bolsonaro-usa-a-labia-para-tentar-votar-previdencia\/\" \/>\n<meta property=\"og:site_name\" content=\"Notibras\" \/>\n<meta property=\"article:publisher\" content=\"https:\/\/www.facebook.com\/notibras\/\" \/>\n<meta property=\"article:published_time\" content=\"2019-02-28T16:48:44+00:00\" \/>\n<meta property=\"article:modified_time\" content=\"2019-02-28T22:09:08+00:00\" \/>\n<meta property=\"og:image\" content=\"https:\/\/www.notibras.com\/site\/wp-content\/uploads\/2019\/01\/aposentadoria-bolsonaro.jpg\" \/>\n\t<meta property=\"og:image:width\" content=\"932\" \/>\n\t<meta property=\"og:image:height\" content=\"567\" \/>\n\t<meta property=\"og:image:type\" content=\"image\/jpeg\" \/>\n<meta name=\"author\" content=\"Reda\u00e7\u00e3o\" \/>\n<meta name=\"twitter:card\" content=\"summary_large_image\" \/>\n<meta name=\"twitter:creator\" content=\"@Notibras\" \/>\n<meta name=\"twitter:site\" content=\"@Notibras\" \/>\n<meta name=\"twitter:label1\" content=\"Escrito por\" \/>\n\t<meta name=\"twitter:data1\" content=\"Reda\u00e7\u00e3o\" \/>\n\t<meta name=\"twitter:label2\" content=\"Est. tempo de leitura\" \/>\n\t<meta name=\"twitter:data2\" content=\"3 minutos\" \/>\n<script type=\"application\/ld+json\" class=\"yoast-schema-graph\">{\"@context\":\"https:\/\/schema.org\",\"@graph\":[{\"@type\":\"Article\",\"@id\":\"https:\/\/www.notibras.com\/site\/bolsonaro-usa-a-labia-para-tentar-votar-previdencia\/#article\",\"isPartOf\":{\"@id\":\"https:\/\/www.notibras.com\/site\/bolsonaro-usa-a-labia-para-tentar-votar-previdencia\/\"},\"author\":{\"name\":\"Reda\u00e7\u00e3o\",\"@id\":\"https:\/\/www.notibras.com\/site\/#\/schema\/person\/36ab0979449956132d3e5b517ea76ac8\"},\"headline\":\"Bolsonaro usa a l\u00e1bia para tentar votar a reforma da Previd\u00eancia\",\"datePublished\":\"2019-02-28T16:48:44+00:00\",\"dateModified\":\"2019-02-28T22:09:08+00:00\",\"mainEntityOfPage\":{\"@id\":\"https:\/\/www.notibras.com\/site\/bolsonaro-usa-a-labia-para-tentar-votar-previdencia\/\"},\"wordCount\":647,\"publisher\":{\"@id\":\"https:\/\/www.notibras.com\/site\/#organization\"},\"image\":{\"@id\":\"https:\/\/www.notibras.com\/site\/bolsonaro-usa-a-labia-para-tentar-votar-previdencia\/#primaryimage\"},\"thumbnailUrl\":\"https:\/\/www.notibras.com\/site\/wp-content\/uploads\/2019\/01\/aposentadoria-bolsonaro.jpg\",\"keywords\":[\"capa\"],\"articleSection\":[\"Brasil\"],\"inLanguage\":\"pt-BR\"},{\"@type\":\"WebPage\",\"@id\":\"https:\/\/www.notibras.com\/site\/bolsonaro-usa-a-labia-para-tentar-votar-previdencia\/\",\"url\":\"https:\/\/www.notibras.com\/site\/bolsonaro-usa-a-labia-para-tentar-votar-previdencia\/\",\"name\":\"Bolsonaro usa a l\u00e1bia para tentar votar a reforma da Previd\u00eancia - Notibras\",\"isPartOf\":{\"@id\":\"https:\/\/www.notibras.com\/site\/#website\"},\"primaryImageOfPage\":{\"@id\":\"https:\/\/www.notibras.com\/site\/bolsonaro-usa-a-labia-para-tentar-votar-previdencia\/#primaryimage\"},\"image\":{\"@id\":\"https:\/\/www.notibras.com\/site\/bolsonaro-usa-a-labia-para-tentar-votar-previdencia\/#primaryimage\"},\"thumbnailUrl\":\"https:\/\/www.notibras.com\/site\/wp-content\/uploads\/2019\/01\/aposentadoria-bolsonaro.jpg\",\"datePublished\":\"2019-02-28T16:48:44+00:00\",\"dateModified\":\"2019-02-28T22:09:08+00:00\",\"breadcrumb\":{\"@id\":\"https:\/\/www.notibras.com\/site\/bolsonaro-usa-a-labia-para-tentar-votar-previdencia\/#breadcrumb\"},\"inLanguage\":\"pt-BR\",\"potentialAction\":[{\"@type\":\"ReadAction\",\"target\":[\"https:\/\/www.notibras.com\/site\/bolsonaro-usa-a-labia-para-tentar-votar-previdencia\/\"]}]},{\"@type\":\"ImageObject\",\"inLanguage\":\"pt-BR\",\"@id\":\"https:\/\/www.notibras.com\/site\/bolsonaro-usa-a-labia-para-tentar-votar-previdencia\/#primaryimage\",\"url\":\"https:\/\/www.notibras.com\/site\/wp-content\/uploads\/2019\/01\/aposentadoria-bolsonaro.jpg\",\"contentUrl\":\"https:\/\/www.notibras.com\/site\/wp-content\/uploads\/2019\/01\/aposentadoria-bolsonaro.jpg\",\"width\":932,\"height\":567,\"caption\":\"Foto\/Arquivo Notibras\"},{\"@type\":\"BreadcrumbList\",\"@id\":\"https:\/\/www.notibras.com\/site\/bolsonaro-usa-a-labia-para-tentar-votar-previdencia\/#breadcrumb\",\"itemListElement\":[{\"@type\":\"ListItem\",\"position\":1,\"name\":\"In\u00edcio\",\"item\":\"https:\/\/www.notibras.com\/site\/\"},{\"@type\":\"ListItem\",\"position\":2,\"name\":\"Bolsonaro usa a l\u00e1bia para tentar votar a reforma da Previd\u00eancia\"}]},{\"@type\":\"WebSite\",\"@id\":\"https:\/\/www.notibras.com\/site\/#website\",\"url\":\"https:\/\/www.notibras.com\/site\/\",\"name\":\"Notibras\",\"description\":\"Not\u00edcias de Bras\u00edlia, do Brasil e do Mundo\",\"publisher\":{\"@id\":\"https:\/\/www.notibras.com\/site\/#organization\"},\"potentialAction\":[{\"@type\":\"SearchAction\",\"target\":{\"@type\":\"EntryPoint\",\"urlTemplate\":\"https:\/\/www.notibras.com\/site\/?s={search_term_string}\"},\"query-input\":{\"@type\":\"PropertyValueSpecification\",\"valueRequired\":true,\"valueName\":\"search_term_string\"}}],\"inLanguage\":\"pt-BR\"},{\"@type\":\"Organization\",\"@id\":\"https:\/\/www.notibras.com\/site\/#organization\",\"name\":\"Grupo Notibras de Comunica\u00e7\u00e3o\",\"url\":\"https:\/\/www.notibras.com\/site\/\",\"logo\":{\"@type\":\"ImageObject\",\"inLanguage\":\"pt-BR\",\"@id\":\"https:\/\/www.notibras.com\/site\/#\/schema\/logo\/image\/\",\"url\":\"https:\/\/www.notibras.com\/site\/wp-content\/uploads\/2023\/01\/notibras23.png\",\"contentUrl\":\"https:\/\/www.notibras.com\/site\/wp-content\/uploads\/2023\/01\/notibras23.png\",\"width\":350,\"height\":87,\"caption\":\"Grupo Notibras de Comunica\u00e7\u00e3o\"},\"image\":{\"@id\":\"https:\/\/www.notibras.com\/site\/#\/schema\/logo\/image\/\"},\"sameAs\":[\"https:\/\/www.facebook.com\/notibras\/\",\"https:\/\/x.com\/Notibras\",\"https:\/\/www.instagram.com\/notibras\/\"]},{\"@type\":\"Person\",\"@id\":\"https:\/\/www.notibras.com\/site\/#\/schema\/person\/36ab0979449956132d3e5b517ea76ac8\",\"name\":\"Reda\u00e7\u00e3o\",\"image\":{\"@type\":\"ImageObject\",\"inLanguage\":\"pt-BR\",\"@id\":\"https:\/\/secure.gravatar.com\/avatar\/e0a867bdedb85fd243eadf09663511f96fc81e0720a4a42581f334ad4303aa6b?s=96&d=mm&r=g\",\"url\":\"https:\/\/secure.gravatar.com\/avatar\/e0a867bdedb85fd243eadf09663511f96fc81e0720a4a42581f334ad4303aa6b?s=96&d=mm&r=g\",\"contentUrl\":\"https:\/\/secure.gravatar.com\/avatar\/e0a867bdedb85fd243eadf09663511f96fc81e0720a4a42581f334ad4303aa6b?s=96&d=mm&r=g\",\"caption\":\"Reda\u00e7\u00e3o\"}}]}<\/script>\n<!-- \/ Yoast SEO plugin. -->","yoast_head_json":{"title":"Bolsonaro usa a l\u00e1bia para tentar votar a reforma da Previd\u00eancia - Notibras","robots":{"index":"index","follow":"follow","max-snippet":"max-snippet:-1","max-image-preview":"max-image-preview:large","max-video-preview":"max-video-preview:-1"},"canonical":"https:\/\/www.notibras.com\/site\/bolsonaro-usa-a-labia-para-tentar-votar-previdencia\/","og_locale":"pt_BR","og_type":"article","og_title":"Bolsonaro usa a l\u00e1bia para tentar votar a reforma da Previd\u00eancia - Notibras","og_description":"O primeiro grande desafio do governo vai ser convencer pelo menos 308 deputados e 52 senadores a votarem favoravelmente \u00e0 PEC da Previd\u00eancia. Ele ter\u00e1 uma guerra pela frente tanto na C\u00e2mara dos Deputados como no Senado Federal. A tarefa de convencimento fica mais problem\u00e1tica em raz\u00e3o da disposi\u00e7\u00e3o do presidente Jair Bolsonaro n\u00e3o pretender [&hellip;]","og_url":"https:\/\/www.notibras.com\/site\/bolsonaro-usa-a-labia-para-tentar-votar-previdencia\/","og_site_name":"Notibras","article_publisher":"https:\/\/www.facebook.com\/notibras\/","article_published_time":"2019-02-28T16:48:44+00:00","article_modified_time":"2019-02-28T22:09:08+00:00","og_image":[{"width":932,"height":567,"url":"https:\/\/www.notibras.com\/site\/wp-content\/uploads\/2019\/01\/aposentadoria-bolsonaro.jpg","type":"image\/jpeg"}],"author":"Reda\u00e7\u00e3o","twitter_card":"summary_large_image","twitter_creator":"@Notibras","twitter_site":"@Notibras","twitter_misc":{"Escrito por":"Reda\u00e7\u00e3o","Est. tempo de leitura":"3 minutos"},"schema":{"@context":"https:\/\/schema.org","@graph":[{"@type":"Article","@id":"https:\/\/www.notibras.com\/site\/bolsonaro-usa-a-labia-para-tentar-votar-previdencia\/#article","isPartOf":{"@id":"https:\/\/www.notibras.com\/site\/bolsonaro-usa-a-labia-para-tentar-votar-previdencia\/"},"author":{"name":"Reda\u00e7\u00e3o","@id":"https:\/\/www.notibras.com\/site\/#\/schema\/person\/36ab0979449956132d3e5b517ea76ac8"},"headline":"Bolsonaro usa a l\u00e1bia para tentar votar a reforma da Previd\u00eancia","datePublished":"2019-02-28T16:48:44+00:00","dateModified":"2019-02-28T22:09:08+00:00","mainEntityOfPage":{"@id":"https:\/\/www.notibras.com\/site\/bolsonaro-usa-a-labia-para-tentar-votar-previdencia\/"},"wordCount":647,"publisher":{"@id":"https:\/\/www.notibras.com\/site\/#organization"},"image":{"@id":"https:\/\/www.notibras.com\/site\/bolsonaro-usa-a-labia-para-tentar-votar-previdencia\/#primaryimage"},"thumbnailUrl":"https:\/\/www.notibras.com\/site\/wp-content\/uploads\/2019\/01\/aposentadoria-bolsonaro.jpg","keywords":["capa"],"articleSection":["Brasil"],"inLanguage":"pt-BR"},{"@type":"WebPage","@id":"https:\/\/www.notibras.com\/site\/bolsonaro-usa-a-labia-para-tentar-votar-previdencia\/","url":"https:\/\/www.notibras.com\/site\/bolsonaro-usa-a-labia-para-tentar-votar-previdencia\/","name":"Bolsonaro usa a l\u00e1bia para tentar votar a reforma da Previd\u00eancia - Notibras","isPartOf":{"@id":"https:\/\/www.notibras.com\/site\/#website"},"primaryImageOfPage":{"@id":"https:\/\/www.notibras.com\/site\/bolsonaro-usa-a-labia-para-tentar-votar-previdencia\/#primaryimage"},"image":{"@id":"https:\/\/www.notibras.com\/site\/bolsonaro-usa-a-labia-para-tentar-votar-previdencia\/#primaryimage"},"thumbnailUrl":"https:\/\/www.notibras.com\/site\/wp-content\/uploads\/2019\/01\/aposentadoria-bolsonaro.jpg","datePublished":"2019-02-28T16:48:44+00:00","dateModified":"2019-02-28T22:09:08+00:00","breadcrumb":{"@id":"https:\/\/www.notibras.com\/site\/bolsonaro-usa-a-labia-para-tentar-votar-previdencia\/#breadcrumb"},"inLanguage":"pt-BR","potentialAction":[{"@type":"ReadAction","target":["https:\/\/www.notibras.com\/site\/bolsonaro-usa-a-labia-para-tentar-votar-previdencia\/"]}]},{"@type":"ImageObject","inLanguage":"pt-BR","@id":"https:\/\/www.notibras.com\/site\/bolsonaro-usa-a-labia-para-tentar-votar-previdencia\/#primaryimage","url":"https:\/\/www.notibras.com\/site\/wp-content\/uploads\/2019\/01\/aposentadoria-bolsonaro.jpg","contentUrl":"https:\/\/www.notibras.com\/site\/wp-content\/uploads\/2019\/01\/aposentadoria-bolsonaro.jpg","width":932,"height":567,"caption":"Foto\/Arquivo Notibras"},{"@type":"BreadcrumbList","@id":"https:\/\/www.notibras.com\/site\/bolsonaro-usa-a-labia-para-tentar-votar-previdencia\/#breadcrumb","itemListElement":[{"@type":"ListItem","position":1,"name":"In\u00edcio","item":"https:\/\/www.notibras.com\/site\/"},{"@type":"ListItem","position":2,"name":"Bolsonaro usa a l\u00e1bia para tentar votar a reforma da Previd\u00eancia"}]},{"@type":"WebSite","@id":"https:\/\/www.notibras.com\/site\/#website","url":"https:\/\/www.notibras.com\/site\/","name":"Notibras","description":"Not\u00edcias de Bras\u00edlia, do Brasil e do Mundo","publisher":{"@id":"https:\/\/www.notibras.com\/site\/#organization"},"potentialAction":[{"@type":"SearchAction","target":{"@type":"EntryPoint","urlTemplate":"https:\/\/www.notibras.com\/site\/?s={search_term_string}"},"query-input":{"@type":"PropertyValueSpecification","valueRequired":true,"valueName":"search_term_string"}}],"inLanguage":"pt-BR"},{"@type":"Organization","@id":"https:\/\/www.notibras.com\/site\/#organization","name":"Grupo Notibras de Comunica\u00e7\u00e3o","url":"https:\/\/www.notibras.com\/site\/","logo":{"@type":"ImageObject","inLanguage":"pt-BR","@id":"https:\/\/www.notibras.com\/site\/#\/schema\/logo\/image\/","url":"https:\/\/www.notibras.com\/site\/wp-content\/uploads\/2023\/01\/notibras23.png","contentUrl":"https:\/\/www.notibras.com\/site\/wp-content\/uploads\/2023\/01\/notibras23.png","width":350,"height":87,"caption":"Grupo Notibras de Comunica\u00e7\u00e3o"},"image":{"@id":"https:\/\/www.notibras.com\/site\/#\/schema\/logo\/image\/"},"sameAs":["https:\/\/www.facebook.com\/notibras\/","https:\/\/x.com\/Notibras","https:\/\/www.instagram.com\/notibras\/"]},{"@type":"Person","@id":"https:\/\/www.notibras.com\/site\/#\/schema\/person\/36ab0979449956132d3e5b517ea76ac8","name":"Reda\u00e7\u00e3o","image":{"@type":"ImageObject","inLanguage":"pt-BR","@id":"https:\/\/secure.gravatar.com\/avatar\/e0a867bdedb85fd243eadf09663511f96fc81e0720a4a42581f334ad4303aa6b?s=96&d=mm&r=g","url":"https:\/\/secure.gravatar.com\/avatar\/e0a867bdedb85fd243eadf09663511f96fc81e0720a4a42581f334ad4303aa6b?s=96&d=mm&r=g","contentUrl":"https:\/\/secure.gravatar.com\/avatar\/e0a867bdedb85fd243eadf09663511f96fc81e0720a4a42581f334ad4303aa6b?s=96&d=mm&r=g","caption":"Reda\u00e7\u00e3o"}}]}},"amp_enabled":true,"_links":{"self":[{"href":"https:\/\/www.notibras.com\/site\/wp-json\/wp\/v2\/posts\/203731","targetHints":{"allow":["GET"]}}],"collection":[{"href":"https:\/\/www.notibras.com\/site\/wp-json\/wp\/v2\/posts"}],"about":[{"href":"https:\/\/www.notibras.com\/site\/wp-json\/wp\/v2\/types\/post"}],"author":[{"embeddable":true,"href":"https:\/\/www.notibras.com\/site\/wp-json\/wp\/v2\/users\/2"}],"replies":[{"embeddable":true,"href":"https:\/\/www.notibras.com\/site\/wp-json\/wp\/v2\/comments?post=203731"}],"version-history":[{"count":3,"href":"https:\/\/www.notibras.com\/site\/wp-json\/wp\/v2\/posts\/203731\/revisions"}],"predecessor-version":[{"id":203767,"href":"https:\/\/www.notibras.com\/site\/wp-json\/wp\/v2\/posts\/203731\/revisions\/203767"}],"wp:featuredmedia":[{"embeddable":true,"href":"https:\/\/www.notibras.com\/site\/wp-json\/wp\/v2\/media\/198597"}],"wp:attachment":[{"href":"https:\/\/www.notibras.com\/site\/wp-json\/wp\/v2\/media?parent=203731"}],"wp:term":[{"taxonomy":"category","embeddable":true,"href":"https:\/\/www.notibras.com\/site\/wp-json\/wp\/v2\/categories?post=203731"},{"taxonomy":"post_tag","embeddable":true,"href":"https:\/\/www.notibras.com\/site\/wp-json\/wp\/v2\/tags?post=203731"}],"curies":[{"name":"wp","href":"https:\/\/api.w.org\/{rel}","templated":true}]}}