{"id":203734,"date":"2019-02-28T18:57:42","date_gmt":"2019-02-28T21:57:42","guid":{"rendered":"https:\/\/www.notibras.com\/site\/?p=203734"},"modified":"2019-02-28T19:30:35","modified_gmt":"2019-02-28T22:30:35","slug":"bolsonaro-busca-saida-para-crise-da-venezuela","status":"publish","type":"post","link":"https:\/\/www.notibras.com\/site\/bolsonaro-busca-saida-para-crise-da-venezuela\/","title":{"rendered":"Bolsonaro busca sa\u00edda para crise da Venezuela"},"content":{"rendered":"<p>Depois da reuni\u00e3o no Pal\u00e1cio do Planalto, o presidente Jair Bolsonaro manifestou publicamente seu apoio ao presidente autodeclarado interino da Venezuela, Juan Guaid\u00f3. Em declara\u00e7\u00e3o \u00e0 imprensa nesta quinta-feira, 28, Bolsonaro afirmou que o Brasil vai atuar, dentro da legalidade, para restabelecer a democracia no pa\u00eds vizinho.<\/p>\n<p>\u201cN\u00f3s n\u00e3o pouparemos esfor\u00e7os dentro da legalidade, da nossa Constitui\u00e7\u00e3o e das nossas tradi\u00e7\u00f5es para que a democracia seja restabelecida na Venezuela. E isso s\u00f3 ser\u00e1 poss\u00edvel com elei\u00e7\u00f5es limpas e confi\u00e1veis. Nos interessa uma Venezuela livre, pr\u00f3spera e economicamente pujante\u201d, disse o presidente.<\/p>\n<p>Bolsonaro criticou governos anteriores do Brasil por terem dado apoio ao presidente venezuelano, Nicol\u00e1s Maduro. \u201cFa\u00e7o uma mea culpa aqui, porque dois ex-presidentes do Brasil fizeram parte do que est\u00e1 acontecendo na Venezuela hoje. Essa esquerda gosta de tanto de pobre que acabou multiplicando-os, e a igualdade buscada por eles foi por baixo. Queremos uma igualdade para cima, na prosperidade\u201d, afirmou.<\/p>\n<p>O presidente brasileiro pediu permiss\u00e3o para chamar Guaid\u00f3 de \u201cirm\u00e3o\u201d e afirmou que continuar\u00e1 apoiando as decis\u00f5es do Grupo de Lima em favor da mudan\u00e7a de pol\u00edtica no pa\u00eds vizinho, \u201cpor liberdade e democracia\u201d. Ao final de seu pronunciamento, apertou a m\u00e3o do colega.<\/p>\n<p>Em seu pronunciamento, o presidente autoproclamado da Venezuela \u2013 que \u00e9 o presidente da Assembleia Nacional, equivalente ao Congresso Nacional venezuelano, \u2013 agradeceu o apoio do governo brasileiro na ajuda humanit\u00e1ria ao pa\u00eds vizinho e classificou o encontro com Bolsonaro como um marco no resgate das rela\u00e7\u00f5es entre os dois pa\u00edses.<\/p>\n<p>\u201c\u00c9 um marco para resgatar um relacionamento positivo que beneficie nossa gente. Na Venezuela, estamos lutando por elei\u00e7\u00f5es livres, no marco da Constitui\u00e7\u00e3o, democr\u00e1ticas\u201d, afirmou o l\u00edder opositor, reconhecido por mais de 50 pa\u00edses, incluindo o Brasil, como presidente leg\u00edtimo do pa\u00eds.<\/p>\n<p>Guaid\u00f3 citou tamb\u00e9m o n\u00famero de 300 mil venezuelanos em situa\u00e7\u00e3o de \u201cemerg\u00eancia de morte\u201d e outros 3 milh\u00f5es em risco humanit\u00e1rio em decorr\u00eancia da crise pol\u00edtica e econ\u00f4mica que afeta o pa\u00eds. Para o presidente interino, a Venezuela n\u00e3o vive um dilema entre dois grupos ou duas ideologias, mas sim entre ditadura e democracia, entre mis\u00e9ria e prosperidade.<\/p>\n<p>Guaid\u00f3 chegou ao Brasil na madrugada de hoje (28). Em sua conta pessoal no Twitter, ele disse que veio ao Brasil em busca de apoio para a transi\u00e7\u00e3o de governo na Venezuela. Antes do encontro com Bolsonaro, ele esteve com representantes diplom\u00e1ticos de outros pa\u00edses no escrit\u00f3rio da delega\u00e7\u00e3o da Uni\u00e3o Europeia, em Bras\u00edlia.<\/p>\n","protected":false},"excerpt":{"rendered":"<p>Depois da reuni\u00e3o no Pal\u00e1cio do Planalto, o presidente Jair Bolsonaro manifestou publicamente seu apoio ao presidente autodeclarado interino da Venezuela, Juan Guaid\u00f3. Em declara\u00e7\u00e3o \u00e0 imprensa nesta quinta-feira, 28, Bolsonaro afirmou que o Brasil vai atuar, dentro da legalidade, para restabelecer a democracia no pa\u00eds vizinho. \u201cN\u00f3s n\u00e3o pouparemos esfor\u00e7os dentro da legalidade, da [&hellip;]<\/p>\n","protected":false},"author":2,"featured_media":203735,"comment_status":"closed","ping_status":"closed","sticky":false,"template":"","format":"standard","meta":{"_acf_changed":false,"footnotes":""},"categories":[16],"tags":[95],"class_list":["post-203734","post","type-post","status-publish","format-standard","has-post-thumbnail","hentry","category-brasil","tag-capa"],"acf":[],"yoast_head":"<!-- This site is optimized with the Yoast SEO plugin v27.2 - https:\/\/yoast.com\/product\/yoast-seo-wordpress\/ -->\n<title>Bolsonaro busca sa\u00edda para crise da Venezuela - Notibras<\/title>\n<meta name=\"robots\" content=\"index, follow, max-snippet:-1, max-image-preview:large, max-video-preview:-1\" \/>\n<link rel=\"canonical\" href=\"https:\/\/www.notibras.com\/site\/bolsonaro-busca-saida-para-crise-da-venezuela\/\" \/>\n<meta property=\"og:locale\" content=\"pt_BR\" \/>\n<meta property=\"og:type\" content=\"article\" \/>\n<meta property=\"og:title\" content=\"Bolsonaro busca sa\u00edda para crise da Venezuela - Notibras\" \/>\n<meta property=\"og:description\" content=\"Depois da reuni\u00e3o no Pal\u00e1cio do Planalto, o presidente Jair Bolsonaro manifestou publicamente seu apoio ao presidente autodeclarado interino da Venezuela, Juan Guaid\u00f3. Em declara\u00e7\u00e3o \u00e0 imprensa nesta quinta-feira, 28, Bolsonaro afirmou que o Brasil vai atuar, dentro da legalidade, para restabelecer a democracia no pa\u00eds vizinho. \u201cN\u00f3s n\u00e3o pouparemos esfor\u00e7os dentro da legalidade, da [&hellip;]\" \/>\n<meta property=\"og:url\" content=\"https:\/\/www.notibras.com\/site\/bolsonaro-busca-saida-para-crise-da-venezuela\/\" \/>\n<meta property=\"og:site_name\" content=\"Notibras\" \/>\n<meta property=\"article:publisher\" content=\"https:\/\/www.facebook.com\/notibras\/\" \/>\n<meta property=\"article:published_time\" content=\"2019-02-28T21:57:42+00:00\" \/>\n<meta property=\"article:modified_time\" content=\"2019-02-28T22:30:35+00:00\" \/>\n<meta property=\"og:image\" content=\"https:\/\/www.notibras.com\/site\/wp-content\/uploads\/2019\/02\/guiado-e-bolsonaro.jpg\" \/>\n\t<meta property=\"og:image:width\" content=\"1140\" \/>\n\t<meta property=\"og:image:height\" content=\"760\" \/>\n\t<meta property=\"og:image:type\" content=\"image\/jpeg\" \/>\n<meta name=\"author\" content=\"Reda\u00e7\u00e3o\" \/>\n<meta name=\"twitter:card\" content=\"summary_large_image\" \/>\n<meta name=\"twitter:creator\" content=\"@Notibras\" \/>\n<meta name=\"twitter:site\" content=\"@Notibras\" \/>\n<meta name=\"twitter:label1\" content=\"Escrito por\" \/>\n\t<meta name=\"twitter:data1\" content=\"Reda\u00e7\u00e3o\" \/>\n\t<meta name=\"twitter:label2\" content=\"Est. tempo de leitura\" \/>\n\t<meta name=\"twitter:data2\" content=\"2 minutos\" \/>\n<script type=\"application\/ld+json\" class=\"yoast-schema-graph\">{\"@context\":\"https:\/\/schema.org\",\"@graph\":[{\"@type\":\"Article\",\"@id\":\"https:\/\/www.notibras.com\/site\/bolsonaro-busca-saida-para-crise-da-venezuela\/#article\",\"isPartOf\":{\"@id\":\"https:\/\/www.notibras.com\/site\/bolsonaro-busca-saida-para-crise-da-venezuela\/\"},\"author\":{\"name\":\"Reda\u00e7\u00e3o\",\"@id\":\"https:\/\/www.notibras.com\/site\/#\/schema\/person\/36ab0979449956132d3e5b517ea76ac8\"},\"headline\":\"Bolsonaro busca sa\u00edda para crise da Venezuela\",\"datePublished\":\"2019-02-28T21:57:42+00:00\",\"dateModified\":\"2019-02-28T22:30:35+00:00\",\"mainEntityOfPage\":{\"@id\":\"https:\/\/www.notibras.com\/site\/bolsonaro-busca-saida-para-crise-da-venezuela\/\"},\"wordCount\":452,\"publisher\":{\"@id\":\"https:\/\/www.notibras.com\/site\/#organization\"},\"image\":{\"@id\":\"https:\/\/www.notibras.com\/site\/bolsonaro-busca-saida-para-crise-da-venezuela\/#primaryimage\"},\"thumbnailUrl\":\"https:\/\/www.notibras.com\/site\/wp-content\/uploads\/2019\/02\/guiado-e-bolsonaro.jpg\",\"keywords\":[\"capa\"],\"articleSection\":[\"Brasil\"],\"inLanguage\":\"pt-BR\"},{\"@type\":\"WebPage\",\"@id\":\"https:\/\/www.notibras.com\/site\/bolsonaro-busca-saida-para-crise-da-venezuela\/\",\"url\":\"https:\/\/www.notibras.com\/site\/bolsonaro-busca-saida-para-crise-da-venezuela\/\",\"name\":\"Bolsonaro busca sa\u00edda para crise da Venezuela - Notibras\",\"isPartOf\":{\"@id\":\"https:\/\/www.notibras.com\/site\/#website\"},\"primaryImageOfPage\":{\"@id\":\"https:\/\/www.notibras.com\/site\/bolsonaro-busca-saida-para-crise-da-venezuela\/#primaryimage\"},\"image\":{\"@id\":\"https:\/\/www.notibras.com\/site\/bolsonaro-busca-saida-para-crise-da-venezuela\/#primaryimage\"},\"thumbnailUrl\":\"https:\/\/www.notibras.com\/site\/wp-content\/uploads\/2019\/02\/guiado-e-bolsonaro.jpg\",\"datePublished\":\"2019-02-28T21:57:42+00:00\",\"dateModified\":\"2019-02-28T22:30:35+00:00\",\"breadcrumb\":{\"@id\":\"https:\/\/www.notibras.com\/site\/bolsonaro-busca-saida-para-crise-da-venezuela\/#breadcrumb\"},\"inLanguage\":\"pt-BR\",\"potentialAction\":[{\"@type\":\"ReadAction\",\"target\":[\"https:\/\/www.notibras.com\/site\/bolsonaro-busca-saida-para-crise-da-venezuela\/\"]}]},{\"@type\":\"ImageObject\",\"inLanguage\":\"pt-BR\",\"@id\":\"https:\/\/www.notibras.com\/site\/bolsonaro-busca-saida-para-crise-da-venezuela\/#primaryimage\",\"url\":\"https:\/\/www.notibras.com\/site\/wp-content\/uploads\/2019\/02\/guiado-e-bolsonaro.jpg\",\"contentUrl\":\"https:\/\/www.notibras.com\/site\/wp-content\/uploads\/2019\/02\/guiado-e-bolsonaro.jpg\",\"width\":1140,\"height\":760,\"caption\":\"Foto: Ant\u00f4nio Cruz\/ABr\"},{\"@type\":\"BreadcrumbList\",\"@id\":\"https:\/\/www.notibras.com\/site\/bolsonaro-busca-saida-para-crise-da-venezuela\/#breadcrumb\",\"itemListElement\":[{\"@type\":\"ListItem\",\"position\":1,\"name\":\"In\u00edcio\",\"item\":\"https:\/\/www.notibras.com\/site\/\"},{\"@type\":\"ListItem\",\"position\":2,\"name\":\"Bolsonaro busca sa\u00edda para crise da Venezuela\"}]},{\"@type\":\"WebSite\",\"@id\":\"https:\/\/www.notibras.com\/site\/#website\",\"url\":\"https:\/\/www.notibras.com\/site\/\",\"name\":\"Notibras\",\"description\":\"Not\u00edcias de Bras\u00edlia, do Brasil e do Mundo\",\"publisher\":{\"@id\":\"https:\/\/www.notibras.com\/site\/#organization\"},\"potentialAction\":[{\"@type\":\"SearchAction\",\"target\":{\"@type\":\"EntryPoint\",\"urlTemplate\":\"https:\/\/www.notibras.com\/site\/?s={search_term_string}\"},\"query-input\":{\"@type\":\"PropertyValueSpecification\",\"valueRequired\":true,\"valueName\":\"search_term_string\"}}],\"inLanguage\":\"pt-BR\"},{\"@type\":\"Organization\",\"@id\":\"https:\/\/www.notibras.com\/site\/#organization\",\"name\":\"Grupo Notibras de Comunica\u00e7\u00e3o\",\"url\":\"https:\/\/www.notibras.com\/site\/\",\"logo\":{\"@type\":\"ImageObject\",\"inLanguage\":\"pt-BR\",\"@id\":\"https:\/\/www.notibras.com\/site\/#\/schema\/logo\/image\/\",\"url\":\"https:\/\/www.notibras.com\/site\/wp-content\/uploads\/2023\/01\/notibras23.png\",\"contentUrl\":\"https:\/\/www.notibras.com\/site\/wp-content\/uploads\/2023\/01\/notibras23.png\",\"width\":350,\"height\":87,\"caption\":\"Grupo Notibras de Comunica\u00e7\u00e3o\"},\"image\":{\"@id\":\"https:\/\/www.notibras.com\/site\/#\/schema\/logo\/image\/\"},\"sameAs\":[\"https:\/\/www.facebook.com\/notibras\/\",\"https:\/\/x.com\/Notibras\",\"https:\/\/www.instagram.com\/notibras\/\"]},{\"@type\":\"Person\",\"@id\":\"https:\/\/www.notibras.com\/site\/#\/schema\/person\/36ab0979449956132d3e5b517ea76ac8\",\"name\":\"Reda\u00e7\u00e3o\",\"image\":{\"@type\":\"ImageObject\",\"inLanguage\":\"pt-BR\",\"@id\":\"https:\/\/secure.gravatar.com\/avatar\/e0a867bdedb85fd243eadf09663511f96fc81e0720a4a42581f334ad4303aa6b?s=96&d=mm&r=g\",\"url\":\"https:\/\/secure.gravatar.com\/avatar\/e0a867bdedb85fd243eadf09663511f96fc81e0720a4a42581f334ad4303aa6b?s=96&d=mm&r=g\",\"contentUrl\":\"https:\/\/secure.gravatar.com\/avatar\/e0a867bdedb85fd243eadf09663511f96fc81e0720a4a42581f334ad4303aa6b?s=96&d=mm&r=g\",\"caption\":\"Reda\u00e7\u00e3o\"}}]}<\/script>\n<!-- \/ Yoast SEO plugin. -->","yoast_head_json":{"title":"Bolsonaro busca sa\u00edda para crise da Venezuela - Notibras","robots":{"index":"index","follow":"follow","max-snippet":"max-snippet:-1","max-image-preview":"max-image-preview:large","max-video-preview":"max-video-preview:-1"},"canonical":"https:\/\/www.notibras.com\/site\/bolsonaro-busca-saida-para-crise-da-venezuela\/","og_locale":"pt_BR","og_type":"article","og_title":"Bolsonaro busca sa\u00edda para crise da Venezuela - Notibras","og_description":"Depois da reuni\u00e3o no Pal\u00e1cio do Planalto, o presidente Jair Bolsonaro manifestou publicamente seu apoio ao presidente autodeclarado interino da Venezuela, Juan Guaid\u00f3. Em declara\u00e7\u00e3o \u00e0 imprensa nesta quinta-feira, 28, Bolsonaro afirmou que o Brasil vai atuar, dentro da legalidade, para restabelecer a democracia no pa\u00eds vizinho. \u201cN\u00f3s n\u00e3o pouparemos esfor\u00e7os dentro da legalidade, da [&hellip;]","og_url":"https:\/\/www.notibras.com\/site\/bolsonaro-busca-saida-para-crise-da-venezuela\/","og_site_name":"Notibras","article_publisher":"https:\/\/www.facebook.com\/notibras\/","article_published_time":"2019-02-28T21:57:42+00:00","article_modified_time":"2019-02-28T22:30:35+00:00","og_image":[{"width":1140,"height":760,"url":"https:\/\/www.notibras.com\/site\/wp-content\/uploads\/2019\/02\/guiado-e-bolsonaro.jpg","type":"image\/jpeg"}],"author":"Reda\u00e7\u00e3o","twitter_card":"summary_large_image","twitter_creator":"@Notibras","twitter_site":"@Notibras","twitter_misc":{"Escrito por":"Reda\u00e7\u00e3o","Est. tempo de leitura":"2 minutos"},"schema":{"@context":"https:\/\/schema.org","@graph":[{"@type":"Article","@id":"https:\/\/www.notibras.com\/site\/bolsonaro-busca-saida-para-crise-da-venezuela\/#article","isPartOf":{"@id":"https:\/\/www.notibras.com\/site\/bolsonaro-busca-saida-para-crise-da-venezuela\/"},"author":{"name":"Reda\u00e7\u00e3o","@id":"https:\/\/www.notibras.com\/site\/#\/schema\/person\/36ab0979449956132d3e5b517ea76ac8"},"headline":"Bolsonaro busca sa\u00edda para crise da Venezuela","datePublished":"2019-02-28T21:57:42+00:00","dateModified":"2019-02-28T22:30:35+00:00","mainEntityOfPage":{"@id":"https:\/\/www.notibras.com\/site\/bolsonaro-busca-saida-para-crise-da-venezuela\/"},"wordCount":452,"publisher":{"@id":"https:\/\/www.notibras.com\/site\/#organization"},"image":{"@id":"https:\/\/www.notibras.com\/site\/bolsonaro-busca-saida-para-crise-da-venezuela\/#primaryimage"},"thumbnailUrl":"https:\/\/www.notibras.com\/site\/wp-content\/uploads\/2019\/02\/guiado-e-bolsonaro.jpg","keywords":["capa"],"articleSection":["Brasil"],"inLanguage":"pt-BR"},{"@type":"WebPage","@id":"https:\/\/www.notibras.com\/site\/bolsonaro-busca-saida-para-crise-da-venezuela\/","url":"https:\/\/www.notibras.com\/site\/bolsonaro-busca-saida-para-crise-da-venezuela\/","name":"Bolsonaro busca sa\u00edda para crise da Venezuela - Notibras","isPartOf":{"@id":"https:\/\/www.notibras.com\/site\/#website"},"primaryImageOfPage":{"@id":"https:\/\/www.notibras.com\/site\/bolsonaro-busca-saida-para-crise-da-venezuela\/#primaryimage"},"image":{"@id":"https:\/\/www.notibras.com\/site\/bolsonaro-busca-saida-para-crise-da-venezuela\/#primaryimage"},"thumbnailUrl":"https:\/\/www.notibras.com\/site\/wp-content\/uploads\/2019\/02\/guiado-e-bolsonaro.jpg","datePublished":"2019-02-28T21:57:42+00:00","dateModified":"2019-02-28T22:30:35+00:00","breadcrumb":{"@id":"https:\/\/www.notibras.com\/site\/bolsonaro-busca-saida-para-crise-da-venezuela\/#breadcrumb"},"inLanguage":"pt-BR","potentialAction":[{"@type":"ReadAction","target":["https:\/\/www.notibras.com\/site\/bolsonaro-busca-saida-para-crise-da-venezuela\/"]}]},{"@type":"ImageObject","inLanguage":"pt-BR","@id":"https:\/\/www.notibras.com\/site\/bolsonaro-busca-saida-para-crise-da-venezuela\/#primaryimage","url":"https:\/\/www.notibras.com\/site\/wp-content\/uploads\/2019\/02\/guiado-e-bolsonaro.jpg","contentUrl":"https:\/\/www.notibras.com\/site\/wp-content\/uploads\/2019\/02\/guiado-e-bolsonaro.jpg","width":1140,"height":760,"caption":"Foto: Ant\u00f4nio Cruz\/ABr"},{"@type":"BreadcrumbList","@id":"https:\/\/www.notibras.com\/site\/bolsonaro-busca-saida-para-crise-da-venezuela\/#breadcrumb","itemListElement":[{"@type":"ListItem","position":1,"name":"In\u00edcio","item":"https:\/\/www.notibras.com\/site\/"},{"@type":"ListItem","position":2,"name":"Bolsonaro busca sa\u00edda para crise da Venezuela"}]},{"@type":"WebSite","@id":"https:\/\/www.notibras.com\/site\/#website","url":"https:\/\/www.notibras.com\/site\/","name":"Notibras","description":"Not\u00edcias de Bras\u00edlia, do Brasil e do Mundo","publisher":{"@id":"https:\/\/www.notibras.com\/site\/#organization"},"potentialAction":[{"@type":"SearchAction","target":{"@type":"EntryPoint","urlTemplate":"https:\/\/www.notibras.com\/site\/?s={search_term_string}"},"query-input":{"@type":"PropertyValueSpecification","valueRequired":true,"valueName":"search_term_string"}}],"inLanguage":"pt-BR"},{"@type":"Organization","@id":"https:\/\/www.notibras.com\/site\/#organization","name":"Grupo Notibras de Comunica\u00e7\u00e3o","url":"https:\/\/www.notibras.com\/site\/","logo":{"@type":"ImageObject","inLanguage":"pt-BR","@id":"https:\/\/www.notibras.com\/site\/#\/schema\/logo\/image\/","url":"https:\/\/www.notibras.com\/site\/wp-content\/uploads\/2023\/01\/notibras23.png","contentUrl":"https:\/\/www.notibras.com\/site\/wp-content\/uploads\/2023\/01\/notibras23.png","width":350,"height":87,"caption":"Grupo Notibras de Comunica\u00e7\u00e3o"},"image":{"@id":"https:\/\/www.notibras.com\/site\/#\/schema\/logo\/image\/"},"sameAs":["https:\/\/www.facebook.com\/notibras\/","https:\/\/x.com\/Notibras","https:\/\/www.instagram.com\/notibras\/"]},{"@type":"Person","@id":"https:\/\/www.notibras.com\/site\/#\/schema\/person\/36ab0979449956132d3e5b517ea76ac8","name":"Reda\u00e7\u00e3o","image":{"@type":"ImageObject","inLanguage":"pt-BR","@id":"https:\/\/secure.gravatar.com\/avatar\/e0a867bdedb85fd243eadf09663511f96fc81e0720a4a42581f334ad4303aa6b?s=96&d=mm&r=g","url":"https:\/\/secure.gravatar.com\/avatar\/e0a867bdedb85fd243eadf09663511f96fc81e0720a4a42581f334ad4303aa6b?s=96&d=mm&r=g","contentUrl":"https:\/\/secure.gravatar.com\/avatar\/e0a867bdedb85fd243eadf09663511f96fc81e0720a4a42581f334ad4303aa6b?s=96&d=mm&r=g","caption":"Reda\u00e7\u00e3o"}}]}},"amp_enabled":true,"_links":{"self":[{"href":"https:\/\/www.notibras.com\/site\/wp-json\/wp\/v2\/posts\/203734","targetHints":{"allow":["GET"]}}],"collection":[{"href":"https:\/\/www.notibras.com\/site\/wp-json\/wp\/v2\/posts"}],"about":[{"href":"https:\/\/www.notibras.com\/site\/wp-json\/wp\/v2\/types\/post"}],"author":[{"embeddable":true,"href":"https:\/\/www.notibras.com\/site\/wp-json\/wp\/v2\/users\/2"}],"replies":[{"embeddable":true,"href":"https:\/\/www.notibras.com\/site\/wp-json\/wp\/v2\/comments?post=203734"}],"version-history":[{"count":2,"href":"https:\/\/www.notibras.com\/site\/wp-json\/wp\/v2\/posts\/203734\/revisions"}],"predecessor-version":[{"id":203737,"href":"https:\/\/www.notibras.com\/site\/wp-json\/wp\/v2\/posts\/203734\/revisions\/203737"}],"wp:featuredmedia":[{"embeddable":true,"href":"https:\/\/www.notibras.com\/site\/wp-json\/wp\/v2\/media\/203735"}],"wp:attachment":[{"href":"https:\/\/www.notibras.com\/site\/wp-json\/wp\/v2\/media?parent=203734"}],"wp:term":[{"taxonomy":"category","embeddable":true,"href":"https:\/\/www.notibras.com\/site\/wp-json\/wp\/v2\/categories?post=203734"},{"taxonomy":"post_tag","embeddable":true,"href":"https:\/\/www.notibras.com\/site\/wp-json\/wp\/v2\/tags?post=203734"}],"curies":[{"name":"wp","href":"https:\/\/api.w.org\/{rel}","templated":true}]}}