{"id":20379,"date":"2014-08-21T22:11:28","date_gmt":"2014-08-22T01:11:28","guid":{"rendered":"http:\/\/www.notibras.com\/site\/?p=20379"},"modified":"2014-08-22T06:13:16","modified_gmt":"2014-08-22T09:13:16","slug":"corinthians-vira-faz-5-em-itaquera-e-aumenta-jejum-do-goias","status":"publish","type":"post","link":"https:\/\/www.notibras.com\/site\/corinthians-vira-faz-5-em-itaquera-e-aumenta-jejum-do-goias\/","title":{"rendered":"Corinthians vira, faz 5 em Itaquera e aumenta jejum do Goi\u00e1s"},"content":{"rendered":"<p><span style=\"color: #33332f;\">O Corinthians mostrou seu poder de rea\u00e7\u00e3o, nesta quinta-feira, ao bater o Goi\u00e1s, por 5\u00a0a 2, na Arena em Itaquera, pela 16\u00aa rodada do Campeonato Brasileiro.\u00a0Ap\u00f3s ficar duas vezes atr\u00e1s do placar, a equipe comandada por Mano Menezes buscou o empate e j\u00e1 na parte final da partida conseguiu tr\u00eas gols,\u00a0que decretaram\u00a0mais uma vit\u00f3ria em seus dom\u00ednios.\u00a0Thiago Mendes e Jackson fizeram para os visitantes, enquanto Guerrero, Elias e Luciano (tr\u00eas vezes)\u00a0marcaram para os donos da casa.<\/span><\/p>\n<blockquote>\n<p class=\"text\" style=\"color: #33332f;\">Com o resultado, o Corinthians chega \u00e0 marca de 10 jogos de invencibilidade e continua a persegui\u00e7\u00e3o ao l\u00edder Cruzeiro, ao recuperar\u00a0o terceiro lugar da S\u00e9rie A, com 31\u00a0pontos. J\u00e1 o Goi\u00e1s completa a quarta partida sem vencer e s\u00f3 aparece na 11\u00aa posi\u00e7\u00e3o, com 20 pontos.<\/p>\n<\/blockquote>\n<p class=\"text\" style=\"color: #33332f;\">A partida tamb\u00e9m marcou a estreia do uruguaio Lodeiro no Corinthians. O meia, que foi contratado no per\u00edodo da Copa do Mundo, entrou no lugar de Renato Augusto, aos 27min da etapa final, e conseguiu dar assist\u00eancia para o terceiro gol alvinegro, o da virada, anotado por Luciano.<\/p>\n<p class=\"text\" style=\"color: #33332f;\">Na pr\u00f3xima rodada, o Corinthians visita o Gr\u00eamio, domingo (24), \u00e0s 16h, na Arena em Porto Alegre. J\u00e1 o Goi\u00e1s recebe o Cruzeiro, tamb\u00e9m no domingo, s\u00f3 que \u00e0s 18h30, no Est\u00e1dio Serra Dourada.<\/p>\n","protected":false},"excerpt":{"rendered":"<p>O Corinthians mostrou seu poder de rea\u00e7\u00e3o, nesta quinta-feira, ao bater o Goi\u00e1s, por 5\u00a0a 2, na Arena em Itaquera, pela 16\u00aa rodada do Campeonato Brasileiro.\u00a0Ap\u00f3s ficar duas vezes atr\u00e1s do placar, a equipe comandada por Mano Menezes buscou o empate e j\u00e1 na parte final da partida conseguiu tr\u00eas gols,\u00a0que decretaram\u00a0mais uma vit\u00f3ria em [&hellip;]<\/p>\n","protected":false},"author":1,"featured_media":20380,"comment_status":"open","ping_status":"closed","sticky":false,"template":"","format":"standard","meta":{"_acf_changed":false,"footnotes":""},"categories":[29],"tags":[],"class_list":["post-20379","post","type-post","status-publish","format-standard","has-post-thumbnail","hentry","category-futebol"],"acf":[],"yoast_head":"<!-- This site is optimized with the Yoast SEO plugin v27.2 - https:\/\/yoast.com\/product\/yoast-seo-wordpress\/ -->\n<title>Corinthians vira, faz 5 em Itaquera e aumenta jejum do Goi\u00e1s - Notibras<\/title>\n<meta name=\"robots\" content=\"index, follow, max-snippet:-1, max-image-preview:large, max-video-preview:-1\" \/>\n<link rel=\"canonical\" href=\"https:\/\/www.notibras.com\/site\/corinthians-vira-faz-5-em-itaquera-e-aumenta-jejum-do-goias\/\" \/>\n<meta property=\"og:locale\" content=\"pt_BR\" \/>\n<meta property=\"og:type\" content=\"article\" \/>\n<meta property=\"og:title\" content=\"Corinthians vira, faz 5 em Itaquera e aumenta jejum do Goi\u00e1s - Notibras\" \/>\n<meta property=\"og:description\" content=\"O Corinthians mostrou seu poder de rea\u00e7\u00e3o, nesta quinta-feira, ao bater o Goi\u00e1s, por 5\u00a0a 2, na Arena em Itaquera, pela 16\u00aa rodada do Campeonato Brasileiro.\u00a0Ap\u00f3s ficar duas vezes atr\u00e1s do placar, a equipe comandada por Mano Menezes buscou o empate e j\u00e1 na parte final da partida conseguiu tr\u00eas gols,\u00a0que decretaram\u00a0mais uma vit\u00f3ria em [&hellip;]\" \/>\n<meta property=\"og:url\" content=\"https:\/\/www.notibras.com\/site\/corinthians-vira-faz-5-em-itaquera-e-aumenta-jejum-do-goias\/\" \/>\n<meta property=\"og:site_name\" content=\"Notibras\" \/>\n<meta property=\"article:publisher\" content=\"https:\/\/www.facebook.com\/notibras\/\" \/>\n<meta property=\"article:published_time\" content=\"2014-08-22T01:11:28+00:00\" \/>\n<meta property=\"article:modified_time\" content=\"2014-08-22T09:13:16+00:00\" \/>\n<meta property=\"og:image\" content=\"https:\/\/www.notibras.com\/site\/wp-content\/uploads\/2014\/08\/Sem-t\u00edtulo-194.jpg\" \/>\n\t<meta property=\"og:image:width\" content=\"460\" \/>\n\t<meta property=\"og:image:height\" content=\"340\" \/>\n\t<meta property=\"og:image:type\" content=\"image\/jpeg\" \/>\n<meta name=\"author\" content=\"Reda\u00e7\u00e3o\" \/>\n<meta name=\"twitter:card\" content=\"summary_large_image\" \/>\n<meta name=\"twitter:creator\" content=\"@Notibras\" \/>\n<meta name=\"twitter:site\" content=\"@Notibras\" \/>\n<meta name=\"twitter:label1\" content=\"Escrito por\" \/>\n\t<meta name=\"twitter:data1\" content=\"Reda\u00e7\u00e3o\" \/>\n\t<meta name=\"twitter:label2\" content=\"Est. tempo de leitura\" \/>\n\t<meta name=\"twitter:data2\" content=\"1 minuto\" \/>\n<script type=\"application\/ld+json\" class=\"yoast-schema-graph\">{\"@context\":\"https:\/\/schema.org\",\"@graph\":[{\"@type\":\"Article\",\"@id\":\"https:\/\/www.notibras.com\/site\/corinthians-vira-faz-5-em-itaquera-e-aumenta-jejum-do-goias\/#article\",\"isPartOf\":{\"@id\":\"https:\/\/www.notibras.com\/site\/corinthians-vira-faz-5-em-itaquera-e-aumenta-jejum-do-goias\/\"},\"author\":{\"name\":\"Reda\u00e7\u00e3o\",\"@id\":\"https:\/\/www.notibras.com\/site\/#\/schema\/person\/00b8e1aa08f9ef6563e878c5159d01cf\"},\"headline\":\"Corinthians vira, faz 5 em Itaquera e aumenta jejum do Goi\u00e1s\",\"datePublished\":\"2014-08-22T01:11:28+00:00\",\"dateModified\":\"2014-08-22T09:13:16+00:00\",\"mainEntityOfPage\":{\"@id\":\"https:\/\/www.notibras.com\/site\/corinthians-vira-faz-5-em-itaquera-e-aumenta-jejum-do-goias\/\"},\"wordCount\":236,\"commentCount\":0,\"publisher\":{\"@id\":\"https:\/\/www.notibras.com\/site\/#organization\"},\"image\":{\"@id\":\"https:\/\/www.notibras.com\/site\/corinthians-vira-faz-5-em-itaquera-e-aumenta-jejum-do-goias\/#primaryimage\"},\"thumbnailUrl\":\"https:\/\/www.notibras.com\/site\/wp-content\/uploads\/2014\/08\/Sem-t\u00edtulo-194.jpg\",\"articleSection\":[\"Futebol\"],\"inLanguage\":\"pt-BR\",\"potentialAction\":[{\"@type\":\"CommentAction\",\"name\":\"Comment\",\"target\":[\"https:\/\/www.notibras.com\/site\/corinthians-vira-faz-5-em-itaquera-e-aumenta-jejum-do-goias\/#respond\"]}]},{\"@type\":\"WebPage\",\"@id\":\"https:\/\/www.notibras.com\/site\/corinthians-vira-faz-5-em-itaquera-e-aumenta-jejum-do-goias\/\",\"url\":\"https:\/\/www.notibras.com\/site\/corinthians-vira-faz-5-em-itaquera-e-aumenta-jejum-do-goias\/\",\"name\":\"Corinthians vira, faz 5 em Itaquera e aumenta jejum do Goi\u00e1s - Notibras\",\"isPartOf\":{\"@id\":\"https:\/\/www.notibras.com\/site\/#website\"},\"primaryImageOfPage\":{\"@id\":\"https:\/\/www.notibras.com\/site\/corinthians-vira-faz-5-em-itaquera-e-aumenta-jejum-do-goias\/#primaryimage\"},\"image\":{\"@id\":\"https:\/\/www.notibras.com\/site\/corinthians-vira-faz-5-em-itaquera-e-aumenta-jejum-do-goias\/#primaryimage\"},\"thumbnailUrl\":\"https:\/\/www.notibras.com\/site\/wp-content\/uploads\/2014\/08\/Sem-t\u00edtulo-194.jpg\",\"datePublished\":\"2014-08-22T01:11:28+00:00\",\"dateModified\":\"2014-08-22T09:13:16+00:00\",\"breadcrumb\":{\"@id\":\"https:\/\/www.notibras.com\/site\/corinthians-vira-faz-5-em-itaquera-e-aumenta-jejum-do-goias\/#breadcrumb\"},\"inLanguage\":\"pt-BR\",\"potentialAction\":[{\"@type\":\"ReadAction\",\"target\":[\"https:\/\/www.notibras.com\/site\/corinthians-vira-faz-5-em-itaquera-e-aumenta-jejum-do-goias\/\"]}]},{\"@type\":\"ImageObject\",\"inLanguage\":\"pt-BR\",\"@id\":\"https:\/\/www.notibras.com\/site\/corinthians-vira-faz-5-em-itaquera-e-aumenta-jejum-do-goias\/#primaryimage\",\"url\":\"https:\/\/www.notibras.com\/site\/wp-content\/uploads\/2014\/08\/Sem-t\u00edtulo-194.jpg\",\"contentUrl\":\"https:\/\/www.notibras.com\/site\/wp-content\/uploads\/2014\/08\/Sem-t\u00edtulo-194.jpg\",\"width\":460,\"height\":340},{\"@type\":\"BreadcrumbList\",\"@id\":\"https:\/\/www.notibras.com\/site\/corinthians-vira-faz-5-em-itaquera-e-aumenta-jejum-do-goias\/#breadcrumb\",\"itemListElement\":[{\"@type\":\"ListItem\",\"position\":1,\"name\":\"In\u00edcio\",\"item\":\"https:\/\/www.notibras.com\/site\/\"},{\"@type\":\"ListItem\",\"position\":2,\"name\":\"Corinthians vira, faz 5 em Itaquera e aumenta jejum do Goi\u00e1s\"}]},{\"@type\":\"WebSite\",\"@id\":\"https:\/\/www.notibras.com\/site\/#website\",\"url\":\"https:\/\/www.notibras.com\/site\/\",\"name\":\"Notibras\",\"description\":\"Not\u00edcias de Bras\u00edlia, do Brasil e do Mundo\",\"publisher\":{\"@id\":\"https:\/\/www.notibras.com\/site\/#organization\"},\"potentialAction\":[{\"@type\":\"SearchAction\",\"target\":{\"@type\":\"EntryPoint\",\"urlTemplate\":\"https:\/\/www.notibras.com\/site\/?s={search_term_string}\"},\"query-input\":{\"@type\":\"PropertyValueSpecification\",\"valueRequired\":true,\"valueName\":\"search_term_string\"}}],\"inLanguage\":\"pt-BR\"},{\"@type\":\"Organization\",\"@id\":\"https:\/\/www.notibras.com\/site\/#organization\",\"name\":\"Grupo Notibras de Comunica\u00e7\u00e3o\",\"url\":\"https:\/\/www.notibras.com\/site\/\",\"logo\":{\"@type\":\"ImageObject\",\"inLanguage\":\"pt-BR\",\"@id\":\"https:\/\/www.notibras.com\/site\/#\/schema\/logo\/image\/\",\"url\":\"https:\/\/www.notibras.com\/site\/wp-content\/uploads\/2023\/01\/notibras23.png\",\"contentUrl\":\"https:\/\/www.notibras.com\/site\/wp-content\/uploads\/2023\/01\/notibras23.png\",\"width\":350,\"height\":87,\"caption\":\"Grupo Notibras de Comunica\u00e7\u00e3o\"},\"image\":{\"@id\":\"https:\/\/www.notibras.com\/site\/#\/schema\/logo\/image\/\"},\"sameAs\":[\"https:\/\/www.facebook.com\/notibras\/\",\"https:\/\/x.com\/Notibras\",\"https:\/\/www.instagram.com\/notibras\/\"]},{\"@type\":\"Person\",\"@id\":\"https:\/\/www.notibras.com\/site\/#\/schema\/person\/00b8e1aa08f9ef6563e878c5159d01cf\",\"name\":\"Reda\u00e7\u00e3o\",\"image\":{\"@type\":\"ImageObject\",\"inLanguage\":\"pt-BR\",\"@id\":\"https:\/\/secure.gravatar.com\/avatar\/ac5a707d5b47784a5ed426c6e213e201423c750890f64e4c379114dade67dfb9?s=96&d=mm&r=g\",\"url\":\"https:\/\/secure.gravatar.com\/avatar\/ac5a707d5b47784a5ed426c6e213e201423c750890f64e4c379114dade67dfb9?s=96&d=mm&r=g\",\"contentUrl\":\"https:\/\/secure.gravatar.com\/avatar\/ac5a707d5b47784a5ed426c6e213e201423c750890f64e4c379114dade67dfb9?s=96&d=mm&r=g\",\"caption\":\"Reda\u00e7\u00e3o\"}}]}<\/script>\n<!-- \/ Yoast SEO plugin. -->","yoast_head_json":{"title":"Corinthians vira, faz 5 em Itaquera e aumenta jejum do Goi\u00e1s - Notibras","robots":{"index":"index","follow":"follow","max-snippet":"max-snippet:-1","max-image-preview":"max-image-preview:large","max-video-preview":"max-video-preview:-1"},"canonical":"https:\/\/www.notibras.com\/site\/corinthians-vira-faz-5-em-itaquera-e-aumenta-jejum-do-goias\/","og_locale":"pt_BR","og_type":"article","og_title":"Corinthians vira, faz 5 em Itaquera e aumenta jejum do Goi\u00e1s - Notibras","og_description":"O Corinthians mostrou seu poder de rea\u00e7\u00e3o, nesta quinta-feira, ao bater o Goi\u00e1s, por 5\u00a0a 2, na Arena em Itaquera, pela 16\u00aa rodada do Campeonato Brasileiro.\u00a0Ap\u00f3s ficar duas vezes atr\u00e1s do placar, a equipe comandada por Mano Menezes buscou o empate e j\u00e1 na parte final da partida conseguiu tr\u00eas gols,\u00a0que decretaram\u00a0mais uma vit\u00f3ria em [&hellip;]","og_url":"https:\/\/www.notibras.com\/site\/corinthians-vira-faz-5-em-itaquera-e-aumenta-jejum-do-goias\/","og_site_name":"Notibras","article_publisher":"https:\/\/www.facebook.com\/notibras\/","article_published_time":"2014-08-22T01:11:28+00:00","article_modified_time":"2014-08-22T09:13:16+00:00","og_image":[{"width":460,"height":340,"url":"https:\/\/www.notibras.com\/site\/wp-content\/uploads\/2014\/08\/Sem-t\u00edtulo-194.jpg","type":"image\/jpeg"}],"author":"Reda\u00e7\u00e3o","twitter_card":"summary_large_image","twitter_creator":"@Notibras","twitter_site":"@Notibras","twitter_misc":{"Escrito por":"Reda\u00e7\u00e3o","Est. tempo de leitura":"1 minuto"},"schema":{"@context":"https:\/\/schema.org","@graph":[{"@type":"Article","@id":"https:\/\/www.notibras.com\/site\/corinthians-vira-faz-5-em-itaquera-e-aumenta-jejum-do-goias\/#article","isPartOf":{"@id":"https:\/\/www.notibras.com\/site\/corinthians-vira-faz-5-em-itaquera-e-aumenta-jejum-do-goias\/"},"author":{"name":"Reda\u00e7\u00e3o","@id":"https:\/\/www.notibras.com\/site\/#\/schema\/person\/00b8e1aa08f9ef6563e878c5159d01cf"},"headline":"Corinthians vira, faz 5 em Itaquera e aumenta jejum do Goi\u00e1s","datePublished":"2014-08-22T01:11:28+00:00","dateModified":"2014-08-22T09:13:16+00:00","mainEntityOfPage":{"@id":"https:\/\/www.notibras.com\/site\/corinthians-vira-faz-5-em-itaquera-e-aumenta-jejum-do-goias\/"},"wordCount":236,"commentCount":0,"publisher":{"@id":"https:\/\/www.notibras.com\/site\/#organization"},"image":{"@id":"https:\/\/www.notibras.com\/site\/corinthians-vira-faz-5-em-itaquera-e-aumenta-jejum-do-goias\/#primaryimage"},"thumbnailUrl":"https:\/\/www.notibras.com\/site\/wp-content\/uploads\/2014\/08\/Sem-t\u00edtulo-194.jpg","articleSection":["Futebol"],"inLanguage":"pt-BR","potentialAction":[{"@type":"CommentAction","name":"Comment","target":["https:\/\/www.notibras.com\/site\/corinthians-vira-faz-5-em-itaquera-e-aumenta-jejum-do-goias\/#respond"]}]},{"@type":"WebPage","@id":"https:\/\/www.notibras.com\/site\/corinthians-vira-faz-5-em-itaquera-e-aumenta-jejum-do-goias\/","url":"https:\/\/www.notibras.com\/site\/corinthians-vira-faz-5-em-itaquera-e-aumenta-jejum-do-goias\/","name":"Corinthians vira, faz 5 em Itaquera e aumenta jejum do Goi\u00e1s - Notibras","isPartOf":{"@id":"https:\/\/www.notibras.com\/site\/#website"},"primaryImageOfPage":{"@id":"https:\/\/www.notibras.com\/site\/corinthians-vira-faz-5-em-itaquera-e-aumenta-jejum-do-goias\/#primaryimage"},"image":{"@id":"https:\/\/www.notibras.com\/site\/corinthians-vira-faz-5-em-itaquera-e-aumenta-jejum-do-goias\/#primaryimage"},"thumbnailUrl":"https:\/\/www.notibras.com\/site\/wp-content\/uploads\/2014\/08\/Sem-t\u00edtulo-194.jpg","datePublished":"2014-08-22T01:11:28+00:00","dateModified":"2014-08-22T09:13:16+00:00","breadcrumb":{"@id":"https:\/\/www.notibras.com\/site\/corinthians-vira-faz-5-em-itaquera-e-aumenta-jejum-do-goias\/#breadcrumb"},"inLanguage":"pt-BR","potentialAction":[{"@type":"ReadAction","target":["https:\/\/www.notibras.com\/site\/corinthians-vira-faz-5-em-itaquera-e-aumenta-jejum-do-goias\/"]}]},{"@type":"ImageObject","inLanguage":"pt-BR","@id":"https:\/\/www.notibras.com\/site\/corinthians-vira-faz-5-em-itaquera-e-aumenta-jejum-do-goias\/#primaryimage","url":"https:\/\/www.notibras.com\/site\/wp-content\/uploads\/2014\/08\/Sem-t\u00edtulo-194.jpg","contentUrl":"https:\/\/www.notibras.com\/site\/wp-content\/uploads\/2014\/08\/Sem-t\u00edtulo-194.jpg","width":460,"height":340},{"@type":"BreadcrumbList","@id":"https:\/\/www.notibras.com\/site\/corinthians-vira-faz-5-em-itaquera-e-aumenta-jejum-do-goias\/#breadcrumb","itemListElement":[{"@type":"ListItem","position":1,"name":"In\u00edcio","item":"https:\/\/www.notibras.com\/site\/"},{"@type":"ListItem","position":2,"name":"Corinthians vira, faz 5 em Itaquera e aumenta jejum do Goi\u00e1s"}]},{"@type":"WebSite","@id":"https:\/\/www.notibras.com\/site\/#website","url":"https:\/\/www.notibras.com\/site\/","name":"Notibras","description":"Not\u00edcias de Bras\u00edlia, do Brasil e do Mundo","publisher":{"@id":"https:\/\/www.notibras.com\/site\/#organization"},"potentialAction":[{"@type":"SearchAction","target":{"@type":"EntryPoint","urlTemplate":"https:\/\/www.notibras.com\/site\/?s={search_term_string}"},"query-input":{"@type":"PropertyValueSpecification","valueRequired":true,"valueName":"search_term_string"}}],"inLanguage":"pt-BR"},{"@type":"Organization","@id":"https:\/\/www.notibras.com\/site\/#organization","name":"Grupo Notibras de Comunica\u00e7\u00e3o","url":"https:\/\/www.notibras.com\/site\/","logo":{"@type":"ImageObject","inLanguage":"pt-BR","@id":"https:\/\/www.notibras.com\/site\/#\/schema\/logo\/image\/","url":"https:\/\/www.notibras.com\/site\/wp-content\/uploads\/2023\/01\/notibras23.png","contentUrl":"https:\/\/www.notibras.com\/site\/wp-content\/uploads\/2023\/01\/notibras23.png","width":350,"height":87,"caption":"Grupo Notibras de Comunica\u00e7\u00e3o"},"image":{"@id":"https:\/\/www.notibras.com\/site\/#\/schema\/logo\/image\/"},"sameAs":["https:\/\/www.facebook.com\/notibras\/","https:\/\/x.com\/Notibras","https:\/\/www.instagram.com\/notibras\/"]},{"@type":"Person","@id":"https:\/\/www.notibras.com\/site\/#\/schema\/person\/00b8e1aa08f9ef6563e878c5159d01cf","name":"Reda\u00e7\u00e3o","image":{"@type":"ImageObject","inLanguage":"pt-BR","@id":"https:\/\/secure.gravatar.com\/avatar\/ac5a707d5b47784a5ed426c6e213e201423c750890f64e4c379114dade67dfb9?s=96&d=mm&r=g","url":"https:\/\/secure.gravatar.com\/avatar\/ac5a707d5b47784a5ed426c6e213e201423c750890f64e4c379114dade67dfb9?s=96&d=mm&r=g","contentUrl":"https:\/\/secure.gravatar.com\/avatar\/ac5a707d5b47784a5ed426c6e213e201423c750890f64e4c379114dade67dfb9?s=96&d=mm&r=g","caption":"Reda\u00e7\u00e3o"}}]}},"amp_enabled":true,"_links":{"self":[{"href":"https:\/\/www.notibras.com\/site\/wp-json\/wp\/v2\/posts\/20379","targetHints":{"allow":["GET"]}}],"collection":[{"href":"https:\/\/www.notibras.com\/site\/wp-json\/wp\/v2\/posts"}],"about":[{"href":"https:\/\/www.notibras.com\/site\/wp-json\/wp\/v2\/types\/post"}],"author":[{"embeddable":true,"href":"https:\/\/www.notibras.com\/site\/wp-json\/wp\/v2\/users\/1"}],"replies":[{"embeddable":true,"href":"https:\/\/www.notibras.com\/site\/wp-json\/wp\/v2\/comments?post=20379"}],"version-history":[{"count":0,"href":"https:\/\/www.notibras.com\/site\/wp-json\/wp\/v2\/posts\/20379\/revisions"}],"wp:featuredmedia":[{"embeddable":true,"href":"https:\/\/www.notibras.com\/site\/wp-json\/wp\/v2\/media\/20380"}],"wp:attachment":[{"href":"https:\/\/www.notibras.com\/site\/wp-json\/wp\/v2\/media?parent=20379"}],"wp:term":[{"taxonomy":"category","embeddable":true,"href":"https:\/\/www.notibras.com\/site\/wp-json\/wp\/v2\/categories?post=20379"},{"taxonomy":"post_tag","embeddable":true,"href":"https:\/\/www.notibras.com\/site\/wp-json\/wp\/v2\/tags?post=20379"}],"curies":[{"name":"wp","href":"https:\/\/api.w.org\/{rel}","templated":true}]}}