{"id":203809,"date":"2019-03-01T08:50:50","date_gmt":"2019-03-01T11:50:50","guid":{"rendered":"https:\/\/www.notibras.com\/site\/?p=203809"},"modified":"2019-03-01T08:50:50","modified_gmt":"2019-03-01T11:50:50","slug":"trump-agora-vai-atras-de-hamza-filho-de-bin-laden","status":"publish","type":"post","link":"https:\/\/www.notibras.com\/site\/trump-agora-vai-atras-de-hamza-filho-de-bin-laden\/","title":{"rendered":"Trump agora vai atr\u00e1s de Hamza, filho de bin Laden"},"content":{"rendered":"<p>O governo dos Estados Unidos est\u00e1 oferecendo US$ 1 milh\u00e3o por informa\u00e7\u00f5es que ajudem a localizar o filho do l\u00edder terrorista Osama bin Laden, morto em 2011.<\/p>\n<p>Em nota, o Departamento de Estado destacou que o dinheiro ser\u00e1 pago em troca de ajuda para encontrar Hamza bin Laden em qualquer pa\u00eds como parte do programa &#8220;Recompensas pela Justi\u00e7a&#8221;.<\/p>\n<p>Segundo o comunicado, o filho de Bin Laden emergiu como o l\u00edder da rede terrorista Al-Qaeda. Seu pai foi morto durante uma opera\u00e7\u00e3o militar conduzida pelos EUA em maio de 2011, no Paquist\u00e3o.<\/p>\n<p>Em janeiro de 2017, Hamza foi nomeado &#8220;terrorista global especialmente designado&#8221;. Em mensagens de \u00e1udio e v\u00eddeo, ele pede a realiza\u00e7\u00e3o de ataques contra americanos e seus aliados. A Al-Qaeda foi a respons\u00e1vel pelos atentados terroristas de 11 de setembro de 2001 nos EUA, que deixaram milhares de mortos.<\/p>\n","protected":false},"excerpt":{"rendered":"<p>O governo dos Estados Unidos est\u00e1 oferecendo US$ 1 milh\u00e3o por informa\u00e7\u00f5es que ajudem a localizar o filho do l\u00edder terrorista Osama bin Laden, morto em 2011. Em nota, o Departamento de Estado destacou que o dinheiro ser\u00e1 pago em troca de ajuda para encontrar Hamza bin Laden em qualquer pa\u00eds como parte do programa [&hellip;]<\/p>\n","protected":false},"author":2,"featured_media":203810,"comment_status":"closed","ping_status":"closed","sticky":false,"template":"","format":"standard","meta":{"_acf_changed":false,"footnotes":""},"categories":[17],"tags":[95],"class_list":["post-203809","post","type-post","status-publish","format-standard","has-post-thumbnail","hentry","category-mundo","tag-capa"],"acf":[],"yoast_head":"<!-- This site is optimized with the Yoast SEO plugin v27.2 - https:\/\/yoast.com\/product\/yoast-seo-wordpress\/ -->\n<title>Trump agora vai atr\u00e1s de Hamza, filho de bin Laden - Notibras<\/title>\n<meta name=\"robots\" content=\"index, follow, max-snippet:-1, max-image-preview:large, max-video-preview:-1\" \/>\n<link rel=\"canonical\" href=\"https:\/\/www.notibras.com\/site\/trump-agora-vai-atras-de-hamza-filho-de-bin-laden\/\" \/>\n<meta property=\"og:locale\" content=\"pt_BR\" \/>\n<meta property=\"og:type\" content=\"article\" \/>\n<meta property=\"og:title\" content=\"Trump agora vai atr\u00e1s de Hamza, filho de bin Laden - Notibras\" \/>\n<meta property=\"og:description\" content=\"O governo dos Estados Unidos est\u00e1 oferecendo US$ 1 milh\u00e3o por informa\u00e7\u00f5es que ajudem a localizar o filho do l\u00edder terrorista Osama bin Laden, morto em 2011. Em nota, o Departamento de Estado destacou que o dinheiro ser\u00e1 pago em troca de ajuda para encontrar Hamza bin Laden em qualquer pa\u00eds como parte do programa [&hellip;]\" \/>\n<meta property=\"og:url\" content=\"https:\/\/www.notibras.com\/site\/trump-agora-vai-atras-de-hamza-filho-de-bin-laden\/\" \/>\n<meta property=\"og:site_name\" content=\"Notibras\" \/>\n<meta property=\"article:publisher\" content=\"https:\/\/www.facebook.com\/notibras\/\" \/>\n<meta property=\"article:published_time\" content=\"2019-03-01T11:50:50+00:00\" \/>\n<meta property=\"og:image\" content=\"https:\/\/www.notibras.com\/site\/wp-content\/uploads\/2019\/03\/hamza_bin_laden_0.jpg\" \/>\n\t<meta property=\"og:image:width\" content=\"1024\" \/>\n\t<meta property=\"og:image:height\" content=\"576\" \/>\n\t<meta property=\"og:image:type\" content=\"image\/jpeg\" \/>\n<meta name=\"author\" content=\"Reda\u00e7\u00e3o\" \/>\n<meta name=\"twitter:card\" content=\"summary_large_image\" \/>\n<meta name=\"twitter:creator\" content=\"@Notibras\" \/>\n<meta name=\"twitter:site\" content=\"@Notibras\" \/>\n<meta name=\"twitter:label1\" content=\"Escrito por\" \/>\n\t<meta name=\"twitter:data1\" content=\"Reda\u00e7\u00e3o\" \/>\n\t<meta name=\"twitter:label2\" content=\"Est. tempo de leitura\" \/>\n\t<meta name=\"twitter:data2\" content=\"1 minuto\" \/>\n<script type=\"application\/ld+json\" class=\"yoast-schema-graph\">{\"@context\":\"https:\/\/schema.org\",\"@graph\":[{\"@type\":\"Article\",\"@id\":\"https:\/\/www.notibras.com\/site\/trump-agora-vai-atras-de-hamza-filho-de-bin-laden\/#article\",\"isPartOf\":{\"@id\":\"https:\/\/www.notibras.com\/site\/trump-agora-vai-atras-de-hamza-filho-de-bin-laden\/\"},\"author\":{\"name\":\"Reda\u00e7\u00e3o\",\"@id\":\"https:\/\/www.notibras.com\/site\/#\/schema\/person\/36ab0979449956132d3e5b517ea76ac8\"},\"headline\":\"Trump agora vai atr\u00e1s de Hamza, filho de bin Laden\",\"datePublished\":\"2019-03-01T11:50:50+00:00\",\"mainEntityOfPage\":{\"@id\":\"https:\/\/www.notibras.com\/site\/trump-agora-vai-atras-de-hamza-filho-de-bin-laden\/\"},\"wordCount\":156,\"publisher\":{\"@id\":\"https:\/\/www.notibras.com\/site\/#organization\"},\"image\":{\"@id\":\"https:\/\/www.notibras.com\/site\/trump-agora-vai-atras-de-hamza-filho-de-bin-laden\/#primaryimage\"},\"thumbnailUrl\":\"https:\/\/www.notibras.com\/site\/wp-content\/uploads\/2019\/03\/hamza_bin_laden_0.jpg\",\"keywords\":[\"capa\"],\"articleSection\":[\"Mundo\"],\"inLanguage\":\"pt-BR\"},{\"@type\":\"WebPage\",\"@id\":\"https:\/\/www.notibras.com\/site\/trump-agora-vai-atras-de-hamza-filho-de-bin-laden\/\",\"url\":\"https:\/\/www.notibras.com\/site\/trump-agora-vai-atras-de-hamza-filho-de-bin-laden\/\",\"name\":\"Trump agora vai atr\u00e1s de Hamza, filho de bin Laden - Notibras\",\"isPartOf\":{\"@id\":\"https:\/\/www.notibras.com\/site\/#website\"},\"primaryImageOfPage\":{\"@id\":\"https:\/\/www.notibras.com\/site\/trump-agora-vai-atras-de-hamza-filho-de-bin-laden\/#primaryimage\"},\"image\":{\"@id\":\"https:\/\/www.notibras.com\/site\/trump-agora-vai-atras-de-hamza-filho-de-bin-laden\/#primaryimage\"},\"thumbnailUrl\":\"https:\/\/www.notibras.com\/site\/wp-content\/uploads\/2019\/03\/hamza_bin_laden_0.jpg\",\"datePublished\":\"2019-03-01T11:50:50+00:00\",\"breadcrumb\":{\"@id\":\"https:\/\/www.notibras.com\/site\/trump-agora-vai-atras-de-hamza-filho-de-bin-laden\/#breadcrumb\"},\"inLanguage\":\"pt-BR\",\"potentialAction\":[{\"@type\":\"ReadAction\",\"target\":[\"https:\/\/www.notibras.com\/site\/trump-agora-vai-atras-de-hamza-filho-de-bin-laden\/\"]}]},{\"@type\":\"ImageObject\",\"inLanguage\":\"pt-BR\",\"@id\":\"https:\/\/www.notibras.com\/site\/trump-agora-vai-atras-de-hamza-filho-de-bin-laden\/#primaryimage\",\"url\":\"https:\/\/www.notibras.com\/site\/wp-content\/uploads\/2019\/03\/hamza_bin_laden_0.jpg\",\"contentUrl\":\"https:\/\/www.notibras.com\/site\/wp-content\/uploads\/2019\/03\/hamza_bin_laden_0.jpg\",\"width\":1024,\"height\":576,\"caption\":\"Foto\/Reprodu\u00e7\u00e3o\"},{\"@type\":\"BreadcrumbList\",\"@id\":\"https:\/\/www.notibras.com\/site\/trump-agora-vai-atras-de-hamza-filho-de-bin-laden\/#breadcrumb\",\"itemListElement\":[{\"@type\":\"ListItem\",\"position\":1,\"name\":\"In\u00edcio\",\"item\":\"https:\/\/www.notibras.com\/site\/\"},{\"@type\":\"ListItem\",\"position\":2,\"name\":\"Trump agora vai atr\u00e1s de Hamza, filho de bin Laden\"}]},{\"@type\":\"WebSite\",\"@id\":\"https:\/\/www.notibras.com\/site\/#website\",\"url\":\"https:\/\/www.notibras.com\/site\/\",\"name\":\"Notibras\",\"description\":\"Not\u00edcias de Bras\u00edlia, do Brasil e do Mundo\",\"publisher\":{\"@id\":\"https:\/\/www.notibras.com\/site\/#organization\"},\"potentialAction\":[{\"@type\":\"SearchAction\",\"target\":{\"@type\":\"EntryPoint\",\"urlTemplate\":\"https:\/\/www.notibras.com\/site\/?s={search_term_string}\"},\"query-input\":{\"@type\":\"PropertyValueSpecification\",\"valueRequired\":true,\"valueName\":\"search_term_string\"}}],\"inLanguage\":\"pt-BR\"},{\"@type\":\"Organization\",\"@id\":\"https:\/\/www.notibras.com\/site\/#organization\",\"name\":\"Grupo Notibras de Comunica\u00e7\u00e3o\",\"url\":\"https:\/\/www.notibras.com\/site\/\",\"logo\":{\"@type\":\"ImageObject\",\"inLanguage\":\"pt-BR\",\"@id\":\"https:\/\/www.notibras.com\/site\/#\/schema\/logo\/image\/\",\"url\":\"https:\/\/www.notibras.com\/site\/wp-content\/uploads\/2023\/01\/notibras23.png\",\"contentUrl\":\"https:\/\/www.notibras.com\/site\/wp-content\/uploads\/2023\/01\/notibras23.png\",\"width\":350,\"height\":87,\"caption\":\"Grupo Notibras de Comunica\u00e7\u00e3o\"},\"image\":{\"@id\":\"https:\/\/www.notibras.com\/site\/#\/schema\/logo\/image\/\"},\"sameAs\":[\"https:\/\/www.facebook.com\/notibras\/\",\"https:\/\/x.com\/Notibras\",\"https:\/\/www.instagram.com\/notibras\/\"]},{\"@type\":\"Person\",\"@id\":\"https:\/\/www.notibras.com\/site\/#\/schema\/person\/36ab0979449956132d3e5b517ea76ac8\",\"name\":\"Reda\u00e7\u00e3o\",\"image\":{\"@type\":\"ImageObject\",\"inLanguage\":\"pt-BR\",\"@id\":\"https:\/\/secure.gravatar.com\/avatar\/e0a867bdedb85fd243eadf09663511f96fc81e0720a4a42581f334ad4303aa6b?s=96&d=mm&r=g\",\"url\":\"https:\/\/secure.gravatar.com\/avatar\/e0a867bdedb85fd243eadf09663511f96fc81e0720a4a42581f334ad4303aa6b?s=96&d=mm&r=g\",\"contentUrl\":\"https:\/\/secure.gravatar.com\/avatar\/e0a867bdedb85fd243eadf09663511f96fc81e0720a4a42581f334ad4303aa6b?s=96&d=mm&r=g\",\"caption\":\"Reda\u00e7\u00e3o\"}}]}<\/script>\n<!-- \/ Yoast SEO plugin. -->","yoast_head_json":{"title":"Trump agora vai atr\u00e1s de Hamza, filho de bin Laden - Notibras","robots":{"index":"index","follow":"follow","max-snippet":"max-snippet:-1","max-image-preview":"max-image-preview:large","max-video-preview":"max-video-preview:-1"},"canonical":"https:\/\/www.notibras.com\/site\/trump-agora-vai-atras-de-hamza-filho-de-bin-laden\/","og_locale":"pt_BR","og_type":"article","og_title":"Trump agora vai atr\u00e1s de Hamza, filho de bin Laden - Notibras","og_description":"O governo dos Estados Unidos est\u00e1 oferecendo US$ 1 milh\u00e3o por informa\u00e7\u00f5es que ajudem a localizar o filho do l\u00edder terrorista Osama bin Laden, morto em 2011. Em nota, o Departamento de Estado destacou que o dinheiro ser\u00e1 pago em troca de ajuda para encontrar Hamza bin Laden em qualquer pa\u00eds como parte do programa [&hellip;]","og_url":"https:\/\/www.notibras.com\/site\/trump-agora-vai-atras-de-hamza-filho-de-bin-laden\/","og_site_name":"Notibras","article_publisher":"https:\/\/www.facebook.com\/notibras\/","article_published_time":"2019-03-01T11:50:50+00:00","og_image":[{"width":1024,"height":576,"url":"https:\/\/www.notibras.com\/site\/wp-content\/uploads\/2019\/03\/hamza_bin_laden_0.jpg","type":"image\/jpeg"}],"author":"Reda\u00e7\u00e3o","twitter_card":"summary_large_image","twitter_creator":"@Notibras","twitter_site":"@Notibras","twitter_misc":{"Escrito por":"Reda\u00e7\u00e3o","Est. tempo de leitura":"1 minuto"},"schema":{"@context":"https:\/\/schema.org","@graph":[{"@type":"Article","@id":"https:\/\/www.notibras.com\/site\/trump-agora-vai-atras-de-hamza-filho-de-bin-laden\/#article","isPartOf":{"@id":"https:\/\/www.notibras.com\/site\/trump-agora-vai-atras-de-hamza-filho-de-bin-laden\/"},"author":{"name":"Reda\u00e7\u00e3o","@id":"https:\/\/www.notibras.com\/site\/#\/schema\/person\/36ab0979449956132d3e5b517ea76ac8"},"headline":"Trump agora vai atr\u00e1s de Hamza, filho de bin Laden","datePublished":"2019-03-01T11:50:50+00:00","mainEntityOfPage":{"@id":"https:\/\/www.notibras.com\/site\/trump-agora-vai-atras-de-hamza-filho-de-bin-laden\/"},"wordCount":156,"publisher":{"@id":"https:\/\/www.notibras.com\/site\/#organization"},"image":{"@id":"https:\/\/www.notibras.com\/site\/trump-agora-vai-atras-de-hamza-filho-de-bin-laden\/#primaryimage"},"thumbnailUrl":"https:\/\/www.notibras.com\/site\/wp-content\/uploads\/2019\/03\/hamza_bin_laden_0.jpg","keywords":["capa"],"articleSection":["Mundo"],"inLanguage":"pt-BR"},{"@type":"WebPage","@id":"https:\/\/www.notibras.com\/site\/trump-agora-vai-atras-de-hamza-filho-de-bin-laden\/","url":"https:\/\/www.notibras.com\/site\/trump-agora-vai-atras-de-hamza-filho-de-bin-laden\/","name":"Trump agora vai atr\u00e1s de Hamza, filho de bin Laden - Notibras","isPartOf":{"@id":"https:\/\/www.notibras.com\/site\/#website"},"primaryImageOfPage":{"@id":"https:\/\/www.notibras.com\/site\/trump-agora-vai-atras-de-hamza-filho-de-bin-laden\/#primaryimage"},"image":{"@id":"https:\/\/www.notibras.com\/site\/trump-agora-vai-atras-de-hamza-filho-de-bin-laden\/#primaryimage"},"thumbnailUrl":"https:\/\/www.notibras.com\/site\/wp-content\/uploads\/2019\/03\/hamza_bin_laden_0.jpg","datePublished":"2019-03-01T11:50:50+00:00","breadcrumb":{"@id":"https:\/\/www.notibras.com\/site\/trump-agora-vai-atras-de-hamza-filho-de-bin-laden\/#breadcrumb"},"inLanguage":"pt-BR","potentialAction":[{"@type":"ReadAction","target":["https:\/\/www.notibras.com\/site\/trump-agora-vai-atras-de-hamza-filho-de-bin-laden\/"]}]},{"@type":"ImageObject","inLanguage":"pt-BR","@id":"https:\/\/www.notibras.com\/site\/trump-agora-vai-atras-de-hamza-filho-de-bin-laden\/#primaryimage","url":"https:\/\/www.notibras.com\/site\/wp-content\/uploads\/2019\/03\/hamza_bin_laden_0.jpg","contentUrl":"https:\/\/www.notibras.com\/site\/wp-content\/uploads\/2019\/03\/hamza_bin_laden_0.jpg","width":1024,"height":576,"caption":"Foto\/Reprodu\u00e7\u00e3o"},{"@type":"BreadcrumbList","@id":"https:\/\/www.notibras.com\/site\/trump-agora-vai-atras-de-hamza-filho-de-bin-laden\/#breadcrumb","itemListElement":[{"@type":"ListItem","position":1,"name":"In\u00edcio","item":"https:\/\/www.notibras.com\/site\/"},{"@type":"ListItem","position":2,"name":"Trump agora vai atr\u00e1s de Hamza, filho de bin Laden"}]},{"@type":"WebSite","@id":"https:\/\/www.notibras.com\/site\/#website","url":"https:\/\/www.notibras.com\/site\/","name":"Notibras","description":"Not\u00edcias de Bras\u00edlia, do Brasil e do Mundo","publisher":{"@id":"https:\/\/www.notibras.com\/site\/#organization"},"potentialAction":[{"@type":"SearchAction","target":{"@type":"EntryPoint","urlTemplate":"https:\/\/www.notibras.com\/site\/?s={search_term_string}"},"query-input":{"@type":"PropertyValueSpecification","valueRequired":true,"valueName":"search_term_string"}}],"inLanguage":"pt-BR"},{"@type":"Organization","@id":"https:\/\/www.notibras.com\/site\/#organization","name":"Grupo Notibras de Comunica\u00e7\u00e3o","url":"https:\/\/www.notibras.com\/site\/","logo":{"@type":"ImageObject","inLanguage":"pt-BR","@id":"https:\/\/www.notibras.com\/site\/#\/schema\/logo\/image\/","url":"https:\/\/www.notibras.com\/site\/wp-content\/uploads\/2023\/01\/notibras23.png","contentUrl":"https:\/\/www.notibras.com\/site\/wp-content\/uploads\/2023\/01\/notibras23.png","width":350,"height":87,"caption":"Grupo Notibras de Comunica\u00e7\u00e3o"},"image":{"@id":"https:\/\/www.notibras.com\/site\/#\/schema\/logo\/image\/"},"sameAs":["https:\/\/www.facebook.com\/notibras\/","https:\/\/x.com\/Notibras","https:\/\/www.instagram.com\/notibras\/"]},{"@type":"Person","@id":"https:\/\/www.notibras.com\/site\/#\/schema\/person\/36ab0979449956132d3e5b517ea76ac8","name":"Reda\u00e7\u00e3o","image":{"@type":"ImageObject","inLanguage":"pt-BR","@id":"https:\/\/secure.gravatar.com\/avatar\/e0a867bdedb85fd243eadf09663511f96fc81e0720a4a42581f334ad4303aa6b?s=96&d=mm&r=g","url":"https:\/\/secure.gravatar.com\/avatar\/e0a867bdedb85fd243eadf09663511f96fc81e0720a4a42581f334ad4303aa6b?s=96&d=mm&r=g","contentUrl":"https:\/\/secure.gravatar.com\/avatar\/e0a867bdedb85fd243eadf09663511f96fc81e0720a4a42581f334ad4303aa6b?s=96&d=mm&r=g","caption":"Reda\u00e7\u00e3o"}}]}},"amp_enabled":true,"_links":{"self":[{"href":"https:\/\/www.notibras.com\/site\/wp-json\/wp\/v2\/posts\/203809","targetHints":{"allow":["GET"]}}],"collection":[{"href":"https:\/\/www.notibras.com\/site\/wp-json\/wp\/v2\/posts"}],"about":[{"href":"https:\/\/www.notibras.com\/site\/wp-json\/wp\/v2\/types\/post"}],"author":[{"embeddable":true,"href":"https:\/\/www.notibras.com\/site\/wp-json\/wp\/v2\/users\/2"}],"replies":[{"embeddable":true,"href":"https:\/\/www.notibras.com\/site\/wp-json\/wp\/v2\/comments?post=203809"}],"version-history":[{"count":1,"href":"https:\/\/www.notibras.com\/site\/wp-json\/wp\/v2\/posts\/203809\/revisions"}],"predecessor-version":[{"id":203811,"href":"https:\/\/www.notibras.com\/site\/wp-json\/wp\/v2\/posts\/203809\/revisions\/203811"}],"wp:featuredmedia":[{"embeddable":true,"href":"https:\/\/www.notibras.com\/site\/wp-json\/wp\/v2\/media\/203810"}],"wp:attachment":[{"href":"https:\/\/www.notibras.com\/site\/wp-json\/wp\/v2\/media?parent=203809"}],"wp:term":[{"taxonomy":"category","embeddable":true,"href":"https:\/\/www.notibras.com\/site\/wp-json\/wp\/v2\/categories?post=203809"},{"taxonomy":"post_tag","embeddable":true,"href":"https:\/\/www.notibras.com\/site\/wp-json\/wp\/v2\/tags?post=203809"}],"curies":[{"name":"wp","href":"https:\/\/api.w.org\/{rel}","templated":true}]}}