{"id":203813,"date":"2019-03-01T12:38:56","date_gmt":"2019-03-01T15:38:56","guid":{"rendered":"https:\/\/www.notibras.com\/site\/?p=203813"},"modified":"2019-03-01T12:40:55","modified_gmt":"2019-03-01T15:40:55","slug":"bolsonaro-quer-ver-maduro-mas-ernesto-nao-ve-como-dialogar","status":"publish","type":"post","link":"https:\/\/www.notibras.com\/site\/bolsonaro-quer-ver-maduro-mas-ernesto-nao-ve-como-dialogar\/","title":{"rendered":"Bolsonaro quer ver Maduro mas Ernesto n\u00e3o v\u00ea como dialogar"},"content":{"rendered":"<p>O ministro das Rela\u00e7\u00f5es Exteriores, Ernesto Ara\u00fajo, afirmou nesta sexta-feira, 1\u00ba de mar\u00e7o, que o Brasil n\u00e3o ir\u00e1 interceder nas negocia\u00e7\u00f5es que a Venezuela est\u00e1 realizando com outros pa\u00edses. Ele disse tamb\u00e9m que o governo brasileiro ainda n\u00e3o tem um canal de di\u00e1logo com o regime de Nicolas Maduro, embora o presidente Jair Bolsonaro tenha dito no dia anterior que pode conversar com o pol\u00eamico presidente do pa\u00eds vizinho.<\/p>\n<p>De acordo com o chanceler, o Brasil ainda n\u00e3o avalia qualquer tipo de interven\u00e7\u00e3o militar no pa\u00eds vizinho. Ele voltou a destacar que as negocia\u00e7\u00f5es devem ser feitas a partir do di\u00e1logo<\/p>\n<p>Ara\u00fajo afirmou que a visita do l\u00edder da oposi\u00e7\u00e3o venezuelana, Juan Guaid\u00f3, ao Brasil, na quinta-feira, foi importante para sedimentar as rela\u00e7\u00f5es entre o governo brasileiro e o grupo oposicionista do pa\u00eds vizinho. &#8220;A visita de Guaid\u00f3 nos deixou mais confiantes de que ele pode ser o centro da redemocratiza\u00e7\u00e3o Foi fundamental porque ele nos mostrou que \u00e9 uma alternativa s\u00e9ria, capaz de transformar o seu pa\u00eds&#8221;, disse.<\/p>\n<p>Ara\u00fajo afirmou que o Brasil ainda est\u00e1 disposto a continuar com as tentativas de ajuda humanit\u00e1ria, mas novas incurs\u00f5es para levar alimentos e medicamentos \u00e0 Venezuela depender\u00e3o de como caminha a situa\u00e7\u00e3o ma fronteira com o Brasil.<\/p>\n<p>Segundo o chanceler, ainda n\u00e3o h\u00e1 data para uma nova tentativa. Ele, no entanto, ressaltou que as 200 toneladas de alimentos que n\u00e3o puderam ser entregues nas primeiras tentativas n\u00e3o s\u00e3o perec\u00edveis e t\u00eam prazo de validade longo.<\/p>\n<p><strong>Agenda<\/strong> &#8211; Ara\u00fajo de reuniu no per\u00edodo da manh\u00e3 com o vice-presidente Hamilton Mour\u00e3o para discutir uma agenda para o grupo bilateral Brasil-China. A inten\u00e7\u00e3o \u00e9 marcar uma nova reuni\u00e3o em breve.<\/p>\n<p>O chanceler tamb\u00e9m confirmou que Bolsonaro viajar\u00e1 ao Chile, Estados Unidos e Israel ainda em mar\u00e7o.<\/p>\n","protected":false},"excerpt":{"rendered":"<p>O ministro das Rela\u00e7\u00f5es Exteriores, Ernesto Ara\u00fajo, afirmou nesta sexta-feira, 1\u00ba de mar\u00e7o, que o Brasil n\u00e3o ir\u00e1 interceder nas negocia\u00e7\u00f5es que a Venezuela est\u00e1 realizando com outros pa\u00edses. Ele disse tamb\u00e9m que o governo brasileiro ainda n\u00e3o tem um canal de di\u00e1logo com o regime de Nicolas Maduro, embora o presidente Jair Bolsonaro tenha [&hellip;]<\/p>\n","protected":false},"author":2,"featured_media":203814,"comment_status":"closed","ping_status":"closed","sticky":false,"template":"","format":"standard","meta":{"_acf_changed":false,"footnotes":""},"categories":[16],"tags":[95],"class_list":["post-203813","post","type-post","status-publish","format-standard","has-post-thumbnail","hentry","category-brasil","tag-capa"],"acf":[],"yoast_head":"<!-- This site is optimized with the Yoast SEO plugin v27.2 - https:\/\/yoast.com\/product\/yoast-seo-wordpress\/ -->\n<title>Bolsonaro quer ver Maduro mas Ernesto n\u00e3o v\u00ea como dialogar - Notibras<\/title>\n<meta name=\"robots\" content=\"index, follow, max-snippet:-1, max-image-preview:large, max-video-preview:-1\" \/>\n<link rel=\"canonical\" href=\"https:\/\/www.notibras.com\/site\/bolsonaro-quer-ver-maduro-mas-ernesto-nao-ve-como-dialogar\/\" \/>\n<meta property=\"og:locale\" content=\"pt_BR\" \/>\n<meta property=\"og:type\" content=\"article\" \/>\n<meta property=\"og:title\" content=\"Bolsonaro quer ver Maduro mas Ernesto n\u00e3o v\u00ea como dialogar - Notibras\" \/>\n<meta property=\"og:description\" content=\"O ministro das Rela\u00e7\u00f5es Exteriores, Ernesto Ara\u00fajo, afirmou nesta sexta-feira, 1\u00ba de mar\u00e7o, que o Brasil n\u00e3o ir\u00e1 interceder nas negocia\u00e7\u00f5es que a Venezuela est\u00e1 realizando com outros pa\u00edses. Ele disse tamb\u00e9m que o governo brasileiro ainda n\u00e3o tem um canal de di\u00e1logo com o regime de Nicolas Maduro, embora o presidente Jair Bolsonaro tenha [&hellip;]\" \/>\n<meta property=\"og:url\" content=\"https:\/\/www.notibras.com\/site\/bolsonaro-quer-ver-maduro-mas-ernesto-nao-ve-como-dialogar\/\" \/>\n<meta property=\"og:site_name\" content=\"Notibras\" \/>\n<meta property=\"article:publisher\" content=\"https:\/\/www.facebook.com\/notibras\/\" \/>\n<meta property=\"article:published_time\" content=\"2019-03-01T15:38:56+00:00\" \/>\n<meta property=\"article:modified_time\" content=\"2019-03-01T15:40:55+00:00\" \/>\n<meta property=\"og:image\" content=\"https:\/\/www.notibras.com\/site\/wp-content\/uploads\/2019\/03\/ernesto-foto-wilson-dias.jpg\" \/>\n\t<meta property=\"og:image:width\" content=\"1140\" \/>\n\t<meta property=\"og:image:height\" content=\"760\" \/>\n\t<meta property=\"og:image:type\" content=\"image\/jpeg\" \/>\n<meta name=\"author\" content=\"Reda\u00e7\u00e3o\" \/>\n<meta name=\"twitter:card\" content=\"summary_large_image\" \/>\n<meta name=\"twitter:creator\" content=\"@Notibras\" \/>\n<meta name=\"twitter:site\" content=\"@Notibras\" \/>\n<meta name=\"twitter:label1\" content=\"Escrito por\" \/>\n\t<meta name=\"twitter:data1\" content=\"Reda\u00e7\u00e3o\" \/>\n\t<meta name=\"twitter:label2\" content=\"Est. tempo de leitura\" \/>\n\t<meta name=\"twitter:data2\" content=\"2 minutos\" \/>\n<script type=\"application\/ld+json\" class=\"yoast-schema-graph\">{\"@context\":\"https:\/\/schema.org\",\"@graph\":[{\"@type\":\"Article\",\"@id\":\"https:\/\/www.notibras.com\/site\/bolsonaro-quer-ver-maduro-mas-ernesto-nao-ve-como-dialogar\/#article\",\"isPartOf\":{\"@id\":\"https:\/\/www.notibras.com\/site\/bolsonaro-quer-ver-maduro-mas-ernesto-nao-ve-como-dialogar\/\"},\"author\":{\"name\":\"Reda\u00e7\u00e3o\",\"@id\":\"https:\/\/www.notibras.com\/site\/#\/schema\/person\/36ab0979449956132d3e5b517ea76ac8\"},\"headline\":\"Bolsonaro quer ver Maduro mas Ernesto n\u00e3o v\u00ea como dialogar\",\"datePublished\":\"2019-03-01T15:38:56+00:00\",\"dateModified\":\"2019-03-01T15:40:55+00:00\",\"mainEntityOfPage\":{\"@id\":\"https:\/\/www.notibras.com\/site\/bolsonaro-quer-ver-maduro-mas-ernesto-nao-ve-como-dialogar\/\"},\"wordCount\":340,\"publisher\":{\"@id\":\"https:\/\/www.notibras.com\/site\/#organization\"},\"image\":{\"@id\":\"https:\/\/www.notibras.com\/site\/bolsonaro-quer-ver-maduro-mas-ernesto-nao-ve-como-dialogar\/#primaryimage\"},\"thumbnailUrl\":\"https:\/\/www.notibras.com\/site\/wp-content\/uploads\/2019\/03\/ernesto-foto-wilson-dias.jpg\",\"keywords\":[\"capa\"],\"articleSection\":[\"Brasil\"],\"inLanguage\":\"pt-BR\"},{\"@type\":\"WebPage\",\"@id\":\"https:\/\/www.notibras.com\/site\/bolsonaro-quer-ver-maduro-mas-ernesto-nao-ve-como-dialogar\/\",\"url\":\"https:\/\/www.notibras.com\/site\/bolsonaro-quer-ver-maduro-mas-ernesto-nao-ve-como-dialogar\/\",\"name\":\"Bolsonaro quer ver Maduro mas Ernesto n\u00e3o v\u00ea como dialogar - Notibras\",\"isPartOf\":{\"@id\":\"https:\/\/www.notibras.com\/site\/#website\"},\"primaryImageOfPage\":{\"@id\":\"https:\/\/www.notibras.com\/site\/bolsonaro-quer-ver-maduro-mas-ernesto-nao-ve-como-dialogar\/#primaryimage\"},\"image\":{\"@id\":\"https:\/\/www.notibras.com\/site\/bolsonaro-quer-ver-maduro-mas-ernesto-nao-ve-como-dialogar\/#primaryimage\"},\"thumbnailUrl\":\"https:\/\/www.notibras.com\/site\/wp-content\/uploads\/2019\/03\/ernesto-foto-wilson-dias.jpg\",\"datePublished\":\"2019-03-01T15:38:56+00:00\",\"dateModified\":\"2019-03-01T15:40:55+00:00\",\"breadcrumb\":{\"@id\":\"https:\/\/www.notibras.com\/site\/bolsonaro-quer-ver-maduro-mas-ernesto-nao-ve-como-dialogar\/#breadcrumb\"},\"inLanguage\":\"pt-BR\",\"potentialAction\":[{\"@type\":\"ReadAction\",\"target\":[\"https:\/\/www.notibras.com\/site\/bolsonaro-quer-ver-maduro-mas-ernesto-nao-ve-como-dialogar\/\"]}]},{\"@type\":\"ImageObject\",\"inLanguage\":\"pt-BR\",\"@id\":\"https:\/\/www.notibras.com\/site\/bolsonaro-quer-ver-maduro-mas-ernesto-nao-ve-como-dialogar\/#primaryimage\",\"url\":\"https:\/\/www.notibras.com\/site\/wp-content\/uploads\/2019\/03\/ernesto-foto-wilson-dias.jpg\",\"contentUrl\":\"https:\/\/www.notibras.com\/site\/wp-content\/uploads\/2019\/03\/ernesto-foto-wilson-dias.jpg\",\"width\":1140,\"height\":760},{\"@type\":\"BreadcrumbList\",\"@id\":\"https:\/\/www.notibras.com\/site\/bolsonaro-quer-ver-maduro-mas-ernesto-nao-ve-como-dialogar\/#breadcrumb\",\"itemListElement\":[{\"@type\":\"ListItem\",\"position\":1,\"name\":\"In\u00edcio\",\"item\":\"https:\/\/www.notibras.com\/site\/\"},{\"@type\":\"ListItem\",\"position\":2,\"name\":\"Bolsonaro quer ver Maduro mas Ernesto n\u00e3o v\u00ea como dialogar\"}]},{\"@type\":\"WebSite\",\"@id\":\"https:\/\/www.notibras.com\/site\/#website\",\"url\":\"https:\/\/www.notibras.com\/site\/\",\"name\":\"Notibras\",\"description\":\"Not\u00edcias de Bras\u00edlia, do Brasil e do Mundo\",\"publisher\":{\"@id\":\"https:\/\/www.notibras.com\/site\/#organization\"},\"potentialAction\":[{\"@type\":\"SearchAction\",\"target\":{\"@type\":\"EntryPoint\",\"urlTemplate\":\"https:\/\/www.notibras.com\/site\/?s={search_term_string}\"},\"query-input\":{\"@type\":\"PropertyValueSpecification\",\"valueRequired\":true,\"valueName\":\"search_term_string\"}}],\"inLanguage\":\"pt-BR\"},{\"@type\":\"Organization\",\"@id\":\"https:\/\/www.notibras.com\/site\/#organization\",\"name\":\"Grupo Notibras de Comunica\u00e7\u00e3o\",\"url\":\"https:\/\/www.notibras.com\/site\/\",\"logo\":{\"@type\":\"ImageObject\",\"inLanguage\":\"pt-BR\",\"@id\":\"https:\/\/www.notibras.com\/site\/#\/schema\/logo\/image\/\",\"url\":\"https:\/\/www.notibras.com\/site\/wp-content\/uploads\/2023\/01\/notibras23.png\",\"contentUrl\":\"https:\/\/www.notibras.com\/site\/wp-content\/uploads\/2023\/01\/notibras23.png\",\"width\":350,\"height\":87,\"caption\":\"Grupo Notibras de Comunica\u00e7\u00e3o\"},\"image\":{\"@id\":\"https:\/\/www.notibras.com\/site\/#\/schema\/logo\/image\/\"},\"sameAs\":[\"https:\/\/www.facebook.com\/notibras\/\",\"https:\/\/x.com\/Notibras\",\"https:\/\/www.instagram.com\/notibras\/\"]},{\"@type\":\"Person\",\"@id\":\"https:\/\/www.notibras.com\/site\/#\/schema\/person\/36ab0979449956132d3e5b517ea76ac8\",\"name\":\"Reda\u00e7\u00e3o\",\"image\":{\"@type\":\"ImageObject\",\"inLanguage\":\"pt-BR\",\"@id\":\"https:\/\/secure.gravatar.com\/avatar\/e0a867bdedb85fd243eadf09663511f96fc81e0720a4a42581f334ad4303aa6b?s=96&d=mm&r=g\",\"url\":\"https:\/\/secure.gravatar.com\/avatar\/e0a867bdedb85fd243eadf09663511f96fc81e0720a4a42581f334ad4303aa6b?s=96&d=mm&r=g\",\"contentUrl\":\"https:\/\/secure.gravatar.com\/avatar\/e0a867bdedb85fd243eadf09663511f96fc81e0720a4a42581f334ad4303aa6b?s=96&d=mm&r=g\",\"caption\":\"Reda\u00e7\u00e3o\"}}]}<\/script>\n<!-- \/ Yoast SEO plugin. -->","yoast_head_json":{"title":"Bolsonaro quer ver Maduro mas Ernesto n\u00e3o v\u00ea como dialogar - Notibras","robots":{"index":"index","follow":"follow","max-snippet":"max-snippet:-1","max-image-preview":"max-image-preview:large","max-video-preview":"max-video-preview:-1"},"canonical":"https:\/\/www.notibras.com\/site\/bolsonaro-quer-ver-maduro-mas-ernesto-nao-ve-como-dialogar\/","og_locale":"pt_BR","og_type":"article","og_title":"Bolsonaro quer ver Maduro mas Ernesto n\u00e3o v\u00ea como dialogar - Notibras","og_description":"O ministro das Rela\u00e7\u00f5es Exteriores, Ernesto Ara\u00fajo, afirmou nesta sexta-feira, 1\u00ba de mar\u00e7o, que o Brasil n\u00e3o ir\u00e1 interceder nas negocia\u00e7\u00f5es que a Venezuela est\u00e1 realizando com outros pa\u00edses. Ele disse tamb\u00e9m que o governo brasileiro ainda n\u00e3o tem um canal de di\u00e1logo com o regime de Nicolas Maduro, embora o presidente Jair Bolsonaro tenha [&hellip;]","og_url":"https:\/\/www.notibras.com\/site\/bolsonaro-quer-ver-maduro-mas-ernesto-nao-ve-como-dialogar\/","og_site_name":"Notibras","article_publisher":"https:\/\/www.facebook.com\/notibras\/","article_published_time":"2019-03-01T15:38:56+00:00","article_modified_time":"2019-03-01T15:40:55+00:00","og_image":[{"width":1140,"height":760,"url":"https:\/\/www.notibras.com\/site\/wp-content\/uploads\/2019\/03\/ernesto-foto-wilson-dias.jpg","type":"image\/jpeg"}],"author":"Reda\u00e7\u00e3o","twitter_card":"summary_large_image","twitter_creator":"@Notibras","twitter_site":"@Notibras","twitter_misc":{"Escrito por":"Reda\u00e7\u00e3o","Est. tempo de leitura":"2 minutos"},"schema":{"@context":"https:\/\/schema.org","@graph":[{"@type":"Article","@id":"https:\/\/www.notibras.com\/site\/bolsonaro-quer-ver-maduro-mas-ernesto-nao-ve-como-dialogar\/#article","isPartOf":{"@id":"https:\/\/www.notibras.com\/site\/bolsonaro-quer-ver-maduro-mas-ernesto-nao-ve-como-dialogar\/"},"author":{"name":"Reda\u00e7\u00e3o","@id":"https:\/\/www.notibras.com\/site\/#\/schema\/person\/36ab0979449956132d3e5b517ea76ac8"},"headline":"Bolsonaro quer ver Maduro mas Ernesto n\u00e3o v\u00ea como dialogar","datePublished":"2019-03-01T15:38:56+00:00","dateModified":"2019-03-01T15:40:55+00:00","mainEntityOfPage":{"@id":"https:\/\/www.notibras.com\/site\/bolsonaro-quer-ver-maduro-mas-ernesto-nao-ve-como-dialogar\/"},"wordCount":340,"publisher":{"@id":"https:\/\/www.notibras.com\/site\/#organization"},"image":{"@id":"https:\/\/www.notibras.com\/site\/bolsonaro-quer-ver-maduro-mas-ernesto-nao-ve-como-dialogar\/#primaryimage"},"thumbnailUrl":"https:\/\/www.notibras.com\/site\/wp-content\/uploads\/2019\/03\/ernesto-foto-wilson-dias.jpg","keywords":["capa"],"articleSection":["Brasil"],"inLanguage":"pt-BR"},{"@type":"WebPage","@id":"https:\/\/www.notibras.com\/site\/bolsonaro-quer-ver-maduro-mas-ernesto-nao-ve-como-dialogar\/","url":"https:\/\/www.notibras.com\/site\/bolsonaro-quer-ver-maduro-mas-ernesto-nao-ve-como-dialogar\/","name":"Bolsonaro quer ver Maduro mas Ernesto n\u00e3o v\u00ea como dialogar - Notibras","isPartOf":{"@id":"https:\/\/www.notibras.com\/site\/#website"},"primaryImageOfPage":{"@id":"https:\/\/www.notibras.com\/site\/bolsonaro-quer-ver-maduro-mas-ernesto-nao-ve-como-dialogar\/#primaryimage"},"image":{"@id":"https:\/\/www.notibras.com\/site\/bolsonaro-quer-ver-maduro-mas-ernesto-nao-ve-como-dialogar\/#primaryimage"},"thumbnailUrl":"https:\/\/www.notibras.com\/site\/wp-content\/uploads\/2019\/03\/ernesto-foto-wilson-dias.jpg","datePublished":"2019-03-01T15:38:56+00:00","dateModified":"2019-03-01T15:40:55+00:00","breadcrumb":{"@id":"https:\/\/www.notibras.com\/site\/bolsonaro-quer-ver-maduro-mas-ernesto-nao-ve-como-dialogar\/#breadcrumb"},"inLanguage":"pt-BR","potentialAction":[{"@type":"ReadAction","target":["https:\/\/www.notibras.com\/site\/bolsonaro-quer-ver-maduro-mas-ernesto-nao-ve-como-dialogar\/"]}]},{"@type":"ImageObject","inLanguage":"pt-BR","@id":"https:\/\/www.notibras.com\/site\/bolsonaro-quer-ver-maduro-mas-ernesto-nao-ve-como-dialogar\/#primaryimage","url":"https:\/\/www.notibras.com\/site\/wp-content\/uploads\/2019\/03\/ernesto-foto-wilson-dias.jpg","contentUrl":"https:\/\/www.notibras.com\/site\/wp-content\/uploads\/2019\/03\/ernesto-foto-wilson-dias.jpg","width":1140,"height":760},{"@type":"BreadcrumbList","@id":"https:\/\/www.notibras.com\/site\/bolsonaro-quer-ver-maduro-mas-ernesto-nao-ve-como-dialogar\/#breadcrumb","itemListElement":[{"@type":"ListItem","position":1,"name":"In\u00edcio","item":"https:\/\/www.notibras.com\/site\/"},{"@type":"ListItem","position":2,"name":"Bolsonaro quer ver Maduro mas Ernesto n\u00e3o v\u00ea como dialogar"}]},{"@type":"WebSite","@id":"https:\/\/www.notibras.com\/site\/#website","url":"https:\/\/www.notibras.com\/site\/","name":"Notibras","description":"Not\u00edcias de Bras\u00edlia, do Brasil e do Mundo","publisher":{"@id":"https:\/\/www.notibras.com\/site\/#organization"},"potentialAction":[{"@type":"SearchAction","target":{"@type":"EntryPoint","urlTemplate":"https:\/\/www.notibras.com\/site\/?s={search_term_string}"},"query-input":{"@type":"PropertyValueSpecification","valueRequired":true,"valueName":"search_term_string"}}],"inLanguage":"pt-BR"},{"@type":"Organization","@id":"https:\/\/www.notibras.com\/site\/#organization","name":"Grupo Notibras de Comunica\u00e7\u00e3o","url":"https:\/\/www.notibras.com\/site\/","logo":{"@type":"ImageObject","inLanguage":"pt-BR","@id":"https:\/\/www.notibras.com\/site\/#\/schema\/logo\/image\/","url":"https:\/\/www.notibras.com\/site\/wp-content\/uploads\/2023\/01\/notibras23.png","contentUrl":"https:\/\/www.notibras.com\/site\/wp-content\/uploads\/2023\/01\/notibras23.png","width":350,"height":87,"caption":"Grupo Notibras de Comunica\u00e7\u00e3o"},"image":{"@id":"https:\/\/www.notibras.com\/site\/#\/schema\/logo\/image\/"},"sameAs":["https:\/\/www.facebook.com\/notibras\/","https:\/\/x.com\/Notibras","https:\/\/www.instagram.com\/notibras\/"]},{"@type":"Person","@id":"https:\/\/www.notibras.com\/site\/#\/schema\/person\/36ab0979449956132d3e5b517ea76ac8","name":"Reda\u00e7\u00e3o","image":{"@type":"ImageObject","inLanguage":"pt-BR","@id":"https:\/\/secure.gravatar.com\/avatar\/e0a867bdedb85fd243eadf09663511f96fc81e0720a4a42581f334ad4303aa6b?s=96&d=mm&r=g","url":"https:\/\/secure.gravatar.com\/avatar\/e0a867bdedb85fd243eadf09663511f96fc81e0720a4a42581f334ad4303aa6b?s=96&d=mm&r=g","contentUrl":"https:\/\/secure.gravatar.com\/avatar\/e0a867bdedb85fd243eadf09663511f96fc81e0720a4a42581f334ad4303aa6b?s=96&d=mm&r=g","caption":"Reda\u00e7\u00e3o"}}]}},"amp_enabled":true,"_links":{"self":[{"href":"https:\/\/www.notibras.com\/site\/wp-json\/wp\/v2\/posts\/203813","targetHints":{"allow":["GET"]}}],"collection":[{"href":"https:\/\/www.notibras.com\/site\/wp-json\/wp\/v2\/posts"}],"about":[{"href":"https:\/\/www.notibras.com\/site\/wp-json\/wp\/v2\/types\/post"}],"author":[{"embeddable":true,"href":"https:\/\/www.notibras.com\/site\/wp-json\/wp\/v2\/users\/2"}],"replies":[{"embeddable":true,"href":"https:\/\/www.notibras.com\/site\/wp-json\/wp\/v2\/comments?post=203813"}],"version-history":[{"count":4,"href":"https:\/\/www.notibras.com\/site\/wp-json\/wp\/v2\/posts\/203813\/revisions"}],"predecessor-version":[{"id":203818,"href":"https:\/\/www.notibras.com\/site\/wp-json\/wp\/v2\/posts\/203813\/revisions\/203818"}],"wp:featuredmedia":[{"embeddable":true,"href":"https:\/\/www.notibras.com\/site\/wp-json\/wp\/v2\/media\/203814"}],"wp:attachment":[{"href":"https:\/\/www.notibras.com\/site\/wp-json\/wp\/v2\/media?parent=203813"}],"wp:term":[{"taxonomy":"category","embeddable":true,"href":"https:\/\/www.notibras.com\/site\/wp-json\/wp\/v2\/categories?post=203813"},{"taxonomy":"post_tag","embeddable":true,"href":"https:\/\/www.notibras.com\/site\/wp-json\/wp\/v2\/tags?post=203813"}],"curies":[{"name":"wp","href":"https:\/\/api.w.org\/{rel}","templated":true}]}}