{"id":203826,"date":"2019-03-01T14:03:53","date_gmt":"2019-03-01T17:03:53","guid":{"rendered":"https:\/\/www.notibras.com\/site\/?p=203826"},"modified":"2019-03-01T14:05:44","modified_gmt":"2019-03-01T17:05:44","slug":"morre-neto-de-lula-ele-quer-ir-ao-sepultamento","status":"publish","type":"post","link":"https:\/\/www.notibras.com\/site\/morre-neto-de-lula-ele-quer-ir-ao-sepultamento\/","title":{"rendered":"Morre neto de Lula. Ele quer ir ao sepultamento"},"content":{"rendered":"<p>Um neto do ex-presidente Luiz In\u00e1cio Lula da Silva morreu nesta sexta, 1, no Hospital Bartira, em Santo Andr\u00e9, onde foi internado pela manh\u00e3 com sintomas de meningite. Arthur Ara\u00fajo Lula da Silva, de 7 anos, era filho de Sandro Luis Lula da Silva, um dos tr\u00eas filhos do ex-presidente com a ex-primeira-dama Marisa Let\u00edcia.<\/p>\n<p>Em nota, o Hospital Bartira informou que Arthur Ara\u00fajo Lula da Silva \u2018veio a \u00f3bito \u00e0s 12:36, devido ao agravamento do quadro infeccioso de meningite meningoc\u00f3cica\u2019.<\/p>\n<p>\u201cO paciente havia dado entrada \u00e0s 07h20 desta manh\u00e3 com quadro inst\u00e1vel\u201d, afirmou o hospital.<\/p>\n<p>Preso na superintend\u00eancia da Pol\u00edcia Federal em Curitiba desde abril do ano passado, no \u00e2mbito da Opera\u00e7\u00e3o Lava Jato, Lula deve solicitar a sa\u00edda da pris\u00e3o para acompanhar o vel\u00f3rio do neto, segundo apurou o Estado.<\/p>\n<p>Em janeiro, no entanto, a ju\u00edza Carolina Lebbos, respons\u00e1vel pela execu\u00e7\u00e3o da pena do ex-presidente, negou o pedido dele para ir ao sepultamento do irm\u00e3o Genival In\u00e1cio da Silva, o Vav\u00e1. A defesa de Lula teve de recorrer ao Supremo Tribunal Federal (STF) para garantir o direito, mas a decis\u00e3o s\u00f3 saiu momentos antes do sepultamento do corpo de Genival e o ex-presidente n\u00e3o deixou a superintend\u00eancia da PF. O ministro Dias Toffoli permitiu apenas que Lula se encontrasse com familiares em uma unidade militar.<\/p>\n<p>A Pol\u00edcia Federal foi informada da morte de Arthur e j\u00e1 trabalha com a possibilidade da defesa do ex-presidente obter o direito de Lula ir ao vel\u00f3rio.<\/p>\n<p>A deputada Gleisi Hoffmann (PT-PR) se manifestou pelo Twitter. \u201cPresidente Lula perdeu seu neto hoje. Que tristeza. Arthur tinha 7 anos e foi v\u00edtima de uma meningite. For\u00e7a presidente, estamos do teu lado, sinta nosso abra\u00e7o e solidariedade. Faremos de tudo pra q vc possa v\u00ea-lo. For\u00e7a a fam\u00edlia, aos pais Sandro e Marlene. Dia muito triste\u201d, escreveu.<\/p>\n","protected":false},"excerpt":{"rendered":"<p>Um neto do ex-presidente Luiz In\u00e1cio Lula da Silva morreu nesta sexta, 1, no Hospital Bartira, em Santo Andr\u00e9, onde foi internado pela manh\u00e3 com sintomas de meningite. Arthur Ara\u00fajo Lula da Silva, de 7 anos, era filho de Sandro Luis Lula da Silva, um dos tr\u00eas filhos do ex-presidente com a ex-primeira-dama Marisa Let\u00edcia. [&hellip;]<\/p>\n","protected":false},"author":2,"featured_media":200952,"comment_status":"closed","ping_status":"closed","sticky":false,"template":"","format":"standard","meta":{"_acf_changed":false,"footnotes":""},"categories":[16],"tags":[95],"class_list":["post-203826","post","type-post","status-publish","format-standard","has-post-thumbnail","hentry","category-brasil","tag-capa"],"acf":[],"yoast_head":"<!-- This site is optimized with the Yoast SEO plugin v27.2 - https:\/\/yoast.com\/product\/yoast-seo-wordpress\/ -->\n<title>Morre neto de Lula. Ele quer ir ao sepultamento - Notibras<\/title>\n<meta name=\"robots\" content=\"index, follow, max-snippet:-1, max-image-preview:large, max-video-preview:-1\" \/>\n<link rel=\"canonical\" href=\"https:\/\/www.notibras.com\/site\/morre-neto-de-lula-ele-quer-ir-ao-sepultamento\/\" \/>\n<meta property=\"og:locale\" content=\"pt_BR\" \/>\n<meta property=\"og:type\" content=\"article\" \/>\n<meta property=\"og:title\" content=\"Morre neto de Lula. Ele quer ir ao sepultamento - Notibras\" \/>\n<meta property=\"og:description\" content=\"Um neto do ex-presidente Luiz In\u00e1cio Lula da Silva morreu nesta sexta, 1, no Hospital Bartira, em Santo Andr\u00e9, onde foi internado pela manh\u00e3 com sintomas de meningite. Arthur Ara\u00fajo Lula da Silva, de 7 anos, era filho de Sandro Luis Lula da Silva, um dos tr\u00eas filhos do ex-presidente com a ex-primeira-dama Marisa Let\u00edcia. [&hellip;]\" \/>\n<meta property=\"og:url\" content=\"https:\/\/www.notibras.com\/site\/morre-neto-de-lula-ele-quer-ir-ao-sepultamento\/\" \/>\n<meta property=\"og:site_name\" content=\"Notibras\" \/>\n<meta property=\"article:publisher\" content=\"https:\/\/www.facebook.com\/notibras\/\" \/>\n<meta property=\"article:published_time\" content=\"2019-03-01T17:03:53+00:00\" \/>\n<meta property=\"article:modified_time\" content=\"2019-03-01T17:05:44+00:00\" \/>\n<meta property=\"og:image\" content=\"https:\/\/www.notibras.com\/site\/wp-content\/uploads\/2019\/01\/lula_chorando.jpg\" \/>\n\t<meta property=\"og:image:width\" content=\"1000\" \/>\n\t<meta property=\"og:image:height\" content=\"666\" \/>\n\t<meta property=\"og:image:type\" content=\"image\/jpeg\" \/>\n<meta name=\"author\" content=\"Reda\u00e7\u00e3o\" \/>\n<meta name=\"twitter:card\" content=\"summary_large_image\" \/>\n<meta name=\"twitter:creator\" content=\"@Notibras\" \/>\n<meta name=\"twitter:site\" content=\"@Notibras\" \/>\n<meta name=\"twitter:label1\" content=\"Escrito por\" \/>\n\t<meta name=\"twitter:data1\" content=\"Reda\u00e7\u00e3o\" \/>\n\t<meta name=\"twitter:label2\" content=\"Est. tempo de leitura\" \/>\n\t<meta name=\"twitter:data2\" content=\"2 minutos\" \/>\n<script type=\"application\/ld+json\" class=\"yoast-schema-graph\">{\"@context\":\"https:\/\/schema.org\",\"@graph\":[{\"@type\":\"Article\",\"@id\":\"https:\/\/www.notibras.com\/site\/morre-neto-de-lula-ele-quer-ir-ao-sepultamento\/#article\",\"isPartOf\":{\"@id\":\"https:\/\/www.notibras.com\/site\/morre-neto-de-lula-ele-quer-ir-ao-sepultamento\/\"},\"author\":{\"name\":\"Reda\u00e7\u00e3o\",\"@id\":\"https:\/\/www.notibras.com\/site\/#\/schema\/person\/36ab0979449956132d3e5b517ea76ac8\"},\"headline\":\"Morre neto de Lula. Ele quer ir ao sepultamento\",\"datePublished\":\"2019-03-01T17:03:53+00:00\",\"dateModified\":\"2019-03-01T17:05:44+00:00\",\"mainEntityOfPage\":{\"@id\":\"https:\/\/www.notibras.com\/site\/morre-neto-de-lula-ele-quer-ir-ao-sepultamento\/\"},\"wordCount\":336,\"publisher\":{\"@id\":\"https:\/\/www.notibras.com\/site\/#organization\"},\"image\":{\"@id\":\"https:\/\/www.notibras.com\/site\/morre-neto-de-lula-ele-quer-ir-ao-sepultamento\/#primaryimage\"},\"thumbnailUrl\":\"https:\/\/www.notibras.com\/site\/wp-content\/uploads\/2019\/01\/lula_chorando.jpg\",\"keywords\":[\"capa\"],\"articleSection\":[\"Brasil\"],\"inLanguage\":\"pt-BR\"},{\"@type\":\"WebPage\",\"@id\":\"https:\/\/www.notibras.com\/site\/morre-neto-de-lula-ele-quer-ir-ao-sepultamento\/\",\"url\":\"https:\/\/www.notibras.com\/site\/morre-neto-de-lula-ele-quer-ir-ao-sepultamento\/\",\"name\":\"Morre neto de Lula. Ele quer ir ao sepultamento - Notibras\",\"isPartOf\":{\"@id\":\"https:\/\/www.notibras.com\/site\/#website\"},\"primaryImageOfPage\":{\"@id\":\"https:\/\/www.notibras.com\/site\/morre-neto-de-lula-ele-quer-ir-ao-sepultamento\/#primaryimage\"},\"image\":{\"@id\":\"https:\/\/www.notibras.com\/site\/morre-neto-de-lula-ele-quer-ir-ao-sepultamento\/#primaryimage\"},\"thumbnailUrl\":\"https:\/\/www.notibras.com\/site\/wp-content\/uploads\/2019\/01\/lula_chorando.jpg\",\"datePublished\":\"2019-03-01T17:03:53+00:00\",\"dateModified\":\"2019-03-01T17:05:44+00:00\",\"breadcrumb\":{\"@id\":\"https:\/\/www.notibras.com\/site\/morre-neto-de-lula-ele-quer-ir-ao-sepultamento\/#breadcrumb\"},\"inLanguage\":\"pt-BR\",\"potentialAction\":[{\"@type\":\"ReadAction\",\"target\":[\"https:\/\/www.notibras.com\/site\/morre-neto-de-lula-ele-quer-ir-ao-sepultamento\/\"]}]},{\"@type\":\"ImageObject\",\"inLanguage\":\"pt-BR\",\"@id\":\"https:\/\/www.notibras.com\/site\/morre-neto-de-lula-ele-quer-ir-ao-sepultamento\/#primaryimage\",\"url\":\"https:\/\/www.notibras.com\/site\/wp-content\/uploads\/2019\/01\/lula_chorando.jpg\",\"contentUrl\":\"https:\/\/www.notibras.com\/site\/wp-content\/uploads\/2019\/01\/lula_chorando.jpg\",\"width\":1000,\"height\":666},{\"@type\":\"BreadcrumbList\",\"@id\":\"https:\/\/www.notibras.com\/site\/morre-neto-de-lula-ele-quer-ir-ao-sepultamento\/#breadcrumb\",\"itemListElement\":[{\"@type\":\"ListItem\",\"position\":1,\"name\":\"In\u00edcio\",\"item\":\"https:\/\/www.notibras.com\/site\/\"},{\"@type\":\"ListItem\",\"position\":2,\"name\":\"Morre neto de Lula. Ele quer ir ao sepultamento\"}]},{\"@type\":\"WebSite\",\"@id\":\"https:\/\/www.notibras.com\/site\/#website\",\"url\":\"https:\/\/www.notibras.com\/site\/\",\"name\":\"Notibras\",\"description\":\"Not\u00edcias de Bras\u00edlia, do Brasil e do Mundo\",\"publisher\":{\"@id\":\"https:\/\/www.notibras.com\/site\/#organization\"},\"potentialAction\":[{\"@type\":\"SearchAction\",\"target\":{\"@type\":\"EntryPoint\",\"urlTemplate\":\"https:\/\/www.notibras.com\/site\/?s={search_term_string}\"},\"query-input\":{\"@type\":\"PropertyValueSpecification\",\"valueRequired\":true,\"valueName\":\"search_term_string\"}}],\"inLanguage\":\"pt-BR\"},{\"@type\":\"Organization\",\"@id\":\"https:\/\/www.notibras.com\/site\/#organization\",\"name\":\"Grupo Notibras de Comunica\u00e7\u00e3o\",\"url\":\"https:\/\/www.notibras.com\/site\/\",\"logo\":{\"@type\":\"ImageObject\",\"inLanguage\":\"pt-BR\",\"@id\":\"https:\/\/www.notibras.com\/site\/#\/schema\/logo\/image\/\",\"url\":\"https:\/\/www.notibras.com\/site\/wp-content\/uploads\/2023\/01\/notibras23.png\",\"contentUrl\":\"https:\/\/www.notibras.com\/site\/wp-content\/uploads\/2023\/01\/notibras23.png\",\"width\":350,\"height\":87,\"caption\":\"Grupo Notibras de Comunica\u00e7\u00e3o\"},\"image\":{\"@id\":\"https:\/\/www.notibras.com\/site\/#\/schema\/logo\/image\/\"},\"sameAs\":[\"https:\/\/www.facebook.com\/notibras\/\",\"https:\/\/x.com\/Notibras\",\"https:\/\/www.instagram.com\/notibras\/\"]},{\"@type\":\"Person\",\"@id\":\"https:\/\/www.notibras.com\/site\/#\/schema\/person\/36ab0979449956132d3e5b517ea76ac8\",\"name\":\"Reda\u00e7\u00e3o\",\"image\":{\"@type\":\"ImageObject\",\"inLanguage\":\"pt-BR\",\"@id\":\"https:\/\/secure.gravatar.com\/avatar\/e0a867bdedb85fd243eadf09663511f96fc81e0720a4a42581f334ad4303aa6b?s=96&d=mm&r=g\",\"url\":\"https:\/\/secure.gravatar.com\/avatar\/e0a867bdedb85fd243eadf09663511f96fc81e0720a4a42581f334ad4303aa6b?s=96&d=mm&r=g\",\"contentUrl\":\"https:\/\/secure.gravatar.com\/avatar\/e0a867bdedb85fd243eadf09663511f96fc81e0720a4a42581f334ad4303aa6b?s=96&d=mm&r=g\",\"caption\":\"Reda\u00e7\u00e3o\"}}]}<\/script>\n<!-- \/ Yoast SEO plugin. -->","yoast_head_json":{"title":"Morre neto de Lula. Ele quer ir ao sepultamento - Notibras","robots":{"index":"index","follow":"follow","max-snippet":"max-snippet:-1","max-image-preview":"max-image-preview:large","max-video-preview":"max-video-preview:-1"},"canonical":"https:\/\/www.notibras.com\/site\/morre-neto-de-lula-ele-quer-ir-ao-sepultamento\/","og_locale":"pt_BR","og_type":"article","og_title":"Morre neto de Lula. Ele quer ir ao sepultamento - Notibras","og_description":"Um neto do ex-presidente Luiz In\u00e1cio Lula da Silva morreu nesta sexta, 1, no Hospital Bartira, em Santo Andr\u00e9, onde foi internado pela manh\u00e3 com sintomas de meningite. Arthur Ara\u00fajo Lula da Silva, de 7 anos, era filho de Sandro Luis Lula da Silva, um dos tr\u00eas filhos do ex-presidente com a ex-primeira-dama Marisa Let\u00edcia. [&hellip;]","og_url":"https:\/\/www.notibras.com\/site\/morre-neto-de-lula-ele-quer-ir-ao-sepultamento\/","og_site_name":"Notibras","article_publisher":"https:\/\/www.facebook.com\/notibras\/","article_published_time":"2019-03-01T17:03:53+00:00","article_modified_time":"2019-03-01T17:05:44+00:00","og_image":[{"width":1000,"height":666,"url":"https:\/\/www.notibras.com\/site\/wp-content\/uploads\/2019\/01\/lula_chorando.jpg","type":"image\/jpeg"}],"author":"Reda\u00e7\u00e3o","twitter_card":"summary_large_image","twitter_creator":"@Notibras","twitter_site":"@Notibras","twitter_misc":{"Escrito por":"Reda\u00e7\u00e3o","Est. tempo de leitura":"2 minutos"},"schema":{"@context":"https:\/\/schema.org","@graph":[{"@type":"Article","@id":"https:\/\/www.notibras.com\/site\/morre-neto-de-lula-ele-quer-ir-ao-sepultamento\/#article","isPartOf":{"@id":"https:\/\/www.notibras.com\/site\/morre-neto-de-lula-ele-quer-ir-ao-sepultamento\/"},"author":{"name":"Reda\u00e7\u00e3o","@id":"https:\/\/www.notibras.com\/site\/#\/schema\/person\/36ab0979449956132d3e5b517ea76ac8"},"headline":"Morre neto de Lula. Ele quer ir ao sepultamento","datePublished":"2019-03-01T17:03:53+00:00","dateModified":"2019-03-01T17:05:44+00:00","mainEntityOfPage":{"@id":"https:\/\/www.notibras.com\/site\/morre-neto-de-lula-ele-quer-ir-ao-sepultamento\/"},"wordCount":336,"publisher":{"@id":"https:\/\/www.notibras.com\/site\/#organization"},"image":{"@id":"https:\/\/www.notibras.com\/site\/morre-neto-de-lula-ele-quer-ir-ao-sepultamento\/#primaryimage"},"thumbnailUrl":"https:\/\/www.notibras.com\/site\/wp-content\/uploads\/2019\/01\/lula_chorando.jpg","keywords":["capa"],"articleSection":["Brasil"],"inLanguage":"pt-BR"},{"@type":"WebPage","@id":"https:\/\/www.notibras.com\/site\/morre-neto-de-lula-ele-quer-ir-ao-sepultamento\/","url":"https:\/\/www.notibras.com\/site\/morre-neto-de-lula-ele-quer-ir-ao-sepultamento\/","name":"Morre neto de Lula. Ele quer ir ao sepultamento - Notibras","isPartOf":{"@id":"https:\/\/www.notibras.com\/site\/#website"},"primaryImageOfPage":{"@id":"https:\/\/www.notibras.com\/site\/morre-neto-de-lula-ele-quer-ir-ao-sepultamento\/#primaryimage"},"image":{"@id":"https:\/\/www.notibras.com\/site\/morre-neto-de-lula-ele-quer-ir-ao-sepultamento\/#primaryimage"},"thumbnailUrl":"https:\/\/www.notibras.com\/site\/wp-content\/uploads\/2019\/01\/lula_chorando.jpg","datePublished":"2019-03-01T17:03:53+00:00","dateModified":"2019-03-01T17:05:44+00:00","breadcrumb":{"@id":"https:\/\/www.notibras.com\/site\/morre-neto-de-lula-ele-quer-ir-ao-sepultamento\/#breadcrumb"},"inLanguage":"pt-BR","potentialAction":[{"@type":"ReadAction","target":["https:\/\/www.notibras.com\/site\/morre-neto-de-lula-ele-quer-ir-ao-sepultamento\/"]}]},{"@type":"ImageObject","inLanguage":"pt-BR","@id":"https:\/\/www.notibras.com\/site\/morre-neto-de-lula-ele-quer-ir-ao-sepultamento\/#primaryimage","url":"https:\/\/www.notibras.com\/site\/wp-content\/uploads\/2019\/01\/lula_chorando.jpg","contentUrl":"https:\/\/www.notibras.com\/site\/wp-content\/uploads\/2019\/01\/lula_chorando.jpg","width":1000,"height":666},{"@type":"BreadcrumbList","@id":"https:\/\/www.notibras.com\/site\/morre-neto-de-lula-ele-quer-ir-ao-sepultamento\/#breadcrumb","itemListElement":[{"@type":"ListItem","position":1,"name":"In\u00edcio","item":"https:\/\/www.notibras.com\/site\/"},{"@type":"ListItem","position":2,"name":"Morre neto de Lula. Ele quer ir ao sepultamento"}]},{"@type":"WebSite","@id":"https:\/\/www.notibras.com\/site\/#website","url":"https:\/\/www.notibras.com\/site\/","name":"Notibras","description":"Not\u00edcias de Bras\u00edlia, do Brasil e do Mundo","publisher":{"@id":"https:\/\/www.notibras.com\/site\/#organization"},"potentialAction":[{"@type":"SearchAction","target":{"@type":"EntryPoint","urlTemplate":"https:\/\/www.notibras.com\/site\/?s={search_term_string}"},"query-input":{"@type":"PropertyValueSpecification","valueRequired":true,"valueName":"search_term_string"}}],"inLanguage":"pt-BR"},{"@type":"Organization","@id":"https:\/\/www.notibras.com\/site\/#organization","name":"Grupo Notibras de Comunica\u00e7\u00e3o","url":"https:\/\/www.notibras.com\/site\/","logo":{"@type":"ImageObject","inLanguage":"pt-BR","@id":"https:\/\/www.notibras.com\/site\/#\/schema\/logo\/image\/","url":"https:\/\/www.notibras.com\/site\/wp-content\/uploads\/2023\/01\/notibras23.png","contentUrl":"https:\/\/www.notibras.com\/site\/wp-content\/uploads\/2023\/01\/notibras23.png","width":350,"height":87,"caption":"Grupo Notibras de Comunica\u00e7\u00e3o"},"image":{"@id":"https:\/\/www.notibras.com\/site\/#\/schema\/logo\/image\/"},"sameAs":["https:\/\/www.facebook.com\/notibras\/","https:\/\/x.com\/Notibras","https:\/\/www.instagram.com\/notibras\/"]},{"@type":"Person","@id":"https:\/\/www.notibras.com\/site\/#\/schema\/person\/36ab0979449956132d3e5b517ea76ac8","name":"Reda\u00e7\u00e3o","image":{"@type":"ImageObject","inLanguage":"pt-BR","@id":"https:\/\/secure.gravatar.com\/avatar\/e0a867bdedb85fd243eadf09663511f96fc81e0720a4a42581f334ad4303aa6b?s=96&d=mm&r=g","url":"https:\/\/secure.gravatar.com\/avatar\/e0a867bdedb85fd243eadf09663511f96fc81e0720a4a42581f334ad4303aa6b?s=96&d=mm&r=g","contentUrl":"https:\/\/secure.gravatar.com\/avatar\/e0a867bdedb85fd243eadf09663511f96fc81e0720a4a42581f334ad4303aa6b?s=96&d=mm&r=g","caption":"Reda\u00e7\u00e3o"}}]}},"amp_enabled":true,"_links":{"self":[{"href":"https:\/\/www.notibras.com\/site\/wp-json\/wp\/v2\/posts\/203826","targetHints":{"allow":["GET"]}}],"collection":[{"href":"https:\/\/www.notibras.com\/site\/wp-json\/wp\/v2\/posts"}],"about":[{"href":"https:\/\/www.notibras.com\/site\/wp-json\/wp\/v2\/types\/post"}],"author":[{"embeddable":true,"href":"https:\/\/www.notibras.com\/site\/wp-json\/wp\/v2\/users\/2"}],"replies":[{"embeddable":true,"href":"https:\/\/www.notibras.com\/site\/wp-json\/wp\/v2\/comments?post=203826"}],"version-history":[{"count":4,"href":"https:\/\/www.notibras.com\/site\/wp-json\/wp\/v2\/posts\/203826\/revisions"}],"predecessor-version":[{"id":203830,"href":"https:\/\/www.notibras.com\/site\/wp-json\/wp\/v2\/posts\/203826\/revisions\/203830"}],"wp:featuredmedia":[{"embeddable":true,"href":"https:\/\/www.notibras.com\/site\/wp-json\/wp\/v2\/media\/200952"}],"wp:attachment":[{"href":"https:\/\/www.notibras.com\/site\/wp-json\/wp\/v2\/media?parent=203826"}],"wp:term":[{"taxonomy":"category","embeddable":true,"href":"https:\/\/www.notibras.com\/site\/wp-json\/wp\/v2\/categories?post=203826"},{"taxonomy":"post_tag","embeddable":true,"href":"https:\/\/www.notibras.com\/site\/wp-json\/wp\/v2\/tags?post=203826"}],"curies":[{"name":"wp","href":"https:\/\/api.w.org\/{rel}","templated":true}]}}