{"id":203842,"date":"2019-03-01T17:09:08","date_gmt":"2019-03-01T20:09:08","guid":{"rendered":"https:\/\/www.notibras.com\/site\/?p=203842"},"modified":"2019-03-01T17:09:08","modified_gmt":"2019-03-01T20:09:08","slug":"defesa-da-como-certa-presenca-de-lula-em-velorio","status":"publish","type":"post","link":"https:\/\/www.notibras.com\/site\/defesa-da-como-certa-presenca-de-lula-em-velorio\/","title":{"rendered":"Defesa d\u00e1 como certa presen\u00e7a de Lula em vel\u00f3rio"},"content":{"rendered":"<p>Advogados do PT disseram ter recebido a informa\u00e7\u00e3o da Pol\u00edcia Federal de que a ju\u00edza Carolina Lebbos, respons\u00e1vel pela execu\u00e7\u00e3o da pena do ex-presidente Luiz In\u00e1cio Lula da Silva, vai liberar o petista para ir ao sepultamento de seu neto Artur, de 7 anos, morto nesta sexta-feira, 01, em decorr\u00eancia de uma meningirwe meningog\u00f3cica.<\/p>\n<p>Segundo estes advogados, a defesa de Lula cogitava fazer o pedido diretamente ao Supremo Tribunal Federal, mas desistiu depois de ser informada que a ju\u00edza j\u00e1 havia feito uma comunica\u00e7\u00e3o informal \u00e0 PF sobre a libera\u00e7\u00e3o do ex-presidente. PF e Justi\u00e7a Federal n\u00e3o se pronunciaram sobre o assunto.<\/p>\n<p>De acordo com os advogados petistas, a ju\u00edza est\u00e1 conversando com integrantes da PF e do Minist\u00e9rio P\u00fablico Federal sobre a forma como ser\u00e1 feita a libera\u00e7\u00e3o. Eles lembram que o STF j\u00e1 havia liberado Lula para ir ao enterro do irm\u00e3o Vav\u00e1, em janeiro, mas com uma s\u00e9rie de imposi\u00e7\u00f5es. Na \u00e9poca, o ex-presidente recusou a proposta do ministro Dias Toffoli, presidente do STF, que anunciou a decis\u00e3o quando o sepultamento de Vav\u00e1 j\u00e1 estava em andamento.<\/p>\n<p>Artur vai ser cremado amanh\u00e3 ao meio dia no Cemit\u00e9rio da Colina, em S\u00e3o Bernardo do Campo. Segundo o presidente do Instituto Lula, Paulo Okamotto, a prioridade neste momento \u00e9 a fam\u00edlia de Artur. &#8220;Se o pessoal tiver o m\u00ednimo de bom senso Lula vai poder se despedir do neto e depois volta para a cadeia&#8221;, disse Okamotto.<\/p>\n<p>Setores da pol\u00edcia esperam que, caso a Justi\u00e7a autorize a sa\u00edda do ex-presidente da superintend\u00eancia de Curitiba, onde est\u00e1 preso desde abril, a decis\u00e3o leve em conta o modelo estabelecido pelo ministro Dias Toffoli, do Supremo Tribunal Federal, no caso da morte de Genival In\u00e1cio da Silva, irm\u00e3o do ex-presidente, em janeiro. Pela decis\u00e3o de Toffoli, Lula s\u00f3 poderia se encontrar com familiares numa unidade militar.<\/p>\n<p>Na avalia\u00e7\u00e3o de agentes federais, a seguran\u00e7a de Lula s\u00f3 ser\u00e1 garantida, agora, se a homenagem ao neto por parte do ex-presidente ocorrer em um lugar fechado. Eles consideram um risco o ex-presidente ir ao cemit\u00e9rio ou outro local de acesso ao p\u00fablico &#8211; especialmente de militantes do PT e partidos advers\u00e1rios.<\/p>\n<p>Lula foi informado da morte do neto por Sandro Luis, que teve autoriza\u00e7\u00e3o da Pol\u00edcia Federal para conversar por telefone com o pai.<\/p>\n","protected":false},"excerpt":{"rendered":"<p>Advogados do PT disseram ter recebido a informa\u00e7\u00e3o da Pol\u00edcia Federal de que a ju\u00edza Carolina Lebbos, respons\u00e1vel pela execu\u00e7\u00e3o da pena do ex-presidente Luiz In\u00e1cio Lula da Silva, vai liberar o petista para ir ao sepultamento de seu neto Artur, de 7 anos, morto nesta sexta-feira, 01, em decorr\u00eancia de uma meningirwe meningog\u00f3cica. Segundo [&hellip;]<\/p>\n","protected":false},"author":2,"featured_media":203843,"comment_status":"closed","ping_status":"closed","sticky":false,"template":"","format":"standard","meta":{"_acf_changed":false,"footnotes":""},"categories":[16],"tags":[95],"class_list":["post-203842","post","type-post","status-publish","format-standard","has-post-thumbnail","hentry","category-brasil","tag-capa"],"acf":[],"yoast_head":"<!-- This site is optimized with the Yoast SEO plugin v27.2 - https:\/\/yoast.com\/product\/yoast-seo-wordpress\/ -->\n<title>Defesa d\u00e1 como certa presen\u00e7a de Lula em vel\u00f3rio - Notibras<\/title>\n<meta name=\"robots\" content=\"index, follow, max-snippet:-1, max-image-preview:large, max-video-preview:-1\" \/>\n<link rel=\"canonical\" href=\"https:\/\/www.notibras.com\/site\/defesa-da-como-certa-presenca-de-lula-em-velorio\/\" \/>\n<meta property=\"og:locale\" content=\"pt_BR\" \/>\n<meta property=\"og:type\" content=\"article\" \/>\n<meta property=\"og:title\" content=\"Defesa d\u00e1 como certa presen\u00e7a de Lula em vel\u00f3rio - Notibras\" \/>\n<meta property=\"og:description\" content=\"Advogados do PT disseram ter recebido a informa\u00e7\u00e3o da Pol\u00edcia Federal de que a ju\u00edza Carolina Lebbos, respons\u00e1vel pela execu\u00e7\u00e3o da pena do ex-presidente Luiz In\u00e1cio Lula da Silva, vai liberar o petista para ir ao sepultamento de seu neto Artur, de 7 anos, morto nesta sexta-feira, 01, em decorr\u00eancia de uma meningirwe meningog\u00f3cica. Segundo [&hellip;]\" \/>\n<meta property=\"og:url\" content=\"https:\/\/www.notibras.com\/site\/defesa-da-como-certa-presenca-de-lula-em-velorio\/\" \/>\n<meta property=\"og:site_name\" content=\"Notibras\" \/>\n<meta property=\"article:publisher\" content=\"https:\/\/www.facebook.com\/notibras\/\" \/>\n<meta property=\"article:published_time\" content=\"2019-03-01T20:09:08+00:00\" \/>\n<meta property=\"og:image\" content=\"https:\/\/www.notibras.com\/site\/wp-content\/uploads\/2019\/03\/lula-velorio.png\" \/>\n\t<meta property=\"og:image:width\" content=\"900\" \/>\n\t<meta property=\"og:image:height\" content=\"523\" \/>\n\t<meta property=\"og:image:type\" content=\"image\/png\" \/>\n<meta name=\"author\" content=\"Reda\u00e7\u00e3o\" \/>\n<meta name=\"twitter:card\" content=\"summary_large_image\" \/>\n<meta name=\"twitter:creator\" content=\"@Notibras\" \/>\n<meta name=\"twitter:site\" content=\"@Notibras\" \/>\n<meta name=\"twitter:label1\" content=\"Escrito por\" \/>\n\t<meta name=\"twitter:data1\" content=\"Reda\u00e7\u00e3o\" \/>\n\t<meta name=\"twitter:label2\" content=\"Est. tempo de leitura\" \/>\n\t<meta name=\"twitter:data2\" content=\"2 minutos\" \/>\n<script type=\"application\/ld+json\" class=\"yoast-schema-graph\">{\"@context\":\"https:\/\/schema.org\",\"@graph\":[{\"@type\":\"Article\",\"@id\":\"https:\/\/www.notibras.com\/site\/defesa-da-como-certa-presenca-de-lula-em-velorio\/#article\",\"isPartOf\":{\"@id\":\"https:\/\/www.notibras.com\/site\/defesa-da-como-certa-presenca-de-lula-em-velorio\/\"},\"author\":{\"name\":\"Reda\u00e7\u00e3o\",\"@id\":\"https:\/\/www.notibras.com\/site\/#\/schema\/person\/36ab0979449956132d3e5b517ea76ac8\"},\"headline\":\"Defesa d\u00e1 como certa presen\u00e7a de Lula em vel\u00f3rio\",\"datePublished\":\"2019-03-01T20:09:08+00:00\",\"mainEntityOfPage\":{\"@id\":\"https:\/\/www.notibras.com\/site\/defesa-da-como-certa-presenca-de-lula-em-velorio\/\"},\"wordCount\":426,\"publisher\":{\"@id\":\"https:\/\/www.notibras.com\/site\/#organization\"},\"image\":{\"@id\":\"https:\/\/www.notibras.com\/site\/defesa-da-como-certa-presenca-de-lula-em-velorio\/#primaryimage\"},\"thumbnailUrl\":\"https:\/\/www.notibras.com\/site\/wp-content\/uploads\/2019\/03\/lula-velorio.png\",\"keywords\":[\"capa\"],\"articleSection\":[\"Brasil\"],\"inLanguage\":\"pt-BR\"},{\"@type\":\"WebPage\",\"@id\":\"https:\/\/www.notibras.com\/site\/defesa-da-como-certa-presenca-de-lula-em-velorio\/\",\"url\":\"https:\/\/www.notibras.com\/site\/defesa-da-como-certa-presenca-de-lula-em-velorio\/\",\"name\":\"Defesa d\u00e1 como certa presen\u00e7a de Lula em vel\u00f3rio - Notibras\",\"isPartOf\":{\"@id\":\"https:\/\/www.notibras.com\/site\/#website\"},\"primaryImageOfPage\":{\"@id\":\"https:\/\/www.notibras.com\/site\/defesa-da-como-certa-presenca-de-lula-em-velorio\/#primaryimage\"},\"image\":{\"@id\":\"https:\/\/www.notibras.com\/site\/defesa-da-como-certa-presenca-de-lula-em-velorio\/#primaryimage\"},\"thumbnailUrl\":\"https:\/\/www.notibras.com\/site\/wp-content\/uploads\/2019\/03\/lula-velorio.png\",\"datePublished\":\"2019-03-01T20:09:08+00:00\",\"breadcrumb\":{\"@id\":\"https:\/\/www.notibras.com\/site\/defesa-da-como-certa-presenca-de-lula-em-velorio\/#breadcrumb\"},\"inLanguage\":\"pt-BR\",\"potentialAction\":[{\"@type\":\"ReadAction\",\"target\":[\"https:\/\/www.notibras.com\/site\/defesa-da-como-certa-presenca-de-lula-em-velorio\/\"]}]},{\"@type\":\"ImageObject\",\"inLanguage\":\"pt-BR\",\"@id\":\"https:\/\/www.notibras.com\/site\/defesa-da-como-certa-presenca-de-lula-em-velorio\/#primaryimage\",\"url\":\"https:\/\/www.notibras.com\/site\/wp-content\/uploads\/2019\/03\/lula-velorio.png\",\"contentUrl\":\"https:\/\/www.notibras.com\/site\/wp-content\/uploads\/2019\/03\/lula-velorio.png\",\"width\":900,\"height\":523},{\"@type\":\"BreadcrumbList\",\"@id\":\"https:\/\/www.notibras.com\/site\/defesa-da-como-certa-presenca-de-lula-em-velorio\/#breadcrumb\",\"itemListElement\":[{\"@type\":\"ListItem\",\"position\":1,\"name\":\"In\u00edcio\",\"item\":\"https:\/\/www.notibras.com\/site\/\"},{\"@type\":\"ListItem\",\"position\":2,\"name\":\"Defesa d\u00e1 como certa presen\u00e7a de Lula em vel\u00f3rio\"}]},{\"@type\":\"WebSite\",\"@id\":\"https:\/\/www.notibras.com\/site\/#website\",\"url\":\"https:\/\/www.notibras.com\/site\/\",\"name\":\"Notibras\",\"description\":\"Not\u00edcias de Bras\u00edlia, do Brasil e do Mundo\",\"publisher\":{\"@id\":\"https:\/\/www.notibras.com\/site\/#organization\"},\"potentialAction\":[{\"@type\":\"SearchAction\",\"target\":{\"@type\":\"EntryPoint\",\"urlTemplate\":\"https:\/\/www.notibras.com\/site\/?s={search_term_string}\"},\"query-input\":{\"@type\":\"PropertyValueSpecification\",\"valueRequired\":true,\"valueName\":\"search_term_string\"}}],\"inLanguage\":\"pt-BR\"},{\"@type\":\"Organization\",\"@id\":\"https:\/\/www.notibras.com\/site\/#organization\",\"name\":\"Grupo Notibras de Comunica\u00e7\u00e3o\",\"url\":\"https:\/\/www.notibras.com\/site\/\",\"logo\":{\"@type\":\"ImageObject\",\"inLanguage\":\"pt-BR\",\"@id\":\"https:\/\/www.notibras.com\/site\/#\/schema\/logo\/image\/\",\"url\":\"https:\/\/www.notibras.com\/site\/wp-content\/uploads\/2023\/01\/notibras23.png\",\"contentUrl\":\"https:\/\/www.notibras.com\/site\/wp-content\/uploads\/2023\/01\/notibras23.png\",\"width\":350,\"height\":87,\"caption\":\"Grupo Notibras de Comunica\u00e7\u00e3o\"},\"image\":{\"@id\":\"https:\/\/www.notibras.com\/site\/#\/schema\/logo\/image\/\"},\"sameAs\":[\"https:\/\/www.facebook.com\/notibras\/\",\"https:\/\/x.com\/Notibras\",\"https:\/\/www.instagram.com\/notibras\/\"]},{\"@type\":\"Person\",\"@id\":\"https:\/\/www.notibras.com\/site\/#\/schema\/person\/36ab0979449956132d3e5b517ea76ac8\",\"name\":\"Reda\u00e7\u00e3o\",\"image\":{\"@type\":\"ImageObject\",\"inLanguage\":\"pt-BR\",\"@id\":\"https:\/\/secure.gravatar.com\/avatar\/e0a867bdedb85fd243eadf09663511f96fc81e0720a4a42581f334ad4303aa6b?s=96&d=mm&r=g\",\"url\":\"https:\/\/secure.gravatar.com\/avatar\/e0a867bdedb85fd243eadf09663511f96fc81e0720a4a42581f334ad4303aa6b?s=96&d=mm&r=g\",\"contentUrl\":\"https:\/\/secure.gravatar.com\/avatar\/e0a867bdedb85fd243eadf09663511f96fc81e0720a4a42581f334ad4303aa6b?s=96&d=mm&r=g\",\"caption\":\"Reda\u00e7\u00e3o\"}}]}<\/script>\n<!-- \/ Yoast SEO plugin. -->","yoast_head_json":{"title":"Defesa d\u00e1 como certa presen\u00e7a de Lula em vel\u00f3rio - Notibras","robots":{"index":"index","follow":"follow","max-snippet":"max-snippet:-1","max-image-preview":"max-image-preview:large","max-video-preview":"max-video-preview:-1"},"canonical":"https:\/\/www.notibras.com\/site\/defesa-da-como-certa-presenca-de-lula-em-velorio\/","og_locale":"pt_BR","og_type":"article","og_title":"Defesa d\u00e1 como certa presen\u00e7a de Lula em vel\u00f3rio - Notibras","og_description":"Advogados do PT disseram ter recebido a informa\u00e7\u00e3o da Pol\u00edcia Federal de que a ju\u00edza Carolina Lebbos, respons\u00e1vel pela execu\u00e7\u00e3o da pena do ex-presidente Luiz In\u00e1cio Lula da Silva, vai liberar o petista para ir ao sepultamento de seu neto Artur, de 7 anos, morto nesta sexta-feira, 01, em decorr\u00eancia de uma meningirwe meningog\u00f3cica. Segundo [&hellip;]","og_url":"https:\/\/www.notibras.com\/site\/defesa-da-como-certa-presenca-de-lula-em-velorio\/","og_site_name":"Notibras","article_publisher":"https:\/\/www.facebook.com\/notibras\/","article_published_time":"2019-03-01T20:09:08+00:00","og_image":[{"width":900,"height":523,"url":"https:\/\/www.notibras.com\/site\/wp-content\/uploads\/2019\/03\/lula-velorio.png","type":"image\/png"}],"author":"Reda\u00e7\u00e3o","twitter_card":"summary_large_image","twitter_creator":"@Notibras","twitter_site":"@Notibras","twitter_misc":{"Escrito por":"Reda\u00e7\u00e3o","Est. tempo de leitura":"2 minutos"},"schema":{"@context":"https:\/\/schema.org","@graph":[{"@type":"Article","@id":"https:\/\/www.notibras.com\/site\/defesa-da-como-certa-presenca-de-lula-em-velorio\/#article","isPartOf":{"@id":"https:\/\/www.notibras.com\/site\/defesa-da-como-certa-presenca-de-lula-em-velorio\/"},"author":{"name":"Reda\u00e7\u00e3o","@id":"https:\/\/www.notibras.com\/site\/#\/schema\/person\/36ab0979449956132d3e5b517ea76ac8"},"headline":"Defesa d\u00e1 como certa presen\u00e7a de Lula em vel\u00f3rio","datePublished":"2019-03-01T20:09:08+00:00","mainEntityOfPage":{"@id":"https:\/\/www.notibras.com\/site\/defesa-da-como-certa-presenca-de-lula-em-velorio\/"},"wordCount":426,"publisher":{"@id":"https:\/\/www.notibras.com\/site\/#organization"},"image":{"@id":"https:\/\/www.notibras.com\/site\/defesa-da-como-certa-presenca-de-lula-em-velorio\/#primaryimage"},"thumbnailUrl":"https:\/\/www.notibras.com\/site\/wp-content\/uploads\/2019\/03\/lula-velorio.png","keywords":["capa"],"articleSection":["Brasil"],"inLanguage":"pt-BR"},{"@type":"WebPage","@id":"https:\/\/www.notibras.com\/site\/defesa-da-como-certa-presenca-de-lula-em-velorio\/","url":"https:\/\/www.notibras.com\/site\/defesa-da-como-certa-presenca-de-lula-em-velorio\/","name":"Defesa d\u00e1 como certa presen\u00e7a de Lula em vel\u00f3rio - Notibras","isPartOf":{"@id":"https:\/\/www.notibras.com\/site\/#website"},"primaryImageOfPage":{"@id":"https:\/\/www.notibras.com\/site\/defesa-da-como-certa-presenca-de-lula-em-velorio\/#primaryimage"},"image":{"@id":"https:\/\/www.notibras.com\/site\/defesa-da-como-certa-presenca-de-lula-em-velorio\/#primaryimage"},"thumbnailUrl":"https:\/\/www.notibras.com\/site\/wp-content\/uploads\/2019\/03\/lula-velorio.png","datePublished":"2019-03-01T20:09:08+00:00","breadcrumb":{"@id":"https:\/\/www.notibras.com\/site\/defesa-da-como-certa-presenca-de-lula-em-velorio\/#breadcrumb"},"inLanguage":"pt-BR","potentialAction":[{"@type":"ReadAction","target":["https:\/\/www.notibras.com\/site\/defesa-da-como-certa-presenca-de-lula-em-velorio\/"]}]},{"@type":"ImageObject","inLanguage":"pt-BR","@id":"https:\/\/www.notibras.com\/site\/defesa-da-como-certa-presenca-de-lula-em-velorio\/#primaryimage","url":"https:\/\/www.notibras.com\/site\/wp-content\/uploads\/2019\/03\/lula-velorio.png","contentUrl":"https:\/\/www.notibras.com\/site\/wp-content\/uploads\/2019\/03\/lula-velorio.png","width":900,"height":523},{"@type":"BreadcrumbList","@id":"https:\/\/www.notibras.com\/site\/defesa-da-como-certa-presenca-de-lula-em-velorio\/#breadcrumb","itemListElement":[{"@type":"ListItem","position":1,"name":"In\u00edcio","item":"https:\/\/www.notibras.com\/site\/"},{"@type":"ListItem","position":2,"name":"Defesa d\u00e1 como certa presen\u00e7a de Lula em vel\u00f3rio"}]},{"@type":"WebSite","@id":"https:\/\/www.notibras.com\/site\/#website","url":"https:\/\/www.notibras.com\/site\/","name":"Notibras","description":"Not\u00edcias de Bras\u00edlia, do Brasil e do Mundo","publisher":{"@id":"https:\/\/www.notibras.com\/site\/#organization"},"potentialAction":[{"@type":"SearchAction","target":{"@type":"EntryPoint","urlTemplate":"https:\/\/www.notibras.com\/site\/?s={search_term_string}"},"query-input":{"@type":"PropertyValueSpecification","valueRequired":true,"valueName":"search_term_string"}}],"inLanguage":"pt-BR"},{"@type":"Organization","@id":"https:\/\/www.notibras.com\/site\/#organization","name":"Grupo Notibras de Comunica\u00e7\u00e3o","url":"https:\/\/www.notibras.com\/site\/","logo":{"@type":"ImageObject","inLanguage":"pt-BR","@id":"https:\/\/www.notibras.com\/site\/#\/schema\/logo\/image\/","url":"https:\/\/www.notibras.com\/site\/wp-content\/uploads\/2023\/01\/notibras23.png","contentUrl":"https:\/\/www.notibras.com\/site\/wp-content\/uploads\/2023\/01\/notibras23.png","width":350,"height":87,"caption":"Grupo Notibras de Comunica\u00e7\u00e3o"},"image":{"@id":"https:\/\/www.notibras.com\/site\/#\/schema\/logo\/image\/"},"sameAs":["https:\/\/www.facebook.com\/notibras\/","https:\/\/x.com\/Notibras","https:\/\/www.instagram.com\/notibras\/"]},{"@type":"Person","@id":"https:\/\/www.notibras.com\/site\/#\/schema\/person\/36ab0979449956132d3e5b517ea76ac8","name":"Reda\u00e7\u00e3o","image":{"@type":"ImageObject","inLanguage":"pt-BR","@id":"https:\/\/secure.gravatar.com\/avatar\/e0a867bdedb85fd243eadf09663511f96fc81e0720a4a42581f334ad4303aa6b?s=96&d=mm&r=g","url":"https:\/\/secure.gravatar.com\/avatar\/e0a867bdedb85fd243eadf09663511f96fc81e0720a4a42581f334ad4303aa6b?s=96&d=mm&r=g","contentUrl":"https:\/\/secure.gravatar.com\/avatar\/e0a867bdedb85fd243eadf09663511f96fc81e0720a4a42581f334ad4303aa6b?s=96&d=mm&r=g","caption":"Reda\u00e7\u00e3o"}}]}},"amp_enabled":true,"_links":{"self":[{"href":"https:\/\/www.notibras.com\/site\/wp-json\/wp\/v2\/posts\/203842","targetHints":{"allow":["GET"]}}],"collection":[{"href":"https:\/\/www.notibras.com\/site\/wp-json\/wp\/v2\/posts"}],"about":[{"href":"https:\/\/www.notibras.com\/site\/wp-json\/wp\/v2\/types\/post"}],"author":[{"embeddable":true,"href":"https:\/\/www.notibras.com\/site\/wp-json\/wp\/v2\/users\/2"}],"replies":[{"embeddable":true,"href":"https:\/\/www.notibras.com\/site\/wp-json\/wp\/v2\/comments?post=203842"}],"version-history":[{"count":1,"href":"https:\/\/www.notibras.com\/site\/wp-json\/wp\/v2\/posts\/203842\/revisions"}],"predecessor-version":[{"id":203844,"href":"https:\/\/www.notibras.com\/site\/wp-json\/wp\/v2\/posts\/203842\/revisions\/203844"}],"wp:featuredmedia":[{"embeddable":true,"href":"https:\/\/www.notibras.com\/site\/wp-json\/wp\/v2\/media\/203843"}],"wp:attachment":[{"href":"https:\/\/www.notibras.com\/site\/wp-json\/wp\/v2\/media?parent=203842"}],"wp:term":[{"taxonomy":"category","embeddable":true,"href":"https:\/\/www.notibras.com\/site\/wp-json\/wp\/v2\/categories?post=203842"},{"taxonomy":"post_tag","embeddable":true,"href":"https:\/\/www.notibras.com\/site\/wp-json\/wp\/v2\/tags?post=203842"}],"curies":[{"name":"wp","href":"https:\/\/api.w.org\/{rel}","templated":true}]}}