{"id":203845,"date":"2019-03-01T17:19:33","date_gmt":"2019-03-01T20:19:33","guid":{"rendered":"https:\/\/www.notibras.com\/site\/?p=203845"},"modified":"2019-03-01T19:18:46","modified_gmt":"2019-03-01T22:18:46","slug":"juiza-libera-lula-para-se-despedir-do-neto-de-7-anos","status":"publish","type":"post","link":"https:\/\/www.notibras.com\/site\/juiza-libera-lula-para-se-despedir-do-neto-de-7-anos\/","title":{"rendered":"Ju\u00edza libera Lula para se despedir do neto de 7 anos"},"content":{"rendered":"<p>A ju\u00edza Carolina Llebos, da 12.\u00aa Vara Federal, autorizou nesta sexta-feira, 1\u00ba, que o ex-presidente Luiz In\u00e1cio Lula da Silva compare\u00e7a ao vel\u00f3rio do neto. Arthur Ara\u00fajo Lula da Silva, de 7 anos, filho de Sandro Luis Lula da Silva, um dos tr\u00eas filhos do ex-presidente com a ex-primeira-dama Marisa Let\u00edcia, morreu nesta sexta-feira, 1, v\u00edtima de meningite meningoc\u00f3cica. Ap\u00f3s o pedido da defesa, o processo em que corre a Execu\u00e7\u00e3o Penal de Lula entrou em sigilo.<\/p>\n<p>A for\u00e7a-tarefa se manifestou de forma favor\u00e1vel \u00e0 ida do ex-presidente ao vel\u00f3rio. Logo ap\u00f3s a morte do neto, o ex-presidente solicitou autoriza\u00e7\u00e3o \u00e0 ju\u00edza Carolina Llebos, da 12\u00aa Vara Federal (execu\u00e7\u00e3o penal), de Curitiba, para ir ao vel\u00f3rio, que dever\u00e1 ocorrer neste s\u00e1bado, 2, em Santo Andr\u00e9. A magistrada pediu, ent\u00e3o, manifesta\u00e7\u00e3o da Opera\u00e7\u00e3o Lava Jato.<\/p>\n<p>O Governo do Paran\u00e1 informou que o ex-presidente ir\u00e1 para ao vel\u00f3rio do neto em avi\u00e3o oficial. O governador Ratinho Jr (PSD) destacou, em nota, que atendeu a um pedido da Pol\u00edcia Federal.<\/p>\n<p>&#8220;O ex-presidente Luiz In\u00e1cio Lula da Silva seguir\u00e1 para S\u00e3o Paulo em avi\u00e3o do Governo do Paran\u00e1. A aeronave foi liberada pelo governador Carlos Massa Ratinho Junior, atendendo pedido da superintend\u00eancia da Pol\u00edcia Federal no Paran\u00e1&#8221;, informou o Governo.<\/p>\n<p>&#8220;O apoio para o deslocamento permitir\u00e1 que o ex-presidente participe do vel\u00f3rio do neto Arthur Ara\u00fajo Lula da Silva, que morreu nesta sexta-feira em Santo Andr\u00e9, v\u00edtima de meningite.&#8221;<\/p>\n<p>Lula foi informado da morte do neto por Sandro Luis, que teve autoriza\u00e7\u00e3o da Pol\u00edcia Federal para conversar por telefone com o pai. Arthur dever\u00e1 ser sepultado no s\u00e1bado, 2.<\/p>\n<p>O ex-presidente est\u00e1 preso desde 7 de abril do ano passado na Pol\u00edcia Federal, em Curitiba, pela Opera\u00e7\u00e3o Lava Jato. O petista foi condenado no caso triplex por corrup\u00e7\u00e3o e lavagem de dinheiro a uma pena de 12 anos e um m\u00eas de reclus\u00e3o.<\/p>\n<p>&#8220;O artigo 120, inciso I, da Lei de Execu\u00e7\u00e3o Penal (Lei n\u00ba 7 210\/84) expressamente assegura o direito do cidad\u00e3o em situa\u00e7\u00e3o de encarceramento sair temporariamente do estabelecimento em que se encontra na hip\u00f3tese de falecimento de descendente&#8221;, afirmou a defesa do ex-presidente no pedido \u00e0 ju\u00edza Carolina Lebbos, de execu\u00e7\u00e3o penal.<\/p>\n<p>No pedido, os defensores afirmaram que poder\u00e3o acordar com a Pol\u00edcia Federal ou com quem a ju\u00edza venha a determinar \u2018provid\u00eancias espec\u00edficas que eventualmente sejam necess\u00e1rias para assegurar sua presen\u00e7a no vel\u00f3rio e funeral de seu neto\u2019.<\/p>\n<p>&#8220;Compromete-se, desde logo, por exemplo, a n\u00e3o divulgar qualquer informa\u00e7\u00e3o relativa ao trajeto que ser\u00e1 realizado&#8221;, anotou a defesa.<\/p>\n<p>Ap\u00f3s o pedido da defesa, o processo em que corre a Execu\u00e7\u00e3o Penal de Lula entrou em sigilo n\u00edvel 4.<\/p>\n<p>Entenda os n\u00edveis do sigilo:<\/p>\n<p>Art. 20 Os processos do e-Proc ter\u00e3o os seguintes n\u00edveis de sigilo, que poder\u00e3o ser atribu\u00eddos pelo ju\u00edzo processante ao processo, documento ou evento:<\/p>\n<p>a) N\u00edvel 0 (zero): Autos P\u00fablicos &#8211; visualiza\u00e7\u00e3o por todos os usu\u00e1rios internos, partes do processo e por terceiros, sendo que estes devem estar munidos da chave do processo.<\/p>\n<p>b) N\u00edvel 1 (um): Segredo de Justi\u00e7a &#8211; visualiza\u00e7\u00e3o somente pelos usu\u00e1rios internos e partes do processo.<\/p>\n<p>c) N\u00edvel 2 (dois): Sigilo &#8211; visualiza\u00e7\u00e3o somente pelos usu\u00e1rios internos e \u00f3rg\u00e3os p\u00fablicos.<\/p>\n<p>d) N\u00edvel 3 (tr\u00eas): Sigilo &#8211; visualiza\u00e7\u00e3o somente pelos usu\u00e1rios internos do ju\u00edzo em que tramita o processo.<\/p>\n<p>e) N\u00edvel 4 (quatro): Sigilo &#8211; visualiza\u00e7\u00e3o somente pelos usu\u00e1rios com perfil de Magistrado, Diretor de Secretaria e Oficial de Gabinete.<\/p>\n<p>f) N\u00edvel 5 (cinco): Restrito ao Juiz &#8211; visualiza\u00e7\u00e3o somente pelo Magistrado ou a quem ele atribuir.<\/p>\n<p><strong>** Mat\u00e9ria alterada \u00e0s 18h15 para acr\u00e9scimo de informa\u00e7\u00f5es<\/strong><\/p>\n","protected":false},"excerpt":{"rendered":"<p>A ju\u00edza Carolina Llebos, da 12.\u00aa Vara Federal, autorizou nesta sexta-feira, 1\u00ba, que o ex-presidente Luiz In\u00e1cio Lula da Silva compare\u00e7a ao vel\u00f3rio do neto. Arthur Ara\u00fajo Lula da Silva, de 7 anos, filho de Sandro Luis Lula da Silva, um dos tr\u00eas filhos do ex-presidente com a ex-primeira-dama Marisa Let\u00edcia, morreu nesta sexta-feira, 1, [&hellip;]<\/p>\n","protected":false},"author":2,"featured_media":203846,"comment_status":"closed","ping_status":"closed","sticky":false,"template":"","format":"standard","meta":{"_acf_changed":false,"footnotes":""},"categories":[16],"tags":[95],"class_list":["post-203845","post","type-post","status-publish","format-standard","has-post-thumbnail","hentry","category-brasil","tag-capa"],"acf":[],"yoast_head":"<!-- This site is optimized with the Yoast SEO plugin v27.2 - https:\/\/yoast.com\/product\/yoast-seo-wordpress\/ -->\n<title>Ju\u00edza libera Lula para se despedir do neto de 7 anos - Notibras<\/title>\n<meta name=\"robots\" content=\"index, follow, max-snippet:-1, max-image-preview:large, max-video-preview:-1\" \/>\n<link rel=\"canonical\" href=\"https:\/\/www.notibras.com\/site\/juiza-libera-lula-para-se-despedir-do-neto-de-7-anos\/\" \/>\n<meta property=\"og:locale\" content=\"pt_BR\" \/>\n<meta property=\"og:type\" content=\"article\" \/>\n<meta property=\"og:title\" content=\"Ju\u00edza libera Lula para se despedir do neto de 7 anos - Notibras\" \/>\n<meta property=\"og:description\" content=\"A ju\u00edza Carolina Llebos, da 12.\u00aa Vara Federal, autorizou nesta sexta-feira, 1\u00ba, que o ex-presidente Luiz In\u00e1cio Lula da Silva compare\u00e7a ao vel\u00f3rio do neto. Arthur Ara\u00fajo Lula da Silva, de 7 anos, filho de Sandro Luis Lula da Silva, um dos tr\u00eas filhos do ex-presidente com a ex-primeira-dama Marisa Let\u00edcia, morreu nesta sexta-feira, 1, [&hellip;]\" \/>\n<meta property=\"og:url\" content=\"https:\/\/www.notibras.com\/site\/juiza-libera-lula-para-se-despedir-do-neto-de-7-anos\/\" \/>\n<meta property=\"og:site_name\" content=\"Notibras\" \/>\n<meta property=\"article:publisher\" content=\"https:\/\/www.facebook.com\/notibras\/\" \/>\n<meta property=\"article:published_time\" content=\"2019-03-01T20:19:33+00:00\" \/>\n<meta property=\"article:modified_time\" content=\"2019-03-01T22:18:46+00:00\" \/>\n<meta property=\"og:image\" content=\"https:\/\/www.notibras.com\/site\/wp-content\/uploads\/2019\/03\/lula-1.3.jpg\" \/>\n\t<meta property=\"og:image:width\" content=\"1086\" \/>\n\t<meta property=\"og:image:height\" content=\"652\" \/>\n\t<meta property=\"og:image:type\" content=\"image\/jpeg\" \/>\n<meta name=\"author\" content=\"Reda\u00e7\u00e3o\" \/>\n<meta name=\"twitter:card\" content=\"summary_large_image\" \/>\n<meta name=\"twitter:creator\" content=\"@Notibras\" \/>\n<meta name=\"twitter:site\" content=\"@Notibras\" \/>\n<meta name=\"twitter:label1\" content=\"Escrito por\" \/>\n\t<meta name=\"twitter:data1\" content=\"Reda\u00e7\u00e3o\" \/>\n\t<meta name=\"twitter:label2\" content=\"Est. tempo de leitura\" \/>\n\t<meta name=\"twitter:data2\" content=\"3 minutos\" \/>\n<script type=\"application\/ld+json\" class=\"yoast-schema-graph\">{\"@context\":\"https:\/\/schema.org\",\"@graph\":[{\"@type\":\"Article\",\"@id\":\"https:\/\/www.notibras.com\/site\/juiza-libera-lula-para-se-despedir-do-neto-de-7-anos\/#article\",\"isPartOf\":{\"@id\":\"https:\/\/www.notibras.com\/site\/juiza-libera-lula-para-se-despedir-do-neto-de-7-anos\/\"},\"author\":{\"name\":\"Reda\u00e7\u00e3o\",\"@id\":\"https:\/\/www.notibras.com\/site\/#\/schema\/person\/36ab0979449956132d3e5b517ea76ac8\"},\"headline\":\"Ju\u00edza libera Lula para se despedir do neto de 7 anos\",\"datePublished\":\"2019-03-01T20:19:33+00:00\",\"dateModified\":\"2019-03-01T22:18:46+00:00\",\"mainEntityOfPage\":{\"@id\":\"https:\/\/www.notibras.com\/site\/juiza-libera-lula-para-se-despedir-do-neto-de-7-anos\/\"},\"wordCount\":671,\"publisher\":{\"@id\":\"https:\/\/www.notibras.com\/site\/#organization\"},\"image\":{\"@id\":\"https:\/\/www.notibras.com\/site\/juiza-libera-lula-para-se-despedir-do-neto-de-7-anos\/#primaryimage\"},\"thumbnailUrl\":\"https:\/\/www.notibras.com\/site\/wp-content\/uploads\/2019\/03\/lula-1.3.jpg\",\"keywords\":[\"capa\"],\"articleSection\":[\"Brasil\"],\"inLanguage\":\"pt-BR\"},{\"@type\":\"WebPage\",\"@id\":\"https:\/\/www.notibras.com\/site\/juiza-libera-lula-para-se-despedir-do-neto-de-7-anos\/\",\"url\":\"https:\/\/www.notibras.com\/site\/juiza-libera-lula-para-se-despedir-do-neto-de-7-anos\/\",\"name\":\"Ju\u00edza libera Lula para se despedir do neto de 7 anos - Notibras\",\"isPartOf\":{\"@id\":\"https:\/\/www.notibras.com\/site\/#website\"},\"primaryImageOfPage\":{\"@id\":\"https:\/\/www.notibras.com\/site\/juiza-libera-lula-para-se-despedir-do-neto-de-7-anos\/#primaryimage\"},\"image\":{\"@id\":\"https:\/\/www.notibras.com\/site\/juiza-libera-lula-para-se-despedir-do-neto-de-7-anos\/#primaryimage\"},\"thumbnailUrl\":\"https:\/\/www.notibras.com\/site\/wp-content\/uploads\/2019\/03\/lula-1.3.jpg\",\"datePublished\":\"2019-03-01T20:19:33+00:00\",\"dateModified\":\"2019-03-01T22:18:46+00:00\",\"breadcrumb\":{\"@id\":\"https:\/\/www.notibras.com\/site\/juiza-libera-lula-para-se-despedir-do-neto-de-7-anos\/#breadcrumb\"},\"inLanguage\":\"pt-BR\",\"potentialAction\":[{\"@type\":\"ReadAction\",\"target\":[\"https:\/\/www.notibras.com\/site\/juiza-libera-lula-para-se-despedir-do-neto-de-7-anos\/\"]}]},{\"@type\":\"ImageObject\",\"inLanguage\":\"pt-BR\",\"@id\":\"https:\/\/www.notibras.com\/site\/juiza-libera-lula-para-se-despedir-do-neto-de-7-anos\/#primaryimage\",\"url\":\"https:\/\/www.notibras.com\/site\/wp-content\/uploads\/2019\/03\/lula-1.3.jpg\",\"contentUrl\":\"https:\/\/www.notibras.com\/site\/wp-content\/uploads\/2019\/03\/lula-1.3.jpg\",\"width\":1086,\"height\":652},{\"@type\":\"BreadcrumbList\",\"@id\":\"https:\/\/www.notibras.com\/site\/juiza-libera-lula-para-se-despedir-do-neto-de-7-anos\/#breadcrumb\",\"itemListElement\":[{\"@type\":\"ListItem\",\"position\":1,\"name\":\"In\u00edcio\",\"item\":\"https:\/\/www.notibras.com\/site\/\"},{\"@type\":\"ListItem\",\"position\":2,\"name\":\"Ju\u00edza libera Lula para se despedir do neto de 7 anos\"}]},{\"@type\":\"WebSite\",\"@id\":\"https:\/\/www.notibras.com\/site\/#website\",\"url\":\"https:\/\/www.notibras.com\/site\/\",\"name\":\"Notibras\",\"description\":\"Not\u00edcias de Bras\u00edlia, do Brasil e do Mundo\",\"publisher\":{\"@id\":\"https:\/\/www.notibras.com\/site\/#organization\"},\"potentialAction\":[{\"@type\":\"SearchAction\",\"target\":{\"@type\":\"EntryPoint\",\"urlTemplate\":\"https:\/\/www.notibras.com\/site\/?s={search_term_string}\"},\"query-input\":{\"@type\":\"PropertyValueSpecification\",\"valueRequired\":true,\"valueName\":\"search_term_string\"}}],\"inLanguage\":\"pt-BR\"},{\"@type\":\"Organization\",\"@id\":\"https:\/\/www.notibras.com\/site\/#organization\",\"name\":\"Grupo Notibras de Comunica\u00e7\u00e3o\",\"url\":\"https:\/\/www.notibras.com\/site\/\",\"logo\":{\"@type\":\"ImageObject\",\"inLanguage\":\"pt-BR\",\"@id\":\"https:\/\/www.notibras.com\/site\/#\/schema\/logo\/image\/\",\"url\":\"https:\/\/www.notibras.com\/site\/wp-content\/uploads\/2023\/01\/notibras23.png\",\"contentUrl\":\"https:\/\/www.notibras.com\/site\/wp-content\/uploads\/2023\/01\/notibras23.png\",\"width\":350,\"height\":87,\"caption\":\"Grupo Notibras de Comunica\u00e7\u00e3o\"},\"image\":{\"@id\":\"https:\/\/www.notibras.com\/site\/#\/schema\/logo\/image\/\"},\"sameAs\":[\"https:\/\/www.facebook.com\/notibras\/\",\"https:\/\/x.com\/Notibras\",\"https:\/\/www.instagram.com\/notibras\/\"]},{\"@type\":\"Person\",\"@id\":\"https:\/\/www.notibras.com\/site\/#\/schema\/person\/36ab0979449956132d3e5b517ea76ac8\",\"name\":\"Reda\u00e7\u00e3o\",\"image\":{\"@type\":\"ImageObject\",\"inLanguage\":\"pt-BR\",\"@id\":\"https:\/\/secure.gravatar.com\/avatar\/e0a867bdedb85fd243eadf09663511f96fc81e0720a4a42581f334ad4303aa6b?s=96&d=mm&r=g\",\"url\":\"https:\/\/secure.gravatar.com\/avatar\/e0a867bdedb85fd243eadf09663511f96fc81e0720a4a42581f334ad4303aa6b?s=96&d=mm&r=g\",\"contentUrl\":\"https:\/\/secure.gravatar.com\/avatar\/e0a867bdedb85fd243eadf09663511f96fc81e0720a4a42581f334ad4303aa6b?s=96&d=mm&r=g\",\"caption\":\"Reda\u00e7\u00e3o\"}}]}<\/script>\n<!-- \/ Yoast SEO plugin. -->","yoast_head_json":{"title":"Ju\u00edza libera Lula para se despedir do neto de 7 anos - Notibras","robots":{"index":"index","follow":"follow","max-snippet":"max-snippet:-1","max-image-preview":"max-image-preview:large","max-video-preview":"max-video-preview:-1"},"canonical":"https:\/\/www.notibras.com\/site\/juiza-libera-lula-para-se-despedir-do-neto-de-7-anos\/","og_locale":"pt_BR","og_type":"article","og_title":"Ju\u00edza libera Lula para se despedir do neto de 7 anos - Notibras","og_description":"A ju\u00edza Carolina Llebos, da 12.\u00aa Vara Federal, autorizou nesta sexta-feira, 1\u00ba, que o ex-presidente Luiz In\u00e1cio Lula da Silva compare\u00e7a ao vel\u00f3rio do neto. Arthur Ara\u00fajo Lula da Silva, de 7 anos, filho de Sandro Luis Lula da Silva, um dos tr\u00eas filhos do ex-presidente com a ex-primeira-dama Marisa Let\u00edcia, morreu nesta sexta-feira, 1, [&hellip;]","og_url":"https:\/\/www.notibras.com\/site\/juiza-libera-lula-para-se-despedir-do-neto-de-7-anos\/","og_site_name":"Notibras","article_publisher":"https:\/\/www.facebook.com\/notibras\/","article_published_time":"2019-03-01T20:19:33+00:00","article_modified_time":"2019-03-01T22:18:46+00:00","og_image":[{"width":1086,"height":652,"url":"https:\/\/www.notibras.com\/site\/wp-content\/uploads\/2019\/03\/lula-1.3.jpg","type":"image\/jpeg"}],"author":"Reda\u00e7\u00e3o","twitter_card":"summary_large_image","twitter_creator":"@Notibras","twitter_site":"@Notibras","twitter_misc":{"Escrito por":"Reda\u00e7\u00e3o","Est. tempo de leitura":"3 minutos"},"schema":{"@context":"https:\/\/schema.org","@graph":[{"@type":"Article","@id":"https:\/\/www.notibras.com\/site\/juiza-libera-lula-para-se-despedir-do-neto-de-7-anos\/#article","isPartOf":{"@id":"https:\/\/www.notibras.com\/site\/juiza-libera-lula-para-se-despedir-do-neto-de-7-anos\/"},"author":{"name":"Reda\u00e7\u00e3o","@id":"https:\/\/www.notibras.com\/site\/#\/schema\/person\/36ab0979449956132d3e5b517ea76ac8"},"headline":"Ju\u00edza libera Lula para se despedir do neto de 7 anos","datePublished":"2019-03-01T20:19:33+00:00","dateModified":"2019-03-01T22:18:46+00:00","mainEntityOfPage":{"@id":"https:\/\/www.notibras.com\/site\/juiza-libera-lula-para-se-despedir-do-neto-de-7-anos\/"},"wordCount":671,"publisher":{"@id":"https:\/\/www.notibras.com\/site\/#organization"},"image":{"@id":"https:\/\/www.notibras.com\/site\/juiza-libera-lula-para-se-despedir-do-neto-de-7-anos\/#primaryimage"},"thumbnailUrl":"https:\/\/www.notibras.com\/site\/wp-content\/uploads\/2019\/03\/lula-1.3.jpg","keywords":["capa"],"articleSection":["Brasil"],"inLanguage":"pt-BR"},{"@type":"WebPage","@id":"https:\/\/www.notibras.com\/site\/juiza-libera-lula-para-se-despedir-do-neto-de-7-anos\/","url":"https:\/\/www.notibras.com\/site\/juiza-libera-lula-para-se-despedir-do-neto-de-7-anos\/","name":"Ju\u00edza libera Lula para se despedir do neto de 7 anos - Notibras","isPartOf":{"@id":"https:\/\/www.notibras.com\/site\/#website"},"primaryImageOfPage":{"@id":"https:\/\/www.notibras.com\/site\/juiza-libera-lula-para-se-despedir-do-neto-de-7-anos\/#primaryimage"},"image":{"@id":"https:\/\/www.notibras.com\/site\/juiza-libera-lula-para-se-despedir-do-neto-de-7-anos\/#primaryimage"},"thumbnailUrl":"https:\/\/www.notibras.com\/site\/wp-content\/uploads\/2019\/03\/lula-1.3.jpg","datePublished":"2019-03-01T20:19:33+00:00","dateModified":"2019-03-01T22:18:46+00:00","breadcrumb":{"@id":"https:\/\/www.notibras.com\/site\/juiza-libera-lula-para-se-despedir-do-neto-de-7-anos\/#breadcrumb"},"inLanguage":"pt-BR","potentialAction":[{"@type":"ReadAction","target":["https:\/\/www.notibras.com\/site\/juiza-libera-lula-para-se-despedir-do-neto-de-7-anos\/"]}]},{"@type":"ImageObject","inLanguage":"pt-BR","@id":"https:\/\/www.notibras.com\/site\/juiza-libera-lula-para-se-despedir-do-neto-de-7-anos\/#primaryimage","url":"https:\/\/www.notibras.com\/site\/wp-content\/uploads\/2019\/03\/lula-1.3.jpg","contentUrl":"https:\/\/www.notibras.com\/site\/wp-content\/uploads\/2019\/03\/lula-1.3.jpg","width":1086,"height":652},{"@type":"BreadcrumbList","@id":"https:\/\/www.notibras.com\/site\/juiza-libera-lula-para-se-despedir-do-neto-de-7-anos\/#breadcrumb","itemListElement":[{"@type":"ListItem","position":1,"name":"In\u00edcio","item":"https:\/\/www.notibras.com\/site\/"},{"@type":"ListItem","position":2,"name":"Ju\u00edza libera Lula para se despedir do neto de 7 anos"}]},{"@type":"WebSite","@id":"https:\/\/www.notibras.com\/site\/#website","url":"https:\/\/www.notibras.com\/site\/","name":"Notibras","description":"Not\u00edcias de Bras\u00edlia, do Brasil e do Mundo","publisher":{"@id":"https:\/\/www.notibras.com\/site\/#organization"},"potentialAction":[{"@type":"SearchAction","target":{"@type":"EntryPoint","urlTemplate":"https:\/\/www.notibras.com\/site\/?s={search_term_string}"},"query-input":{"@type":"PropertyValueSpecification","valueRequired":true,"valueName":"search_term_string"}}],"inLanguage":"pt-BR"},{"@type":"Organization","@id":"https:\/\/www.notibras.com\/site\/#organization","name":"Grupo Notibras de Comunica\u00e7\u00e3o","url":"https:\/\/www.notibras.com\/site\/","logo":{"@type":"ImageObject","inLanguage":"pt-BR","@id":"https:\/\/www.notibras.com\/site\/#\/schema\/logo\/image\/","url":"https:\/\/www.notibras.com\/site\/wp-content\/uploads\/2023\/01\/notibras23.png","contentUrl":"https:\/\/www.notibras.com\/site\/wp-content\/uploads\/2023\/01\/notibras23.png","width":350,"height":87,"caption":"Grupo Notibras de Comunica\u00e7\u00e3o"},"image":{"@id":"https:\/\/www.notibras.com\/site\/#\/schema\/logo\/image\/"},"sameAs":["https:\/\/www.facebook.com\/notibras\/","https:\/\/x.com\/Notibras","https:\/\/www.instagram.com\/notibras\/"]},{"@type":"Person","@id":"https:\/\/www.notibras.com\/site\/#\/schema\/person\/36ab0979449956132d3e5b517ea76ac8","name":"Reda\u00e7\u00e3o","image":{"@type":"ImageObject","inLanguage":"pt-BR","@id":"https:\/\/secure.gravatar.com\/avatar\/e0a867bdedb85fd243eadf09663511f96fc81e0720a4a42581f334ad4303aa6b?s=96&d=mm&r=g","url":"https:\/\/secure.gravatar.com\/avatar\/e0a867bdedb85fd243eadf09663511f96fc81e0720a4a42581f334ad4303aa6b?s=96&d=mm&r=g","contentUrl":"https:\/\/secure.gravatar.com\/avatar\/e0a867bdedb85fd243eadf09663511f96fc81e0720a4a42581f334ad4303aa6b?s=96&d=mm&r=g","caption":"Reda\u00e7\u00e3o"}}]}},"amp_enabled":true,"_links":{"self":[{"href":"https:\/\/www.notibras.com\/site\/wp-json\/wp\/v2\/posts\/203845","targetHints":{"allow":["GET"]}}],"collection":[{"href":"https:\/\/www.notibras.com\/site\/wp-json\/wp\/v2\/posts"}],"about":[{"href":"https:\/\/www.notibras.com\/site\/wp-json\/wp\/v2\/types\/post"}],"author":[{"embeddable":true,"href":"https:\/\/www.notibras.com\/site\/wp-json\/wp\/v2\/users\/2"}],"replies":[{"embeddable":true,"href":"https:\/\/www.notibras.com\/site\/wp-json\/wp\/v2\/comments?post=203845"}],"version-history":[{"count":5,"href":"https:\/\/www.notibras.com\/site\/wp-json\/wp\/v2\/posts\/203845\/revisions"}],"predecessor-version":[{"id":203851,"href":"https:\/\/www.notibras.com\/site\/wp-json\/wp\/v2\/posts\/203845\/revisions\/203851"}],"wp:featuredmedia":[{"embeddable":true,"href":"https:\/\/www.notibras.com\/site\/wp-json\/wp\/v2\/media\/203846"}],"wp:attachment":[{"href":"https:\/\/www.notibras.com\/site\/wp-json\/wp\/v2\/media?parent=203845"}],"wp:term":[{"taxonomy":"category","embeddable":true,"href":"https:\/\/www.notibras.com\/site\/wp-json\/wp\/v2\/categories?post=203845"},{"taxonomy":"post_tag","embeddable":true,"href":"https:\/\/www.notibras.com\/site\/wp-json\/wp\/v2\/tags?post=203845"}],"curies":[{"name":"wp","href":"https:\/\/api.w.org\/{rel}","templated":true}]}}