{"id":203855,"date":"2019-03-01T21:00:30","date_gmt":"2019-03-02T00:00:30","guid":{"rendered":"https:\/\/www.notibras.com\/site\/?p=203855"},"modified":"2019-03-01T21:25:45","modified_gmt":"2019-03-02T00:25:45","slug":"agora-e-samba-frevo-e-axe-ate-a-4a-feira-de-cinzas","status":"publish","type":"post","link":"https:\/\/www.notibras.com\/site\/agora-e-samba-frevo-e-axe-ate-a-4a-feira-de-cinzas\/","title":{"rendered":"Agora \u00e9 samba, frevo e ax\u00e9 at\u00e9 a 4\u00aa feira de cinzas"},"content":{"rendered":"<p>O brasileiro n\u00e3o quer saber de pol\u00edtica nem de futebol (salvo algumas partidas neste s\u00e1bado) pelos pr\u00f3ximos cinco dias. O comando do Pa\u00eds fica nas m\u00e3os do Rei Momo. A folia se espalha de Norte a Sul, com samba, frevo e ax\u00e9.<\/p>\n<p>At\u00e9 a quarta-feira de cinzas, o assunto ser\u00e1 um s\u00f3: p\u00e9 na avenida, nos blocos, nas escolas de samba, nos maracatus, nos cord\u00f5es. \u00c9 a maior festa da cultura brasileira, que injeta bilh\u00f5es de reais na economia e que atrai gente do mundo inteiro.<\/p>\n<p>O cen\u00e1rio maior \u00e9 sempre o Rio de Janeiro. Na &#8216;Cidade Maravilhosa&#8217;, a Justi\u00e7a liberou o Samb\u00f3dromo para os desfiles das escolas de samba. O Minist\u00e9rio P\u00fablico havia interditado a \u00e1rea no dia anterior.<\/p>\n<p>Ap\u00f3s vistoria, os bombeiros atestaram a seguran\u00e7a do local com o respaldo do termo de responsabilidade, assinado pelos presidentes da Empresa de Turismo do Munic\u00edpio do Rio de Janeiro (Riotur), Marcelo Alves, e da Liga Independente das Escolas de Samba (Liesa), Jorge Castanheira.<\/p>\n<p>A libera\u00e7\u00e3o do local s\u00f3 ocorreu poucas horas antes do in\u00edcio dos desfiles do Grupo A. \u201cTrabalhamos muito, focados na resolu\u00e7\u00e3o das pend\u00eancias do Minist\u00e9rio P\u00fablico. Conseguimos entregar a tempo, respeitando as exig\u00eancias\u201d, disse o presidente da Riotur.<\/p>\n","protected":false},"excerpt":{"rendered":"<p>O brasileiro n\u00e3o quer saber de pol\u00edtica nem de futebol (salvo algumas partidas neste s\u00e1bado) pelos pr\u00f3ximos cinco dias. O comando do Pa\u00eds fica nas m\u00e3os do Rei Momo. A folia se espalha de Norte a Sul, com samba, frevo e ax\u00e9. At\u00e9 a quarta-feira de cinzas, o assunto ser\u00e1 um s\u00f3: p\u00e9 na avenida, [&hellip;]<\/p>\n","protected":false},"author":2,"featured_media":203856,"comment_status":"closed","ping_status":"closed","sticky":false,"template":"","format":"standard","meta":{"_acf_changed":false,"footnotes":""},"categories":[16],"tags":[95],"class_list":["post-203855","post","type-post","status-publish","format-standard","has-post-thumbnail","hentry","category-brasil","tag-capa"],"acf":[],"yoast_head":"<!-- This site is optimized with the Yoast SEO plugin v27.2 - https:\/\/yoast.com\/product\/yoast-seo-wordpress\/ -->\n<title>Agora \u00e9 samba, frevo e ax\u00e9 at\u00e9 a 4\u00aa feira de cinzas - Notibras<\/title>\n<meta name=\"robots\" content=\"index, follow, max-snippet:-1, max-image-preview:large, max-video-preview:-1\" \/>\n<link rel=\"canonical\" href=\"https:\/\/www.notibras.com\/site\/agora-e-samba-frevo-e-axe-ate-a-4a-feira-de-cinzas\/\" \/>\n<meta property=\"og:locale\" content=\"pt_BR\" \/>\n<meta property=\"og:type\" content=\"article\" \/>\n<meta property=\"og:title\" content=\"Agora \u00e9 samba, frevo e ax\u00e9 at\u00e9 a 4\u00aa feira de cinzas - Notibras\" \/>\n<meta property=\"og:description\" content=\"O brasileiro n\u00e3o quer saber de pol\u00edtica nem de futebol (salvo algumas partidas neste s\u00e1bado) pelos pr\u00f3ximos cinco dias. O comando do Pa\u00eds fica nas m\u00e3os do Rei Momo. A folia se espalha de Norte a Sul, com samba, frevo e ax\u00e9. At\u00e9 a quarta-feira de cinzas, o assunto ser\u00e1 um s\u00f3: p\u00e9 na avenida, [&hellip;]\" \/>\n<meta property=\"og:url\" content=\"https:\/\/www.notibras.com\/site\/agora-e-samba-frevo-e-axe-ate-a-4a-feira-de-cinzas\/\" \/>\n<meta property=\"og:site_name\" content=\"Notibras\" \/>\n<meta property=\"article:publisher\" content=\"https:\/\/www.facebook.com\/notibras\/\" \/>\n<meta property=\"article:published_time\" content=\"2019-03-02T00:00:30+00:00\" \/>\n<meta property=\"article:modified_time\" content=\"2019-03-02T00:25:45+00:00\" \/>\n<meta property=\"og:image\" content=\"https:\/\/www.notibras.com\/site\/wp-content\/uploads\/2019\/03\/carnaval.1.3.jpg\" \/>\n\t<meta property=\"og:image:width\" content=\"1140\" \/>\n\t<meta property=\"og:image:height\" content=\"760\" \/>\n\t<meta property=\"og:image:type\" content=\"image\/jpeg\" \/>\n<meta name=\"author\" content=\"Reda\u00e7\u00e3o\" \/>\n<meta name=\"twitter:card\" content=\"summary_large_image\" \/>\n<meta name=\"twitter:creator\" content=\"@Notibras\" \/>\n<meta name=\"twitter:site\" content=\"@Notibras\" \/>\n<meta name=\"twitter:label1\" content=\"Escrito por\" \/>\n\t<meta name=\"twitter:data1\" content=\"Reda\u00e7\u00e3o\" \/>\n\t<meta name=\"twitter:label2\" content=\"Est. tempo de leitura\" \/>\n\t<meta name=\"twitter:data2\" content=\"1 minuto\" \/>\n<script type=\"application\/ld+json\" class=\"yoast-schema-graph\">{\"@context\":\"https:\/\/schema.org\",\"@graph\":[{\"@type\":\"Article\",\"@id\":\"https:\/\/www.notibras.com\/site\/agora-e-samba-frevo-e-axe-ate-a-4a-feira-de-cinzas\/#article\",\"isPartOf\":{\"@id\":\"https:\/\/www.notibras.com\/site\/agora-e-samba-frevo-e-axe-ate-a-4a-feira-de-cinzas\/\"},\"author\":{\"name\":\"Reda\u00e7\u00e3o\",\"@id\":\"https:\/\/www.notibras.com\/site\/#\/schema\/person\/36ab0979449956132d3e5b517ea76ac8\"},\"headline\":\"Agora \u00e9 samba, frevo e ax\u00e9 at\u00e9 a 4\u00aa feira de cinzas\",\"datePublished\":\"2019-03-02T00:00:30+00:00\",\"dateModified\":\"2019-03-02T00:25:45+00:00\",\"mainEntityOfPage\":{\"@id\":\"https:\/\/www.notibras.com\/site\/agora-e-samba-frevo-e-axe-ate-a-4a-feira-de-cinzas\/\"},\"wordCount\":232,\"publisher\":{\"@id\":\"https:\/\/www.notibras.com\/site\/#organization\"},\"image\":{\"@id\":\"https:\/\/www.notibras.com\/site\/agora-e-samba-frevo-e-axe-ate-a-4a-feira-de-cinzas\/#primaryimage\"},\"thumbnailUrl\":\"https:\/\/www.notibras.com\/site\/wp-content\/uploads\/2019\/03\/carnaval.1.3.jpg\",\"keywords\":[\"capa\"],\"articleSection\":[\"Brasil\"],\"inLanguage\":\"pt-BR\"},{\"@type\":\"WebPage\",\"@id\":\"https:\/\/www.notibras.com\/site\/agora-e-samba-frevo-e-axe-ate-a-4a-feira-de-cinzas\/\",\"url\":\"https:\/\/www.notibras.com\/site\/agora-e-samba-frevo-e-axe-ate-a-4a-feira-de-cinzas\/\",\"name\":\"Agora \u00e9 samba, frevo e ax\u00e9 at\u00e9 a 4\u00aa feira de cinzas - Notibras\",\"isPartOf\":{\"@id\":\"https:\/\/www.notibras.com\/site\/#website\"},\"primaryImageOfPage\":{\"@id\":\"https:\/\/www.notibras.com\/site\/agora-e-samba-frevo-e-axe-ate-a-4a-feira-de-cinzas\/#primaryimage\"},\"image\":{\"@id\":\"https:\/\/www.notibras.com\/site\/agora-e-samba-frevo-e-axe-ate-a-4a-feira-de-cinzas\/#primaryimage\"},\"thumbnailUrl\":\"https:\/\/www.notibras.com\/site\/wp-content\/uploads\/2019\/03\/carnaval.1.3.jpg\",\"datePublished\":\"2019-03-02T00:00:30+00:00\",\"dateModified\":\"2019-03-02T00:25:45+00:00\",\"breadcrumb\":{\"@id\":\"https:\/\/www.notibras.com\/site\/agora-e-samba-frevo-e-axe-ate-a-4a-feira-de-cinzas\/#breadcrumb\"},\"inLanguage\":\"pt-BR\",\"potentialAction\":[{\"@type\":\"ReadAction\",\"target\":[\"https:\/\/www.notibras.com\/site\/agora-e-samba-frevo-e-axe-ate-a-4a-feira-de-cinzas\/\"]}]},{\"@type\":\"ImageObject\",\"inLanguage\":\"pt-BR\",\"@id\":\"https:\/\/www.notibras.com\/site\/agora-e-samba-frevo-e-axe-ate-a-4a-feira-de-cinzas\/#primaryimage\",\"url\":\"https:\/\/www.notibras.com\/site\/wp-content\/uploads\/2019\/03\/carnaval.1.3.jpg\",\"contentUrl\":\"https:\/\/www.notibras.com\/site\/wp-content\/uploads\/2019\/03\/carnaval.1.3.jpg\",\"width\":1140,\"height\":760,\"caption\":\"Foto: Fernando Fraz\u00e3o\/ABr\"},{\"@type\":\"BreadcrumbList\",\"@id\":\"https:\/\/www.notibras.com\/site\/agora-e-samba-frevo-e-axe-ate-a-4a-feira-de-cinzas\/#breadcrumb\",\"itemListElement\":[{\"@type\":\"ListItem\",\"position\":1,\"name\":\"In\u00edcio\",\"item\":\"https:\/\/www.notibras.com\/site\/\"},{\"@type\":\"ListItem\",\"position\":2,\"name\":\"Agora \u00e9 samba, frevo e ax\u00e9 at\u00e9 a 4\u00aa feira de cinzas\"}]},{\"@type\":\"WebSite\",\"@id\":\"https:\/\/www.notibras.com\/site\/#website\",\"url\":\"https:\/\/www.notibras.com\/site\/\",\"name\":\"Notibras\",\"description\":\"Not\u00edcias de Bras\u00edlia, do Brasil e do Mundo\",\"publisher\":{\"@id\":\"https:\/\/www.notibras.com\/site\/#organization\"},\"potentialAction\":[{\"@type\":\"SearchAction\",\"target\":{\"@type\":\"EntryPoint\",\"urlTemplate\":\"https:\/\/www.notibras.com\/site\/?s={search_term_string}\"},\"query-input\":{\"@type\":\"PropertyValueSpecification\",\"valueRequired\":true,\"valueName\":\"search_term_string\"}}],\"inLanguage\":\"pt-BR\"},{\"@type\":\"Organization\",\"@id\":\"https:\/\/www.notibras.com\/site\/#organization\",\"name\":\"Grupo Notibras de Comunica\u00e7\u00e3o\",\"url\":\"https:\/\/www.notibras.com\/site\/\",\"logo\":{\"@type\":\"ImageObject\",\"inLanguage\":\"pt-BR\",\"@id\":\"https:\/\/www.notibras.com\/site\/#\/schema\/logo\/image\/\",\"url\":\"https:\/\/www.notibras.com\/site\/wp-content\/uploads\/2023\/01\/notibras23.png\",\"contentUrl\":\"https:\/\/www.notibras.com\/site\/wp-content\/uploads\/2023\/01\/notibras23.png\",\"width\":350,\"height\":87,\"caption\":\"Grupo Notibras de Comunica\u00e7\u00e3o\"},\"image\":{\"@id\":\"https:\/\/www.notibras.com\/site\/#\/schema\/logo\/image\/\"},\"sameAs\":[\"https:\/\/www.facebook.com\/notibras\/\",\"https:\/\/x.com\/Notibras\",\"https:\/\/www.instagram.com\/notibras\/\"]},{\"@type\":\"Person\",\"@id\":\"https:\/\/www.notibras.com\/site\/#\/schema\/person\/36ab0979449956132d3e5b517ea76ac8\",\"name\":\"Reda\u00e7\u00e3o\",\"image\":{\"@type\":\"ImageObject\",\"inLanguage\":\"pt-BR\",\"@id\":\"https:\/\/secure.gravatar.com\/avatar\/e0a867bdedb85fd243eadf09663511f96fc81e0720a4a42581f334ad4303aa6b?s=96&d=mm&r=g\",\"url\":\"https:\/\/secure.gravatar.com\/avatar\/e0a867bdedb85fd243eadf09663511f96fc81e0720a4a42581f334ad4303aa6b?s=96&d=mm&r=g\",\"contentUrl\":\"https:\/\/secure.gravatar.com\/avatar\/e0a867bdedb85fd243eadf09663511f96fc81e0720a4a42581f334ad4303aa6b?s=96&d=mm&r=g\",\"caption\":\"Reda\u00e7\u00e3o\"}}]}<\/script>\n<!-- \/ Yoast SEO plugin. -->","yoast_head_json":{"title":"Agora \u00e9 samba, frevo e ax\u00e9 at\u00e9 a 4\u00aa feira de cinzas - Notibras","robots":{"index":"index","follow":"follow","max-snippet":"max-snippet:-1","max-image-preview":"max-image-preview:large","max-video-preview":"max-video-preview:-1"},"canonical":"https:\/\/www.notibras.com\/site\/agora-e-samba-frevo-e-axe-ate-a-4a-feira-de-cinzas\/","og_locale":"pt_BR","og_type":"article","og_title":"Agora \u00e9 samba, frevo e ax\u00e9 at\u00e9 a 4\u00aa feira de cinzas - Notibras","og_description":"O brasileiro n\u00e3o quer saber de pol\u00edtica nem de futebol (salvo algumas partidas neste s\u00e1bado) pelos pr\u00f3ximos cinco dias. O comando do Pa\u00eds fica nas m\u00e3os do Rei Momo. A folia se espalha de Norte a Sul, com samba, frevo e ax\u00e9. At\u00e9 a quarta-feira de cinzas, o assunto ser\u00e1 um s\u00f3: p\u00e9 na avenida, [&hellip;]","og_url":"https:\/\/www.notibras.com\/site\/agora-e-samba-frevo-e-axe-ate-a-4a-feira-de-cinzas\/","og_site_name":"Notibras","article_publisher":"https:\/\/www.facebook.com\/notibras\/","article_published_time":"2019-03-02T00:00:30+00:00","article_modified_time":"2019-03-02T00:25:45+00:00","og_image":[{"width":1140,"height":760,"url":"https:\/\/www.notibras.com\/site\/wp-content\/uploads\/2019\/03\/carnaval.1.3.jpg","type":"image\/jpeg"}],"author":"Reda\u00e7\u00e3o","twitter_card":"summary_large_image","twitter_creator":"@Notibras","twitter_site":"@Notibras","twitter_misc":{"Escrito por":"Reda\u00e7\u00e3o","Est. tempo de leitura":"1 minuto"},"schema":{"@context":"https:\/\/schema.org","@graph":[{"@type":"Article","@id":"https:\/\/www.notibras.com\/site\/agora-e-samba-frevo-e-axe-ate-a-4a-feira-de-cinzas\/#article","isPartOf":{"@id":"https:\/\/www.notibras.com\/site\/agora-e-samba-frevo-e-axe-ate-a-4a-feira-de-cinzas\/"},"author":{"name":"Reda\u00e7\u00e3o","@id":"https:\/\/www.notibras.com\/site\/#\/schema\/person\/36ab0979449956132d3e5b517ea76ac8"},"headline":"Agora \u00e9 samba, frevo e ax\u00e9 at\u00e9 a 4\u00aa feira de cinzas","datePublished":"2019-03-02T00:00:30+00:00","dateModified":"2019-03-02T00:25:45+00:00","mainEntityOfPage":{"@id":"https:\/\/www.notibras.com\/site\/agora-e-samba-frevo-e-axe-ate-a-4a-feira-de-cinzas\/"},"wordCount":232,"publisher":{"@id":"https:\/\/www.notibras.com\/site\/#organization"},"image":{"@id":"https:\/\/www.notibras.com\/site\/agora-e-samba-frevo-e-axe-ate-a-4a-feira-de-cinzas\/#primaryimage"},"thumbnailUrl":"https:\/\/www.notibras.com\/site\/wp-content\/uploads\/2019\/03\/carnaval.1.3.jpg","keywords":["capa"],"articleSection":["Brasil"],"inLanguage":"pt-BR"},{"@type":"WebPage","@id":"https:\/\/www.notibras.com\/site\/agora-e-samba-frevo-e-axe-ate-a-4a-feira-de-cinzas\/","url":"https:\/\/www.notibras.com\/site\/agora-e-samba-frevo-e-axe-ate-a-4a-feira-de-cinzas\/","name":"Agora \u00e9 samba, frevo e ax\u00e9 at\u00e9 a 4\u00aa feira de cinzas - Notibras","isPartOf":{"@id":"https:\/\/www.notibras.com\/site\/#website"},"primaryImageOfPage":{"@id":"https:\/\/www.notibras.com\/site\/agora-e-samba-frevo-e-axe-ate-a-4a-feira-de-cinzas\/#primaryimage"},"image":{"@id":"https:\/\/www.notibras.com\/site\/agora-e-samba-frevo-e-axe-ate-a-4a-feira-de-cinzas\/#primaryimage"},"thumbnailUrl":"https:\/\/www.notibras.com\/site\/wp-content\/uploads\/2019\/03\/carnaval.1.3.jpg","datePublished":"2019-03-02T00:00:30+00:00","dateModified":"2019-03-02T00:25:45+00:00","breadcrumb":{"@id":"https:\/\/www.notibras.com\/site\/agora-e-samba-frevo-e-axe-ate-a-4a-feira-de-cinzas\/#breadcrumb"},"inLanguage":"pt-BR","potentialAction":[{"@type":"ReadAction","target":["https:\/\/www.notibras.com\/site\/agora-e-samba-frevo-e-axe-ate-a-4a-feira-de-cinzas\/"]}]},{"@type":"ImageObject","inLanguage":"pt-BR","@id":"https:\/\/www.notibras.com\/site\/agora-e-samba-frevo-e-axe-ate-a-4a-feira-de-cinzas\/#primaryimage","url":"https:\/\/www.notibras.com\/site\/wp-content\/uploads\/2019\/03\/carnaval.1.3.jpg","contentUrl":"https:\/\/www.notibras.com\/site\/wp-content\/uploads\/2019\/03\/carnaval.1.3.jpg","width":1140,"height":760,"caption":"Foto: Fernando Fraz\u00e3o\/ABr"},{"@type":"BreadcrumbList","@id":"https:\/\/www.notibras.com\/site\/agora-e-samba-frevo-e-axe-ate-a-4a-feira-de-cinzas\/#breadcrumb","itemListElement":[{"@type":"ListItem","position":1,"name":"In\u00edcio","item":"https:\/\/www.notibras.com\/site\/"},{"@type":"ListItem","position":2,"name":"Agora \u00e9 samba, frevo e ax\u00e9 at\u00e9 a 4\u00aa feira de cinzas"}]},{"@type":"WebSite","@id":"https:\/\/www.notibras.com\/site\/#website","url":"https:\/\/www.notibras.com\/site\/","name":"Notibras","description":"Not\u00edcias de Bras\u00edlia, do Brasil e do Mundo","publisher":{"@id":"https:\/\/www.notibras.com\/site\/#organization"},"potentialAction":[{"@type":"SearchAction","target":{"@type":"EntryPoint","urlTemplate":"https:\/\/www.notibras.com\/site\/?s={search_term_string}"},"query-input":{"@type":"PropertyValueSpecification","valueRequired":true,"valueName":"search_term_string"}}],"inLanguage":"pt-BR"},{"@type":"Organization","@id":"https:\/\/www.notibras.com\/site\/#organization","name":"Grupo Notibras de Comunica\u00e7\u00e3o","url":"https:\/\/www.notibras.com\/site\/","logo":{"@type":"ImageObject","inLanguage":"pt-BR","@id":"https:\/\/www.notibras.com\/site\/#\/schema\/logo\/image\/","url":"https:\/\/www.notibras.com\/site\/wp-content\/uploads\/2023\/01\/notibras23.png","contentUrl":"https:\/\/www.notibras.com\/site\/wp-content\/uploads\/2023\/01\/notibras23.png","width":350,"height":87,"caption":"Grupo Notibras de Comunica\u00e7\u00e3o"},"image":{"@id":"https:\/\/www.notibras.com\/site\/#\/schema\/logo\/image\/"},"sameAs":["https:\/\/www.facebook.com\/notibras\/","https:\/\/x.com\/Notibras","https:\/\/www.instagram.com\/notibras\/"]},{"@type":"Person","@id":"https:\/\/www.notibras.com\/site\/#\/schema\/person\/36ab0979449956132d3e5b517ea76ac8","name":"Reda\u00e7\u00e3o","image":{"@type":"ImageObject","inLanguage":"pt-BR","@id":"https:\/\/secure.gravatar.com\/avatar\/e0a867bdedb85fd243eadf09663511f96fc81e0720a4a42581f334ad4303aa6b?s=96&d=mm&r=g","url":"https:\/\/secure.gravatar.com\/avatar\/e0a867bdedb85fd243eadf09663511f96fc81e0720a4a42581f334ad4303aa6b?s=96&d=mm&r=g","contentUrl":"https:\/\/secure.gravatar.com\/avatar\/e0a867bdedb85fd243eadf09663511f96fc81e0720a4a42581f334ad4303aa6b?s=96&d=mm&r=g","caption":"Reda\u00e7\u00e3o"}}]}},"amp_enabled":true,"_links":{"self":[{"href":"https:\/\/www.notibras.com\/site\/wp-json\/wp\/v2\/posts\/203855","targetHints":{"allow":["GET"]}}],"collection":[{"href":"https:\/\/www.notibras.com\/site\/wp-json\/wp\/v2\/posts"}],"about":[{"href":"https:\/\/www.notibras.com\/site\/wp-json\/wp\/v2\/types\/post"}],"author":[{"embeddable":true,"href":"https:\/\/www.notibras.com\/site\/wp-json\/wp\/v2\/users\/2"}],"replies":[{"embeddable":true,"href":"https:\/\/www.notibras.com\/site\/wp-json\/wp\/v2\/comments?post=203855"}],"version-history":[{"count":2,"href":"https:\/\/www.notibras.com\/site\/wp-json\/wp\/v2\/posts\/203855\/revisions"}],"predecessor-version":[{"id":203858,"href":"https:\/\/www.notibras.com\/site\/wp-json\/wp\/v2\/posts\/203855\/revisions\/203858"}],"wp:featuredmedia":[{"embeddable":true,"href":"https:\/\/www.notibras.com\/site\/wp-json\/wp\/v2\/media\/203856"}],"wp:attachment":[{"href":"https:\/\/www.notibras.com\/site\/wp-json\/wp\/v2\/media?parent=203855"}],"wp:term":[{"taxonomy":"category","embeddable":true,"href":"https:\/\/www.notibras.com\/site\/wp-json\/wp\/v2\/categories?post=203855"},{"taxonomy":"post_tag","embeddable":true,"href":"https:\/\/www.notibras.com\/site\/wp-json\/wp\/v2\/tags?post=203855"}],"curies":[{"name":"wp","href":"https:\/\/api.w.org\/{rel}","templated":true}]}}