{"id":203899,"date":"2019-03-02T12:53:40","date_gmt":"2019-03-02T15:53:40","guid":{"rendered":"https:\/\/www.notibras.com\/site\/?p=203899"},"modified":"2019-03-02T12:55:09","modified_gmt":"2019-03-02T15:55:09","slug":"galo-arrasta-uma-multidao-em-folia-sem-fim-no-recife","status":"publish","type":"post","link":"https:\/\/www.notibras.com\/site\/galo-arrasta-uma-multidao-em-folia-sem-fim-no-recife\/","title":{"rendered":"Galo arrasta uma multid\u00e3o em folia sem fim no Recife"},"content":{"rendered":"<p>Irrever\u00eancia e muita criatividade marcaram o in\u00edcio da programa\u00e7\u00e3o de Carnaval no Recife. Como manda a tradi\u00e7\u00e3o, h\u00e1 42 anos, a folia no S\u00e1bado de Z\u00e9 Pereira come\u00e7ou cedo, puxada pelo bloco Galo da Madrugada. Nesta edi\u00e7\u00e3o, o desfile do &#8220;maior bloco do mundo&#8221;, como \u00e9 carinhosamente chamado pelos pernambucanos, faz uma homenagem \u00e0 for\u00e7a feminina, com o tema Frevo Mulher.<\/p>\n<p>Mais de 50 ve\u00edculos, entre trios el\u00e9tricos, alegorias e carros de apoio integram o cortejo que, durante cerca de 9 horas, percorrer\u00e1 o percurso de 6 km. Em cima dos 30 trios, ser\u00e3o mais de 40 atra\u00e7\u00f5es. Este ano, segundo a diretoria do grupo, 90% dos destaques nos carros aleg\u00f3ricos ser\u00e3o mulheres.<\/p>\n<p>&#8220;Temos certeza de que, mais uma vez, vai ser um desfile muito bonito e de muita paz. Vou percorrer todo o Estado e dizer \u00e0 popula\u00e7\u00e3o que v\u00e1 brincar o Carnaval, que \u00e9 uma de nossas maiores tradi\u00e7\u00f5es&#8221;, destacou o governador Paulo C\u00e2mara (PSB). J\u00e1 o prefeito do Recife, Geraldo Julio (PSB), salientou o car\u00e1ter democr\u00e1tico da festa. &#8220;Aqui, nossa festa \u00e9 na rua, para o povo. Todo mundo pode participar&#8221;, disse.<\/p>\n<p>Para a professora aposentada Diva Farias, 63, o desfile deste ano tem um gosto especial. &#8220;Estou com a fam\u00edlia inteira aqui e temos uma estreante que faz seu primeiro anivers\u00e1rio exatamente hoje, minha neta Bianca. O carnaval est\u00e1 no nosso sangue e poder ter o privil\u00e9gio de aproveitar esta festa com quem amo, n\u00e3o tem pre\u00e7o&#8221;, disse.<\/p>\n<p>Do frevo ao brega, artistas v\u00e3o se revezar no desfile. Est\u00e3o \u00e0 frente dos trios nomes como Faf\u00e1 de Bel\u00e9m, Gaby Amarantos, Ful\u00f4 de Mandacaru, Erica Natuza, Margareth Menezes, Elba Ramalho, Spok e Michelle Melo. Tamb\u00e9m se apresentam Almir Rouche, Andr\u00e9 Rio, Gerlane Lops, Maestro Forr\u00f3, Toni Garrido, Non\u00f4 Germano, Romero Ferro, Asas da Am\u00e9rica, Irah Caldeira, N\u00e1dia Maia, Benil, Quinteto Violado, Marcelo Jeneci, Marrom Brasileiro e outros, al\u00e9m de orquestras, freviocas e sete carros aleg\u00f3ricos.<\/p>\n","protected":false},"excerpt":{"rendered":"<p>Irrever\u00eancia e muita criatividade marcaram o in\u00edcio da programa\u00e7\u00e3o de Carnaval no Recife. Como manda a tradi\u00e7\u00e3o, h\u00e1 42 anos, a folia no S\u00e1bado de Z\u00e9 Pereira come\u00e7ou cedo, puxada pelo bloco Galo da Madrugada. Nesta edi\u00e7\u00e3o, o desfile do &#8220;maior bloco do mundo&#8221;, como \u00e9 carinhosamente chamado pelos pernambucanos, faz uma homenagem \u00e0 for\u00e7a [&hellip;]<\/p>\n","protected":false},"author":2,"featured_media":203900,"comment_status":"closed","ping_status":"closed","sticky":false,"template":"","format":"standard","meta":{"_acf_changed":false,"footnotes":""},"categories":[16],"tags":[95],"class_list":["post-203899","post","type-post","status-publish","format-standard","has-post-thumbnail","hentry","category-brasil","tag-capa"],"acf":[],"yoast_head":"<!-- This site is optimized with the Yoast SEO plugin v27.2 - https:\/\/yoast.com\/product\/yoast-seo-wordpress\/ -->\n<title>Galo arrasta uma multid\u00e3o em folia sem fim no Recife - Notibras<\/title>\n<meta name=\"robots\" content=\"index, follow, max-snippet:-1, max-image-preview:large, max-video-preview:-1\" \/>\n<link rel=\"canonical\" href=\"https:\/\/www.notibras.com\/site\/galo-arrasta-uma-multidao-em-folia-sem-fim-no-recife\/\" \/>\n<meta property=\"og:locale\" content=\"pt_BR\" \/>\n<meta property=\"og:type\" content=\"article\" \/>\n<meta property=\"og:title\" content=\"Galo arrasta uma multid\u00e3o em folia sem fim no Recife - Notibras\" \/>\n<meta property=\"og:description\" content=\"Irrever\u00eancia e muita criatividade marcaram o in\u00edcio da programa\u00e7\u00e3o de Carnaval no Recife. Como manda a tradi\u00e7\u00e3o, h\u00e1 42 anos, a folia no S\u00e1bado de Z\u00e9 Pereira come\u00e7ou cedo, puxada pelo bloco Galo da Madrugada. Nesta edi\u00e7\u00e3o, o desfile do &#8220;maior bloco do mundo&#8221;, como \u00e9 carinhosamente chamado pelos pernambucanos, faz uma homenagem \u00e0 for\u00e7a [&hellip;]\" \/>\n<meta property=\"og:url\" content=\"https:\/\/www.notibras.com\/site\/galo-arrasta-uma-multidao-em-folia-sem-fim-no-recife\/\" \/>\n<meta property=\"og:site_name\" content=\"Notibras\" \/>\n<meta property=\"article:publisher\" content=\"https:\/\/www.facebook.com\/notibras\/\" \/>\n<meta property=\"article:published_time\" content=\"2019-03-02T15:53:40+00:00\" \/>\n<meta property=\"article:modified_time\" content=\"2019-03-02T15:55:09+00:00\" \/>\n<meta property=\"og:image\" content=\"https:\/\/www.notibras.com\/site\/wp-content\/uploads\/2019\/03\/galo-rafael.jpg\" \/>\n\t<meta property=\"og:image:width\" content=\"932\" \/>\n\t<meta property=\"og:image:height\" content=\"621\" \/>\n\t<meta property=\"og:image:type\" content=\"image\/jpeg\" \/>\n<meta name=\"author\" content=\"Reda\u00e7\u00e3o\" \/>\n<meta name=\"twitter:card\" content=\"summary_large_image\" \/>\n<meta name=\"twitter:creator\" content=\"@Notibras\" \/>\n<meta name=\"twitter:site\" content=\"@Notibras\" \/>\n<meta name=\"twitter:label1\" content=\"Escrito por\" \/>\n\t<meta name=\"twitter:data1\" content=\"Reda\u00e7\u00e3o\" \/>\n\t<meta name=\"twitter:label2\" content=\"Est. tempo de leitura\" \/>\n\t<meta name=\"twitter:data2\" content=\"2 minutos\" \/>\n<script type=\"application\/ld+json\" class=\"yoast-schema-graph\">{\"@context\":\"https:\/\/schema.org\",\"@graph\":[{\"@type\":\"Article\",\"@id\":\"https:\/\/www.notibras.com\/site\/galo-arrasta-uma-multidao-em-folia-sem-fim-no-recife\/#article\",\"isPartOf\":{\"@id\":\"https:\/\/www.notibras.com\/site\/galo-arrasta-uma-multidao-em-folia-sem-fim-no-recife\/\"},\"author\":{\"name\":\"Reda\u00e7\u00e3o\",\"@id\":\"https:\/\/www.notibras.com\/site\/#\/schema\/person\/36ab0979449956132d3e5b517ea76ac8\"},\"headline\":\"Galo arrasta uma multid\u00e3o em folia sem fim no Recife\",\"datePublished\":\"2019-03-02T15:53:40+00:00\",\"dateModified\":\"2019-03-02T15:55:09+00:00\",\"mainEntityOfPage\":{\"@id\":\"https:\/\/www.notibras.com\/site\/galo-arrasta-uma-multidao-em-folia-sem-fim-no-recife\/\"},\"wordCount\":347,\"publisher\":{\"@id\":\"https:\/\/www.notibras.com\/site\/#organization\"},\"image\":{\"@id\":\"https:\/\/www.notibras.com\/site\/galo-arrasta-uma-multidao-em-folia-sem-fim-no-recife\/#primaryimage\"},\"thumbnailUrl\":\"https:\/\/www.notibras.com\/site\/wp-content\/uploads\/2019\/03\/galo-rafael.jpg\",\"keywords\":[\"capa\"],\"articleSection\":[\"Brasil\"],\"inLanguage\":\"pt-BR\"},{\"@type\":\"WebPage\",\"@id\":\"https:\/\/www.notibras.com\/site\/galo-arrasta-uma-multidao-em-folia-sem-fim-no-recife\/\",\"url\":\"https:\/\/www.notibras.com\/site\/galo-arrasta-uma-multidao-em-folia-sem-fim-no-recife\/\",\"name\":\"Galo arrasta uma multid\u00e3o em folia sem fim no Recife - Notibras\",\"isPartOf\":{\"@id\":\"https:\/\/www.notibras.com\/site\/#website\"},\"primaryImageOfPage\":{\"@id\":\"https:\/\/www.notibras.com\/site\/galo-arrasta-uma-multidao-em-folia-sem-fim-no-recife\/#primaryimage\"},\"image\":{\"@id\":\"https:\/\/www.notibras.com\/site\/galo-arrasta-uma-multidao-em-folia-sem-fim-no-recife\/#primaryimage\"},\"thumbnailUrl\":\"https:\/\/www.notibras.com\/site\/wp-content\/uploads\/2019\/03\/galo-rafael.jpg\",\"datePublished\":\"2019-03-02T15:53:40+00:00\",\"dateModified\":\"2019-03-02T15:55:09+00:00\",\"breadcrumb\":{\"@id\":\"https:\/\/www.notibras.com\/site\/galo-arrasta-uma-multidao-em-folia-sem-fim-no-recife\/#breadcrumb\"},\"inLanguage\":\"pt-BR\",\"potentialAction\":[{\"@type\":\"ReadAction\",\"target\":[\"https:\/\/www.notibras.com\/site\/galo-arrasta-uma-multidao-em-folia-sem-fim-no-recife\/\"]}]},{\"@type\":\"ImageObject\",\"inLanguage\":\"pt-BR\",\"@id\":\"https:\/\/www.notibras.com\/site\/galo-arrasta-uma-multidao-em-folia-sem-fim-no-recife\/#primaryimage\",\"url\":\"https:\/\/www.notibras.com\/site\/wp-content\/uploads\/2019\/03\/galo-rafael.jpg\",\"contentUrl\":\"https:\/\/www.notibras.com\/site\/wp-content\/uploads\/2019\/03\/galo-rafael.jpg\",\"width\":932,\"height\":621,\"caption\":\"Foto: Rafael Vieira\/Estad\u00e3oConte\u00fado\"},{\"@type\":\"BreadcrumbList\",\"@id\":\"https:\/\/www.notibras.com\/site\/galo-arrasta-uma-multidao-em-folia-sem-fim-no-recife\/#breadcrumb\",\"itemListElement\":[{\"@type\":\"ListItem\",\"position\":1,\"name\":\"In\u00edcio\",\"item\":\"https:\/\/www.notibras.com\/site\/\"},{\"@type\":\"ListItem\",\"position\":2,\"name\":\"Galo arrasta uma multid\u00e3o em folia sem fim no Recife\"}]},{\"@type\":\"WebSite\",\"@id\":\"https:\/\/www.notibras.com\/site\/#website\",\"url\":\"https:\/\/www.notibras.com\/site\/\",\"name\":\"Notibras\",\"description\":\"Not\u00edcias de Bras\u00edlia, do Brasil e do Mundo\",\"publisher\":{\"@id\":\"https:\/\/www.notibras.com\/site\/#organization\"},\"potentialAction\":[{\"@type\":\"SearchAction\",\"target\":{\"@type\":\"EntryPoint\",\"urlTemplate\":\"https:\/\/www.notibras.com\/site\/?s={search_term_string}\"},\"query-input\":{\"@type\":\"PropertyValueSpecification\",\"valueRequired\":true,\"valueName\":\"search_term_string\"}}],\"inLanguage\":\"pt-BR\"},{\"@type\":\"Organization\",\"@id\":\"https:\/\/www.notibras.com\/site\/#organization\",\"name\":\"Grupo Notibras de Comunica\u00e7\u00e3o\",\"url\":\"https:\/\/www.notibras.com\/site\/\",\"logo\":{\"@type\":\"ImageObject\",\"inLanguage\":\"pt-BR\",\"@id\":\"https:\/\/www.notibras.com\/site\/#\/schema\/logo\/image\/\",\"url\":\"https:\/\/www.notibras.com\/site\/wp-content\/uploads\/2023\/01\/notibras23.png\",\"contentUrl\":\"https:\/\/www.notibras.com\/site\/wp-content\/uploads\/2023\/01\/notibras23.png\",\"width\":350,\"height\":87,\"caption\":\"Grupo Notibras de Comunica\u00e7\u00e3o\"},\"image\":{\"@id\":\"https:\/\/www.notibras.com\/site\/#\/schema\/logo\/image\/\"},\"sameAs\":[\"https:\/\/www.facebook.com\/notibras\/\",\"https:\/\/x.com\/Notibras\",\"https:\/\/www.instagram.com\/notibras\/\"]},{\"@type\":\"Person\",\"@id\":\"https:\/\/www.notibras.com\/site\/#\/schema\/person\/36ab0979449956132d3e5b517ea76ac8\",\"name\":\"Reda\u00e7\u00e3o\",\"image\":{\"@type\":\"ImageObject\",\"inLanguage\":\"pt-BR\",\"@id\":\"https:\/\/secure.gravatar.com\/avatar\/e0a867bdedb85fd243eadf09663511f96fc81e0720a4a42581f334ad4303aa6b?s=96&d=mm&r=g\",\"url\":\"https:\/\/secure.gravatar.com\/avatar\/e0a867bdedb85fd243eadf09663511f96fc81e0720a4a42581f334ad4303aa6b?s=96&d=mm&r=g\",\"contentUrl\":\"https:\/\/secure.gravatar.com\/avatar\/e0a867bdedb85fd243eadf09663511f96fc81e0720a4a42581f334ad4303aa6b?s=96&d=mm&r=g\",\"caption\":\"Reda\u00e7\u00e3o\"}}]}<\/script>\n<!-- \/ Yoast SEO plugin. -->","yoast_head_json":{"title":"Galo arrasta uma multid\u00e3o em folia sem fim no Recife - Notibras","robots":{"index":"index","follow":"follow","max-snippet":"max-snippet:-1","max-image-preview":"max-image-preview:large","max-video-preview":"max-video-preview:-1"},"canonical":"https:\/\/www.notibras.com\/site\/galo-arrasta-uma-multidao-em-folia-sem-fim-no-recife\/","og_locale":"pt_BR","og_type":"article","og_title":"Galo arrasta uma multid\u00e3o em folia sem fim no Recife - Notibras","og_description":"Irrever\u00eancia e muita criatividade marcaram o in\u00edcio da programa\u00e7\u00e3o de Carnaval no Recife. Como manda a tradi\u00e7\u00e3o, h\u00e1 42 anos, a folia no S\u00e1bado de Z\u00e9 Pereira come\u00e7ou cedo, puxada pelo bloco Galo da Madrugada. Nesta edi\u00e7\u00e3o, o desfile do &#8220;maior bloco do mundo&#8221;, como \u00e9 carinhosamente chamado pelos pernambucanos, faz uma homenagem \u00e0 for\u00e7a [&hellip;]","og_url":"https:\/\/www.notibras.com\/site\/galo-arrasta-uma-multidao-em-folia-sem-fim-no-recife\/","og_site_name":"Notibras","article_publisher":"https:\/\/www.facebook.com\/notibras\/","article_published_time":"2019-03-02T15:53:40+00:00","article_modified_time":"2019-03-02T15:55:09+00:00","og_image":[{"width":932,"height":621,"url":"https:\/\/www.notibras.com\/site\/wp-content\/uploads\/2019\/03\/galo-rafael.jpg","type":"image\/jpeg"}],"author":"Reda\u00e7\u00e3o","twitter_card":"summary_large_image","twitter_creator":"@Notibras","twitter_site":"@Notibras","twitter_misc":{"Escrito por":"Reda\u00e7\u00e3o","Est. tempo de leitura":"2 minutos"},"schema":{"@context":"https:\/\/schema.org","@graph":[{"@type":"Article","@id":"https:\/\/www.notibras.com\/site\/galo-arrasta-uma-multidao-em-folia-sem-fim-no-recife\/#article","isPartOf":{"@id":"https:\/\/www.notibras.com\/site\/galo-arrasta-uma-multidao-em-folia-sem-fim-no-recife\/"},"author":{"name":"Reda\u00e7\u00e3o","@id":"https:\/\/www.notibras.com\/site\/#\/schema\/person\/36ab0979449956132d3e5b517ea76ac8"},"headline":"Galo arrasta uma multid\u00e3o em folia sem fim no Recife","datePublished":"2019-03-02T15:53:40+00:00","dateModified":"2019-03-02T15:55:09+00:00","mainEntityOfPage":{"@id":"https:\/\/www.notibras.com\/site\/galo-arrasta-uma-multidao-em-folia-sem-fim-no-recife\/"},"wordCount":347,"publisher":{"@id":"https:\/\/www.notibras.com\/site\/#organization"},"image":{"@id":"https:\/\/www.notibras.com\/site\/galo-arrasta-uma-multidao-em-folia-sem-fim-no-recife\/#primaryimage"},"thumbnailUrl":"https:\/\/www.notibras.com\/site\/wp-content\/uploads\/2019\/03\/galo-rafael.jpg","keywords":["capa"],"articleSection":["Brasil"],"inLanguage":"pt-BR"},{"@type":"WebPage","@id":"https:\/\/www.notibras.com\/site\/galo-arrasta-uma-multidao-em-folia-sem-fim-no-recife\/","url":"https:\/\/www.notibras.com\/site\/galo-arrasta-uma-multidao-em-folia-sem-fim-no-recife\/","name":"Galo arrasta uma multid\u00e3o em folia sem fim no Recife - Notibras","isPartOf":{"@id":"https:\/\/www.notibras.com\/site\/#website"},"primaryImageOfPage":{"@id":"https:\/\/www.notibras.com\/site\/galo-arrasta-uma-multidao-em-folia-sem-fim-no-recife\/#primaryimage"},"image":{"@id":"https:\/\/www.notibras.com\/site\/galo-arrasta-uma-multidao-em-folia-sem-fim-no-recife\/#primaryimage"},"thumbnailUrl":"https:\/\/www.notibras.com\/site\/wp-content\/uploads\/2019\/03\/galo-rafael.jpg","datePublished":"2019-03-02T15:53:40+00:00","dateModified":"2019-03-02T15:55:09+00:00","breadcrumb":{"@id":"https:\/\/www.notibras.com\/site\/galo-arrasta-uma-multidao-em-folia-sem-fim-no-recife\/#breadcrumb"},"inLanguage":"pt-BR","potentialAction":[{"@type":"ReadAction","target":["https:\/\/www.notibras.com\/site\/galo-arrasta-uma-multidao-em-folia-sem-fim-no-recife\/"]}]},{"@type":"ImageObject","inLanguage":"pt-BR","@id":"https:\/\/www.notibras.com\/site\/galo-arrasta-uma-multidao-em-folia-sem-fim-no-recife\/#primaryimage","url":"https:\/\/www.notibras.com\/site\/wp-content\/uploads\/2019\/03\/galo-rafael.jpg","contentUrl":"https:\/\/www.notibras.com\/site\/wp-content\/uploads\/2019\/03\/galo-rafael.jpg","width":932,"height":621,"caption":"Foto: Rafael Vieira\/Estad\u00e3oConte\u00fado"},{"@type":"BreadcrumbList","@id":"https:\/\/www.notibras.com\/site\/galo-arrasta-uma-multidao-em-folia-sem-fim-no-recife\/#breadcrumb","itemListElement":[{"@type":"ListItem","position":1,"name":"In\u00edcio","item":"https:\/\/www.notibras.com\/site\/"},{"@type":"ListItem","position":2,"name":"Galo arrasta uma multid\u00e3o em folia sem fim no Recife"}]},{"@type":"WebSite","@id":"https:\/\/www.notibras.com\/site\/#website","url":"https:\/\/www.notibras.com\/site\/","name":"Notibras","description":"Not\u00edcias de Bras\u00edlia, do Brasil e do Mundo","publisher":{"@id":"https:\/\/www.notibras.com\/site\/#organization"},"potentialAction":[{"@type":"SearchAction","target":{"@type":"EntryPoint","urlTemplate":"https:\/\/www.notibras.com\/site\/?s={search_term_string}"},"query-input":{"@type":"PropertyValueSpecification","valueRequired":true,"valueName":"search_term_string"}}],"inLanguage":"pt-BR"},{"@type":"Organization","@id":"https:\/\/www.notibras.com\/site\/#organization","name":"Grupo Notibras de Comunica\u00e7\u00e3o","url":"https:\/\/www.notibras.com\/site\/","logo":{"@type":"ImageObject","inLanguage":"pt-BR","@id":"https:\/\/www.notibras.com\/site\/#\/schema\/logo\/image\/","url":"https:\/\/www.notibras.com\/site\/wp-content\/uploads\/2023\/01\/notibras23.png","contentUrl":"https:\/\/www.notibras.com\/site\/wp-content\/uploads\/2023\/01\/notibras23.png","width":350,"height":87,"caption":"Grupo Notibras de Comunica\u00e7\u00e3o"},"image":{"@id":"https:\/\/www.notibras.com\/site\/#\/schema\/logo\/image\/"},"sameAs":["https:\/\/www.facebook.com\/notibras\/","https:\/\/x.com\/Notibras","https:\/\/www.instagram.com\/notibras\/"]},{"@type":"Person","@id":"https:\/\/www.notibras.com\/site\/#\/schema\/person\/36ab0979449956132d3e5b517ea76ac8","name":"Reda\u00e7\u00e3o","image":{"@type":"ImageObject","inLanguage":"pt-BR","@id":"https:\/\/secure.gravatar.com\/avatar\/e0a867bdedb85fd243eadf09663511f96fc81e0720a4a42581f334ad4303aa6b?s=96&d=mm&r=g","url":"https:\/\/secure.gravatar.com\/avatar\/e0a867bdedb85fd243eadf09663511f96fc81e0720a4a42581f334ad4303aa6b?s=96&d=mm&r=g","contentUrl":"https:\/\/secure.gravatar.com\/avatar\/e0a867bdedb85fd243eadf09663511f96fc81e0720a4a42581f334ad4303aa6b?s=96&d=mm&r=g","caption":"Reda\u00e7\u00e3o"}}]}},"amp_enabled":true,"_links":{"self":[{"href":"https:\/\/www.notibras.com\/site\/wp-json\/wp\/v2\/posts\/203899","targetHints":{"allow":["GET"]}}],"collection":[{"href":"https:\/\/www.notibras.com\/site\/wp-json\/wp\/v2\/posts"}],"about":[{"href":"https:\/\/www.notibras.com\/site\/wp-json\/wp\/v2\/types\/post"}],"author":[{"embeddable":true,"href":"https:\/\/www.notibras.com\/site\/wp-json\/wp\/v2\/users\/2"}],"replies":[{"embeddable":true,"href":"https:\/\/www.notibras.com\/site\/wp-json\/wp\/v2\/comments?post=203899"}],"version-history":[{"count":4,"href":"https:\/\/www.notibras.com\/site\/wp-json\/wp\/v2\/posts\/203899\/revisions"}],"predecessor-version":[{"id":203904,"href":"https:\/\/www.notibras.com\/site\/wp-json\/wp\/v2\/posts\/203899\/revisions\/203904"}],"wp:featuredmedia":[{"embeddable":true,"href":"https:\/\/www.notibras.com\/site\/wp-json\/wp\/v2\/media\/203900"}],"wp:attachment":[{"href":"https:\/\/www.notibras.com\/site\/wp-json\/wp\/v2\/media?parent=203899"}],"wp:term":[{"taxonomy":"category","embeddable":true,"href":"https:\/\/www.notibras.com\/site\/wp-json\/wp\/v2\/categories?post=203899"},{"taxonomy":"post_tag","embeddable":true,"href":"https:\/\/www.notibras.com\/site\/wp-json\/wp\/v2\/tags?post=203899"}],"curies":[{"name":"wp","href":"https:\/\/api.w.org\/{rel}","templated":true}]}}