{"id":203906,"date":"2019-03-02T13:11:53","date_gmt":"2019-03-02T16:11:53","guid":{"rendered":"https:\/\/www.notibras.com\/site\/?p=203906"},"modified":"2019-03-02T15:22:42","modified_gmt":"2019-03-02T18:22:42","slug":"lula-promete-levar-diploma-de-inocente-a-deus","status":"publish","type":"post","link":"https:\/\/www.notibras.com\/site\/lula-promete-levar-diploma-de-inocente-a-deus\/","title":{"rendered":"Lula promete levar diploma de inocente a Deus"},"content":{"rendered":"<p>No vel\u00f3rio do neto Arthur, neste s\u00e1bado de carnaval, em S\u00e3o Bernardo do Campo, o ex-presidente Luiz In\u00e1cio Lula da Silva prometeu &#8216;entrar no C\u00e9u com o diploma de inocente&#8217;, para &#8216;entreg\u00e1-lo nas m\u00e3os de Deus&#8217;, segundo relato feito por Jo\u00e3o Pedro St\u00e9dile, um dos fundadores do Movimento dos Sem-Terra, presente \u00e0 cerim\u00f4nia.<\/p>\n<p>Em breve discurso, ainda segundo o dirigente do MST, o ex-presidente fez um breve discurso no vel\u00f3rio e revelou que seu neto sofria \u201cbullying\u201d na escola por ser neto do Lula.<\/p>\n<p>\u201cPor isso, eu tenho um compromisso com voc\u00ea, Arthur, eu vou provar a minha inoc\u00eancia e quando eu for para o C\u00e9u, eu vou levando o meu diploma de inocente\u201d, afirmou, ainda segundo a vers\u00e3o de St\u00e9dile.<\/p>\n<p>\u201cVou provar quem \u00e9 ladr\u00e3o neste Pa\u00eds e quem n\u00e3o \u00e9. Quem me condenou n\u00e3o pode olhar nos olhos dos netos como eu olhava para voc\u00ea.\u201d<\/p>\n<p>Na sa\u00edda do vel\u00f3rio, quando se preparava para voltar a Curitiba, onde cumpre pena de pris\u00e3o, um pequeno entrevero, com Lula sendo advertido pelos agentes que faziam sua escolta de que n\u00e3o deveria ter acenado para o p\u00fablico (ele chegou a pegar na m\u00e3o de uma apoiadora). \u201cO senhor sabe que n\u00e3o deveria ter feito isso\u201d, disse o policial. \u201cO senhor sabe que eu deveria\u201d, respondeu o petista.<\/p>\n","protected":false},"excerpt":{"rendered":"<p>No vel\u00f3rio do neto Arthur, neste s\u00e1bado de carnaval, em S\u00e3o Bernardo do Campo, o ex-presidente Luiz In\u00e1cio Lula da Silva prometeu &#8216;entrar no C\u00e9u com o diploma de inocente&#8217;, para &#8216;entreg\u00e1-lo nas m\u00e3os de Deus&#8217;, segundo relato feito por Jo\u00e3o Pedro St\u00e9dile, um dos fundadores do Movimento dos Sem-Terra, presente \u00e0 cerim\u00f4nia. Em breve [&hellip;]<\/p>\n","protected":false},"author":2,"featured_media":203907,"comment_status":"closed","ping_status":"closed","sticky":false,"template":"","format":"standard","meta":{"_acf_changed":false,"footnotes":""},"categories":[16],"tags":[95],"class_list":["post-203906","post","type-post","status-publish","format-standard","has-post-thumbnail","hentry","category-brasil","tag-capa"],"acf":[],"yoast_head":"<!-- This site is optimized with the Yoast SEO plugin v27.2 - https:\/\/yoast.com\/product\/yoast-seo-wordpress\/ -->\n<title>Lula promete levar diploma de inocente a Deus - Notibras<\/title>\n<meta name=\"robots\" content=\"index, follow, max-snippet:-1, max-image-preview:large, max-video-preview:-1\" \/>\n<link rel=\"canonical\" href=\"https:\/\/www.notibras.com\/site\/lula-promete-levar-diploma-de-inocente-a-deus\/\" \/>\n<meta property=\"og:locale\" content=\"pt_BR\" \/>\n<meta property=\"og:type\" content=\"article\" \/>\n<meta property=\"og:title\" content=\"Lula promete levar diploma de inocente a Deus - Notibras\" \/>\n<meta property=\"og:description\" content=\"No vel\u00f3rio do neto Arthur, neste s\u00e1bado de carnaval, em S\u00e3o Bernardo do Campo, o ex-presidente Luiz In\u00e1cio Lula da Silva prometeu &#8216;entrar no C\u00e9u com o diploma de inocente&#8217;, para &#8216;entreg\u00e1-lo nas m\u00e3os de Deus&#8217;, segundo relato feito por Jo\u00e3o Pedro St\u00e9dile, um dos fundadores do Movimento dos Sem-Terra, presente \u00e0 cerim\u00f4nia. Em breve [&hellip;]\" \/>\n<meta property=\"og:url\" content=\"https:\/\/www.notibras.com\/site\/lula-promete-levar-diploma-de-inocente-a-deus\/\" \/>\n<meta property=\"og:site_name\" content=\"Notibras\" \/>\n<meta property=\"article:publisher\" content=\"https:\/\/www.facebook.com\/notibras\/\" \/>\n<meta property=\"article:published_time\" content=\"2019-03-02T16:11:53+00:00\" \/>\n<meta property=\"article:modified_time\" content=\"2019-03-02T18:22:42+00:00\" \/>\n<meta property=\"og:image\" content=\"https:\/\/www.notibras.com\/site\/wp-content\/uploads\/2019\/03\/lula-deixa-velorio-neto-3.jpg\" \/>\n\t<meta property=\"og:image:width\" content=\"1600\" \/>\n\t<meta property=\"og:image:height\" content=\"1067\" \/>\n\t<meta property=\"og:image:type\" content=\"image\/jpeg\" \/>\n<meta name=\"author\" content=\"Reda\u00e7\u00e3o\" \/>\n<meta name=\"twitter:card\" content=\"summary_large_image\" \/>\n<meta name=\"twitter:creator\" content=\"@Notibras\" \/>\n<meta name=\"twitter:site\" content=\"@Notibras\" \/>\n<meta name=\"twitter:label1\" content=\"Escrito por\" \/>\n\t<meta name=\"twitter:data1\" content=\"Reda\u00e7\u00e3o\" \/>\n\t<meta name=\"twitter:label2\" content=\"Est. tempo de leitura\" \/>\n\t<meta name=\"twitter:data2\" content=\"1 minuto\" \/>\n<script type=\"application\/ld+json\" class=\"yoast-schema-graph\">{\"@context\":\"https:\/\/schema.org\",\"@graph\":[{\"@type\":\"Article\",\"@id\":\"https:\/\/www.notibras.com\/site\/lula-promete-levar-diploma-de-inocente-a-deus\/#article\",\"isPartOf\":{\"@id\":\"https:\/\/www.notibras.com\/site\/lula-promete-levar-diploma-de-inocente-a-deus\/\"},\"author\":{\"name\":\"Reda\u00e7\u00e3o\",\"@id\":\"https:\/\/www.notibras.com\/site\/#\/schema\/person\/36ab0979449956132d3e5b517ea76ac8\"},\"headline\":\"Lula promete levar diploma de inocente a Deus\",\"datePublished\":\"2019-03-02T16:11:53+00:00\",\"dateModified\":\"2019-03-02T18:22:42+00:00\",\"mainEntityOfPage\":{\"@id\":\"https:\/\/www.notibras.com\/site\/lula-promete-levar-diploma-de-inocente-a-deus\/\"},\"wordCount\":246,\"publisher\":{\"@id\":\"https:\/\/www.notibras.com\/site\/#organization\"},\"image\":{\"@id\":\"https:\/\/www.notibras.com\/site\/lula-promete-levar-diploma-de-inocente-a-deus\/#primaryimage\"},\"thumbnailUrl\":\"https:\/\/www.notibras.com\/site\/wp-content\/uploads\/2019\/03\/lula-deixa-velorio-neto-3.jpg\",\"keywords\":[\"capa\"],\"articleSection\":[\"Brasil\"],\"inLanguage\":\"pt-BR\"},{\"@type\":\"WebPage\",\"@id\":\"https:\/\/www.notibras.com\/site\/lula-promete-levar-diploma-de-inocente-a-deus\/\",\"url\":\"https:\/\/www.notibras.com\/site\/lula-promete-levar-diploma-de-inocente-a-deus\/\",\"name\":\"Lula promete levar diploma de inocente a Deus - Notibras\",\"isPartOf\":{\"@id\":\"https:\/\/www.notibras.com\/site\/#website\"},\"primaryImageOfPage\":{\"@id\":\"https:\/\/www.notibras.com\/site\/lula-promete-levar-diploma-de-inocente-a-deus\/#primaryimage\"},\"image\":{\"@id\":\"https:\/\/www.notibras.com\/site\/lula-promete-levar-diploma-de-inocente-a-deus\/#primaryimage\"},\"thumbnailUrl\":\"https:\/\/www.notibras.com\/site\/wp-content\/uploads\/2019\/03\/lula-deixa-velorio-neto-3.jpg\",\"datePublished\":\"2019-03-02T16:11:53+00:00\",\"dateModified\":\"2019-03-02T18:22:42+00:00\",\"breadcrumb\":{\"@id\":\"https:\/\/www.notibras.com\/site\/lula-promete-levar-diploma-de-inocente-a-deus\/#breadcrumb\"},\"inLanguage\":\"pt-BR\",\"potentialAction\":[{\"@type\":\"ReadAction\",\"target\":[\"https:\/\/www.notibras.com\/site\/lula-promete-levar-diploma-de-inocente-a-deus\/\"]}]},{\"@type\":\"ImageObject\",\"inLanguage\":\"pt-BR\",\"@id\":\"https:\/\/www.notibras.com\/site\/lula-promete-levar-diploma-de-inocente-a-deus\/#primaryimage\",\"url\":\"https:\/\/www.notibras.com\/site\/wp-content\/uploads\/2019\/03\/lula-deixa-velorio-neto-3.jpg\",\"contentUrl\":\"https:\/\/www.notibras.com\/site\/wp-content\/uploads\/2019\/03\/lula-deixa-velorio-neto-3.jpg\",\"width\":1600,\"height\":1067,\"caption\":\"Foto: Ricardo Galhardo\/Estad\u00e3oConte\u00fado\"},{\"@type\":\"BreadcrumbList\",\"@id\":\"https:\/\/www.notibras.com\/site\/lula-promete-levar-diploma-de-inocente-a-deus\/#breadcrumb\",\"itemListElement\":[{\"@type\":\"ListItem\",\"position\":1,\"name\":\"In\u00edcio\",\"item\":\"https:\/\/www.notibras.com\/site\/\"},{\"@type\":\"ListItem\",\"position\":2,\"name\":\"Lula promete levar diploma de inocente a Deus\"}]},{\"@type\":\"WebSite\",\"@id\":\"https:\/\/www.notibras.com\/site\/#website\",\"url\":\"https:\/\/www.notibras.com\/site\/\",\"name\":\"Notibras\",\"description\":\"Not\u00edcias de Bras\u00edlia, do Brasil e do Mundo\",\"publisher\":{\"@id\":\"https:\/\/www.notibras.com\/site\/#organization\"},\"potentialAction\":[{\"@type\":\"SearchAction\",\"target\":{\"@type\":\"EntryPoint\",\"urlTemplate\":\"https:\/\/www.notibras.com\/site\/?s={search_term_string}\"},\"query-input\":{\"@type\":\"PropertyValueSpecification\",\"valueRequired\":true,\"valueName\":\"search_term_string\"}}],\"inLanguage\":\"pt-BR\"},{\"@type\":\"Organization\",\"@id\":\"https:\/\/www.notibras.com\/site\/#organization\",\"name\":\"Grupo Notibras de Comunica\u00e7\u00e3o\",\"url\":\"https:\/\/www.notibras.com\/site\/\",\"logo\":{\"@type\":\"ImageObject\",\"inLanguage\":\"pt-BR\",\"@id\":\"https:\/\/www.notibras.com\/site\/#\/schema\/logo\/image\/\",\"url\":\"https:\/\/www.notibras.com\/site\/wp-content\/uploads\/2023\/01\/notibras23.png\",\"contentUrl\":\"https:\/\/www.notibras.com\/site\/wp-content\/uploads\/2023\/01\/notibras23.png\",\"width\":350,\"height\":87,\"caption\":\"Grupo Notibras de Comunica\u00e7\u00e3o\"},\"image\":{\"@id\":\"https:\/\/www.notibras.com\/site\/#\/schema\/logo\/image\/\"},\"sameAs\":[\"https:\/\/www.facebook.com\/notibras\/\",\"https:\/\/x.com\/Notibras\",\"https:\/\/www.instagram.com\/notibras\/\"]},{\"@type\":\"Person\",\"@id\":\"https:\/\/www.notibras.com\/site\/#\/schema\/person\/36ab0979449956132d3e5b517ea76ac8\",\"name\":\"Reda\u00e7\u00e3o\",\"image\":{\"@type\":\"ImageObject\",\"inLanguage\":\"pt-BR\",\"@id\":\"https:\/\/secure.gravatar.com\/avatar\/e0a867bdedb85fd243eadf09663511f96fc81e0720a4a42581f334ad4303aa6b?s=96&d=mm&r=g\",\"url\":\"https:\/\/secure.gravatar.com\/avatar\/e0a867bdedb85fd243eadf09663511f96fc81e0720a4a42581f334ad4303aa6b?s=96&d=mm&r=g\",\"contentUrl\":\"https:\/\/secure.gravatar.com\/avatar\/e0a867bdedb85fd243eadf09663511f96fc81e0720a4a42581f334ad4303aa6b?s=96&d=mm&r=g\",\"caption\":\"Reda\u00e7\u00e3o\"}}]}<\/script>\n<!-- \/ Yoast SEO plugin. -->","yoast_head_json":{"title":"Lula promete levar diploma de inocente a Deus - Notibras","robots":{"index":"index","follow":"follow","max-snippet":"max-snippet:-1","max-image-preview":"max-image-preview:large","max-video-preview":"max-video-preview:-1"},"canonical":"https:\/\/www.notibras.com\/site\/lula-promete-levar-diploma-de-inocente-a-deus\/","og_locale":"pt_BR","og_type":"article","og_title":"Lula promete levar diploma de inocente a Deus - Notibras","og_description":"No vel\u00f3rio do neto Arthur, neste s\u00e1bado de carnaval, em S\u00e3o Bernardo do Campo, o ex-presidente Luiz In\u00e1cio Lula da Silva prometeu &#8216;entrar no C\u00e9u com o diploma de inocente&#8217;, para &#8216;entreg\u00e1-lo nas m\u00e3os de Deus&#8217;, segundo relato feito por Jo\u00e3o Pedro St\u00e9dile, um dos fundadores do Movimento dos Sem-Terra, presente \u00e0 cerim\u00f4nia. Em breve [&hellip;]","og_url":"https:\/\/www.notibras.com\/site\/lula-promete-levar-diploma-de-inocente-a-deus\/","og_site_name":"Notibras","article_publisher":"https:\/\/www.facebook.com\/notibras\/","article_published_time":"2019-03-02T16:11:53+00:00","article_modified_time":"2019-03-02T18:22:42+00:00","og_image":[{"width":1600,"height":1067,"url":"https:\/\/www.notibras.com\/site\/wp-content\/uploads\/2019\/03\/lula-deixa-velorio-neto-3.jpg","type":"image\/jpeg"}],"author":"Reda\u00e7\u00e3o","twitter_card":"summary_large_image","twitter_creator":"@Notibras","twitter_site":"@Notibras","twitter_misc":{"Escrito por":"Reda\u00e7\u00e3o","Est. tempo de leitura":"1 minuto"},"schema":{"@context":"https:\/\/schema.org","@graph":[{"@type":"Article","@id":"https:\/\/www.notibras.com\/site\/lula-promete-levar-diploma-de-inocente-a-deus\/#article","isPartOf":{"@id":"https:\/\/www.notibras.com\/site\/lula-promete-levar-diploma-de-inocente-a-deus\/"},"author":{"name":"Reda\u00e7\u00e3o","@id":"https:\/\/www.notibras.com\/site\/#\/schema\/person\/36ab0979449956132d3e5b517ea76ac8"},"headline":"Lula promete levar diploma de inocente a Deus","datePublished":"2019-03-02T16:11:53+00:00","dateModified":"2019-03-02T18:22:42+00:00","mainEntityOfPage":{"@id":"https:\/\/www.notibras.com\/site\/lula-promete-levar-diploma-de-inocente-a-deus\/"},"wordCount":246,"publisher":{"@id":"https:\/\/www.notibras.com\/site\/#organization"},"image":{"@id":"https:\/\/www.notibras.com\/site\/lula-promete-levar-diploma-de-inocente-a-deus\/#primaryimage"},"thumbnailUrl":"https:\/\/www.notibras.com\/site\/wp-content\/uploads\/2019\/03\/lula-deixa-velorio-neto-3.jpg","keywords":["capa"],"articleSection":["Brasil"],"inLanguage":"pt-BR"},{"@type":"WebPage","@id":"https:\/\/www.notibras.com\/site\/lula-promete-levar-diploma-de-inocente-a-deus\/","url":"https:\/\/www.notibras.com\/site\/lula-promete-levar-diploma-de-inocente-a-deus\/","name":"Lula promete levar diploma de inocente a Deus - Notibras","isPartOf":{"@id":"https:\/\/www.notibras.com\/site\/#website"},"primaryImageOfPage":{"@id":"https:\/\/www.notibras.com\/site\/lula-promete-levar-diploma-de-inocente-a-deus\/#primaryimage"},"image":{"@id":"https:\/\/www.notibras.com\/site\/lula-promete-levar-diploma-de-inocente-a-deus\/#primaryimage"},"thumbnailUrl":"https:\/\/www.notibras.com\/site\/wp-content\/uploads\/2019\/03\/lula-deixa-velorio-neto-3.jpg","datePublished":"2019-03-02T16:11:53+00:00","dateModified":"2019-03-02T18:22:42+00:00","breadcrumb":{"@id":"https:\/\/www.notibras.com\/site\/lula-promete-levar-diploma-de-inocente-a-deus\/#breadcrumb"},"inLanguage":"pt-BR","potentialAction":[{"@type":"ReadAction","target":["https:\/\/www.notibras.com\/site\/lula-promete-levar-diploma-de-inocente-a-deus\/"]}]},{"@type":"ImageObject","inLanguage":"pt-BR","@id":"https:\/\/www.notibras.com\/site\/lula-promete-levar-diploma-de-inocente-a-deus\/#primaryimage","url":"https:\/\/www.notibras.com\/site\/wp-content\/uploads\/2019\/03\/lula-deixa-velorio-neto-3.jpg","contentUrl":"https:\/\/www.notibras.com\/site\/wp-content\/uploads\/2019\/03\/lula-deixa-velorio-neto-3.jpg","width":1600,"height":1067,"caption":"Foto: Ricardo Galhardo\/Estad\u00e3oConte\u00fado"},{"@type":"BreadcrumbList","@id":"https:\/\/www.notibras.com\/site\/lula-promete-levar-diploma-de-inocente-a-deus\/#breadcrumb","itemListElement":[{"@type":"ListItem","position":1,"name":"In\u00edcio","item":"https:\/\/www.notibras.com\/site\/"},{"@type":"ListItem","position":2,"name":"Lula promete levar diploma de inocente a Deus"}]},{"@type":"WebSite","@id":"https:\/\/www.notibras.com\/site\/#website","url":"https:\/\/www.notibras.com\/site\/","name":"Notibras","description":"Not\u00edcias de Bras\u00edlia, do Brasil e do Mundo","publisher":{"@id":"https:\/\/www.notibras.com\/site\/#organization"},"potentialAction":[{"@type":"SearchAction","target":{"@type":"EntryPoint","urlTemplate":"https:\/\/www.notibras.com\/site\/?s={search_term_string}"},"query-input":{"@type":"PropertyValueSpecification","valueRequired":true,"valueName":"search_term_string"}}],"inLanguage":"pt-BR"},{"@type":"Organization","@id":"https:\/\/www.notibras.com\/site\/#organization","name":"Grupo Notibras de Comunica\u00e7\u00e3o","url":"https:\/\/www.notibras.com\/site\/","logo":{"@type":"ImageObject","inLanguage":"pt-BR","@id":"https:\/\/www.notibras.com\/site\/#\/schema\/logo\/image\/","url":"https:\/\/www.notibras.com\/site\/wp-content\/uploads\/2023\/01\/notibras23.png","contentUrl":"https:\/\/www.notibras.com\/site\/wp-content\/uploads\/2023\/01\/notibras23.png","width":350,"height":87,"caption":"Grupo Notibras de Comunica\u00e7\u00e3o"},"image":{"@id":"https:\/\/www.notibras.com\/site\/#\/schema\/logo\/image\/"},"sameAs":["https:\/\/www.facebook.com\/notibras\/","https:\/\/x.com\/Notibras","https:\/\/www.instagram.com\/notibras\/"]},{"@type":"Person","@id":"https:\/\/www.notibras.com\/site\/#\/schema\/person\/36ab0979449956132d3e5b517ea76ac8","name":"Reda\u00e7\u00e3o","image":{"@type":"ImageObject","inLanguage":"pt-BR","@id":"https:\/\/secure.gravatar.com\/avatar\/e0a867bdedb85fd243eadf09663511f96fc81e0720a4a42581f334ad4303aa6b?s=96&d=mm&r=g","url":"https:\/\/secure.gravatar.com\/avatar\/e0a867bdedb85fd243eadf09663511f96fc81e0720a4a42581f334ad4303aa6b?s=96&d=mm&r=g","contentUrl":"https:\/\/secure.gravatar.com\/avatar\/e0a867bdedb85fd243eadf09663511f96fc81e0720a4a42581f334ad4303aa6b?s=96&d=mm&r=g","caption":"Reda\u00e7\u00e3o"}}]}},"amp_enabled":true,"_links":{"self":[{"href":"https:\/\/www.notibras.com\/site\/wp-json\/wp\/v2\/posts\/203906","targetHints":{"allow":["GET"]}}],"collection":[{"href":"https:\/\/www.notibras.com\/site\/wp-json\/wp\/v2\/posts"}],"about":[{"href":"https:\/\/www.notibras.com\/site\/wp-json\/wp\/v2\/types\/post"}],"author":[{"embeddable":true,"href":"https:\/\/www.notibras.com\/site\/wp-json\/wp\/v2\/users\/2"}],"replies":[{"embeddable":true,"href":"https:\/\/www.notibras.com\/site\/wp-json\/wp\/v2\/comments?post=203906"}],"version-history":[{"count":4,"href":"https:\/\/www.notibras.com\/site\/wp-json\/wp\/v2\/posts\/203906\/revisions"}],"predecessor-version":[{"id":203911,"href":"https:\/\/www.notibras.com\/site\/wp-json\/wp\/v2\/posts\/203906\/revisions\/203911"}],"wp:featuredmedia":[{"embeddable":true,"href":"https:\/\/www.notibras.com\/site\/wp-json\/wp\/v2\/media\/203907"}],"wp:attachment":[{"href":"https:\/\/www.notibras.com\/site\/wp-json\/wp\/v2\/media?parent=203906"}],"wp:term":[{"taxonomy":"category","embeddable":true,"href":"https:\/\/www.notibras.com\/site\/wp-json\/wp\/v2\/categories?post=203906"},{"taxonomy":"post_tag","embeddable":true,"href":"https:\/\/www.notibras.com\/site\/wp-json\/wp\/v2\/tags?post=203906"}],"curies":[{"name":"wp","href":"https:\/\/api.w.org\/{rel}","templated":true}]}}