{"id":20398,"date":"2014-08-22T07:44:07","date_gmt":"2014-08-22T10:44:07","guid":{"rendered":"http:\/\/www.notibras.com\/site\/?p=20398"},"modified":"2014-08-22T08:46:14","modified_gmt":"2014-08-22T11:46:14","slug":"rosberg-nega-dominio-da-mercedes-e-ve-todo-mundo-colado","status":"publish","type":"post","link":"https:\/\/www.notibras.com\/site\/rosberg-nega-dominio-da-mercedes-e-ve-todo-mundo-colado\/","title":{"rendered":"Rosberg nega dom\u00ednio da Mercedes e v\u00ea todo mundo colado"},"content":{"rendered":"<p>Atual l\u00edder do Mundial de Pilotos, Nico Rosberg segue\u00a0se preparando para disputar o Grande Pr\u00eamio da B\u00e9lgica de F\u00f3rmula 1,\u00a0neste final de semana, e reconheceu que j\u00e1 n\u00e3o h\u00e1 mais tanta diferen\u00e7a entre os carros da Mercedes em rela\u00e7\u00e3o \u00e0s outras equipes do grid, como havia no in\u00edcio da temporada.<\/p>\n<blockquote>\n<p class=\"text\">&#8220;Tivemos um grande come\u00e7o, com v\u00e1rios bons resultados, mas as outras equipes n\u00e3o est\u00e3o muito longe de n\u00f3s. E, na F\u00f3rmula 1, voc\u00ea n\u00e3o pode se acomodar com nenhuma vantagem. A \u00faltima etapa deixou isso bem claro. Tenho certeza de que tanto eu, quanto a equipe, n\u00e3o vamos economizar esfor\u00e7os para seguir melhorando&#8221;, declarou o alem\u00e3o, negando o favoritismo da dupla da Mercedes.<\/p>\n<\/blockquote>\n<p class=\"text\">Nas primeiras seis corridas do ano, a lideran\u00e7a nas provas alternou entre Nico Rosberg e Lewis Hamilton, com duas vit\u00f3rias do alem\u00e3o contra quatro do ingl\u00eas. A s\u00e9rie foi interrompida no Canad\u00e1, com a surpreendente vit\u00f3ria de Daniel Ricciardo, da Red Bull.<\/p>\n<p class=\"text\">Depois disso, a dupla da Mercedes emplacou mais tr\u00eas conquistas &#8211; duas de Rosberg e uma de Hamilton.<\/p>\n<p class=\"text\">No \u00faltimo Grande Pr\u00eamio,\u00a0realizado na Hungria, contudo, o australiano Ricciardo voltou a vencer, deixando Hamilton em terceiro e Rosberg em quarto. Alonso, da Ferrari, ficou com o segundo lugar.<\/p>\n","protected":false},"excerpt":{"rendered":"<p>Atual l\u00edder do Mundial de Pilotos, Nico Rosberg segue\u00a0se preparando para disputar o Grande Pr\u00eamio da B\u00e9lgica de F\u00f3rmula 1,\u00a0neste final de semana, e reconheceu que j\u00e1 n\u00e3o h\u00e1 mais tanta diferen\u00e7a entre os carros da Mercedes em rela\u00e7\u00e3o \u00e0s outras equipes do grid, como havia no in\u00edcio da temporada. &#8220;Tivemos um grande come\u00e7o, com [&hellip;]<\/p>\n","protected":false},"author":2,"featured_media":20399,"comment_status":"open","ping_status":"closed","sticky":false,"template":"","format":"standard","meta":{"_acf_changed":false,"footnotes":""},"categories":[27,19],"tags":[],"class_list":["post-20398","post","type-post","status-publish","format-standard","has-post-thumbnail","hentry","category-automobilismo","category-esportes"],"acf":[],"yoast_head":"<!-- This site is optimized with the Yoast SEO plugin v27.2 - https:\/\/yoast.com\/product\/yoast-seo-wordpress\/ -->\n<title>Rosberg nega dom\u00ednio da Mercedes e v\u00ea todo mundo colado - Notibras<\/title>\n<meta name=\"robots\" content=\"index, follow, max-snippet:-1, max-image-preview:large, max-video-preview:-1\" \/>\n<link rel=\"canonical\" href=\"https:\/\/www.notibras.com\/site\/rosberg-nega-dominio-da-mercedes-e-ve-todo-mundo-colado\/\" \/>\n<meta property=\"og:locale\" content=\"pt_BR\" \/>\n<meta property=\"og:type\" content=\"article\" \/>\n<meta property=\"og:title\" content=\"Rosberg nega dom\u00ednio da Mercedes e v\u00ea todo mundo colado - Notibras\" \/>\n<meta property=\"og:description\" content=\"Atual l\u00edder do Mundial de Pilotos, Nico Rosberg segue\u00a0se preparando para disputar o Grande Pr\u00eamio da B\u00e9lgica de F\u00f3rmula 1,\u00a0neste final de semana, e reconheceu que j\u00e1 n\u00e3o h\u00e1 mais tanta diferen\u00e7a entre os carros da Mercedes em rela\u00e7\u00e3o \u00e0s outras equipes do grid, como havia no in\u00edcio da temporada. &#8220;Tivemos um grande come\u00e7o, com [&hellip;]\" \/>\n<meta property=\"og:url\" content=\"https:\/\/www.notibras.com\/site\/rosberg-nega-dominio-da-mercedes-e-ve-todo-mundo-colado\/\" \/>\n<meta property=\"og:site_name\" content=\"Notibras\" \/>\n<meta property=\"article:publisher\" content=\"https:\/\/www.facebook.com\/notibras\/\" \/>\n<meta property=\"article:published_time\" content=\"2014-08-22T10:44:07+00:00\" \/>\n<meta property=\"article:modified_time\" content=\"2014-08-22T11:46:14+00:00\" \/>\n<meta property=\"og:image\" content=\"https:\/\/www.notibras.com\/site\/wp-content\/uploads\/2014\/08\/rosbergbelgicart.jpg\" \/>\n\t<meta property=\"og:image:width\" content=\"920\" \/>\n\t<meta property=\"og:image:height\" content=\"539\" \/>\n\t<meta property=\"og:image:type\" content=\"image\/jpeg\" \/>\n<meta name=\"author\" content=\"Reda\u00e7\u00e3o\" \/>\n<meta name=\"twitter:card\" content=\"summary_large_image\" \/>\n<meta name=\"twitter:creator\" content=\"@Notibras\" \/>\n<meta name=\"twitter:site\" content=\"@Notibras\" \/>\n<meta name=\"twitter:label1\" content=\"Escrito por\" \/>\n\t<meta name=\"twitter:data1\" content=\"Reda\u00e7\u00e3o\" \/>\n\t<meta name=\"twitter:label2\" content=\"Est. tempo de leitura\" \/>\n\t<meta name=\"twitter:data2\" content=\"1 minuto\" \/>\n<script type=\"application\/ld+json\" class=\"yoast-schema-graph\">{\"@context\":\"https:\/\/schema.org\",\"@graph\":[{\"@type\":\"Article\",\"@id\":\"https:\/\/www.notibras.com\/site\/rosberg-nega-dominio-da-mercedes-e-ve-todo-mundo-colado\/#article\",\"isPartOf\":{\"@id\":\"https:\/\/www.notibras.com\/site\/rosberg-nega-dominio-da-mercedes-e-ve-todo-mundo-colado\/\"},\"author\":{\"name\":\"Reda\u00e7\u00e3o\",\"@id\":\"https:\/\/www.notibras.com\/site\/#\/schema\/person\/36ab0979449956132d3e5b517ea76ac8\"},\"headline\":\"Rosberg nega dom\u00ednio da Mercedes e v\u00ea todo mundo colado\",\"datePublished\":\"2014-08-22T10:44:07+00:00\",\"dateModified\":\"2014-08-22T11:46:14+00:00\",\"mainEntityOfPage\":{\"@id\":\"https:\/\/www.notibras.com\/site\/rosberg-nega-dominio-da-mercedes-e-ve-todo-mundo-colado\/\"},\"wordCount\":240,\"commentCount\":0,\"publisher\":{\"@id\":\"https:\/\/www.notibras.com\/site\/#organization\"},\"image\":{\"@id\":\"https:\/\/www.notibras.com\/site\/rosberg-nega-dominio-da-mercedes-e-ve-todo-mundo-colado\/#primaryimage\"},\"thumbnailUrl\":\"https:\/\/www.notibras.com\/site\/wp-content\/uploads\/2014\/08\/rosbergbelgicart.jpg\",\"articleSection\":[\"Automobilismo\",\"Esportes\"],\"inLanguage\":\"pt-BR\",\"potentialAction\":[{\"@type\":\"CommentAction\",\"name\":\"Comment\",\"target\":[\"https:\/\/www.notibras.com\/site\/rosberg-nega-dominio-da-mercedes-e-ve-todo-mundo-colado\/#respond\"]}]},{\"@type\":\"WebPage\",\"@id\":\"https:\/\/www.notibras.com\/site\/rosberg-nega-dominio-da-mercedes-e-ve-todo-mundo-colado\/\",\"url\":\"https:\/\/www.notibras.com\/site\/rosberg-nega-dominio-da-mercedes-e-ve-todo-mundo-colado\/\",\"name\":\"Rosberg nega dom\u00ednio da Mercedes e v\u00ea todo mundo colado - Notibras\",\"isPartOf\":{\"@id\":\"https:\/\/www.notibras.com\/site\/#website\"},\"primaryImageOfPage\":{\"@id\":\"https:\/\/www.notibras.com\/site\/rosberg-nega-dominio-da-mercedes-e-ve-todo-mundo-colado\/#primaryimage\"},\"image\":{\"@id\":\"https:\/\/www.notibras.com\/site\/rosberg-nega-dominio-da-mercedes-e-ve-todo-mundo-colado\/#primaryimage\"},\"thumbnailUrl\":\"https:\/\/www.notibras.com\/site\/wp-content\/uploads\/2014\/08\/rosbergbelgicart.jpg\",\"datePublished\":\"2014-08-22T10:44:07+00:00\",\"dateModified\":\"2014-08-22T11:46:14+00:00\",\"breadcrumb\":{\"@id\":\"https:\/\/www.notibras.com\/site\/rosberg-nega-dominio-da-mercedes-e-ve-todo-mundo-colado\/#breadcrumb\"},\"inLanguage\":\"pt-BR\",\"potentialAction\":[{\"@type\":\"ReadAction\",\"target\":[\"https:\/\/www.notibras.com\/site\/rosberg-nega-dominio-da-mercedes-e-ve-todo-mundo-colado\/\"]}]},{\"@type\":\"ImageObject\",\"inLanguage\":\"pt-BR\",\"@id\":\"https:\/\/www.notibras.com\/site\/rosberg-nega-dominio-da-mercedes-e-ve-todo-mundo-colado\/#primaryimage\",\"url\":\"https:\/\/www.notibras.com\/site\/wp-content\/uploads\/2014\/08\/rosbergbelgicart.jpg\",\"contentUrl\":\"https:\/\/www.notibras.com\/site\/wp-content\/uploads\/2014\/08\/rosbergbelgicart.jpg\",\"width\":920,\"height\":539},{\"@type\":\"BreadcrumbList\",\"@id\":\"https:\/\/www.notibras.com\/site\/rosberg-nega-dominio-da-mercedes-e-ve-todo-mundo-colado\/#breadcrumb\",\"itemListElement\":[{\"@type\":\"ListItem\",\"position\":1,\"name\":\"In\u00edcio\",\"item\":\"https:\/\/www.notibras.com\/site\/\"},{\"@type\":\"ListItem\",\"position\":2,\"name\":\"Rosberg nega dom\u00ednio da Mercedes e v\u00ea todo mundo colado\"}]},{\"@type\":\"WebSite\",\"@id\":\"https:\/\/www.notibras.com\/site\/#website\",\"url\":\"https:\/\/www.notibras.com\/site\/\",\"name\":\"Notibras\",\"description\":\"Not\u00edcias de Bras\u00edlia, do Brasil e do Mundo\",\"publisher\":{\"@id\":\"https:\/\/www.notibras.com\/site\/#organization\"},\"potentialAction\":[{\"@type\":\"SearchAction\",\"target\":{\"@type\":\"EntryPoint\",\"urlTemplate\":\"https:\/\/www.notibras.com\/site\/?s={search_term_string}\"},\"query-input\":{\"@type\":\"PropertyValueSpecification\",\"valueRequired\":true,\"valueName\":\"search_term_string\"}}],\"inLanguage\":\"pt-BR\"},{\"@type\":\"Organization\",\"@id\":\"https:\/\/www.notibras.com\/site\/#organization\",\"name\":\"Grupo Notibras de Comunica\u00e7\u00e3o\",\"url\":\"https:\/\/www.notibras.com\/site\/\",\"logo\":{\"@type\":\"ImageObject\",\"inLanguage\":\"pt-BR\",\"@id\":\"https:\/\/www.notibras.com\/site\/#\/schema\/logo\/image\/\",\"url\":\"https:\/\/www.notibras.com\/site\/wp-content\/uploads\/2023\/01\/notibras23.png\",\"contentUrl\":\"https:\/\/www.notibras.com\/site\/wp-content\/uploads\/2023\/01\/notibras23.png\",\"width\":350,\"height\":87,\"caption\":\"Grupo Notibras de Comunica\u00e7\u00e3o\"},\"image\":{\"@id\":\"https:\/\/www.notibras.com\/site\/#\/schema\/logo\/image\/\"},\"sameAs\":[\"https:\/\/www.facebook.com\/notibras\/\",\"https:\/\/x.com\/Notibras\",\"https:\/\/www.instagram.com\/notibras\/\"]},{\"@type\":\"Person\",\"@id\":\"https:\/\/www.notibras.com\/site\/#\/schema\/person\/36ab0979449956132d3e5b517ea76ac8\",\"name\":\"Reda\u00e7\u00e3o\",\"image\":{\"@type\":\"ImageObject\",\"inLanguage\":\"pt-BR\",\"@id\":\"https:\/\/secure.gravatar.com\/avatar\/e0a867bdedb85fd243eadf09663511f96fc81e0720a4a42581f334ad4303aa6b?s=96&d=mm&r=g\",\"url\":\"https:\/\/secure.gravatar.com\/avatar\/e0a867bdedb85fd243eadf09663511f96fc81e0720a4a42581f334ad4303aa6b?s=96&d=mm&r=g\",\"contentUrl\":\"https:\/\/secure.gravatar.com\/avatar\/e0a867bdedb85fd243eadf09663511f96fc81e0720a4a42581f334ad4303aa6b?s=96&d=mm&r=g\",\"caption\":\"Reda\u00e7\u00e3o\"}}]}<\/script>\n<!-- \/ Yoast SEO plugin. -->","yoast_head_json":{"title":"Rosberg nega dom\u00ednio da Mercedes e v\u00ea todo mundo colado - Notibras","robots":{"index":"index","follow":"follow","max-snippet":"max-snippet:-1","max-image-preview":"max-image-preview:large","max-video-preview":"max-video-preview:-1"},"canonical":"https:\/\/www.notibras.com\/site\/rosberg-nega-dominio-da-mercedes-e-ve-todo-mundo-colado\/","og_locale":"pt_BR","og_type":"article","og_title":"Rosberg nega dom\u00ednio da Mercedes e v\u00ea todo mundo colado - Notibras","og_description":"Atual l\u00edder do Mundial de Pilotos, Nico Rosberg segue\u00a0se preparando para disputar o Grande Pr\u00eamio da B\u00e9lgica de F\u00f3rmula 1,\u00a0neste final de semana, e reconheceu que j\u00e1 n\u00e3o h\u00e1 mais tanta diferen\u00e7a entre os carros da Mercedes em rela\u00e7\u00e3o \u00e0s outras equipes do grid, como havia no in\u00edcio da temporada. &#8220;Tivemos um grande come\u00e7o, com [&hellip;]","og_url":"https:\/\/www.notibras.com\/site\/rosberg-nega-dominio-da-mercedes-e-ve-todo-mundo-colado\/","og_site_name":"Notibras","article_publisher":"https:\/\/www.facebook.com\/notibras\/","article_published_time":"2014-08-22T10:44:07+00:00","article_modified_time":"2014-08-22T11:46:14+00:00","og_image":[{"width":920,"height":539,"url":"https:\/\/www.notibras.com\/site\/wp-content\/uploads\/2014\/08\/rosbergbelgicart.jpg","type":"image\/jpeg"}],"author":"Reda\u00e7\u00e3o","twitter_card":"summary_large_image","twitter_creator":"@Notibras","twitter_site":"@Notibras","twitter_misc":{"Escrito por":"Reda\u00e7\u00e3o","Est. tempo de leitura":"1 minuto"},"schema":{"@context":"https:\/\/schema.org","@graph":[{"@type":"Article","@id":"https:\/\/www.notibras.com\/site\/rosberg-nega-dominio-da-mercedes-e-ve-todo-mundo-colado\/#article","isPartOf":{"@id":"https:\/\/www.notibras.com\/site\/rosberg-nega-dominio-da-mercedes-e-ve-todo-mundo-colado\/"},"author":{"name":"Reda\u00e7\u00e3o","@id":"https:\/\/www.notibras.com\/site\/#\/schema\/person\/36ab0979449956132d3e5b517ea76ac8"},"headline":"Rosberg nega dom\u00ednio da Mercedes e v\u00ea todo mundo colado","datePublished":"2014-08-22T10:44:07+00:00","dateModified":"2014-08-22T11:46:14+00:00","mainEntityOfPage":{"@id":"https:\/\/www.notibras.com\/site\/rosberg-nega-dominio-da-mercedes-e-ve-todo-mundo-colado\/"},"wordCount":240,"commentCount":0,"publisher":{"@id":"https:\/\/www.notibras.com\/site\/#organization"},"image":{"@id":"https:\/\/www.notibras.com\/site\/rosberg-nega-dominio-da-mercedes-e-ve-todo-mundo-colado\/#primaryimage"},"thumbnailUrl":"https:\/\/www.notibras.com\/site\/wp-content\/uploads\/2014\/08\/rosbergbelgicart.jpg","articleSection":["Automobilismo","Esportes"],"inLanguage":"pt-BR","potentialAction":[{"@type":"CommentAction","name":"Comment","target":["https:\/\/www.notibras.com\/site\/rosberg-nega-dominio-da-mercedes-e-ve-todo-mundo-colado\/#respond"]}]},{"@type":"WebPage","@id":"https:\/\/www.notibras.com\/site\/rosberg-nega-dominio-da-mercedes-e-ve-todo-mundo-colado\/","url":"https:\/\/www.notibras.com\/site\/rosberg-nega-dominio-da-mercedes-e-ve-todo-mundo-colado\/","name":"Rosberg nega dom\u00ednio da Mercedes e v\u00ea todo mundo colado - Notibras","isPartOf":{"@id":"https:\/\/www.notibras.com\/site\/#website"},"primaryImageOfPage":{"@id":"https:\/\/www.notibras.com\/site\/rosberg-nega-dominio-da-mercedes-e-ve-todo-mundo-colado\/#primaryimage"},"image":{"@id":"https:\/\/www.notibras.com\/site\/rosberg-nega-dominio-da-mercedes-e-ve-todo-mundo-colado\/#primaryimage"},"thumbnailUrl":"https:\/\/www.notibras.com\/site\/wp-content\/uploads\/2014\/08\/rosbergbelgicart.jpg","datePublished":"2014-08-22T10:44:07+00:00","dateModified":"2014-08-22T11:46:14+00:00","breadcrumb":{"@id":"https:\/\/www.notibras.com\/site\/rosberg-nega-dominio-da-mercedes-e-ve-todo-mundo-colado\/#breadcrumb"},"inLanguage":"pt-BR","potentialAction":[{"@type":"ReadAction","target":["https:\/\/www.notibras.com\/site\/rosberg-nega-dominio-da-mercedes-e-ve-todo-mundo-colado\/"]}]},{"@type":"ImageObject","inLanguage":"pt-BR","@id":"https:\/\/www.notibras.com\/site\/rosberg-nega-dominio-da-mercedes-e-ve-todo-mundo-colado\/#primaryimage","url":"https:\/\/www.notibras.com\/site\/wp-content\/uploads\/2014\/08\/rosbergbelgicart.jpg","contentUrl":"https:\/\/www.notibras.com\/site\/wp-content\/uploads\/2014\/08\/rosbergbelgicart.jpg","width":920,"height":539},{"@type":"BreadcrumbList","@id":"https:\/\/www.notibras.com\/site\/rosberg-nega-dominio-da-mercedes-e-ve-todo-mundo-colado\/#breadcrumb","itemListElement":[{"@type":"ListItem","position":1,"name":"In\u00edcio","item":"https:\/\/www.notibras.com\/site\/"},{"@type":"ListItem","position":2,"name":"Rosberg nega dom\u00ednio da Mercedes e v\u00ea todo mundo colado"}]},{"@type":"WebSite","@id":"https:\/\/www.notibras.com\/site\/#website","url":"https:\/\/www.notibras.com\/site\/","name":"Notibras","description":"Not\u00edcias de Bras\u00edlia, do Brasil e do Mundo","publisher":{"@id":"https:\/\/www.notibras.com\/site\/#organization"},"potentialAction":[{"@type":"SearchAction","target":{"@type":"EntryPoint","urlTemplate":"https:\/\/www.notibras.com\/site\/?s={search_term_string}"},"query-input":{"@type":"PropertyValueSpecification","valueRequired":true,"valueName":"search_term_string"}}],"inLanguage":"pt-BR"},{"@type":"Organization","@id":"https:\/\/www.notibras.com\/site\/#organization","name":"Grupo Notibras de Comunica\u00e7\u00e3o","url":"https:\/\/www.notibras.com\/site\/","logo":{"@type":"ImageObject","inLanguage":"pt-BR","@id":"https:\/\/www.notibras.com\/site\/#\/schema\/logo\/image\/","url":"https:\/\/www.notibras.com\/site\/wp-content\/uploads\/2023\/01\/notibras23.png","contentUrl":"https:\/\/www.notibras.com\/site\/wp-content\/uploads\/2023\/01\/notibras23.png","width":350,"height":87,"caption":"Grupo Notibras de Comunica\u00e7\u00e3o"},"image":{"@id":"https:\/\/www.notibras.com\/site\/#\/schema\/logo\/image\/"},"sameAs":["https:\/\/www.facebook.com\/notibras\/","https:\/\/x.com\/Notibras","https:\/\/www.instagram.com\/notibras\/"]},{"@type":"Person","@id":"https:\/\/www.notibras.com\/site\/#\/schema\/person\/36ab0979449956132d3e5b517ea76ac8","name":"Reda\u00e7\u00e3o","image":{"@type":"ImageObject","inLanguage":"pt-BR","@id":"https:\/\/secure.gravatar.com\/avatar\/e0a867bdedb85fd243eadf09663511f96fc81e0720a4a42581f334ad4303aa6b?s=96&d=mm&r=g","url":"https:\/\/secure.gravatar.com\/avatar\/e0a867bdedb85fd243eadf09663511f96fc81e0720a4a42581f334ad4303aa6b?s=96&d=mm&r=g","contentUrl":"https:\/\/secure.gravatar.com\/avatar\/e0a867bdedb85fd243eadf09663511f96fc81e0720a4a42581f334ad4303aa6b?s=96&d=mm&r=g","caption":"Reda\u00e7\u00e3o"}}]}},"amp_enabled":true,"_links":{"self":[{"href":"https:\/\/www.notibras.com\/site\/wp-json\/wp\/v2\/posts\/20398","targetHints":{"allow":["GET"]}}],"collection":[{"href":"https:\/\/www.notibras.com\/site\/wp-json\/wp\/v2\/posts"}],"about":[{"href":"https:\/\/www.notibras.com\/site\/wp-json\/wp\/v2\/types\/post"}],"author":[{"embeddable":true,"href":"https:\/\/www.notibras.com\/site\/wp-json\/wp\/v2\/users\/2"}],"replies":[{"embeddable":true,"href":"https:\/\/www.notibras.com\/site\/wp-json\/wp\/v2\/comments?post=20398"}],"version-history":[{"count":0,"href":"https:\/\/www.notibras.com\/site\/wp-json\/wp\/v2\/posts\/20398\/revisions"}],"wp:featuredmedia":[{"embeddable":true,"href":"https:\/\/www.notibras.com\/site\/wp-json\/wp\/v2\/media\/20399"}],"wp:attachment":[{"href":"https:\/\/www.notibras.com\/site\/wp-json\/wp\/v2\/media?parent=20398"}],"wp:term":[{"taxonomy":"category","embeddable":true,"href":"https:\/\/www.notibras.com\/site\/wp-json\/wp\/v2\/categories?post=20398"},{"taxonomy":"post_tag","embeddable":true,"href":"https:\/\/www.notibras.com\/site\/wp-json\/wp\/v2\/tags?post=20398"}],"curies":[{"name":"wp","href":"https:\/\/api.w.org\/{rel}","templated":true}]}}