{"id":203999,"date":"2019-03-03T23:00:31","date_gmt":"2019-03-04T02:00:31","guid":{"rendered":"https:\/\/www.notibras.com\/site\/?p=203999"},"modified":"2019-03-04T07:38:22","modified_gmt":"2019-03-04T10:38:22","slug":"bolsonaro-esvazia-orgaos-dominados-por-esquerdistas","status":"publish","type":"post","link":"https:\/\/www.notibras.com\/site\/bolsonaro-esvazia-orgaos-dominados-por-esquerdistas\/","title":{"rendered":"Bolsonaro esvazia \u00f3rg\u00e3os dominados pela esquerda"},"content":{"rendered":"<p>Ao menos 11 conselhos, comiss\u00f5es e outros colegiados de participa\u00e7\u00e3o da sociedade civil no Executivo federal est\u00e3o paralisados, tiveram regras alteradas ou foram extintos no governo Jair Bolsonaro. Os casos est\u00e3o vinculados aos minist\u00e9rios da Agricultura, Cidadania, e da Mulher.<\/p>\n<p>As pastas afirmam que est\u00e3o analisando a nomea\u00e7\u00e3o e recondu\u00e7\u00e3o de integrantes ou reavaliando o funcionamento dos colegiados. Em ao menos seis conselhos e comit\u00eas ligados ao minist\u00e9rio comandado por Damares Alves h\u00e1 atrasos em nomea\u00e7\u00f5es e posse de representantes.<\/p>\n<p>O governo tratou dos colegiados j\u00e1 na publica\u00e7\u00e3o da primeira medida provis\u00f3ria do ano, que excluiu da sua estrutura o Conselho Nacional de Seguran\u00e7a Alimentar e Nutricional (Consea) e o Conselho de Desenvolvimento Econ\u00f4mico e Social, o chamado Conselh\u00e3o.<\/p>\n<p>Atualmente existem na esfera federal cerca de 40 conselhos e outros mecanismos de participa\u00e7\u00e3o. A maioria foi criada na d\u00e9cada de 1990, depois da promulga\u00e7\u00e3o da Constitui\u00e7\u00e3o de 1988. Os mais antigos, como o da Sa\u00fade, existem desde a d\u00e9cada de 1930.<\/p>\n<p>Os colegiados permitem que representantes da sociedade civil possam monitorar e deliberar pol\u00edticas p\u00fablicas em \u00e1reas como seguran\u00e7a alimentar, produ\u00e7\u00e3o de alimentos org\u00e2nicos, combate \u00e0 tortura, pessoas idosas ou com defici\u00eancia, diversidade religiosa e pol\u00edtica indigenista, entre outros temas.<\/p>\n<p>Alguns t\u00eam poder de editar normas com for\u00e7a de lei, a exemplo do Conselho Nacional de Meio Ambiente. Outros colegiados s\u00e3o inst\u00e2ncias consultivas.<\/p>\n<p>Integrantes do Comit\u00ea Nacional de Preven\u00e7\u00e3o e Combate \u00e0 Tortura foram eleitos no final do ano passado, mas os representantes ainda n\u00e3o foram formalmente nomeados pelo governo \u2013 procedimento indispens\u00e1vel para a retomada dos trabalhos.<\/p>\n<p>Segundo um membro do comit\u00ea, a situa\u00e7\u00e3o atrasou inspe\u00e7\u00f5es em pres\u00eddios e a entrega de um relat\u00f3rio sobre condi\u00e7\u00f5es de hospitais psiqui\u00e1tricos no Pa\u00eds, que estava em fase de finaliza\u00e7\u00e3o pela equipe de peritos. \u201cEstamos vivendo um momento de descontinuidade\u201d, disse o presidente do comit\u00ea, Jos\u00e9 de Ribamar Silva.<\/p>\n<p>Al\u00e9m disso, outros cinco \u00f3rg\u00e3os ligados \u00e0 pasta comandada por Damares Alves tamb\u00e9m est\u00e3o paralisados. Em nota publicada h\u00e1 cerca de duas semanas, o minist\u00e9rio enumerou conselhos, comit\u00eas e comiss\u00f5es vinculados \u00e0 estrutura da pasta. N\u00e3o s\u00e3o mencionados o Conselho Nacional de Pol\u00edtica Indigenista e o Comit\u00ea da Anistia, que est\u00e3o oficialmente sob responsabilidade da pasta de Damares de acordo com a medida provis\u00f3ria que estabeleceu a estrutura da atual administra\u00e7\u00e3o federal.<\/p>\n<p>Na medida provis\u00f3ria que definiu a nova estrutura de governo, o Conselho Nacional de Economia Solid\u00e1ria (CNES) teve a representatividade da sociedade reduzida. O colegiado passou a ter representa\u00e7\u00e3o \u201ctripartite\u201d, com o mesmo n\u00famero de representantes do governo, de trabalhadores e de empregadores.<\/p>\n<p>Setores do governo avaliam que os conselhos aumentam a burocracia na m\u00e1quina p\u00fablica e s\u00e3o aparelhados por grupos de esquerda. Em uma reuni\u00e3o entre a Confedera\u00e7\u00e3o Nacional de Trabalhadores na Agricultura Familiar e representantes do Minist\u00e9rio da Agricultura, no fim de janeiro, produtores rurais ouviram da ministra Tereza Cristina que h\u00e1 \u201cconselhos demais\u201d na avalia\u00e7\u00e3o do governo.<\/p>\n<p>O governo indicou \u00e0s lideran\u00e7as do setor que as inst\u00e2ncias devem sofrer reestrutura\u00e7\u00f5es e ter menos representatividade. Segundo o secret\u00e1rio nacional de Agricultura Familiar, Fernando Schwanke, o minist\u00e9rio est\u00e1 reavaliando a funcionalidade dos conselhos. \u201cPrecisamos dar celeridade e desburocratizar processos. Os processos que passam pelos conselhos \u00e0s vezes demoram muito tempo para serem avaliados\u201d, disse ele.<\/p>\n<p>O Minist\u00e9rio da Mulher, da Fam\u00edlia e dos Direitos Humanos afirmou que os processos de nomea\u00e7\u00e3o e recondu\u00e7\u00e3o de conselheiros est\u00e3o em an\u00e1lise pela consultoria jur\u00eddica da pasta, em conjunto com a Advocacia-Geral da Uni\u00e3o (AGU). Na \u00faltima semana, foram nomeados integrantes do Conselho Nacional dos Direitos da Pessoa com Defici\u00eancia (Conade).<\/p>\n<p>O Minist\u00e9rio da Agricultura disse que est\u00e1 reavaliando o funcionamento dos conselhos vinculados \u00e0 pasta. O Minist\u00e9rio da Cidadania afirmou que o Conselho Nacional de Seguran\u00e7a Alimentar e Nutricional (Consea) foi extinto, mas suas compet\u00eancias foram mantidas em outros \u00f3rg\u00e3os. \u201cA partir dessa nova forma de organiza\u00e7\u00e3o, a entrega governamental se tornar\u00e1 mais c\u00e9lere\u201d, informou a pasta.<\/p>\n","protected":false},"excerpt":{"rendered":"<p>Ao menos 11 conselhos, comiss\u00f5es e outros colegiados de participa\u00e7\u00e3o da sociedade civil no Executivo federal est\u00e3o paralisados, tiveram regras alteradas ou foram extintos no governo Jair Bolsonaro. Os casos est\u00e3o vinculados aos minist\u00e9rios da Agricultura, Cidadania, e da Mulher. As pastas afirmam que est\u00e3o analisando a nomea\u00e7\u00e3o e recondu\u00e7\u00e3o de integrantes ou reavaliando o [&hellip;]<\/p>\n","protected":false},"author":2,"featured_media":204000,"comment_status":"closed","ping_status":"closed","sticky":false,"template":"","format":"standard","meta":{"_acf_changed":false,"footnotes":""},"categories":[16],"tags":[95],"class_list":["post-203999","post","type-post","status-publish","format-standard","has-post-thumbnail","hentry","category-brasil","tag-capa"],"acf":[],"yoast_head":"<!-- This site is optimized with the Yoast SEO plugin v27.2 - https:\/\/yoast.com\/product\/yoast-seo-wordpress\/ -->\n<title>Bolsonaro esvazia \u00f3rg\u00e3os dominados pela esquerda - Notibras<\/title>\n<meta name=\"robots\" content=\"index, follow, max-snippet:-1, max-image-preview:large, max-video-preview:-1\" \/>\n<link rel=\"canonical\" href=\"https:\/\/www.notibras.com\/site\/bolsonaro-esvazia-orgaos-dominados-por-esquerdistas\/\" \/>\n<meta property=\"og:locale\" content=\"pt_BR\" \/>\n<meta property=\"og:type\" content=\"article\" \/>\n<meta property=\"og:title\" content=\"Bolsonaro esvazia \u00f3rg\u00e3os dominados pela esquerda - Notibras\" \/>\n<meta property=\"og:description\" content=\"Ao menos 11 conselhos, comiss\u00f5es e outros colegiados de participa\u00e7\u00e3o da sociedade civil no Executivo federal est\u00e3o paralisados, tiveram regras alteradas ou foram extintos no governo Jair Bolsonaro. Os casos est\u00e3o vinculados aos minist\u00e9rios da Agricultura, Cidadania, e da Mulher. As pastas afirmam que est\u00e3o analisando a nomea\u00e7\u00e3o e recondu\u00e7\u00e3o de integrantes ou reavaliando o [&hellip;]\" \/>\n<meta property=\"og:url\" content=\"https:\/\/www.notibras.com\/site\/bolsonaro-esvazia-orgaos-dominados-por-esquerdistas\/\" \/>\n<meta property=\"og:site_name\" content=\"Notibras\" \/>\n<meta property=\"article:publisher\" content=\"https:\/\/www.facebook.com\/notibras\/\" \/>\n<meta property=\"article:published_time\" content=\"2019-03-04T02:00:31+00:00\" \/>\n<meta property=\"article:modified_time\" content=\"2019-03-04T10:38:22+00:00\" \/>\n<meta property=\"og:image\" content=\"https:\/\/www.notibras.com\/site\/wp-content\/uploads\/2019\/03\/bolsonaro-orgaos.jpg\" \/>\n\t<meta property=\"og:image:width\" content=\"1140\" \/>\n\t<meta property=\"og:image:height\" content=\"760\" \/>\n\t<meta property=\"og:image:type\" content=\"image\/jpeg\" \/>\n<meta name=\"author\" content=\"Reda\u00e7\u00e3o\" \/>\n<meta name=\"twitter:card\" content=\"summary_large_image\" \/>\n<meta name=\"twitter:creator\" content=\"@Notibras\" \/>\n<meta name=\"twitter:site\" content=\"@Notibras\" \/>\n<meta name=\"twitter:label1\" content=\"Escrito por\" \/>\n\t<meta name=\"twitter:data1\" content=\"Reda\u00e7\u00e3o\" \/>\n\t<meta name=\"twitter:label2\" content=\"Est. tempo de leitura\" \/>\n\t<meta name=\"twitter:data2\" content=\"4 minutos\" \/>\n<script type=\"application\/ld+json\" class=\"yoast-schema-graph\">{\"@context\":\"https:\/\/schema.org\",\"@graph\":[{\"@type\":\"Article\",\"@id\":\"https:\/\/www.notibras.com\/site\/bolsonaro-esvazia-orgaos-dominados-por-esquerdistas\/#article\",\"isPartOf\":{\"@id\":\"https:\/\/www.notibras.com\/site\/bolsonaro-esvazia-orgaos-dominados-por-esquerdistas\/\"},\"author\":{\"name\":\"Reda\u00e7\u00e3o\",\"@id\":\"https:\/\/www.notibras.com\/site\/#\/schema\/person\/36ab0979449956132d3e5b517ea76ac8\"},\"headline\":\"Bolsonaro esvazia \u00f3rg\u00e3os dominados pela esquerda\",\"datePublished\":\"2019-03-04T02:00:31+00:00\",\"dateModified\":\"2019-03-04T10:38:22+00:00\",\"mainEntityOfPage\":{\"@id\":\"https:\/\/www.notibras.com\/site\/bolsonaro-esvazia-orgaos-dominados-por-esquerdistas\/\"},\"wordCount\":729,\"publisher\":{\"@id\":\"https:\/\/www.notibras.com\/site\/#organization\"},\"image\":{\"@id\":\"https:\/\/www.notibras.com\/site\/bolsonaro-esvazia-orgaos-dominados-por-esquerdistas\/#primaryimage\"},\"thumbnailUrl\":\"https:\/\/www.notibras.com\/site\/wp-content\/uploads\/2019\/03\/bolsonaro-orgaos.jpg\",\"keywords\":[\"capa\"],\"articleSection\":[\"Brasil\"],\"inLanguage\":\"pt-BR\"},{\"@type\":\"WebPage\",\"@id\":\"https:\/\/www.notibras.com\/site\/bolsonaro-esvazia-orgaos-dominados-por-esquerdistas\/\",\"url\":\"https:\/\/www.notibras.com\/site\/bolsonaro-esvazia-orgaos-dominados-por-esquerdistas\/\",\"name\":\"Bolsonaro esvazia \u00f3rg\u00e3os dominados pela esquerda - Notibras\",\"isPartOf\":{\"@id\":\"https:\/\/www.notibras.com\/site\/#website\"},\"primaryImageOfPage\":{\"@id\":\"https:\/\/www.notibras.com\/site\/bolsonaro-esvazia-orgaos-dominados-por-esquerdistas\/#primaryimage\"},\"image\":{\"@id\":\"https:\/\/www.notibras.com\/site\/bolsonaro-esvazia-orgaos-dominados-por-esquerdistas\/#primaryimage\"},\"thumbnailUrl\":\"https:\/\/www.notibras.com\/site\/wp-content\/uploads\/2019\/03\/bolsonaro-orgaos.jpg\",\"datePublished\":\"2019-03-04T02:00:31+00:00\",\"dateModified\":\"2019-03-04T10:38:22+00:00\",\"breadcrumb\":{\"@id\":\"https:\/\/www.notibras.com\/site\/bolsonaro-esvazia-orgaos-dominados-por-esquerdistas\/#breadcrumb\"},\"inLanguage\":\"pt-BR\",\"potentialAction\":[{\"@type\":\"ReadAction\",\"target\":[\"https:\/\/www.notibras.com\/site\/bolsonaro-esvazia-orgaos-dominados-por-esquerdistas\/\"]}]},{\"@type\":\"ImageObject\",\"inLanguage\":\"pt-BR\",\"@id\":\"https:\/\/www.notibras.com\/site\/bolsonaro-esvazia-orgaos-dominados-por-esquerdistas\/#primaryimage\",\"url\":\"https:\/\/www.notibras.com\/site\/wp-content\/uploads\/2019\/03\/bolsonaro-orgaos.jpg\",\"contentUrl\":\"https:\/\/www.notibras.com\/site\/wp-content\/uploads\/2019\/03\/bolsonaro-orgaos.jpg\",\"width\":1140,\"height\":760,\"caption\":\"Foto: Jos\u00e9 Cruz\/ABr\"},{\"@type\":\"BreadcrumbList\",\"@id\":\"https:\/\/www.notibras.com\/site\/bolsonaro-esvazia-orgaos-dominados-por-esquerdistas\/#breadcrumb\",\"itemListElement\":[{\"@type\":\"ListItem\",\"position\":1,\"name\":\"In\u00edcio\",\"item\":\"https:\/\/www.notibras.com\/site\/\"},{\"@type\":\"ListItem\",\"position\":2,\"name\":\"Bolsonaro esvazia \u00f3rg\u00e3os dominados pela esquerda\"}]},{\"@type\":\"WebSite\",\"@id\":\"https:\/\/www.notibras.com\/site\/#website\",\"url\":\"https:\/\/www.notibras.com\/site\/\",\"name\":\"Notibras\",\"description\":\"Not\u00edcias de Bras\u00edlia, do Brasil e do Mundo\",\"publisher\":{\"@id\":\"https:\/\/www.notibras.com\/site\/#organization\"},\"potentialAction\":[{\"@type\":\"SearchAction\",\"target\":{\"@type\":\"EntryPoint\",\"urlTemplate\":\"https:\/\/www.notibras.com\/site\/?s={search_term_string}\"},\"query-input\":{\"@type\":\"PropertyValueSpecification\",\"valueRequired\":true,\"valueName\":\"search_term_string\"}}],\"inLanguage\":\"pt-BR\"},{\"@type\":\"Organization\",\"@id\":\"https:\/\/www.notibras.com\/site\/#organization\",\"name\":\"Grupo Notibras de Comunica\u00e7\u00e3o\",\"url\":\"https:\/\/www.notibras.com\/site\/\",\"logo\":{\"@type\":\"ImageObject\",\"inLanguage\":\"pt-BR\",\"@id\":\"https:\/\/www.notibras.com\/site\/#\/schema\/logo\/image\/\",\"url\":\"https:\/\/www.notibras.com\/site\/wp-content\/uploads\/2023\/01\/notibras23.png\",\"contentUrl\":\"https:\/\/www.notibras.com\/site\/wp-content\/uploads\/2023\/01\/notibras23.png\",\"width\":350,\"height\":87,\"caption\":\"Grupo Notibras de Comunica\u00e7\u00e3o\"},\"image\":{\"@id\":\"https:\/\/www.notibras.com\/site\/#\/schema\/logo\/image\/\"},\"sameAs\":[\"https:\/\/www.facebook.com\/notibras\/\",\"https:\/\/x.com\/Notibras\",\"https:\/\/www.instagram.com\/notibras\/\"]},{\"@type\":\"Person\",\"@id\":\"https:\/\/www.notibras.com\/site\/#\/schema\/person\/36ab0979449956132d3e5b517ea76ac8\",\"name\":\"Reda\u00e7\u00e3o\",\"image\":{\"@type\":\"ImageObject\",\"inLanguage\":\"pt-BR\",\"@id\":\"https:\/\/secure.gravatar.com\/avatar\/e0a867bdedb85fd243eadf09663511f96fc81e0720a4a42581f334ad4303aa6b?s=96&d=mm&r=g\",\"url\":\"https:\/\/secure.gravatar.com\/avatar\/e0a867bdedb85fd243eadf09663511f96fc81e0720a4a42581f334ad4303aa6b?s=96&d=mm&r=g\",\"contentUrl\":\"https:\/\/secure.gravatar.com\/avatar\/e0a867bdedb85fd243eadf09663511f96fc81e0720a4a42581f334ad4303aa6b?s=96&d=mm&r=g\",\"caption\":\"Reda\u00e7\u00e3o\"}}]}<\/script>\n<!-- \/ Yoast SEO plugin. -->","yoast_head_json":{"title":"Bolsonaro esvazia \u00f3rg\u00e3os dominados pela esquerda - Notibras","robots":{"index":"index","follow":"follow","max-snippet":"max-snippet:-1","max-image-preview":"max-image-preview:large","max-video-preview":"max-video-preview:-1"},"canonical":"https:\/\/www.notibras.com\/site\/bolsonaro-esvazia-orgaos-dominados-por-esquerdistas\/","og_locale":"pt_BR","og_type":"article","og_title":"Bolsonaro esvazia \u00f3rg\u00e3os dominados pela esquerda - Notibras","og_description":"Ao menos 11 conselhos, comiss\u00f5es e outros colegiados de participa\u00e7\u00e3o da sociedade civil no Executivo federal est\u00e3o paralisados, tiveram regras alteradas ou foram extintos no governo Jair Bolsonaro. Os casos est\u00e3o vinculados aos minist\u00e9rios da Agricultura, Cidadania, e da Mulher. As pastas afirmam que est\u00e3o analisando a nomea\u00e7\u00e3o e recondu\u00e7\u00e3o de integrantes ou reavaliando o [&hellip;]","og_url":"https:\/\/www.notibras.com\/site\/bolsonaro-esvazia-orgaos-dominados-por-esquerdistas\/","og_site_name":"Notibras","article_publisher":"https:\/\/www.facebook.com\/notibras\/","article_published_time":"2019-03-04T02:00:31+00:00","article_modified_time":"2019-03-04T10:38:22+00:00","og_image":[{"width":1140,"height":760,"url":"https:\/\/www.notibras.com\/site\/wp-content\/uploads\/2019\/03\/bolsonaro-orgaos.jpg","type":"image\/jpeg"}],"author":"Reda\u00e7\u00e3o","twitter_card":"summary_large_image","twitter_creator":"@Notibras","twitter_site":"@Notibras","twitter_misc":{"Escrito por":"Reda\u00e7\u00e3o","Est. tempo de leitura":"4 minutos"},"schema":{"@context":"https:\/\/schema.org","@graph":[{"@type":"Article","@id":"https:\/\/www.notibras.com\/site\/bolsonaro-esvazia-orgaos-dominados-por-esquerdistas\/#article","isPartOf":{"@id":"https:\/\/www.notibras.com\/site\/bolsonaro-esvazia-orgaos-dominados-por-esquerdistas\/"},"author":{"name":"Reda\u00e7\u00e3o","@id":"https:\/\/www.notibras.com\/site\/#\/schema\/person\/36ab0979449956132d3e5b517ea76ac8"},"headline":"Bolsonaro esvazia \u00f3rg\u00e3os dominados pela esquerda","datePublished":"2019-03-04T02:00:31+00:00","dateModified":"2019-03-04T10:38:22+00:00","mainEntityOfPage":{"@id":"https:\/\/www.notibras.com\/site\/bolsonaro-esvazia-orgaos-dominados-por-esquerdistas\/"},"wordCount":729,"publisher":{"@id":"https:\/\/www.notibras.com\/site\/#organization"},"image":{"@id":"https:\/\/www.notibras.com\/site\/bolsonaro-esvazia-orgaos-dominados-por-esquerdistas\/#primaryimage"},"thumbnailUrl":"https:\/\/www.notibras.com\/site\/wp-content\/uploads\/2019\/03\/bolsonaro-orgaos.jpg","keywords":["capa"],"articleSection":["Brasil"],"inLanguage":"pt-BR"},{"@type":"WebPage","@id":"https:\/\/www.notibras.com\/site\/bolsonaro-esvazia-orgaos-dominados-por-esquerdistas\/","url":"https:\/\/www.notibras.com\/site\/bolsonaro-esvazia-orgaos-dominados-por-esquerdistas\/","name":"Bolsonaro esvazia \u00f3rg\u00e3os dominados pela esquerda - Notibras","isPartOf":{"@id":"https:\/\/www.notibras.com\/site\/#website"},"primaryImageOfPage":{"@id":"https:\/\/www.notibras.com\/site\/bolsonaro-esvazia-orgaos-dominados-por-esquerdistas\/#primaryimage"},"image":{"@id":"https:\/\/www.notibras.com\/site\/bolsonaro-esvazia-orgaos-dominados-por-esquerdistas\/#primaryimage"},"thumbnailUrl":"https:\/\/www.notibras.com\/site\/wp-content\/uploads\/2019\/03\/bolsonaro-orgaos.jpg","datePublished":"2019-03-04T02:00:31+00:00","dateModified":"2019-03-04T10:38:22+00:00","breadcrumb":{"@id":"https:\/\/www.notibras.com\/site\/bolsonaro-esvazia-orgaos-dominados-por-esquerdistas\/#breadcrumb"},"inLanguage":"pt-BR","potentialAction":[{"@type":"ReadAction","target":["https:\/\/www.notibras.com\/site\/bolsonaro-esvazia-orgaos-dominados-por-esquerdistas\/"]}]},{"@type":"ImageObject","inLanguage":"pt-BR","@id":"https:\/\/www.notibras.com\/site\/bolsonaro-esvazia-orgaos-dominados-por-esquerdistas\/#primaryimage","url":"https:\/\/www.notibras.com\/site\/wp-content\/uploads\/2019\/03\/bolsonaro-orgaos.jpg","contentUrl":"https:\/\/www.notibras.com\/site\/wp-content\/uploads\/2019\/03\/bolsonaro-orgaos.jpg","width":1140,"height":760,"caption":"Foto: Jos\u00e9 Cruz\/ABr"},{"@type":"BreadcrumbList","@id":"https:\/\/www.notibras.com\/site\/bolsonaro-esvazia-orgaos-dominados-por-esquerdistas\/#breadcrumb","itemListElement":[{"@type":"ListItem","position":1,"name":"In\u00edcio","item":"https:\/\/www.notibras.com\/site\/"},{"@type":"ListItem","position":2,"name":"Bolsonaro esvazia \u00f3rg\u00e3os dominados pela esquerda"}]},{"@type":"WebSite","@id":"https:\/\/www.notibras.com\/site\/#website","url":"https:\/\/www.notibras.com\/site\/","name":"Notibras","description":"Not\u00edcias de Bras\u00edlia, do Brasil e do Mundo","publisher":{"@id":"https:\/\/www.notibras.com\/site\/#organization"},"potentialAction":[{"@type":"SearchAction","target":{"@type":"EntryPoint","urlTemplate":"https:\/\/www.notibras.com\/site\/?s={search_term_string}"},"query-input":{"@type":"PropertyValueSpecification","valueRequired":true,"valueName":"search_term_string"}}],"inLanguage":"pt-BR"},{"@type":"Organization","@id":"https:\/\/www.notibras.com\/site\/#organization","name":"Grupo Notibras de Comunica\u00e7\u00e3o","url":"https:\/\/www.notibras.com\/site\/","logo":{"@type":"ImageObject","inLanguage":"pt-BR","@id":"https:\/\/www.notibras.com\/site\/#\/schema\/logo\/image\/","url":"https:\/\/www.notibras.com\/site\/wp-content\/uploads\/2023\/01\/notibras23.png","contentUrl":"https:\/\/www.notibras.com\/site\/wp-content\/uploads\/2023\/01\/notibras23.png","width":350,"height":87,"caption":"Grupo Notibras de Comunica\u00e7\u00e3o"},"image":{"@id":"https:\/\/www.notibras.com\/site\/#\/schema\/logo\/image\/"},"sameAs":["https:\/\/www.facebook.com\/notibras\/","https:\/\/x.com\/Notibras","https:\/\/www.instagram.com\/notibras\/"]},{"@type":"Person","@id":"https:\/\/www.notibras.com\/site\/#\/schema\/person\/36ab0979449956132d3e5b517ea76ac8","name":"Reda\u00e7\u00e3o","image":{"@type":"ImageObject","inLanguage":"pt-BR","@id":"https:\/\/secure.gravatar.com\/avatar\/e0a867bdedb85fd243eadf09663511f96fc81e0720a4a42581f334ad4303aa6b?s=96&d=mm&r=g","url":"https:\/\/secure.gravatar.com\/avatar\/e0a867bdedb85fd243eadf09663511f96fc81e0720a4a42581f334ad4303aa6b?s=96&d=mm&r=g","contentUrl":"https:\/\/secure.gravatar.com\/avatar\/e0a867bdedb85fd243eadf09663511f96fc81e0720a4a42581f334ad4303aa6b?s=96&d=mm&r=g","caption":"Reda\u00e7\u00e3o"}}]}},"amp_enabled":true,"_links":{"self":[{"href":"https:\/\/www.notibras.com\/site\/wp-json\/wp\/v2\/posts\/203999","targetHints":{"allow":["GET"]}}],"collection":[{"href":"https:\/\/www.notibras.com\/site\/wp-json\/wp\/v2\/posts"}],"about":[{"href":"https:\/\/www.notibras.com\/site\/wp-json\/wp\/v2\/types\/post"}],"author":[{"embeddable":true,"href":"https:\/\/www.notibras.com\/site\/wp-json\/wp\/v2\/users\/2"}],"replies":[{"embeddable":true,"href":"https:\/\/www.notibras.com\/site\/wp-json\/wp\/v2\/comments?post=203999"}],"version-history":[{"count":2,"href":"https:\/\/www.notibras.com\/site\/wp-json\/wp\/v2\/posts\/203999\/revisions"}],"predecessor-version":[{"id":204024,"href":"https:\/\/www.notibras.com\/site\/wp-json\/wp\/v2\/posts\/203999\/revisions\/204024"}],"wp:featuredmedia":[{"embeddable":true,"href":"https:\/\/www.notibras.com\/site\/wp-json\/wp\/v2\/media\/204000"}],"wp:attachment":[{"href":"https:\/\/www.notibras.com\/site\/wp-json\/wp\/v2\/media?parent=203999"}],"wp:term":[{"taxonomy":"category","embeddable":true,"href":"https:\/\/www.notibras.com\/site\/wp-json\/wp\/v2\/categories?post=203999"},{"taxonomy":"post_tag","embeddable":true,"href":"https:\/\/www.notibras.com\/site\/wp-json\/wp\/v2\/tags?post=203999"}],"curies":[{"name":"wp","href":"https:\/\/api.w.org\/{rel}","templated":true}]}}