{"id":204029,"date":"2019-03-04T11:22:53","date_gmt":"2019-03-04T14:22:53","guid":{"rendered":"https:\/\/www.notibras.com\/site\/?p=204029"},"modified":"2019-03-04T12:32:04","modified_gmt":"2019-03-04T15:32:04","slug":"bolsonaro-usara-a-caneta-para-limpar-educacao","status":"publish","type":"post","link":"https:\/\/www.notibras.com\/site\/bolsonaro-usara-a-caneta-para-limpar-educacao\/","title":{"rendered":"Bolsonaro usar\u00e1 a caneta para limpar Educa\u00e7\u00e3o"},"content":{"rendered":"<p>O presidente Jair Bolsonaro defendeu a &#8220;Lava Jato da Educa\u00e7\u00e3o&#8221; em seu perfil do Twitter na manh\u00e3 desta segunda-feira, 4. Para embasar seu ponto de vista, ele citou que o Brasil gasta mais em educa\u00e7\u00e3o em rela\u00e7\u00e3o ao Produto Interno Bruto (PIB) do que a m\u00e9dia de pa\u00edses desenvolvidas, mas ocupa as \u00faltimas posi\u00e7\u00f5es na Programa Internacional de Avalia\u00e7\u00e3o (PISA). Segundo ele, em 2003, o Minist\u00e9rio da Educa\u00e7\u00e3o (MEC) gastava R$ 30 bilh\u00f5es em Educa\u00e7\u00e3o, e, em 2016, gastou quatro vezes mais, chegando a R$ 130 bilh\u00f5es.<\/p>\n<p>&#8220;H\u00e1 algo de muito errado acontecendo: as prioridades a serem ensinadas e os recursos aplicados. Para investigar isso, o Minist\u00e9rio da Educa\u00e7\u00e3o junto com o Minist\u00e9rio da Justi\u00e7a, Pol\u00edcia Federal, Advocacia e Controladoria Geral da Uni\u00e3o criaram a Lava-Jato da Educa\u00e7\u00e3o.&#8221;<\/p>\n<p>Segundo Bolsonaro, os dados iniciais da investiga\u00e7\u00e3o revelam &#8220;ind\u00edcios muito fortes&#8221; de que a m\u00e1quina est\u00e1 sendo usada para a manuten\u00e7\u00e3o de &#8220;algo que n\u00e3o interessa ao Brasil&#8221;. Ele ainda completou que sabe que isso pode acarretar greves e movimentos coordenados, &#8220;prejudicando o brasileiro&#8221;.<\/p>\n<p>Na noite de domingo, o presidente tamb\u00e9m usou sua p\u00e1gina no Twitter para cobrar a fiscaliza\u00e7\u00e3o da MP 873, editada na sexta-feira, 2, e que impede que o pagamento da contribui\u00e7\u00e3o sindical volunt\u00e1ria seja descontada diretamente do sal\u00e1rio dos trabalhadores. Agora, o pagamento s\u00f3 pode ser feito mediante boleto banc\u00e1rio individual enviado aos trabalhadores que tenham autorizado previamente a cobran\u00e7a.<\/p>\n<p>Bolsonaro disse que a medida desagradou l\u00edderes sindicais e pediu a fiscaliza\u00e7\u00e3o do pleito para evitar que a MP expire ou seja derrotada no Congresso. A medida tem prazo de 120 dias para ser apreciada no Parlamento ou perde validade.<\/p>\n","protected":false},"excerpt":{"rendered":"<p>O presidente Jair Bolsonaro defendeu a &#8220;Lava Jato da Educa\u00e7\u00e3o&#8221; em seu perfil do Twitter na manh\u00e3 desta segunda-feira, 4. Para embasar seu ponto de vista, ele citou que o Brasil gasta mais em educa\u00e7\u00e3o em rela\u00e7\u00e3o ao Produto Interno Bruto (PIB) do que a m\u00e9dia de pa\u00edses desenvolvidas, mas ocupa as \u00faltimas posi\u00e7\u00f5es na [&hellip;]<\/p>\n","protected":false},"author":2,"featured_media":199645,"comment_status":"closed","ping_status":"closed","sticky":false,"template":"","format":"standard","meta":{"_acf_changed":false,"footnotes":""},"categories":[16],"tags":[95],"class_list":["post-204029","post","type-post","status-publish","format-standard","has-post-thumbnail","hentry","category-brasil","tag-capa"],"acf":[],"yoast_head":"<!-- This site is optimized with the Yoast SEO plugin v27.2 - https:\/\/yoast.com\/product\/yoast-seo-wordpress\/ -->\n<title>Bolsonaro usar\u00e1 a caneta para limpar Educa\u00e7\u00e3o - Notibras<\/title>\n<meta name=\"robots\" content=\"index, follow, max-snippet:-1, max-image-preview:large, max-video-preview:-1\" \/>\n<link rel=\"canonical\" href=\"https:\/\/www.notibras.com\/site\/bolsonaro-usara-a-caneta-para-limpar-educacao\/\" \/>\n<meta property=\"og:locale\" content=\"pt_BR\" \/>\n<meta property=\"og:type\" content=\"article\" \/>\n<meta property=\"og:title\" content=\"Bolsonaro usar\u00e1 a caneta para limpar Educa\u00e7\u00e3o - Notibras\" \/>\n<meta property=\"og:description\" content=\"O presidente Jair Bolsonaro defendeu a &#8220;Lava Jato da Educa\u00e7\u00e3o&#8221; em seu perfil do Twitter na manh\u00e3 desta segunda-feira, 4. Para embasar seu ponto de vista, ele citou que o Brasil gasta mais em educa\u00e7\u00e3o em rela\u00e7\u00e3o ao Produto Interno Bruto (PIB) do que a m\u00e9dia de pa\u00edses desenvolvidas, mas ocupa as \u00faltimas posi\u00e7\u00f5es na [&hellip;]\" \/>\n<meta property=\"og:url\" content=\"https:\/\/www.notibras.com\/site\/bolsonaro-usara-a-caneta-para-limpar-educacao\/\" \/>\n<meta property=\"og:site_name\" content=\"Notibras\" \/>\n<meta property=\"article:publisher\" content=\"https:\/\/www.facebook.com\/notibras\/\" \/>\n<meta property=\"article:published_time\" content=\"2019-03-04T14:22:53+00:00\" \/>\n<meta property=\"article:modified_time\" content=\"2019-03-04T15:32:04+00:00\" \/>\n<meta property=\"og:image\" content=\"https:\/\/www.notibras.com\/site\/wp-content\/uploads\/2019\/01\/davos-bolsonaro.podio_.jpg\" \/>\n\t<meta property=\"og:image:width\" content=\"932\" \/>\n\t<meta property=\"og:image:height\" content=\"706\" \/>\n\t<meta property=\"og:image:type\" content=\"image\/jpeg\" \/>\n<meta name=\"author\" content=\"Reda\u00e7\u00e3o\" \/>\n<meta name=\"twitter:card\" content=\"summary_large_image\" \/>\n<meta name=\"twitter:creator\" content=\"@Notibras\" \/>\n<meta name=\"twitter:site\" content=\"@Notibras\" \/>\n<meta name=\"twitter:label1\" content=\"Escrito por\" \/>\n\t<meta name=\"twitter:data1\" content=\"Reda\u00e7\u00e3o\" \/>\n\t<meta name=\"twitter:label2\" content=\"Est. tempo de leitura\" \/>\n\t<meta name=\"twitter:data2\" content=\"1 minuto\" \/>\n<script type=\"application\/ld+json\" class=\"yoast-schema-graph\">{\"@context\":\"https:\/\/schema.org\",\"@graph\":[{\"@type\":\"Article\",\"@id\":\"https:\/\/www.notibras.com\/site\/bolsonaro-usara-a-caneta-para-limpar-educacao\/#article\",\"isPartOf\":{\"@id\":\"https:\/\/www.notibras.com\/site\/bolsonaro-usara-a-caneta-para-limpar-educacao\/\"},\"author\":{\"name\":\"Reda\u00e7\u00e3o\",\"@id\":\"https:\/\/www.notibras.com\/site\/#\/schema\/person\/36ab0979449956132d3e5b517ea76ac8\"},\"headline\":\"Bolsonaro usar\u00e1 a caneta para limpar Educa\u00e7\u00e3o\",\"datePublished\":\"2019-03-04T14:22:53+00:00\",\"dateModified\":\"2019-03-04T15:32:04+00:00\",\"mainEntityOfPage\":{\"@id\":\"https:\/\/www.notibras.com\/site\/bolsonaro-usara-a-caneta-para-limpar-educacao\/\"},\"wordCount\":306,\"publisher\":{\"@id\":\"https:\/\/www.notibras.com\/site\/#organization\"},\"image\":{\"@id\":\"https:\/\/www.notibras.com\/site\/bolsonaro-usara-a-caneta-para-limpar-educacao\/#primaryimage\"},\"thumbnailUrl\":\"https:\/\/www.notibras.com\/site\/wp-content\/uploads\/2019\/01\/davos-bolsonaro.podio_.jpg\",\"keywords\":[\"capa\"],\"articleSection\":[\"Brasil\"],\"inLanguage\":\"pt-BR\"},{\"@type\":\"WebPage\",\"@id\":\"https:\/\/www.notibras.com\/site\/bolsonaro-usara-a-caneta-para-limpar-educacao\/\",\"url\":\"https:\/\/www.notibras.com\/site\/bolsonaro-usara-a-caneta-para-limpar-educacao\/\",\"name\":\"Bolsonaro usar\u00e1 a caneta para limpar Educa\u00e7\u00e3o - Notibras\",\"isPartOf\":{\"@id\":\"https:\/\/www.notibras.com\/site\/#website\"},\"primaryImageOfPage\":{\"@id\":\"https:\/\/www.notibras.com\/site\/bolsonaro-usara-a-caneta-para-limpar-educacao\/#primaryimage\"},\"image\":{\"@id\":\"https:\/\/www.notibras.com\/site\/bolsonaro-usara-a-caneta-para-limpar-educacao\/#primaryimage\"},\"thumbnailUrl\":\"https:\/\/www.notibras.com\/site\/wp-content\/uploads\/2019\/01\/davos-bolsonaro.podio_.jpg\",\"datePublished\":\"2019-03-04T14:22:53+00:00\",\"dateModified\":\"2019-03-04T15:32:04+00:00\",\"breadcrumb\":{\"@id\":\"https:\/\/www.notibras.com\/site\/bolsonaro-usara-a-caneta-para-limpar-educacao\/#breadcrumb\"},\"inLanguage\":\"pt-BR\",\"potentialAction\":[{\"@type\":\"ReadAction\",\"target\":[\"https:\/\/www.notibras.com\/site\/bolsonaro-usara-a-caneta-para-limpar-educacao\/\"]}]},{\"@type\":\"ImageObject\",\"inLanguage\":\"pt-BR\",\"@id\":\"https:\/\/www.notibras.com\/site\/bolsonaro-usara-a-caneta-para-limpar-educacao\/#primaryimage\",\"url\":\"https:\/\/www.notibras.com\/site\/wp-content\/uploads\/2019\/01\/davos-bolsonaro.podio_.jpg\",\"contentUrl\":\"https:\/\/www.notibras.com\/site\/wp-content\/uploads\/2019\/01\/davos-bolsonaro.podio_.jpg\",\"width\":932,\"height\":706},{\"@type\":\"BreadcrumbList\",\"@id\":\"https:\/\/www.notibras.com\/site\/bolsonaro-usara-a-caneta-para-limpar-educacao\/#breadcrumb\",\"itemListElement\":[{\"@type\":\"ListItem\",\"position\":1,\"name\":\"In\u00edcio\",\"item\":\"https:\/\/www.notibras.com\/site\/\"},{\"@type\":\"ListItem\",\"position\":2,\"name\":\"Bolsonaro usar\u00e1 a caneta para limpar Educa\u00e7\u00e3o\"}]},{\"@type\":\"WebSite\",\"@id\":\"https:\/\/www.notibras.com\/site\/#website\",\"url\":\"https:\/\/www.notibras.com\/site\/\",\"name\":\"Notibras\",\"description\":\"Not\u00edcias de Bras\u00edlia, do Brasil e do Mundo\",\"publisher\":{\"@id\":\"https:\/\/www.notibras.com\/site\/#organization\"},\"potentialAction\":[{\"@type\":\"SearchAction\",\"target\":{\"@type\":\"EntryPoint\",\"urlTemplate\":\"https:\/\/www.notibras.com\/site\/?s={search_term_string}\"},\"query-input\":{\"@type\":\"PropertyValueSpecification\",\"valueRequired\":true,\"valueName\":\"search_term_string\"}}],\"inLanguage\":\"pt-BR\"},{\"@type\":\"Organization\",\"@id\":\"https:\/\/www.notibras.com\/site\/#organization\",\"name\":\"Grupo Notibras de Comunica\u00e7\u00e3o\",\"url\":\"https:\/\/www.notibras.com\/site\/\",\"logo\":{\"@type\":\"ImageObject\",\"inLanguage\":\"pt-BR\",\"@id\":\"https:\/\/www.notibras.com\/site\/#\/schema\/logo\/image\/\",\"url\":\"https:\/\/www.notibras.com\/site\/wp-content\/uploads\/2023\/01\/notibras23.png\",\"contentUrl\":\"https:\/\/www.notibras.com\/site\/wp-content\/uploads\/2023\/01\/notibras23.png\",\"width\":350,\"height\":87,\"caption\":\"Grupo Notibras de Comunica\u00e7\u00e3o\"},\"image\":{\"@id\":\"https:\/\/www.notibras.com\/site\/#\/schema\/logo\/image\/\"},\"sameAs\":[\"https:\/\/www.facebook.com\/notibras\/\",\"https:\/\/x.com\/Notibras\",\"https:\/\/www.instagram.com\/notibras\/\"]},{\"@type\":\"Person\",\"@id\":\"https:\/\/www.notibras.com\/site\/#\/schema\/person\/36ab0979449956132d3e5b517ea76ac8\",\"name\":\"Reda\u00e7\u00e3o\",\"image\":{\"@type\":\"ImageObject\",\"inLanguage\":\"pt-BR\",\"@id\":\"https:\/\/secure.gravatar.com\/avatar\/e0a867bdedb85fd243eadf09663511f96fc81e0720a4a42581f334ad4303aa6b?s=96&d=mm&r=g\",\"url\":\"https:\/\/secure.gravatar.com\/avatar\/e0a867bdedb85fd243eadf09663511f96fc81e0720a4a42581f334ad4303aa6b?s=96&d=mm&r=g\",\"contentUrl\":\"https:\/\/secure.gravatar.com\/avatar\/e0a867bdedb85fd243eadf09663511f96fc81e0720a4a42581f334ad4303aa6b?s=96&d=mm&r=g\",\"caption\":\"Reda\u00e7\u00e3o\"}}]}<\/script>\n<!-- \/ Yoast SEO plugin. -->","yoast_head_json":{"title":"Bolsonaro usar\u00e1 a caneta para limpar Educa\u00e7\u00e3o - Notibras","robots":{"index":"index","follow":"follow","max-snippet":"max-snippet:-1","max-image-preview":"max-image-preview:large","max-video-preview":"max-video-preview:-1"},"canonical":"https:\/\/www.notibras.com\/site\/bolsonaro-usara-a-caneta-para-limpar-educacao\/","og_locale":"pt_BR","og_type":"article","og_title":"Bolsonaro usar\u00e1 a caneta para limpar Educa\u00e7\u00e3o - Notibras","og_description":"O presidente Jair Bolsonaro defendeu a &#8220;Lava Jato da Educa\u00e7\u00e3o&#8221; em seu perfil do Twitter na manh\u00e3 desta segunda-feira, 4. Para embasar seu ponto de vista, ele citou que o Brasil gasta mais em educa\u00e7\u00e3o em rela\u00e7\u00e3o ao Produto Interno Bruto (PIB) do que a m\u00e9dia de pa\u00edses desenvolvidas, mas ocupa as \u00faltimas posi\u00e7\u00f5es na [&hellip;]","og_url":"https:\/\/www.notibras.com\/site\/bolsonaro-usara-a-caneta-para-limpar-educacao\/","og_site_name":"Notibras","article_publisher":"https:\/\/www.facebook.com\/notibras\/","article_published_time":"2019-03-04T14:22:53+00:00","article_modified_time":"2019-03-04T15:32:04+00:00","og_image":[{"width":932,"height":706,"url":"https:\/\/www.notibras.com\/site\/wp-content\/uploads\/2019\/01\/davos-bolsonaro.podio_.jpg","type":"image\/jpeg"}],"author":"Reda\u00e7\u00e3o","twitter_card":"summary_large_image","twitter_creator":"@Notibras","twitter_site":"@Notibras","twitter_misc":{"Escrito por":"Reda\u00e7\u00e3o","Est. tempo de leitura":"1 minuto"},"schema":{"@context":"https:\/\/schema.org","@graph":[{"@type":"Article","@id":"https:\/\/www.notibras.com\/site\/bolsonaro-usara-a-caneta-para-limpar-educacao\/#article","isPartOf":{"@id":"https:\/\/www.notibras.com\/site\/bolsonaro-usara-a-caneta-para-limpar-educacao\/"},"author":{"name":"Reda\u00e7\u00e3o","@id":"https:\/\/www.notibras.com\/site\/#\/schema\/person\/36ab0979449956132d3e5b517ea76ac8"},"headline":"Bolsonaro usar\u00e1 a caneta para limpar Educa\u00e7\u00e3o","datePublished":"2019-03-04T14:22:53+00:00","dateModified":"2019-03-04T15:32:04+00:00","mainEntityOfPage":{"@id":"https:\/\/www.notibras.com\/site\/bolsonaro-usara-a-caneta-para-limpar-educacao\/"},"wordCount":306,"publisher":{"@id":"https:\/\/www.notibras.com\/site\/#organization"},"image":{"@id":"https:\/\/www.notibras.com\/site\/bolsonaro-usara-a-caneta-para-limpar-educacao\/#primaryimage"},"thumbnailUrl":"https:\/\/www.notibras.com\/site\/wp-content\/uploads\/2019\/01\/davos-bolsonaro.podio_.jpg","keywords":["capa"],"articleSection":["Brasil"],"inLanguage":"pt-BR"},{"@type":"WebPage","@id":"https:\/\/www.notibras.com\/site\/bolsonaro-usara-a-caneta-para-limpar-educacao\/","url":"https:\/\/www.notibras.com\/site\/bolsonaro-usara-a-caneta-para-limpar-educacao\/","name":"Bolsonaro usar\u00e1 a caneta para limpar Educa\u00e7\u00e3o - Notibras","isPartOf":{"@id":"https:\/\/www.notibras.com\/site\/#website"},"primaryImageOfPage":{"@id":"https:\/\/www.notibras.com\/site\/bolsonaro-usara-a-caneta-para-limpar-educacao\/#primaryimage"},"image":{"@id":"https:\/\/www.notibras.com\/site\/bolsonaro-usara-a-caneta-para-limpar-educacao\/#primaryimage"},"thumbnailUrl":"https:\/\/www.notibras.com\/site\/wp-content\/uploads\/2019\/01\/davos-bolsonaro.podio_.jpg","datePublished":"2019-03-04T14:22:53+00:00","dateModified":"2019-03-04T15:32:04+00:00","breadcrumb":{"@id":"https:\/\/www.notibras.com\/site\/bolsonaro-usara-a-caneta-para-limpar-educacao\/#breadcrumb"},"inLanguage":"pt-BR","potentialAction":[{"@type":"ReadAction","target":["https:\/\/www.notibras.com\/site\/bolsonaro-usara-a-caneta-para-limpar-educacao\/"]}]},{"@type":"ImageObject","inLanguage":"pt-BR","@id":"https:\/\/www.notibras.com\/site\/bolsonaro-usara-a-caneta-para-limpar-educacao\/#primaryimage","url":"https:\/\/www.notibras.com\/site\/wp-content\/uploads\/2019\/01\/davos-bolsonaro.podio_.jpg","contentUrl":"https:\/\/www.notibras.com\/site\/wp-content\/uploads\/2019\/01\/davos-bolsonaro.podio_.jpg","width":932,"height":706},{"@type":"BreadcrumbList","@id":"https:\/\/www.notibras.com\/site\/bolsonaro-usara-a-caneta-para-limpar-educacao\/#breadcrumb","itemListElement":[{"@type":"ListItem","position":1,"name":"In\u00edcio","item":"https:\/\/www.notibras.com\/site\/"},{"@type":"ListItem","position":2,"name":"Bolsonaro usar\u00e1 a caneta para limpar Educa\u00e7\u00e3o"}]},{"@type":"WebSite","@id":"https:\/\/www.notibras.com\/site\/#website","url":"https:\/\/www.notibras.com\/site\/","name":"Notibras","description":"Not\u00edcias de Bras\u00edlia, do Brasil e do Mundo","publisher":{"@id":"https:\/\/www.notibras.com\/site\/#organization"},"potentialAction":[{"@type":"SearchAction","target":{"@type":"EntryPoint","urlTemplate":"https:\/\/www.notibras.com\/site\/?s={search_term_string}"},"query-input":{"@type":"PropertyValueSpecification","valueRequired":true,"valueName":"search_term_string"}}],"inLanguage":"pt-BR"},{"@type":"Organization","@id":"https:\/\/www.notibras.com\/site\/#organization","name":"Grupo Notibras de Comunica\u00e7\u00e3o","url":"https:\/\/www.notibras.com\/site\/","logo":{"@type":"ImageObject","inLanguage":"pt-BR","@id":"https:\/\/www.notibras.com\/site\/#\/schema\/logo\/image\/","url":"https:\/\/www.notibras.com\/site\/wp-content\/uploads\/2023\/01\/notibras23.png","contentUrl":"https:\/\/www.notibras.com\/site\/wp-content\/uploads\/2023\/01\/notibras23.png","width":350,"height":87,"caption":"Grupo Notibras de Comunica\u00e7\u00e3o"},"image":{"@id":"https:\/\/www.notibras.com\/site\/#\/schema\/logo\/image\/"},"sameAs":["https:\/\/www.facebook.com\/notibras\/","https:\/\/x.com\/Notibras","https:\/\/www.instagram.com\/notibras\/"]},{"@type":"Person","@id":"https:\/\/www.notibras.com\/site\/#\/schema\/person\/36ab0979449956132d3e5b517ea76ac8","name":"Reda\u00e7\u00e3o","image":{"@type":"ImageObject","inLanguage":"pt-BR","@id":"https:\/\/secure.gravatar.com\/avatar\/e0a867bdedb85fd243eadf09663511f96fc81e0720a4a42581f334ad4303aa6b?s=96&d=mm&r=g","url":"https:\/\/secure.gravatar.com\/avatar\/e0a867bdedb85fd243eadf09663511f96fc81e0720a4a42581f334ad4303aa6b?s=96&d=mm&r=g","contentUrl":"https:\/\/secure.gravatar.com\/avatar\/e0a867bdedb85fd243eadf09663511f96fc81e0720a4a42581f334ad4303aa6b?s=96&d=mm&r=g","caption":"Reda\u00e7\u00e3o"}}]}},"amp_enabled":true,"_links":{"self":[{"href":"https:\/\/www.notibras.com\/site\/wp-json\/wp\/v2\/posts\/204029","targetHints":{"allow":["GET"]}}],"collection":[{"href":"https:\/\/www.notibras.com\/site\/wp-json\/wp\/v2\/posts"}],"about":[{"href":"https:\/\/www.notibras.com\/site\/wp-json\/wp\/v2\/types\/post"}],"author":[{"embeddable":true,"href":"https:\/\/www.notibras.com\/site\/wp-json\/wp\/v2\/users\/2"}],"replies":[{"embeddable":true,"href":"https:\/\/www.notibras.com\/site\/wp-json\/wp\/v2\/comments?post=204029"}],"version-history":[{"count":3,"href":"https:\/\/www.notibras.com\/site\/wp-json\/wp\/v2\/posts\/204029\/revisions"}],"predecessor-version":[{"id":204032,"href":"https:\/\/www.notibras.com\/site\/wp-json\/wp\/v2\/posts\/204029\/revisions\/204032"}],"wp:featuredmedia":[{"embeddable":true,"href":"https:\/\/www.notibras.com\/site\/wp-json\/wp\/v2\/media\/199645"}],"wp:attachment":[{"href":"https:\/\/www.notibras.com\/site\/wp-json\/wp\/v2\/media?parent=204029"}],"wp:term":[{"taxonomy":"category","embeddable":true,"href":"https:\/\/www.notibras.com\/site\/wp-json\/wp\/v2\/categories?post=204029"},{"taxonomy":"post_tag","embeddable":true,"href":"https:\/\/www.notibras.com\/site\/wp-json\/wp\/v2\/tags?post=204029"}],"curies":[{"name":"wp","href":"https:\/\/api.w.org\/{rel}","templated":true}]}}