{"id":204033,"date":"2019-03-04T14:29:55","date_gmt":"2019-03-04T17:29:55","guid":{"rendered":"https:\/\/www.notibras.com\/site\/?p=204033"},"modified":"2019-03-04T14:29:55","modified_gmt":"2019-03-04T17:29:55","slug":"guaido-desafia-maduro-e-chama-o-povo-as-ruas","status":"publish","type":"post","link":"https:\/\/www.notibras.com\/site\/guaido-desafia-maduro-e-chama-o-povo-as-ruas\/","title":{"rendered":"Guaid\u00f3 desafia Maduro e chama o povo \u00e0s ruas"},"content":{"rendered":"<p>O l\u00edder opositor e autoproclamado presidente interino da Venezuela, Juan Guaid\u00f3, chegou ao pa\u00eds nesta segunda-feira, 4, com o risco de ser preso pelo regime chavista. &#8220;Acabamos de passar pela imigra\u00e7\u00e3o e seguiremos para onde est\u00e1 o nosso povo&#8221;, escreveu ele no Twitter. &#8220;Entramos como cidad\u00e3os livres, que ningu\u00e9m nos diga o contr\u00e1rio.&#8221;<\/p>\n<p>Guaid\u00f3 convocou a popula\u00e7\u00e3o para uma mobiliza\u00e7\u00e3o nacional a partir das 11h (12h em Bras\u00edlia) nesta segunda. Em Caracas, a concentra\u00e7\u00e3o est\u00e1 organizada para a Avenida de Las Mercedes, a principal da capital.<\/p>\n<p>Antes do retorno do l\u00edder opositor, o governo havia refor\u00e7ado a seguran\u00e7a em todo o pa\u00eds e no Aeroporto Internacional de Maiquet\u00eda, de acordo com informa\u00e7\u00f5es do portal de not\u00edcias Infobae.<\/p>\n<p>\u201cNo terminal de avia\u00e7\u00e3o geral h\u00e1 funcion\u00e1rios da intelig\u00eancia militar e do Sebin (servi\u00e7o secreto venezuelano). Pensamos que era por causa do carnaval, que sempre exige a presen\u00e7a de mais funcion\u00e1rios, mas a volta de Guaid\u00f3 deixou o ambiente sob tens\u00e3o. H\u00e1 muita desconfian\u00e7a entre civis e militares\u201d, disse uma fonte ligada aos funcion\u00e1rios do aeroporto, segundo o Infobae.<\/p>\n<p>&#8220;Nossa miss\u00e3o \u00e9 insistir, persistir at\u00e9 alcan\u00e7\u00e1-lo e resistir aos \u00faltimos esfor\u00e7os in\u00fateis de quem sabe que est\u00e1 de sa\u00edda. Venezuela, vamos todos, vamos juntos, que enquanto estivermos unidos nada poder\u00e1 nos deter&#8221;, escreveu o l\u00edder opositor no Twitter.<\/p>\n<p>No domingo, Guaid\u00f3 fez uma transmiss\u00e3o ao vivo nas redes sociais e apresentou um balan\u00e7o de sua viagem por cinco pa\u00edses da Am\u00e9rica do Sul: Col\u00f4mbia, Brasil, Paraguai, Argentina e Equador. Segundo ele, foi firmada uma \u201ccoaliz\u00e3o\u201d internacional em favor da democracia. \u201cAs op\u00e7\u00f5es de recupera\u00e7\u00e3o econ\u00f4mica est\u00e3o sobre a mesa. Isso est\u00e1 acompanhado da mobiliza\u00e7\u00e3o cidad\u00e3 e do povo venezuelano\u201d, destacou.<\/p>\n<p>O comportamento de Juan Guaid\u00f3 ser\u00e1 analisado pelos \u00f3rg\u00e3os do governo de Nicol\u00e1s Maduro, disse nesta segunda a vice-presidente venezuelana, Delcy Rodr\u00edguez. Segundo ela, as a\u00e7\u00f5es do opositor ser\u00e3o avaliadas por institui\u00e7\u00f5es s\u00f3lidas e sustent\u00e1veis.<\/p>\n<p>&#8220;Seu comportamento e suas atividades ser\u00e3o cuidadosamente analisados pelas institui\u00e7\u00f5es do Estado. Medidas apropriadas ser\u00e3o tomadas&#8221;, disse a vice-presidente, lembrando que tamb\u00e9m ser\u00e3o analisadas suas a\u00e7\u00f5es nas visitas aos pa\u00edses vizinhos. Para Delcy, Guaid\u00f3 exp\u00f4s negativamente a Venezuela. &#8220;Como venezuelana, tenho vergonha alheia por ver uma pessoa n\u00e3o se limitar ao rid\u00edculo nacional e seguir para o rid\u00edculo internacional&#8221;, disse.<\/p>\n<p>Amea\u00e7ado pelo governo Maduro de pris\u00e3o, o presidente interino disse n\u00e3o temer os riscos de retornar \u00e0 Venezuela. De acordo com ele, seu regresso ao pa\u00eds \u00e9 acompanhado pelo mundo e pelo povo venezuelano.<\/p>\n<p>\u201cSe tentarem me sequestrar, temos todos os passos a seguir\u201d, disse Guaid\u00f3. \u201cHoje estamos mais mobilizados do que nunca\u201d, acrescentou. \u201cSe me sequestrarem, ser\u00e1 um dos \u00faltimos horrores. No passado, sequestraram e mataram nossa gente e estamos mais fortes do que nunca. A for\u00e7a \u00e9 a uni\u00e3o.\u201d<\/p>\n<p>Em janeiro, o Tribunal Supremo de Justi\u00e7a (TSJ) da Venezuela, sob controle de Maduro, proibiu Guaid\u00f3 de deixar o pa\u00eds e congelou seus bens. Por\u00e9m, a Assembleia Nacional, de maioria opositora, aprovou uma licen\u00e7a para o interino deixar a regi\u00e3o.<\/p>\n","protected":false},"excerpt":{"rendered":"<p>O l\u00edder opositor e autoproclamado presidente interino da Venezuela, Juan Guaid\u00f3, chegou ao pa\u00eds nesta segunda-feira, 4, com o risco de ser preso pelo regime chavista. &#8220;Acabamos de passar pela imigra\u00e7\u00e3o e seguiremos para onde est\u00e1 o nosso povo&#8221;, escreveu ele no Twitter. &#8220;Entramos como cidad\u00e3os livres, que ningu\u00e9m nos diga o contr\u00e1rio.&#8221; Guaid\u00f3 convocou [&hellip;]<\/p>\n","protected":false},"author":2,"featured_media":204034,"comment_status":"closed","ping_status":"closed","sticky":false,"template":"","format":"standard","meta":{"_acf_changed":false,"footnotes":""},"categories":[17],"tags":[95],"class_list":["post-204033","post","type-post","status-publish","format-standard","has-post-thumbnail","hentry","category-mundo","tag-capa"],"acf":[],"yoast_head":"<!-- This site is optimized with the Yoast SEO plugin v27.2 - https:\/\/yoast.com\/product\/yoast-seo-wordpress\/ -->\n<title>Guaid\u00f3 desafia Maduro e chama o povo \u00e0s ruas - Notibras<\/title>\n<meta name=\"robots\" content=\"index, follow, max-snippet:-1, max-image-preview:large, max-video-preview:-1\" \/>\n<link rel=\"canonical\" href=\"https:\/\/www.notibras.com\/site\/guaido-desafia-maduro-e-chama-o-povo-as-ruas\/\" \/>\n<meta property=\"og:locale\" content=\"pt_BR\" \/>\n<meta property=\"og:type\" content=\"article\" \/>\n<meta property=\"og:title\" content=\"Guaid\u00f3 desafia Maduro e chama o povo \u00e0s ruas - Notibras\" \/>\n<meta property=\"og:description\" content=\"O l\u00edder opositor e autoproclamado presidente interino da Venezuela, Juan Guaid\u00f3, chegou ao pa\u00eds nesta segunda-feira, 4, com o risco de ser preso pelo regime chavista. &#8220;Acabamos de passar pela imigra\u00e7\u00e3o e seguiremos para onde est\u00e1 o nosso povo&#8221;, escreveu ele no Twitter. &#8220;Entramos como cidad\u00e3os livres, que ningu\u00e9m nos diga o contr\u00e1rio.&#8221; Guaid\u00f3 convocou [&hellip;]\" \/>\n<meta property=\"og:url\" content=\"https:\/\/www.notibras.com\/site\/guaido-desafia-maduro-e-chama-o-povo-as-ruas\/\" \/>\n<meta property=\"og:site_name\" content=\"Notibras\" \/>\n<meta property=\"article:publisher\" content=\"https:\/\/www.facebook.com\/notibras\/\" \/>\n<meta property=\"article:published_time\" content=\"2019-03-04T17:29:55+00:00\" \/>\n<meta property=\"og:image\" content=\"https:\/\/www.notibras.com\/site\/wp-content\/uploads\/2019\/03\/guaid\u00f3-4.jpg\" \/>\n\t<meta property=\"og:image:width\" content=\"1000\" \/>\n\t<meta property=\"og:image:height\" content=\"541\" \/>\n\t<meta property=\"og:image:type\" content=\"image\/jpeg\" \/>\n<meta name=\"author\" content=\"Reda\u00e7\u00e3o\" \/>\n<meta name=\"twitter:card\" content=\"summary_large_image\" \/>\n<meta name=\"twitter:creator\" content=\"@Notibras\" \/>\n<meta name=\"twitter:site\" content=\"@Notibras\" \/>\n<meta name=\"twitter:label1\" content=\"Escrito por\" \/>\n\t<meta name=\"twitter:data1\" content=\"Reda\u00e7\u00e3o\" \/>\n\t<meta name=\"twitter:label2\" content=\"Est. tempo de leitura\" \/>\n\t<meta name=\"twitter:data2\" content=\"3 minutos\" \/>\n<script type=\"application\/ld+json\" class=\"yoast-schema-graph\">{\"@context\":\"https:\/\/schema.org\",\"@graph\":[{\"@type\":\"Article\",\"@id\":\"https:\/\/www.notibras.com\/site\/guaido-desafia-maduro-e-chama-o-povo-as-ruas\/#article\",\"isPartOf\":{\"@id\":\"https:\/\/www.notibras.com\/site\/guaido-desafia-maduro-e-chama-o-povo-as-ruas\/\"},\"author\":{\"name\":\"Reda\u00e7\u00e3o\",\"@id\":\"https:\/\/www.notibras.com\/site\/#\/schema\/person\/36ab0979449956132d3e5b517ea76ac8\"},\"headline\":\"Guaid\u00f3 desafia Maduro e chama o povo \u00e0s ruas\",\"datePublished\":\"2019-03-04T17:29:55+00:00\",\"mainEntityOfPage\":{\"@id\":\"https:\/\/www.notibras.com\/site\/guaido-desafia-maduro-e-chama-o-povo-as-ruas\/\"},\"wordCount\":570,\"publisher\":{\"@id\":\"https:\/\/www.notibras.com\/site\/#organization\"},\"image\":{\"@id\":\"https:\/\/www.notibras.com\/site\/guaido-desafia-maduro-e-chama-o-povo-as-ruas\/#primaryimage\"},\"thumbnailUrl\":\"https:\/\/www.notibras.com\/site\/wp-content\/uploads\/2019\/03\/guaid\u00f3-4.jpg\",\"keywords\":[\"capa\"],\"articleSection\":[\"Mundo\"],\"inLanguage\":\"pt-BR\"},{\"@type\":\"WebPage\",\"@id\":\"https:\/\/www.notibras.com\/site\/guaido-desafia-maduro-e-chama-o-povo-as-ruas\/\",\"url\":\"https:\/\/www.notibras.com\/site\/guaido-desafia-maduro-e-chama-o-povo-as-ruas\/\",\"name\":\"Guaid\u00f3 desafia Maduro e chama o povo \u00e0s ruas - Notibras\",\"isPartOf\":{\"@id\":\"https:\/\/www.notibras.com\/site\/#website\"},\"primaryImageOfPage\":{\"@id\":\"https:\/\/www.notibras.com\/site\/guaido-desafia-maduro-e-chama-o-povo-as-ruas\/#primaryimage\"},\"image\":{\"@id\":\"https:\/\/www.notibras.com\/site\/guaido-desafia-maduro-e-chama-o-povo-as-ruas\/#primaryimage\"},\"thumbnailUrl\":\"https:\/\/www.notibras.com\/site\/wp-content\/uploads\/2019\/03\/guaid\u00f3-4.jpg\",\"datePublished\":\"2019-03-04T17:29:55+00:00\",\"breadcrumb\":{\"@id\":\"https:\/\/www.notibras.com\/site\/guaido-desafia-maduro-e-chama-o-povo-as-ruas\/#breadcrumb\"},\"inLanguage\":\"pt-BR\",\"potentialAction\":[{\"@type\":\"ReadAction\",\"target\":[\"https:\/\/www.notibras.com\/site\/guaido-desafia-maduro-e-chama-o-povo-as-ruas\/\"]}]},{\"@type\":\"ImageObject\",\"inLanguage\":\"pt-BR\",\"@id\":\"https:\/\/www.notibras.com\/site\/guaido-desafia-maduro-e-chama-o-povo-as-ruas\/#primaryimage\",\"url\":\"https:\/\/www.notibras.com\/site\/wp-content\/uploads\/2019\/03\/guaid\u00f3-4.jpg\",\"contentUrl\":\"https:\/\/www.notibras.com\/site\/wp-content\/uploads\/2019\/03\/guaid\u00f3-4.jpg\",\"width\":1000,\"height\":541,\"caption\":\"Foto: Rodrigo Buendia\/AFP - Estad\u00e3oConte\u00fado\"},{\"@type\":\"BreadcrumbList\",\"@id\":\"https:\/\/www.notibras.com\/site\/guaido-desafia-maduro-e-chama-o-povo-as-ruas\/#breadcrumb\",\"itemListElement\":[{\"@type\":\"ListItem\",\"position\":1,\"name\":\"In\u00edcio\",\"item\":\"https:\/\/www.notibras.com\/site\/\"},{\"@type\":\"ListItem\",\"position\":2,\"name\":\"Guaid\u00f3 desafia Maduro e chama o povo \u00e0s ruas\"}]},{\"@type\":\"WebSite\",\"@id\":\"https:\/\/www.notibras.com\/site\/#website\",\"url\":\"https:\/\/www.notibras.com\/site\/\",\"name\":\"Notibras\",\"description\":\"Not\u00edcias de Bras\u00edlia, do Brasil e do Mundo\",\"publisher\":{\"@id\":\"https:\/\/www.notibras.com\/site\/#organization\"},\"potentialAction\":[{\"@type\":\"SearchAction\",\"target\":{\"@type\":\"EntryPoint\",\"urlTemplate\":\"https:\/\/www.notibras.com\/site\/?s={search_term_string}\"},\"query-input\":{\"@type\":\"PropertyValueSpecification\",\"valueRequired\":true,\"valueName\":\"search_term_string\"}}],\"inLanguage\":\"pt-BR\"},{\"@type\":\"Organization\",\"@id\":\"https:\/\/www.notibras.com\/site\/#organization\",\"name\":\"Grupo Notibras de Comunica\u00e7\u00e3o\",\"url\":\"https:\/\/www.notibras.com\/site\/\",\"logo\":{\"@type\":\"ImageObject\",\"inLanguage\":\"pt-BR\",\"@id\":\"https:\/\/www.notibras.com\/site\/#\/schema\/logo\/image\/\",\"url\":\"https:\/\/www.notibras.com\/site\/wp-content\/uploads\/2023\/01\/notibras23.png\",\"contentUrl\":\"https:\/\/www.notibras.com\/site\/wp-content\/uploads\/2023\/01\/notibras23.png\",\"width\":350,\"height\":87,\"caption\":\"Grupo Notibras de Comunica\u00e7\u00e3o\"},\"image\":{\"@id\":\"https:\/\/www.notibras.com\/site\/#\/schema\/logo\/image\/\"},\"sameAs\":[\"https:\/\/www.facebook.com\/notibras\/\",\"https:\/\/x.com\/Notibras\",\"https:\/\/www.instagram.com\/notibras\/\"]},{\"@type\":\"Person\",\"@id\":\"https:\/\/www.notibras.com\/site\/#\/schema\/person\/36ab0979449956132d3e5b517ea76ac8\",\"name\":\"Reda\u00e7\u00e3o\",\"image\":{\"@type\":\"ImageObject\",\"inLanguage\":\"pt-BR\",\"@id\":\"https:\/\/secure.gravatar.com\/avatar\/e0a867bdedb85fd243eadf09663511f96fc81e0720a4a42581f334ad4303aa6b?s=96&d=mm&r=g\",\"url\":\"https:\/\/secure.gravatar.com\/avatar\/e0a867bdedb85fd243eadf09663511f96fc81e0720a4a42581f334ad4303aa6b?s=96&d=mm&r=g\",\"contentUrl\":\"https:\/\/secure.gravatar.com\/avatar\/e0a867bdedb85fd243eadf09663511f96fc81e0720a4a42581f334ad4303aa6b?s=96&d=mm&r=g\",\"caption\":\"Reda\u00e7\u00e3o\"}}]}<\/script>\n<!-- \/ Yoast SEO plugin. -->","yoast_head_json":{"title":"Guaid\u00f3 desafia Maduro e chama o povo \u00e0s ruas - Notibras","robots":{"index":"index","follow":"follow","max-snippet":"max-snippet:-1","max-image-preview":"max-image-preview:large","max-video-preview":"max-video-preview:-1"},"canonical":"https:\/\/www.notibras.com\/site\/guaido-desafia-maduro-e-chama-o-povo-as-ruas\/","og_locale":"pt_BR","og_type":"article","og_title":"Guaid\u00f3 desafia Maduro e chama o povo \u00e0s ruas - Notibras","og_description":"O l\u00edder opositor e autoproclamado presidente interino da Venezuela, Juan Guaid\u00f3, chegou ao pa\u00eds nesta segunda-feira, 4, com o risco de ser preso pelo regime chavista. &#8220;Acabamos de passar pela imigra\u00e7\u00e3o e seguiremos para onde est\u00e1 o nosso povo&#8221;, escreveu ele no Twitter. &#8220;Entramos como cidad\u00e3os livres, que ningu\u00e9m nos diga o contr\u00e1rio.&#8221; Guaid\u00f3 convocou [&hellip;]","og_url":"https:\/\/www.notibras.com\/site\/guaido-desafia-maduro-e-chama-o-povo-as-ruas\/","og_site_name":"Notibras","article_publisher":"https:\/\/www.facebook.com\/notibras\/","article_published_time":"2019-03-04T17:29:55+00:00","og_image":[{"width":1000,"height":541,"url":"https:\/\/www.notibras.com\/site\/wp-content\/uploads\/2019\/03\/guaid\u00f3-4.jpg","type":"image\/jpeg"}],"author":"Reda\u00e7\u00e3o","twitter_card":"summary_large_image","twitter_creator":"@Notibras","twitter_site":"@Notibras","twitter_misc":{"Escrito por":"Reda\u00e7\u00e3o","Est. tempo de leitura":"3 minutos"},"schema":{"@context":"https:\/\/schema.org","@graph":[{"@type":"Article","@id":"https:\/\/www.notibras.com\/site\/guaido-desafia-maduro-e-chama-o-povo-as-ruas\/#article","isPartOf":{"@id":"https:\/\/www.notibras.com\/site\/guaido-desafia-maduro-e-chama-o-povo-as-ruas\/"},"author":{"name":"Reda\u00e7\u00e3o","@id":"https:\/\/www.notibras.com\/site\/#\/schema\/person\/36ab0979449956132d3e5b517ea76ac8"},"headline":"Guaid\u00f3 desafia Maduro e chama o povo \u00e0s ruas","datePublished":"2019-03-04T17:29:55+00:00","mainEntityOfPage":{"@id":"https:\/\/www.notibras.com\/site\/guaido-desafia-maduro-e-chama-o-povo-as-ruas\/"},"wordCount":570,"publisher":{"@id":"https:\/\/www.notibras.com\/site\/#organization"},"image":{"@id":"https:\/\/www.notibras.com\/site\/guaido-desafia-maduro-e-chama-o-povo-as-ruas\/#primaryimage"},"thumbnailUrl":"https:\/\/www.notibras.com\/site\/wp-content\/uploads\/2019\/03\/guaid\u00f3-4.jpg","keywords":["capa"],"articleSection":["Mundo"],"inLanguage":"pt-BR"},{"@type":"WebPage","@id":"https:\/\/www.notibras.com\/site\/guaido-desafia-maduro-e-chama-o-povo-as-ruas\/","url":"https:\/\/www.notibras.com\/site\/guaido-desafia-maduro-e-chama-o-povo-as-ruas\/","name":"Guaid\u00f3 desafia Maduro e chama o povo \u00e0s ruas - Notibras","isPartOf":{"@id":"https:\/\/www.notibras.com\/site\/#website"},"primaryImageOfPage":{"@id":"https:\/\/www.notibras.com\/site\/guaido-desafia-maduro-e-chama-o-povo-as-ruas\/#primaryimage"},"image":{"@id":"https:\/\/www.notibras.com\/site\/guaido-desafia-maduro-e-chama-o-povo-as-ruas\/#primaryimage"},"thumbnailUrl":"https:\/\/www.notibras.com\/site\/wp-content\/uploads\/2019\/03\/guaid\u00f3-4.jpg","datePublished":"2019-03-04T17:29:55+00:00","breadcrumb":{"@id":"https:\/\/www.notibras.com\/site\/guaido-desafia-maduro-e-chama-o-povo-as-ruas\/#breadcrumb"},"inLanguage":"pt-BR","potentialAction":[{"@type":"ReadAction","target":["https:\/\/www.notibras.com\/site\/guaido-desafia-maduro-e-chama-o-povo-as-ruas\/"]}]},{"@type":"ImageObject","inLanguage":"pt-BR","@id":"https:\/\/www.notibras.com\/site\/guaido-desafia-maduro-e-chama-o-povo-as-ruas\/#primaryimage","url":"https:\/\/www.notibras.com\/site\/wp-content\/uploads\/2019\/03\/guaid\u00f3-4.jpg","contentUrl":"https:\/\/www.notibras.com\/site\/wp-content\/uploads\/2019\/03\/guaid\u00f3-4.jpg","width":1000,"height":541,"caption":"Foto: Rodrigo Buendia\/AFP - Estad\u00e3oConte\u00fado"},{"@type":"BreadcrumbList","@id":"https:\/\/www.notibras.com\/site\/guaido-desafia-maduro-e-chama-o-povo-as-ruas\/#breadcrumb","itemListElement":[{"@type":"ListItem","position":1,"name":"In\u00edcio","item":"https:\/\/www.notibras.com\/site\/"},{"@type":"ListItem","position":2,"name":"Guaid\u00f3 desafia Maduro e chama o povo \u00e0s ruas"}]},{"@type":"WebSite","@id":"https:\/\/www.notibras.com\/site\/#website","url":"https:\/\/www.notibras.com\/site\/","name":"Notibras","description":"Not\u00edcias de Bras\u00edlia, do Brasil e do Mundo","publisher":{"@id":"https:\/\/www.notibras.com\/site\/#organization"},"potentialAction":[{"@type":"SearchAction","target":{"@type":"EntryPoint","urlTemplate":"https:\/\/www.notibras.com\/site\/?s={search_term_string}"},"query-input":{"@type":"PropertyValueSpecification","valueRequired":true,"valueName":"search_term_string"}}],"inLanguage":"pt-BR"},{"@type":"Organization","@id":"https:\/\/www.notibras.com\/site\/#organization","name":"Grupo Notibras de Comunica\u00e7\u00e3o","url":"https:\/\/www.notibras.com\/site\/","logo":{"@type":"ImageObject","inLanguage":"pt-BR","@id":"https:\/\/www.notibras.com\/site\/#\/schema\/logo\/image\/","url":"https:\/\/www.notibras.com\/site\/wp-content\/uploads\/2023\/01\/notibras23.png","contentUrl":"https:\/\/www.notibras.com\/site\/wp-content\/uploads\/2023\/01\/notibras23.png","width":350,"height":87,"caption":"Grupo Notibras de Comunica\u00e7\u00e3o"},"image":{"@id":"https:\/\/www.notibras.com\/site\/#\/schema\/logo\/image\/"},"sameAs":["https:\/\/www.facebook.com\/notibras\/","https:\/\/x.com\/Notibras","https:\/\/www.instagram.com\/notibras\/"]},{"@type":"Person","@id":"https:\/\/www.notibras.com\/site\/#\/schema\/person\/36ab0979449956132d3e5b517ea76ac8","name":"Reda\u00e7\u00e3o","image":{"@type":"ImageObject","inLanguage":"pt-BR","@id":"https:\/\/secure.gravatar.com\/avatar\/e0a867bdedb85fd243eadf09663511f96fc81e0720a4a42581f334ad4303aa6b?s=96&d=mm&r=g","url":"https:\/\/secure.gravatar.com\/avatar\/e0a867bdedb85fd243eadf09663511f96fc81e0720a4a42581f334ad4303aa6b?s=96&d=mm&r=g","contentUrl":"https:\/\/secure.gravatar.com\/avatar\/e0a867bdedb85fd243eadf09663511f96fc81e0720a4a42581f334ad4303aa6b?s=96&d=mm&r=g","caption":"Reda\u00e7\u00e3o"}}]}},"amp_enabled":true,"_links":{"self":[{"href":"https:\/\/www.notibras.com\/site\/wp-json\/wp\/v2\/posts\/204033","targetHints":{"allow":["GET"]}}],"collection":[{"href":"https:\/\/www.notibras.com\/site\/wp-json\/wp\/v2\/posts"}],"about":[{"href":"https:\/\/www.notibras.com\/site\/wp-json\/wp\/v2\/types\/post"}],"author":[{"embeddable":true,"href":"https:\/\/www.notibras.com\/site\/wp-json\/wp\/v2\/users\/2"}],"replies":[{"embeddable":true,"href":"https:\/\/www.notibras.com\/site\/wp-json\/wp\/v2\/comments?post=204033"}],"version-history":[{"count":1,"href":"https:\/\/www.notibras.com\/site\/wp-json\/wp\/v2\/posts\/204033\/revisions"}],"predecessor-version":[{"id":204035,"href":"https:\/\/www.notibras.com\/site\/wp-json\/wp\/v2\/posts\/204033\/revisions\/204035"}],"wp:featuredmedia":[{"embeddable":true,"href":"https:\/\/www.notibras.com\/site\/wp-json\/wp\/v2\/media\/204034"}],"wp:attachment":[{"href":"https:\/\/www.notibras.com\/site\/wp-json\/wp\/v2\/media?parent=204033"}],"wp:term":[{"taxonomy":"category","embeddable":true,"href":"https:\/\/www.notibras.com\/site\/wp-json\/wp\/v2\/categories?post=204033"},{"taxonomy":"post_tag","embeddable":true,"href":"https:\/\/www.notibras.com\/site\/wp-json\/wp\/v2\/tags?post=204033"}],"curies":[{"name":"wp","href":"https:\/\/api.w.org\/{rel}","templated":true}]}}