{"id":204046,"date":"2019-03-04T17:53:22","date_gmt":"2019-03-04T20:53:22","guid":{"rendered":"https:\/\/www.notibras.com\/site\/?p=204046"},"modified":"2019-03-04T17:53:56","modified_gmt":"2019-03-04T20:53:56","slug":"lulista-preso-na-folia-acusa-pm-de-quebrar-braco","status":"publish","type":"post","link":"https:\/\/www.notibras.com\/site\/lulista-preso-na-folia-acusa-pm-de-quebrar-braco\/","title":{"rendered":"Lulista preso na folia acusa PM de quebrar o bra\u00e7o"},"content":{"rendered":"<p>Lideran\u00e7as do PT compartilharam um v\u00eddeo no Twitter nesta segunda-feira, 4, que mostra uma confus\u00e3o em uma delegacia de pol\u00edcia. Segundo eles, o v\u00eddeo mostra o presidente do diret\u00f3rio municipal do PT em Atibaia, Geovani Doratiotto, sendo detido. As lideran\u00e7as alegam que Doratiotto teria tido o bra\u00e7o quebrado pelos policiais.<\/p>\n<p>O v\u00eddeo mostra um homem com uma camisa escrito &#8220;Lula Livre&#8221;, que seria Geovani, discutindo com os policiais. O policial diz: &#8220;vou te algemar de novo.&#8221; E Geovani pergunta: &#8220;o que voc\u00ea vai fazer al\u00e9m de me algemar?&#8221; Depois, os PMs imobilizam Doratiotto, viram o bra\u00e7o dele e o colocam em uma cela. Nesse momento, ele diz: &#8220;quebrou meu bra\u00e7o, caramba!&#8221;<\/p>\n<p>A presidente nacional do PT, Gleisi Hoffmann, compartilhou o v\u00eddeo e disse que Geovani teve o bra\u00e7o quebrado pela PM ap\u00f3s ser agredido por apoiadores do presidente Jair Bolsonaro. Ela cobrou explica\u00e7\u00f5es ao governo de S\u00e3o Paulo e medidas duras de responsabiliza\u00e7\u00e3o. &#8220;At\u00e9 onde essa viol\u00eancia persistir\u00e1?&#8221;, questionou no Twitter.<\/p>\n<p>No Facebook, a namorada de Geovani, Pham Dal Bello, disse que os dois e outras pessoas estavam participando de uma a\u00e7\u00e3o contra o ass\u00e9dio no carnaval quando foram interceptados por apoiadores do presidente Jair Bolsonaro, a quem definiu como &#8220;bolsominions&#8221;. Segundo ela, Geovani vestia uma camiseta do ex-presidente Luiz In\u00e1cio Lula da Silva.<\/p>\n<p>De acordo com o relato de Pham, eles foram xingados e ofendidos e depois Geovani levou um murro no olho, teve o rosto pressionado contra o ch\u00e3o, e levou chutes na cabe\u00e7a e na costela Ainda conforme ela, quando chegaram \u00e0 delegacia, Geovani foi algemado com duas algemas e s\u00f3 o soltaram depois que Pham disse que ele era diab\u00e9tico e que as extremidades estavam machucadas e arroxeadas.<\/p>\n<p>&#8220;Quando questionamos o motivo dele ter sido algemado e os agressores estarem soltos do lado de fora, o policial disse que toda aquela agress\u00e3o era pouca&#8221;, disse Pham. Segundo ela, Geovani teve o bra\u00e7o quebrado por questionar as les\u00f5es e o uso de duas algemas. Pham afirmou que quebraram o \u00famero de Geovani e que ele perdeu o movimento dos dedos.<\/p>\n<p>Procurada, a Secretaria de Seguran\u00e7a P\u00fablica n\u00e3o retornou aos pedidos da reportagem at\u00e9 a publica\u00e7\u00e3o desta nota.<\/p>\n<p><strong>Assista ao v\u00eddeo:<\/strong><\/p>\n<blockquote class=\"twitter-tweet\" data-width=\"550\" data-dnt=\"true\">\n<p lang=\"pt\" dir=\"ltr\">Presidente do diret\u00f3rio municipal do PT Atibaia, Giovani Doratioto, tem bra\u00e7o quebrado pela PM ap\u00f3s ser agredido por bolsominions. Giovani estava c\/ camiseta Lula livre! At\u00e9 onde essa viol\u00eancia persistir\u00e1?! O gov de SP deve explica\u00e7\u00f5es e medidas duras de responsabiliza\u00e7\u00e3o <a href=\"https:\/\/t.co\/sFHdrmpMMX\">pic.twitter.com\/sFHdrmpMMX<\/a><\/p>\n<p>&mdash; Gleisi Lula Hoffmann (@gleisi) <a href=\"https:\/\/twitter.com\/gleisi\/status\/1102607860549193729?ref_src=twsrc%5Etfw\">March 4, 2019<\/a><\/p><\/blockquote>\n<p><script async src=\"https:\/\/platform.twitter.com\/widgets.js\" charset=\"utf-8\"><\/script><\/p>\n<p>&nbsp;<\/p>\n","protected":false},"excerpt":{"rendered":"<p>Lideran\u00e7as do PT compartilharam um v\u00eddeo no Twitter nesta segunda-feira, 4, que mostra uma confus\u00e3o em uma delegacia de pol\u00edcia. Segundo eles, o v\u00eddeo mostra o presidente do diret\u00f3rio municipal do PT em Atibaia, Geovani Doratiotto, sendo detido. As lideran\u00e7as alegam que Doratiotto teria tido o bra\u00e7o quebrado pelos policiais. O v\u00eddeo mostra um homem [&hellip;]<\/p>\n","protected":false},"author":2,"featured_media":204049,"comment_status":"closed","ping_status":"closed","sticky":false,"template":"","format":"standard","meta":{"_acf_changed":false,"footnotes":""},"categories":[16],"tags":[95],"class_list":["post-204046","post","type-post","status-publish","format-standard","has-post-thumbnail","hentry","category-brasil","tag-capa"],"acf":[],"yoast_head":"<!-- This site is optimized with the Yoast SEO plugin v27.2 - https:\/\/yoast.com\/product\/yoast-seo-wordpress\/ -->\n<title>Lulista preso na folia acusa PM de quebrar o bra\u00e7o - Notibras<\/title>\n<meta name=\"robots\" content=\"index, follow, max-snippet:-1, max-image-preview:large, max-video-preview:-1\" \/>\n<link rel=\"canonical\" href=\"https:\/\/www.notibras.com\/site\/lulista-preso-na-folia-acusa-pm-de-quebrar-braco\/\" \/>\n<meta property=\"og:locale\" content=\"pt_BR\" \/>\n<meta property=\"og:type\" content=\"article\" \/>\n<meta property=\"og:title\" content=\"Lulista preso na folia acusa PM de quebrar o bra\u00e7o - Notibras\" \/>\n<meta property=\"og:description\" content=\"Lideran\u00e7as do PT compartilharam um v\u00eddeo no Twitter nesta segunda-feira, 4, que mostra uma confus\u00e3o em uma delegacia de pol\u00edcia. Segundo eles, o v\u00eddeo mostra o presidente do diret\u00f3rio municipal do PT em Atibaia, Geovani Doratiotto, sendo detido. As lideran\u00e7as alegam que Doratiotto teria tido o bra\u00e7o quebrado pelos policiais. O v\u00eddeo mostra um homem [&hellip;]\" \/>\n<meta property=\"og:url\" content=\"https:\/\/www.notibras.com\/site\/lulista-preso-na-folia-acusa-pm-de-quebrar-braco\/\" \/>\n<meta property=\"og:site_name\" content=\"Notibras\" \/>\n<meta property=\"article:publisher\" content=\"https:\/\/www.facebook.com\/notibras\/\" \/>\n<meta property=\"article:published_time\" content=\"2019-03-04T20:53:22+00:00\" \/>\n<meta property=\"article:modified_time\" content=\"2019-03-04T20:53:56+00:00\" \/>\n<meta property=\"og:image\" content=\"https:\/\/www.notibras.com\/site\/wp-content\/uploads\/2019\/03\/lulista-preso.jpg\" \/>\n\t<meta property=\"og:image:width\" content=\"932\" \/>\n\t<meta property=\"og:image:height\" content=\"856\" \/>\n\t<meta property=\"og:image:type\" content=\"image\/jpeg\" \/>\n<meta name=\"author\" content=\"Reda\u00e7\u00e3o\" \/>\n<meta name=\"twitter:card\" content=\"summary_large_image\" \/>\n<meta name=\"twitter:creator\" content=\"@Notibras\" \/>\n<meta name=\"twitter:site\" content=\"@Notibras\" \/>\n<meta name=\"twitter:label1\" content=\"Escrito por\" \/>\n\t<meta name=\"twitter:data1\" content=\"Reda\u00e7\u00e3o\" \/>\n\t<meta name=\"twitter:label2\" content=\"Est. tempo de leitura\" \/>\n\t<meta name=\"twitter:data2\" content=\"2 minutos\" \/>\n<script type=\"application\/ld+json\" class=\"yoast-schema-graph\">{\"@context\":\"https:\/\/schema.org\",\"@graph\":[{\"@type\":\"Article\",\"@id\":\"https:\/\/www.notibras.com\/site\/lulista-preso-na-folia-acusa-pm-de-quebrar-braco\/#article\",\"isPartOf\":{\"@id\":\"https:\/\/www.notibras.com\/site\/lulista-preso-na-folia-acusa-pm-de-quebrar-braco\/\"},\"author\":{\"name\":\"Reda\u00e7\u00e3o\",\"@id\":\"https:\/\/www.notibras.com\/site\/#\/schema\/person\/36ab0979449956132d3e5b517ea76ac8\"},\"headline\":\"Lulista preso na folia acusa PM de quebrar o bra\u00e7o\",\"datePublished\":\"2019-03-04T20:53:22+00:00\",\"dateModified\":\"2019-03-04T20:53:56+00:00\",\"mainEntityOfPage\":{\"@id\":\"https:\/\/www.notibras.com\/site\/lulista-preso-na-folia-acusa-pm-de-quebrar-braco\/\"},\"wordCount\":411,\"publisher\":{\"@id\":\"https:\/\/www.notibras.com\/site\/#organization\"},\"image\":{\"@id\":\"https:\/\/www.notibras.com\/site\/lulista-preso-na-folia-acusa-pm-de-quebrar-braco\/#primaryimage\"},\"thumbnailUrl\":\"https:\/\/www.notibras.com\/site\/wp-content\/uploads\/2019\/03\/lulista-preso.jpg\",\"keywords\":[\"capa\"],\"articleSection\":[\"Brasil\"],\"inLanguage\":\"pt-BR\"},{\"@type\":\"WebPage\",\"@id\":\"https:\/\/www.notibras.com\/site\/lulista-preso-na-folia-acusa-pm-de-quebrar-braco\/\",\"url\":\"https:\/\/www.notibras.com\/site\/lulista-preso-na-folia-acusa-pm-de-quebrar-braco\/\",\"name\":\"Lulista preso na folia acusa PM de quebrar o bra\u00e7o - Notibras\",\"isPartOf\":{\"@id\":\"https:\/\/www.notibras.com\/site\/#website\"},\"primaryImageOfPage\":{\"@id\":\"https:\/\/www.notibras.com\/site\/lulista-preso-na-folia-acusa-pm-de-quebrar-braco\/#primaryimage\"},\"image\":{\"@id\":\"https:\/\/www.notibras.com\/site\/lulista-preso-na-folia-acusa-pm-de-quebrar-braco\/#primaryimage\"},\"thumbnailUrl\":\"https:\/\/www.notibras.com\/site\/wp-content\/uploads\/2019\/03\/lulista-preso.jpg\",\"datePublished\":\"2019-03-04T20:53:22+00:00\",\"dateModified\":\"2019-03-04T20:53:56+00:00\",\"breadcrumb\":{\"@id\":\"https:\/\/www.notibras.com\/site\/lulista-preso-na-folia-acusa-pm-de-quebrar-braco\/#breadcrumb\"},\"inLanguage\":\"pt-BR\",\"potentialAction\":[{\"@type\":\"ReadAction\",\"target\":[\"https:\/\/www.notibras.com\/site\/lulista-preso-na-folia-acusa-pm-de-quebrar-braco\/\"]}]},{\"@type\":\"ImageObject\",\"inLanguage\":\"pt-BR\",\"@id\":\"https:\/\/www.notibras.com\/site\/lulista-preso-na-folia-acusa-pm-de-quebrar-braco\/#primaryimage\",\"url\":\"https:\/\/www.notibras.com\/site\/wp-content\/uploads\/2019\/03\/lulista-preso.jpg\",\"contentUrl\":\"https:\/\/www.notibras.com\/site\/wp-content\/uploads\/2019\/03\/lulista-preso.jpg\",\"width\":932,\"height\":856,\"caption\":\"Foto\/Reprodu\u00e7\u00e3o\"},{\"@type\":\"BreadcrumbList\",\"@id\":\"https:\/\/www.notibras.com\/site\/lulista-preso-na-folia-acusa-pm-de-quebrar-braco\/#breadcrumb\",\"itemListElement\":[{\"@type\":\"ListItem\",\"position\":1,\"name\":\"In\u00edcio\",\"item\":\"https:\/\/www.notibras.com\/site\/\"},{\"@type\":\"ListItem\",\"position\":2,\"name\":\"Lulista preso na folia acusa PM de quebrar o bra\u00e7o\"}]},{\"@type\":\"WebSite\",\"@id\":\"https:\/\/www.notibras.com\/site\/#website\",\"url\":\"https:\/\/www.notibras.com\/site\/\",\"name\":\"Notibras\",\"description\":\"Not\u00edcias de Bras\u00edlia, do Brasil e do Mundo\",\"publisher\":{\"@id\":\"https:\/\/www.notibras.com\/site\/#organization\"},\"potentialAction\":[{\"@type\":\"SearchAction\",\"target\":{\"@type\":\"EntryPoint\",\"urlTemplate\":\"https:\/\/www.notibras.com\/site\/?s={search_term_string}\"},\"query-input\":{\"@type\":\"PropertyValueSpecification\",\"valueRequired\":true,\"valueName\":\"search_term_string\"}}],\"inLanguage\":\"pt-BR\"},{\"@type\":\"Organization\",\"@id\":\"https:\/\/www.notibras.com\/site\/#organization\",\"name\":\"Grupo Notibras de Comunica\u00e7\u00e3o\",\"url\":\"https:\/\/www.notibras.com\/site\/\",\"logo\":{\"@type\":\"ImageObject\",\"inLanguage\":\"pt-BR\",\"@id\":\"https:\/\/www.notibras.com\/site\/#\/schema\/logo\/image\/\",\"url\":\"https:\/\/www.notibras.com\/site\/wp-content\/uploads\/2023\/01\/notibras23.png\",\"contentUrl\":\"https:\/\/www.notibras.com\/site\/wp-content\/uploads\/2023\/01\/notibras23.png\",\"width\":350,\"height\":87,\"caption\":\"Grupo Notibras de Comunica\u00e7\u00e3o\"},\"image\":{\"@id\":\"https:\/\/www.notibras.com\/site\/#\/schema\/logo\/image\/\"},\"sameAs\":[\"https:\/\/www.facebook.com\/notibras\/\",\"https:\/\/x.com\/Notibras\",\"https:\/\/www.instagram.com\/notibras\/\"]},{\"@type\":\"Person\",\"@id\":\"https:\/\/www.notibras.com\/site\/#\/schema\/person\/36ab0979449956132d3e5b517ea76ac8\",\"name\":\"Reda\u00e7\u00e3o\",\"image\":{\"@type\":\"ImageObject\",\"inLanguage\":\"pt-BR\",\"@id\":\"https:\/\/secure.gravatar.com\/avatar\/e0a867bdedb85fd243eadf09663511f96fc81e0720a4a42581f334ad4303aa6b?s=96&d=mm&r=g\",\"url\":\"https:\/\/secure.gravatar.com\/avatar\/e0a867bdedb85fd243eadf09663511f96fc81e0720a4a42581f334ad4303aa6b?s=96&d=mm&r=g\",\"contentUrl\":\"https:\/\/secure.gravatar.com\/avatar\/e0a867bdedb85fd243eadf09663511f96fc81e0720a4a42581f334ad4303aa6b?s=96&d=mm&r=g\",\"caption\":\"Reda\u00e7\u00e3o\"}}]}<\/script>\n<!-- \/ Yoast SEO plugin. -->","yoast_head_json":{"title":"Lulista preso na folia acusa PM de quebrar o bra\u00e7o - Notibras","robots":{"index":"index","follow":"follow","max-snippet":"max-snippet:-1","max-image-preview":"max-image-preview:large","max-video-preview":"max-video-preview:-1"},"canonical":"https:\/\/www.notibras.com\/site\/lulista-preso-na-folia-acusa-pm-de-quebrar-braco\/","og_locale":"pt_BR","og_type":"article","og_title":"Lulista preso na folia acusa PM de quebrar o bra\u00e7o - Notibras","og_description":"Lideran\u00e7as do PT compartilharam um v\u00eddeo no Twitter nesta segunda-feira, 4, que mostra uma confus\u00e3o em uma delegacia de pol\u00edcia. Segundo eles, o v\u00eddeo mostra o presidente do diret\u00f3rio municipal do PT em Atibaia, Geovani Doratiotto, sendo detido. As lideran\u00e7as alegam que Doratiotto teria tido o bra\u00e7o quebrado pelos policiais. O v\u00eddeo mostra um homem [&hellip;]","og_url":"https:\/\/www.notibras.com\/site\/lulista-preso-na-folia-acusa-pm-de-quebrar-braco\/","og_site_name":"Notibras","article_publisher":"https:\/\/www.facebook.com\/notibras\/","article_published_time":"2019-03-04T20:53:22+00:00","article_modified_time":"2019-03-04T20:53:56+00:00","og_image":[{"width":932,"height":856,"url":"https:\/\/www.notibras.com\/site\/wp-content\/uploads\/2019\/03\/lulista-preso.jpg","type":"image\/jpeg"}],"author":"Reda\u00e7\u00e3o","twitter_card":"summary_large_image","twitter_creator":"@Notibras","twitter_site":"@Notibras","twitter_misc":{"Escrito por":"Reda\u00e7\u00e3o","Est. tempo de leitura":"2 minutos"},"schema":{"@context":"https:\/\/schema.org","@graph":[{"@type":"Article","@id":"https:\/\/www.notibras.com\/site\/lulista-preso-na-folia-acusa-pm-de-quebrar-braco\/#article","isPartOf":{"@id":"https:\/\/www.notibras.com\/site\/lulista-preso-na-folia-acusa-pm-de-quebrar-braco\/"},"author":{"name":"Reda\u00e7\u00e3o","@id":"https:\/\/www.notibras.com\/site\/#\/schema\/person\/36ab0979449956132d3e5b517ea76ac8"},"headline":"Lulista preso na folia acusa PM de quebrar o bra\u00e7o","datePublished":"2019-03-04T20:53:22+00:00","dateModified":"2019-03-04T20:53:56+00:00","mainEntityOfPage":{"@id":"https:\/\/www.notibras.com\/site\/lulista-preso-na-folia-acusa-pm-de-quebrar-braco\/"},"wordCount":411,"publisher":{"@id":"https:\/\/www.notibras.com\/site\/#organization"},"image":{"@id":"https:\/\/www.notibras.com\/site\/lulista-preso-na-folia-acusa-pm-de-quebrar-braco\/#primaryimage"},"thumbnailUrl":"https:\/\/www.notibras.com\/site\/wp-content\/uploads\/2019\/03\/lulista-preso.jpg","keywords":["capa"],"articleSection":["Brasil"],"inLanguage":"pt-BR"},{"@type":"WebPage","@id":"https:\/\/www.notibras.com\/site\/lulista-preso-na-folia-acusa-pm-de-quebrar-braco\/","url":"https:\/\/www.notibras.com\/site\/lulista-preso-na-folia-acusa-pm-de-quebrar-braco\/","name":"Lulista preso na folia acusa PM de quebrar o bra\u00e7o - Notibras","isPartOf":{"@id":"https:\/\/www.notibras.com\/site\/#website"},"primaryImageOfPage":{"@id":"https:\/\/www.notibras.com\/site\/lulista-preso-na-folia-acusa-pm-de-quebrar-braco\/#primaryimage"},"image":{"@id":"https:\/\/www.notibras.com\/site\/lulista-preso-na-folia-acusa-pm-de-quebrar-braco\/#primaryimage"},"thumbnailUrl":"https:\/\/www.notibras.com\/site\/wp-content\/uploads\/2019\/03\/lulista-preso.jpg","datePublished":"2019-03-04T20:53:22+00:00","dateModified":"2019-03-04T20:53:56+00:00","breadcrumb":{"@id":"https:\/\/www.notibras.com\/site\/lulista-preso-na-folia-acusa-pm-de-quebrar-braco\/#breadcrumb"},"inLanguage":"pt-BR","potentialAction":[{"@type":"ReadAction","target":["https:\/\/www.notibras.com\/site\/lulista-preso-na-folia-acusa-pm-de-quebrar-braco\/"]}]},{"@type":"ImageObject","inLanguage":"pt-BR","@id":"https:\/\/www.notibras.com\/site\/lulista-preso-na-folia-acusa-pm-de-quebrar-braco\/#primaryimage","url":"https:\/\/www.notibras.com\/site\/wp-content\/uploads\/2019\/03\/lulista-preso.jpg","contentUrl":"https:\/\/www.notibras.com\/site\/wp-content\/uploads\/2019\/03\/lulista-preso.jpg","width":932,"height":856,"caption":"Foto\/Reprodu\u00e7\u00e3o"},{"@type":"BreadcrumbList","@id":"https:\/\/www.notibras.com\/site\/lulista-preso-na-folia-acusa-pm-de-quebrar-braco\/#breadcrumb","itemListElement":[{"@type":"ListItem","position":1,"name":"In\u00edcio","item":"https:\/\/www.notibras.com\/site\/"},{"@type":"ListItem","position":2,"name":"Lulista preso na folia acusa PM de quebrar o bra\u00e7o"}]},{"@type":"WebSite","@id":"https:\/\/www.notibras.com\/site\/#website","url":"https:\/\/www.notibras.com\/site\/","name":"Notibras","description":"Not\u00edcias de Bras\u00edlia, do Brasil e do Mundo","publisher":{"@id":"https:\/\/www.notibras.com\/site\/#organization"},"potentialAction":[{"@type":"SearchAction","target":{"@type":"EntryPoint","urlTemplate":"https:\/\/www.notibras.com\/site\/?s={search_term_string}"},"query-input":{"@type":"PropertyValueSpecification","valueRequired":true,"valueName":"search_term_string"}}],"inLanguage":"pt-BR"},{"@type":"Organization","@id":"https:\/\/www.notibras.com\/site\/#organization","name":"Grupo Notibras de Comunica\u00e7\u00e3o","url":"https:\/\/www.notibras.com\/site\/","logo":{"@type":"ImageObject","inLanguage":"pt-BR","@id":"https:\/\/www.notibras.com\/site\/#\/schema\/logo\/image\/","url":"https:\/\/www.notibras.com\/site\/wp-content\/uploads\/2023\/01\/notibras23.png","contentUrl":"https:\/\/www.notibras.com\/site\/wp-content\/uploads\/2023\/01\/notibras23.png","width":350,"height":87,"caption":"Grupo Notibras de Comunica\u00e7\u00e3o"},"image":{"@id":"https:\/\/www.notibras.com\/site\/#\/schema\/logo\/image\/"},"sameAs":["https:\/\/www.facebook.com\/notibras\/","https:\/\/x.com\/Notibras","https:\/\/www.instagram.com\/notibras\/"]},{"@type":"Person","@id":"https:\/\/www.notibras.com\/site\/#\/schema\/person\/36ab0979449956132d3e5b517ea76ac8","name":"Reda\u00e7\u00e3o","image":{"@type":"ImageObject","inLanguage":"pt-BR","@id":"https:\/\/secure.gravatar.com\/avatar\/e0a867bdedb85fd243eadf09663511f96fc81e0720a4a42581f334ad4303aa6b?s=96&d=mm&r=g","url":"https:\/\/secure.gravatar.com\/avatar\/e0a867bdedb85fd243eadf09663511f96fc81e0720a4a42581f334ad4303aa6b?s=96&d=mm&r=g","contentUrl":"https:\/\/secure.gravatar.com\/avatar\/e0a867bdedb85fd243eadf09663511f96fc81e0720a4a42581f334ad4303aa6b?s=96&d=mm&r=g","caption":"Reda\u00e7\u00e3o"}}]}},"amp_enabled":true,"_links":{"self":[{"href":"https:\/\/www.notibras.com\/site\/wp-json\/wp\/v2\/posts\/204046","targetHints":{"allow":["GET"]}}],"collection":[{"href":"https:\/\/www.notibras.com\/site\/wp-json\/wp\/v2\/posts"}],"about":[{"href":"https:\/\/www.notibras.com\/site\/wp-json\/wp\/v2\/types\/post"}],"author":[{"embeddable":true,"href":"https:\/\/www.notibras.com\/site\/wp-json\/wp\/v2\/users\/2"}],"replies":[{"embeddable":true,"href":"https:\/\/www.notibras.com\/site\/wp-json\/wp\/v2\/comments?post=204046"}],"version-history":[{"count":2,"href":"https:\/\/www.notibras.com\/site\/wp-json\/wp\/v2\/posts\/204046\/revisions"}],"predecessor-version":[{"id":204051,"href":"https:\/\/www.notibras.com\/site\/wp-json\/wp\/v2\/posts\/204046\/revisions\/204051"}],"wp:featuredmedia":[{"embeddable":true,"href":"https:\/\/www.notibras.com\/site\/wp-json\/wp\/v2\/media\/204049"}],"wp:attachment":[{"href":"https:\/\/www.notibras.com\/site\/wp-json\/wp\/v2\/media?parent=204046"}],"wp:term":[{"taxonomy":"category","embeddable":true,"href":"https:\/\/www.notibras.com\/site\/wp-json\/wp\/v2\/categories?post=204046"},{"taxonomy":"post_tag","embeddable":true,"href":"https:\/\/www.notibras.com\/site\/wp-json\/wp\/v2\/tags?post=204046"}],"curies":[{"name":"wp","href":"https:\/\/api.w.org\/{rel}","templated":true}]}}