{"id":204059,"date":"2019-03-05T05:00:02","date_gmt":"2019-03-05T08:00:02","guid":{"rendered":"https:\/\/www.notibras.com\/site\/?p=204059"},"modified":"2019-03-05T05:52:06","modified_gmt":"2019-03-05T08:52:06","slug":"itamaraty-com-ciumes-decreta-caca-as-bruxas","status":"publish","type":"post","link":"https:\/\/www.notibras.com\/site\/itamaraty-com-ciumes-decreta-caca-as-bruxas\/","title":{"rendered":"Itamaraty, com ci\u00fames, decreta ca\u00e7a \u00e0s bruxas"},"content":{"rendered":"<p>O embaixador Paulo Roberto de Almeida, exonerado do cargo de presidente do Instituto de Pesquisa de Rela\u00e7\u00f5es Internacionais (Ipri), nesta segunda-feira, 4, afirmou que sua sa\u00edda aconteceu devido ao seu \u201cesp\u00edrito libert\u00e1rio\u201d, expresso principalmente em suas redes sociais. Almeida disse que j\u00e1 estava esperando a atitude do Itamaraty e critica a atua\u00e7\u00e3o do novo governo frente \u00e0 Casa.<\/p>\n<p>\u201cOs embaixadores est\u00e3o obedecendo a ministros de segunda classe no Itamaraty. E todas as secretarias s\u00e3o ocupadas por funcion\u00e1rios juniores, ou menos antigos dos que estavam antes\u201d, afirmou Almeida, que \u00e9 diplomata de carreira desde 1977 e j\u00e1 serviu em diversos postos no exterior, inclusive na B\u00e9lgica.<\/p>\n<p>Em rela\u00e7\u00e3o ao chanceler Ernesto Ara\u00fajo, diz que os pr\u00f3prios militares que integram o governo j\u00e1 demonstraram inc\u00f4modo com algumas de suas posturas. \u201cOs militares parecem tamb\u00e9m terem visto isso e adotaram uma esp\u00e9cie de \u2018cord\u00e3o sanit\u00e1rio\u2019 ao redor do chanceler\u201d, afirmou.<\/p>\n<p>Veja trechos da entrevista a seguir:<\/p>\n<p><strong>Como foi que o senhor ficou sabendo da sua exonera\u00e7\u00e3o?<\/strong><\/p>\n<p>Recebi um telefonema do Chefe de Gabinete do Ministro de Estado (Pedro Gustavo Ventura Wollny) reclamando das minhas postagens no meu blog pessoal. Realmente, coloquei aquela palestra do (Rubens) Ricupero na segunda-feira passada, coloquei o artigo do Fernando Henrique Cardoso, no domingo, e o pr\u00f3prio artigo do chanceler (Ernesto Ara\u00fajo) \u00e0 noite. E claro, teci coment\u00e1rios.<\/p>\n<p><strong>H\u00e1 tamb\u00e9m outras postagens, anteriores a estas, que s\u00e3o cr\u00edticas&#8230;<\/strong><\/p>\n<p>Sim, eu sou um esp\u00edrito libert\u00e1rio, enfim, acredito que posso debater tudo. Enfim, eles ficaram irritados e ele (Wollny) me telefonou para dizer que n\u00e3o era saud\u00e1vel.<\/p>\n<p><strong>O chefe de gabinete ent\u00e3o deixou claro que a exonera\u00e7\u00e3o tinha rela\u00e7\u00e3o com as postagens?<\/strong><\/p>\n<p>Sim, claro. Com meu blog, sem d\u00favida nenhuma. Mas isso j\u00e1 era previs\u00edvel. Eu j\u00e1 estava preparado. Porque o ministro de Estado demitiu todos os chefes da Casa. Desde antes de tomar posse, em dezembro, eles estavam anunciando que todos os subsecret\u00e1rios, os embaixadores, estavam dispensados. E no lugar, hoje, os embaixadores est\u00e3o obedecendo a ministros de segunda classe no Itamaraty. E todas as secretarias s\u00e3o ocupadas por funcion\u00e1rios juniores, ou menos antigos dos que estavam antes. H\u00e1 muito embaixador sem fun\u00e7\u00e3o, o que vai ser meu caso agora tamb\u00e9m.<\/p>\n<p><strong>Por que o senhor acredita que isso ocorreu?<\/strong><\/p>\n<p>Isso ocorreu porque o chanceler Ernesto Ara\u00fajo tamb\u00e9m \u00e9 um embaixador j\u00fanior. E ele est\u00e1 usando um crit\u00e9rio geracional, digamos assim, para renovar a chefia. O que pode ocorrer em determinadas circunst\u00e2ncias, mas o fato \u00e9 que houve uma quebra de hierarquia muito clara no Itamaraty desde janeiro. Houve tamb\u00e9m uma ruptura dos procedimentos quanto \u00e0 reforma na Casa, totalmente sem consulta, sem nenhuma prepara\u00e7\u00e3o.<\/p>\n<p><strong>Como o senhor v\u00ea o desempenho do chanceler at\u00e9 este momento?<\/strong><\/p>\n<p>N\u00e3o sou eu que estou vendo. Os jornalistas todos t\u00eam feito coment\u00e1rios sobre as posturas anti-globalista, anti-climatista, essas quest\u00f5es envolvendo a Venezuela. Os militares parecem tamb\u00e9m terem visto isso e adotaram uma esp\u00e9cie de \u201ccord\u00e3o sanit\u00e1rio\u201d ao redor do chanceler. Isso porque foram v\u00e1rias coisas anunciadas que eles tiveram de dizer n\u00e3o, como a base militar nos Estados Unidos, a postura anti-China, a mudan\u00e7a da nossa embaixada em Israel de Tel Aviv para Jerusal\u00e9m. Teve tamb\u00e9m uma primeira reuni\u00e3o do Grupo de Lima em que ele aceitou a cessa\u00e7\u00e3o de qualquer rela\u00e7\u00e3o militar com o governo de Nicol\u00e1s Maduro. H\u00e1 muitos elementos a\u00ed que criam um certo desconforto tanto na Casa quanto fora dela. Acredito que o fato de eu repercutir um pouco esse debate p\u00fablico incomodou um pouco.<\/p>\n<p><strong>O senhor acredita que ainda podem haver novas exonera\u00e7\u00f5es no Itamaraty?<\/strong><\/p>\n<p>V\u00e1rios embaixadores j\u00e1 foram exonerados de seus cargos que est\u00e3o sem fun\u00e7\u00e3o. Ent\u00e3o, acho que h\u00e1 essa perspectiva geracional. N\u00e3o conhe\u00e7o nenhum diplomata petista. Talvez tenha dois ou tr\u00eas, mas devem estar quietos. Essa coisa de limpar o petismo do Itamaraty, o marxismo cultural, isso \u00e9 uma grande bobagem. Porque o Itamaraty \u00e9 feito por profissionais, que, claro, atendem ao presidente, seguem a pol\u00edtica externa do Pal\u00e1cio. Algumas medidas tomadas recentemente s\u00e3o pouco compat\u00edveis com as chamadas tradi\u00e7\u00f5es do Itamaraty.<\/p>\n","protected":false},"excerpt":{"rendered":"<p>O embaixador Paulo Roberto de Almeida, exonerado do cargo de presidente do Instituto de Pesquisa de Rela\u00e7\u00f5es Internacionais (Ipri), nesta segunda-feira, 4, afirmou que sua sa\u00edda aconteceu devido ao seu \u201cesp\u00edrito libert\u00e1rio\u201d, expresso principalmente em suas redes sociais. Almeida disse que j\u00e1 estava esperando a atitude do Itamaraty e critica a atua\u00e7\u00e3o do novo governo [&hellip;]<\/p>\n","protected":false},"author":2,"featured_media":204060,"comment_status":"closed","ping_status":"closed","sticky":false,"template":"","format":"standard","meta":{"_acf_changed":false,"footnotes":""},"categories":[16],"tags":[95],"class_list":["post-204059","post","type-post","status-publish","format-standard","has-post-thumbnail","hentry","category-brasil","tag-capa"],"acf":[],"yoast_head":"<!-- This site is optimized with the Yoast SEO plugin v27.2 - https:\/\/yoast.com\/product\/yoast-seo-wordpress\/ -->\n<title>Itamaraty, com ci\u00fames, decreta ca\u00e7a \u00e0s bruxas - Notibras<\/title>\n<meta name=\"robots\" content=\"index, follow, max-snippet:-1, max-image-preview:large, max-video-preview:-1\" \/>\n<link rel=\"canonical\" href=\"https:\/\/www.notibras.com\/site\/itamaraty-com-ciumes-decreta-caca-as-bruxas\/\" \/>\n<meta property=\"og:locale\" content=\"pt_BR\" \/>\n<meta property=\"og:type\" content=\"article\" \/>\n<meta property=\"og:title\" content=\"Itamaraty, com ci\u00fames, decreta ca\u00e7a \u00e0s bruxas - Notibras\" \/>\n<meta property=\"og:description\" content=\"O embaixador Paulo Roberto de Almeida, exonerado do cargo de presidente do Instituto de Pesquisa de Rela\u00e7\u00f5es Internacionais (Ipri), nesta segunda-feira, 4, afirmou que sua sa\u00edda aconteceu devido ao seu \u201cesp\u00edrito libert\u00e1rio\u201d, expresso principalmente em suas redes sociais. Almeida disse que j\u00e1 estava esperando a atitude do Itamaraty e critica a atua\u00e7\u00e3o do novo governo [&hellip;]\" \/>\n<meta property=\"og:url\" content=\"https:\/\/www.notibras.com\/site\/itamaraty-com-ciumes-decreta-caca-as-bruxas\/\" \/>\n<meta property=\"og:site_name\" content=\"Notibras\" \/>\n<meta property=\"article:publisher\" content=\"https:\/\/www.facebook.com\/notibras\/\" \/>\n<meta property=\"article:published_time\" content=\"2019-03-05T08:00:02+00:00\" \/>\n<meta property=\"article:modified_time\" content=\"2019-03-05T08:52:06+00:00\" \/>\n<meta property=\"og:image\" content=\"https:\/\/www.notibras.com\/site\/wp-content\/uploads\/2019\/03\/embaixador-paulo-roberto.jpg\" \/>\n\t<meta property=\"og:image:width\" content=\"932\" \/>\n\t<meta property=\"og:image:height\" content=\"621\" \/>\n\t<meta property=\"og:image:type\" content=\"image\/jpeg\" \/>\n<meta name=\"author\" content=\"Reda\u00e7\u00e3o\" \/>\n<meta name=\"twitter:card\" content=\"summary_large_image\" \/>\n<meta name=\"twitter:creator\" content=\"@Notibras\" \/>\n<meta name=\"twitter:site\" content=\"@Notibras\" \/>\n<meta name=\"twitter:label1\" content=\"Escrito por\" \/>\n\t<meta name=\"twitter:data1\" content=\"Reda\u00e7\u00e3o\" \/>\n\t<meta name=\"twitter:label2\" content=\"Est. tempo de leitura\" \/>\n\t<meta name=\"twitter:data2\" content=\"4 minutos\" \/>\n<script type=\"application\/ld+json\" class=\"yoast-schema-graph\">{\"@context\":\"https:\/\/schema.org\",\"@graph\":[{\"@type\":\"Article\",\"@id\":\"https:\/\/www.notibras.com\/site\/itamaraty-com-ciumes-decreta-caca-as-bruxas\/#article\",\"isPartOf\":{\"@id\":\"https:\/\/www.notibras.com\/site\/itamaraty-com-ciumes-decreta-caca-as-bruxas\/\"},\"author\":{\"name\":\"Reda\u00e7\u00e3o\",\"@id\":\"https:\/\/www.notibras.com\/site\/#\/schema\/person\/36ab0979449956132d3e5b517ea76ac8\"},\"headline\":\"Itamaraty, com ci\u00fames, decreta ca\u00e7a \u00e0s bruxas\",\"datePublished\":\"2019-03-05T08:00:02+00:00\",\"dateModified\":\"2019-03-05T08:52:06+00:00\",\"mainEntityOfPage\":{\"@id\":\"https:\/\/www.notibras.com\/site\/itamaraty-com-ciumes-decreta-caca-as-bruxas\/\"},\"wordCount\":741,\"publisher\":{\"@id\":\"https:\/\/www.notibras.com\/site\/#organization\"},\"image\":{\"@id\":\"https:\/\/www.notibras.com\/site\/itamaraty-com-ciumes-decreta-caca-as-bruxas\/#primaryimage\"},\"thumbnailUrl\":\"https:\/\/www.notibras.com\/site\/wp-content\/uploads\/2019\/03\/embaixador-paulo-roberto.jpg\",\"keywords\":[\"capa\"],\"articleSection\":[\"Brasil\"],\"inLanguage\":\"pt-BR\"},{\"@type\":\"WebPage\",\"@id\":\"https:\/\/www.notibras.com\/site\/itamaraty-com-ciumes-decreta-caca-as-bruxas\/\",\"url\":\"https:\/\/www.notibras.com\/site\/itamaraty-com-ciumes-decreta-caca-as-bruxas\/\",\"name\":\"Itamaraty, com ci\u00fames, decreta ca\u00e7a \u00e0s bruxas - Notibras\",\"isPartOf\":{\"@id\":\"https:\/\/www.notibras.com\/site\/#website\"},\"primaryImageOfPage\":{\"@id\":\"https:\/\/www.notibras.com\/site\/itamaraty-com-ciumes-decreta-caca-as-bruxas\/#primaryimage\"},\"image\":{\"@id\":\"https:\/\/www.notibras.com\/site\/itamaraty-com-ciumes-decreta-caca-as-bruxas\/#primaryimage\"},\"thumbnailUrl\":\"https:\/\/www.notibras.com\/site\/wp-content\/uploads\/2019\/03\/embaixador-paulo-roberto.jpg\",\"datePublished\":\"2019-03-05T08:00:02+00:00\",\"dateModified\":\"2019-03-05T08:52:06+00:00\",\"breadcrumb\":{\"@id\":\"https:\/\/www.notibras.com\/site\/itamaraty-com-ciumes-decreta-caca-as-bruxas\/#breadcrumb\"},\"inLanguage\":\"pt-BR\",\"potentialAction\":[{\"@type\":\"ReadAction\",\"target\":[\"https:\/\/www.notibras.com\/site\/itamaraty-com-ciumes-decreta-caca-as-bruxas\/\"]}]},{\"@type\":\"ImageObject\",\"inLanguage\":\"pt-BR\",\"@id\":\"https:\/\/www.notibras.com\/site\/itamaraty-com-ciumes-decreta-caca-as-bruxas\/#primaryimage\",\"url\":\"https:\/\/www.notibras.com\/site\/wp-content\/uploads\/2019\/03\/embaixador-paulo-roberto.jpg\",\"contentUrl\":\"https:\/\/www.notibras.com\/site\/wp-content\/uploads\/2019\/03\/embaixador-paulo-roberto.jpg\",\"width\":932,\"height\":621,\"caption\":\"Foto\/Arquivo Notibras\"},{\"@type\":\"BreadcrumbList\",\"@id\":\"https:\/\/www.notibras.com\/site\/itamaraty-com-ciumes-decreta-caca-as-bruxas\/#breadcrumb\",\"itemListElement\":[{\"@type\":\"ListItem\",\"position\":1,\"name\":\"In\u00edcio\",\"item\":\"https:\/\/www.notibras.com\/site\/\"},{\"@type\":\"ListItem\",\"position\":2,\"name\":\"Itamaraty, com ci\u00fames, decreta ca\u00e7a \u00e0s bruxas\"}]},{\"@type\":\"WebSite\",\"@id\":\"https:\/\/www.notibras.com\/site\/#website\",\"url\":\"https:\/\/www.notibras.com\/site\/\",\"name\":\"Notibras\",\"description\":\"Not\u00edcias de Bras\u00edlia, do Brasil e do Mundo\",\"publisher\":{\"@id\":\"https:\/\/www.notibras.com\/site\/#organization\"},\"potentialAction\":[{\"@type\":\"SearchAction\",\"target\":{\"@type\":\"EntryPoint\",\"urlTemplate\":\"https:\/\/www.notibras.com\/site\/?s={search_term_string}\"},\"query-input\":{\"@type\":\"PropertyValueSpecification\",\"valueRequired\":true,\"valueName\":\"search_term_string\"}}],\"inLanguage\":\"pt-BR\"},{\"@type\":\"Organization\",\"@id\":\"https:\/\/www.notibras.com\/site\/#organization\",\"name\":\"Grupo Notibras de Comunica\u00e7\u00e3o\",\"url\":\"https:\/\/www.notibras.com\/site\/\",\"logo\":{\"@type\":\"ImageObject\",\"inLanguage\":\"pt-BR\",\"@id\":\"https:\/\/www.notibras.com\/site\/#\/schema\/logo\/image\/\",\"url\":\"https:\/\/www.notibras.com\/site\/wp-content\/uploads\/2023\/01\/notibras23.png\",\"contentUrl\":\"https:\/\/www.notibras.com\/site\/wp-content\/uploads\/2023\/01\/notibras23.png\",\"width\":350,\"height\":87,\"caption\":\"Grupo Notibras de Comunica\u00e7\u00e3o\"},\"image\":{\"@id\":\"https:\/\/www.notibras.com\/site\/#\/schema\/logo\/image\/\"},\"sameAs\":[\"https:\/\/www.facebook.com\/notibras\/\",\"https:\/\/x.com\/Notibras\",\"https:\/\/www.instagram.com\/notibras\/\"]},{\"@type\":\"Person\",\"@id\":\"https:\/\/www.notibras.com\/site\/#\/schema\/person\/36ab0979449956132d3e5b517ea76ac8\",\"name\":\"Reda\u00e7\u00e3o\",\"image\":{\"@type\":\"ImageObject\",\"inLanguage\":\"pt-BR\",\"@id\":\"https:\/\/secure.gravatar.com\/avatar\/e0a867bdedb85fd243eadf09663511f96fc81e0720a4a42581f334ad4303aa6b?s=96&d=mm&r=g\",\"url\":\"https:\/\/secure.gravatar.com\/avatar\/e0a867bdedb85fd243eadf09663511f96fc81e0720a4a42581f334ad4303aa6b?s=96&d=mm&r=g\",\"contentUrl\":\"https:\/\/secure.gravatar.com\/avatar\/e0a867bdedb85fd243eadf09663511f96fc81e0720a4a42581f334ad4303aa6b?s=96&d=mm&r=g\",\"caption\":\"Reda\u00e7\u00e3o\"}}]}<\/script>\n<!-- \/ Yoast SEO plugin. -->","yoast_head_json":{"title":"Itamaraty, com ci\u00fames, decreta ca\u00e7a \u00e0s bruxas - Notibras","robots":{"index":"index","follow":"follow","max-snippet":"max-snippet:-1","max-image-preview":"max-image-preview:large","max-video-preview":"max-video-preview:-1"},"canonical":"https:\/\/www.notibras.com\/site\/itamaraty-com-ciumes-decreta-caca-as-bruxas\/","og_locale":"pt_BR","og_type":"article","og_title":"Itamaraty, com ci\u00fames, decreta ca\u00e7a \u00e0s bruxas - Notibras","og_description":"O embaixador Paulo Roberto de Almeida, exonerado do cargo de presidente do Instituto de Pesquisa de Rela\u00e7\u00f5es Internacionais (Ipri), nesta segunda-feira, 4, afirmou que sua sa\u00edda aconteceu devido ao seu \u201cesp\u00edrito libert\u00e1rio\u201d, expresso principalmente em suas redes sociais. Almeida disse que j\u00e1 estava esperando a atitude do Itamaraty e critica a atua\u00e7\u00e3o do novo governo [&hellip;]","og_url":"https:\/\/www.notibras.com\/site\/itamaraty-com-ciumes-decreta-caca-as-bruxas\/","og_site_name":"Notibras","article_publisher":"https:\/\/www.facebook.com\/notibras\/","article_published_time":"2019-03-05T08:00:02+00:00","article_modified_time":"2019-03-05T08:52:06+00:00","og_image":[{"width":932,"height":621,"url":"https:\/\/www.notibras.com\/site\/wp-content\/uploads\/2019\/03\/embaixador-paulo-roberto.jpg","type":"image\/jpeg"}],"author":"Reda\u00e7\u00e3o","twitter_card":"summary_large_image","twitter_creator":"@Notibras","twitter_site":"@Notibras","twitter_misc":{"Escrito por":"Reda\u00e7\u00e3o","Est. tempo de leitura":"4 minutos"},"schema":{"@context":"https:\/\/schema.org","@graph":[{"@type":"Article","@id":"https:\/\/www.notibras.com\/site\/itamaraty-com-ciumes-decreta-caca-as-bruxas\/#article","isPartOf":{"@id":"https:\/\/www.notibras.com\/site\/itamaraty-com-ciumes-decreta-caca-as-bruxas\/"},"author":{"name":"Reda\u00e7\u00e3o","@id":"https:\/\/www.notibras.com\/site\/#\/schema\/person\/36ab0979449956132d3e5b517ea76ac8"},"headline":"Itamaraty, com ci\u00fames, decreta ca\u00e7a \u00e0s bruxas","datePublished":"2019-03-05T08:00:02+00:00","dateModified":"2019-03-05T08:52:06+00:00","mainEntityOfPage":{"@id":"https:\/\/www.notibras.com\/site\/itamaraty-com-ciumes-decreta-caca-as-bruxas\/"},"wordCount":741,"publisher":{"@id":"https:\/\/www.notibras.com\/site\/#organization"},"image":{"@id":"https:\/\/www.notibras.com\/site\/itamaraty-com-ciumes-decreta-caca-as-bruxas\/#primaryimage"},"thumbnailUrl":"https:\/\/www.notibras.com\/site\/wp-content\/uploads\/2019\/03\/embaixador-paulo-roberto.jpg","keywords":["capa"],"articleSection":["Brasil"],"inLanguage":"pt-BR"},{"@type":"WebPage","@id":"https:\/\/www.notibras.com\/site\/itamaraty-com-ciumes-decreta-caca-as-bruxas\/","url":"https:\/\/www.notibras.com\/site\/itamaraty-com-ciumes-decreta-caca-as-bruxas\/","name":"Itamaraty, com ci\u00fames, decreta ca\u00e7a \u00e0s bruxas - Notibras","isPartOf":{"@id":"https:\/\/www.notibras.com\/site\/#website"},"primaryImageOfPage":{"@id":"https:\/\/www.notibras.com\/site\/itamaraty-com-ciumes-decreta-caca-as-bruxas\/#primaryimage"},"image":{"@id":"https:\/\/www.notibras.com\/site\/itamaraty-com-ciumes-decreta-caca-as-bruxas\/#primaryimage"},"thumbnailUrl":"https:\/\/www.notibras.com\/site\/wp-content\/uploads\/2019\/03\/embaixador-paulo-roberto.jpg","datePublished":"2019-03-05T08:00:02+00:00","dateModified":"2019-03-05T08:52:06+00:00","breadcrumb":{"@id":"https:\/\/www.notibras.com\/site\/itamaraty-com-ciumes-decreta-caca-as-bruxas\/#breadcrumb"},"inLanguage":"pt-BR","potentialAction":[{"@type":"ReadAction","target":["https:\/\/www.notibras.com\/site\/itamaraty-com-ciumes-decreta-caca-as-bruxas\/"]}]},{"@type":"ImageObject","inLanguage":"pt-BR","@id":"https:\/\/www.notibras.com\/site\/itamaraty-com-ciumes-decreta-caca-as-bruxas\/#primaryimage","url":"https:\/\/www.notibras.com\/site\/wp-content\/uploads\/2019\/03\/embaixador-paulo-roberto.jpg","contentUrl":"https:\/\/www.notibras.com\/site\/wp-content\/uploads\/2019\/03\/embaixador-paulo-roberto.jpg","width":932,"height":621,"caption":"Foto\/Arquivo Notibras"},{"@type":"BreadcrumbList","@id":"https:\/\/www.notibras.com\/site\/itamaraty-com-ciumes-decreta-caca-as-bruxas\/#breadcrumb","itemListElement":[{"@type":"ListItem","position":1,"name":"In\u00edcio","item":"https:\/\/www.notibras.com\/site\/"},{"@type":"ListItem","position":2,"name":"Itamaraty, com ci\u00fames, decreta ca\u00e7a \u00e0s bruxas"}]},{"@type":"WebSite","@id":"https:\/\/www.notibras.com\/site\/#website","url":"https:\/\/www.notibras.com\/site\/","name":"Notibras","description":"Not\u00edcias de Bras\u00edlia, do Brasil e do Mundo","publisher":{"@id":"https:\/\/www.notibras.com\/site\/#organization"},"potentialAction":[{"@type":"SearchAction","target":{"@type":"EntryPoint","urlTemplate":"https:\/\/www.notibras.com\/site\/?s={search_term_string}"},"query-input":{"@type":"PropertyValueSpecification","valueRequired":true,"valueName":"search_term_string"}}],"inLanguage":"pt-BR"},{"@type":"Organization","@id":"https:\/\/www.notibras.com\/site\/#organization","name":"Grupo Notibras de Comunica\u00e7\u00e3o","url":"https:\/\/www.notibras.com\/site\/","logo":{"@type":"ImageObject","inLanguage":"pt-BR","@id":"https:\/\/www.notibras.com\/site\/#\/schema\/logo\/image\/","url":"https:\/\/www.notibras.com\/site\/wp-content\/uploads\/2023\/01\/notibras23.png","contentUrl":"https:\/\/www.notibras.com\/site\/wp-content\/uploads\/2023\/01\/notibras23.png","width":350,"height":87,"caption":"Grupo Notibras de Comunica\u00e7\u00e3o"},"image":{"@id":"https:\/\/www.notibras.com\/site\/#\/schema\/logo\/image\/"},"sameAs":["https:\/\/www.facebook.com\/notibras\/","https:\/\/x.com\/Notibras","https:\/\/www.instagram.com\/notibras\/"]},{"@type":"Person","@id":"https:\/\/www.notibras.com\/site\/#\/schema\/person\/36ab0979449956132d3e5b517ea76ac8","name":"Reda\u00e7\u00e3o","image":{"@type":"ImageObject","inLanguage":"pt-BR","@id":"https:\/\/secure.gravatar.com\/avatar\/e0a867bdedb85fd243eadf09663511f96fc81e0720a4a42581f334ad4303aa6b?s=96&d=mm&r=g","url":"https:\/\/secure.gravatar.com\/avatar\/e0a867bdedb85fd243eadf09663511f96fc81e0720a4a42581f334ad4303aa6b?s=96&d=mm&r=g","contentUrl":"https:\/\/secure.gravatar.com\/avatar\/e0a867bdedb85fd243eadf09663511f96fc81e0720a4a42581f334ad4303aa6b?s=96&d=mm&r=g","caption":"Reda\u00e7\u00e3o"}}]}},"amp_enabled":true,"_links":{"self":[{"href":"https:\/\/www.notibras.com\/site\/wp-json\/wp\/v2\/posts\/204059","targetHints":{"allow":["GET"]}}],"collection":[{"href":"https:\/\/www.notibras.com\/site\/wp-json\/wp\/v2\/posts"}],"about":[{"href":"https:\/\/www.notibras.com\/site\/wp-json\/wp\/v2\/types\/post"}],"author":[{"embeddable":true,"href":"https:\/\/www.notibras.com\/site\/wp-json\/wp\/v2\/users\/2"}],"replies":[{"embeddable":true,"href":"https:\/\/www.notibras.com\/site\/wp-json\/wp\/v2\/comments?post=204059"}],"version-history":[{"count":3,"href":"https:\/\/www.notibras.com\/site\/wp-json\/wp\/v2\/posts\/204059\/revisions"}],"predecessor-version":[{"id":204063,"href":"https:\/\/www.notibras.com\/site\/wp-json\/wp\/v2\/posts\/204059\/revisions\/204063"}],"wp:featuredmedia":[{"embeddable":true,"href":"https:\/\/www.notibras.com\/site\/wp-json\/wp\/v2\/media\/204060"}],"wp:attachment":[{"href":"https:\/\/www.notibras.com\/site\/wp-json\/wp\/v2\/media?parent=204059"}],"wp:term":[{"taxonomy":"category","embeddable":true,"href":"https:\/\/www.notibras.com\/site\/wp-json\/wp\/v2\/categories?post=204059"},{"taxonomy":"post_tag","embeddable":true,"href":"https:\/\/www.notibras.com\/site\/wp-json\/wp\/v2\/tags?post=204059"}],"curies":[{"name":"wp","href":"https:\/\/api.w.org\/{rel}","templated":true}]}}