{"id":204085,"date":"2019-03-05T07:39:15","date_gmt":"2019-03-05T10:39:15","guid":{"rendered":"https:\/\/www.notibras.com\/site\/?p=204085"},"modified":"2019-03-05T08:52:04","modified_gmt":"2019-03-05T11:52:04","slug":"bolsonaro-vai-a-trump-afinar-o-discurso-militar-e-a-area-economica","status":"publish","type":"post","link":"https:\/\/www.notibras.com\/site\/bolsonaro-vai-a-trump-afinar-o-discurso-militar-e-a-area-economica\/","title":{"rendered":"Bolsonaro vai a Trump acertar \u00e1reas militar e econ\u00f4mica"},"content":{"rendered":"<p>A visita do presidente Jair Bolsonaro ao americano Donald Trump, no pr\u00f3ximo dia 19, ir\u00e1 resultar em uma declara\u00e7\u00e3o conjunta baseada em tr\u00eas pilares: a consagra\u00e7\u00e3o dos valores comuns, o an\u00fancio de medidas concretas \u2013 como a permiss\u00e3o de uso, por estrangeiros, da base de lan\u00e7amentos de foguetes de Alc\u00e2ntara, no Maranh\u00e3o \u2013 e a indica\u00e7\u00e3o de um caminho a ser perseguido na rela\u00e7\u00e3o Brasil-EUA, especialmente nas \u00e1reas econ\u00f4mica e comercial.<\/p>\n<p>O encontro com Trump na Casa Branca ser\u00e1 a primeira visita bilateral do presidente brasileiro desde a posse. A escolha dos EUA como primeiro destino \u00e9 significativa. O governo Bolsonaro tem deixado claro que h\u00e1 uma reorienta\u00e7\u00e3o da pol\u00edtica externa vigente no Pa\u00eds e busca uma aproxima\u00e7\u00e3o maior com os americanos.<\/p>\n<p>Ap\u00f3s vencer a elei\u00e7\u00e3o, Bolsonaro recebeu a visita do assessor de Seguran\u00e7a Nacional de Trump, John Bolton, e na posse, do secret\u00e1rio de Estado, Mike Pompeo. Semana passada, uma emiss\u00e1ria de Pompeo, Kim Breier, esteve em Bras\u00edlia para tratar de detalhes finais dos acordos que devem ser anunciados pelos dois pa\u00edses.<\/p>\n<p>Na declara\u00e7\u00e3o sobre a afinidade de valores, os governos Trump e Bolsonaro querem ir al\u00e9m da tradicional reafirma\u00e7\u00e3o de princ\u00edpios estruturais, como a celebra\u00e7\u00e3o da democracia, direitos humanos e estado de direito. As duas equipes pretendem incluir tamb\u00e9m uma manifesta\u00e7\u00e3o de converg\u00eancia de vis\u00e3o pol\u00edtica. Neste contexto, a crise na Venezuela servir\u00e1 de exemplo.<\/p>\n<p>O governo Trump v\u00ea no Brasil sob Bolsonaro um momento in\u00e9dito onde h\u00e1 mais faixas de concord\u00e2ncia do que de discord\u00e2ncia, n\u00e3o s\u00f3 pela admira\u00e7\u00e3o que parte do governo brasileiro nutre pelos americanos como pela estrutura da equipe econ\u00f4mica nomeada por Bolsonaro.<\/p>\n<p>Para uma ala do Itamaraty, no entanto, a mudan\u00e7a na rota da pol\u00edtica externa representa uma \u201cinflex\u00e3o\u201d, expressa pelo ex-embaixador Rubens Ricupero em palestra promovida pelo Centro Brasileiro de Rela\u00e7\u00f5es Internacionais (CEBRI), na Casa das Gar\u00e7as, no Rio de Janeiro na \u00faltima semana. Na ocasi\u00e3o, Ricupero criticou o alinhamento do novo Itamaraty aos EUA, afirmando que n\u00e3o v\u00ea limites nessa iniciativa.<\/p>\n<p><strong>Venezuela<\/strong> &#8211; A crise na Venezuela \u00e9 tema obrigat\u00f3rio do encontro entre os dois l\u00edderes. O Brasil, junto ao Grupo de Lima, foi uma das primeiras na\u00e7\u00f5es a seguir os EUA e reconhecer o presidente da Assembleia Nacional venezuelana, Juan Guaid\u00f3, como presidente interino do pa\u00eds. O apoio regional \u00e9 crucial para os EUA mostrarem que n\u00e3o est\u00e3o isolados na pol\u00edtica de endurecimento contra o regime de Nicol\u00e1s Maduro.<\/p>\n<p>O governo Bolsonaro est\u00e1 alinhado ao de Trump na crescente press\u00e3o a Maduro, mas a declara\u00e7\u00e3o do Brasil expressamente contr\u00e1ria a uma interven\u00e7\u00e3o militar no pa\u00eds vizinho foi o primeiro sinal ruim do novo governo brasileiro \u00e0 Casa Branca.<\/p>\n<p>Por\u00e9m, de acordo com autoridades presentes em reuni\u00f5es preparat\u00f3rias promovidas pelo chanceler Ernesto Ara\u00fajo em Washington, n\u00e3o houve press\u00e3o por parte dos americanos para que o Brasil apoiasse o discurso de Trump ou n\u00e3o se manifestasse a respeito do tema. Eles reconhecem, no entanto, que o discurso de que \u201ctodas as op\u00e7\u00f5es est\u00e3o sobre a mesa\u201d fica enfraquecido quando um dos vizinhos, como o Brasil, \u00e9 taxativo sobre a n\u00e3o interven\u00e7\u00e3o.<\/p>\n<p>O time de Trump n\u00e3o pretende, segundo os assessores do presidente, adotar uma interven\u00e7\u00e3o militar. Ao mesmo tempo, os americanos querem deixar essa amea\u00e7a viva como estrat\u00e9gia de for\u00e7a.<\/p>\n<p><strong>Alc\u00e2ntara<\/strong> &#8211; As equipes do Brasil e dos EUA consideram que o Acordo de Salvaguardas Tecnol\u00f3gicas, que permite a estrangeiros usar a base de lan\u00e7amentos de foguetes de Alc\u00e2ntara, no Maranh\u00e3o, est\u00e1 praticamente fechado. Se n\u00e3o for assinado na reuni\u00e3o entre Trump e Bolsonaro, ser\u00e1 ao menos anunciado pelos dois presidentes, segundo fontes envolvidas nas negocia\u00e7\u00f5es revelaram ao Estado.<\/p>\n<p>O acordo \u00e9 considerado o an\u00fancio estrat\u00e9gico a ser feito na visita, apesar de o tema ser negociado pelos dois pa\u00edses desde o governo de Fernando Henrique Cardoso. O governo Michel Temer tentou emplacar um novo texto, mas n\u00e3o prosperou. Al\u00e9m de pontos que ainda estavam em aberto, as negocia\u00e7\u00f5es entraram em compasso de espera aguardando o resultado da elei\u00e7\u00e3o.<\/p>\n<p>Para chegar a um consenso, os dois pa\u00edses mudaram trechos sens\u00edveis e tamb\u00e9m ajustaram termos amb\u00edguos. Os pa\u00edses concordaram em reformular, por exemplo, o trecho que determinava a exist\u00eancia de uma \u201c\u00e1rea segregada\u201d. A classifica\u00e7\u00e3o, segundo brasileiros, dava a entender que o Brasil estaria segregando parte do territ\u00f3rio aos americanos e perdendo soberania. O termo que passa a ser usado agora \u00e9 o de \u201c\u00e1rea controlada ou restrita\u201d.<\/p>\n<p>O acordo visa a dar prote\u00e7\u00e3o a tecnologias usadas no espa\u00e7o. Hoje, 80% do mercado espacial usa elementos da tecnologia americana e, sem o acordo com os EUA, a coopera\u00e7\u00e3o com outros pa\u00edses e empresas privadas fica travado. Com ele, o Brasil espera atrair investimento para a regi\u00e3o.<\/p>\n","protected":false},"excerpt":{"rendered":"<p>A visita do presidente Jair Bolsonaro ao americano Donald Trump, no pr\u00f3ximo dia 19, ir\u00e1 resultar em uma declara\u00e7\u00e3o conjunta baseada em tr\u00eas pilares: a consagra\u00e7\u00e3o dos valores comuns, o an\u00fancio de medidas concretas \u2013 como a permiss\u00e3o de uso, por estrangeiros, da base de lan\u00e7amentos de foguetes de Alc\u00e2ntara, no Maranh\u00e3o \u2013 e a [&hellip;]<\/p>\n","protected":false},"author":2,"featured_media":199647,"comment_status":"closed","ping_status":"closed","sticky":false,"template":"","format":"standard","meta":{"_acf_changed":false,"footnotes":""},"categories":[16],"tags":[95],"class_list":["post-204085","post","type-post","status-publish","format-standard","has-post-thumbnail","hentry","category-brasil","tag-capa"],"acf":[],"yoast_head":"<!-- This site is optimized with the Yoast SEO plugin v27.2 - https:\/\/yoast.com\/product\/yoast-seo-wordpress\/ -->\n<title>Bolsonaro vai a Trump acertar \u00e1reas militar e econ\u00f4mica - Notibras<\/title>\n<meta name=\"robots\" content=\"index, follow, max-snippet:-1, max-image-preview:large, max-video-preview:-1\" \/>\n<link rel=\"canonical\" href=\"https:\/\/www.notibras.com\/site\/bolsonaro-vai-a-trump-afinar-o-discurso-militar-e-a-area-economica\/\" \/>\n<meta property=\"og:locale\" content=\"pt_BR\" \/>\n<meta property=\"og:type\" content=\"article\" \/>\n<meta property=\"og:title\" content=\"Bolsonaro vai a Trump acertar \u00e1reas militar e econ\u00f4mica - Notibras\" \/>\n<meta property=\"og:description\" content=\"A visita do presidente Jair Bolsonaro ao americano Donald Trump, no pr\u00f3ximo dia 19, ir\u00e1 resultar em uma declara\u00e7\u00e3o conjunta baseada em tr\u00eas pilares: a consagra\u00e7\u00e3o dos valores comuns, o an\u00fancio de medidas concretas \u2013 como a permiss\u00e3o de uso, por estrangeiros, da base de lan\u00e7amentos de foguetes de Alc\u00e2ntara, no Maranh\u00e3o \u2013 e a [&hellip;]\" \/>\n<meta property=\"og:url\" content=\"https:\/\/www.notibras.com\/site\/bolsonaro-vai-a-trump-afinar-o-discurso-militar-e-a-area-economica\/\" \/>\n<meta property=\"og:site_name\" content=\"Notibras\" \/>\n<meta property=\"article:publisher\" content=\"https:\/\/www.facebook.com\/notibras\/\" \/>\n<meta property=\"article:published_time\" content=\"2019-03-05T10:39:15+00:00\" \/>\n<meta property=\"article:modified_time\" content=\"2019-03-05T11:52:04+00:00\" \/>\n<meta property=\"og:image\" content=\"https:\/\/www.notibras.com\/site\/wp-content\/uploads\/2019\/01\/bolsonaro.jpg\" \/>\n\t<meta property=\"og:image:width\" content=\"1024\" \/>\n\t<meta property=\"og:image:height\" content=\"681\" \/>\n\t<meta property=\"og:image:type\" content=\"image\/jpeg\" \/>\n<meta name=\"author\" content=\"Reda\u00e7\u00e3o\" \/>\n<meta name=\"twitter:card\" content=\"summary_large_image\" \/>\n<meta name=\"twitter:creator\" content=\"@Notibras\" \/>\n<meta name=\"twitter:site\" content=\"@Notibras\" \/>\n<meta name=\"twitter:label1\" content=\"Escrito por\" \/>\n\t<meta name=\"twitter:data1\" content=\"Reda\u00e7\u00e3o\" \/>\n\t<meta name=\"twitter:label2\" content=\"Est. tempo de leitura\" \/>\n\t<meta name=\"twitter:data2\" content=\"4 minutos\" \/>\n<script type=\"application\/ld+json\" class=\"yoast-schema-graph\">{\"@context\":\"https:\/\/schema.org\",\"@graph\":[{\"@type\":\"Article\",\"@id\":\"https:\/\/www.notibras.com\/site\/bolsonaro-vai-a-trump-afinar-o-discurso-militar-e-a-area-economica\/#article\",\"isPartOf\":{\"@id\":\"https:\/\/www.notibras.com\/site\/bolsonaro-vai-a-trump-afinar-o-discurso-militar-e-a-area-economica\/\"},\"author\":{\"name\":\"Reda\u00e7\u00e3o\",\"@id\":\"https:\/\/www.notibras.com\/site\/#\/schema\/person\/36ab0979449956132d3e5b517ea76ac8\"},\"headline\":\"Bolsonaro vai a Trump acertar \u00e1reas militar e econ\u00f4mica\",\"datePublished\":\"2019-03-05T10:39:15+00:00\",\"dateModified\":\"2019-03-05T11:52:04+00:00\",\"mainEntityOfPage\":{\"@id\":\"https:\/\/www.notibras.com\/site\/bolsonaro-vai-a-trump-afinar-o-discurso-militar-e-a-area-economica\/\"},\"wordCount\":875,\"publisher\":{\"@id\":\"https:\/\/www.notibras.com\/site\/#organization\"},\"image\":{\"@id\":\"https:\/\/www.notibras.com\/site\/bolsonaro-vai-a-trump-afinar-o-discurso-militar-e-a-area-economica\/#primaryimage\"},\"thumbnailUrl\":\"https:\/\/www.notibras.com\/site\/wp-content\/uploads\/2019\/01\/bolsonaro.jpg\",\"keywords\":[\"capa\"],\"articleSection\":[\"Brasil\"],\"inLanguage\":\"pt-BR\"},{\"@type\":\"WebPage\",\"@id\":\"https:\/\/www.notibras.com\/site\/bolsonaro-vai-a-trump-afinar-o-discurso-militar-e-a-area-economica\/\",\"url\":\"https:\/\/www.notibras.com\/site\/bolsonaro-vai-a-trump-afinar-o-discurso-militar-e-a-area-economica\/\",\"name\":\"Bolsonaro vai a Trump acertar \u00e1reas militar e econ\u00f4mica - Notibras\",\"isPartOf\":{\"@id\":\"https:\/\/www.notibras.com\/site\/#website\"},\"primaryImageOfPage\":{\"@id\":\"https:\/\/www.notibras.com\/site\/bolsonaro-vai-a-trump-afinar-o-discurso-militar-e-a-area-economica\/#primaryimage\"},\"image\":{\"@id\":\"https:\/\/www.notibras.com\/site\/bolsonaro-vai-a-trump-afinar-o-discurso-militar-e-a-area-economica\/#primaryimage\"},\"thumbnailUrl\":\"https:\/\/www.notibras.com\/site\/wp-content\/uploads\/2019\/01\/bolsonaro.jpg\",\"datePublished\":\"2019-03-05T10:39:15+00:00\",\"dateModified\":\"2019-03-05T11:52:04+00:00\",\"breadcrumb\":{\"@id\":\"https:\/\/www.notibras.com\/site\/bolsonaro-vai-a-trump-afinar-o-discurso-militar-e-a-area-economica\/#breadcrumb\"},\"inLanguage\":\"pt-BR\",\"potentialAction\":[{\"@type\":\"ReadAction\",\"target\":[\"https:\/\/www.notibras.com\/site\/bolsonaro-vai-a-trump-afinar-o-discurso-militar-e-a-area-economica\/\"]}]},{\"@type\":\"ImageObject\",\"inLanguage\":\"pt-BR\",\"@id\":\"https:\/\/www.notibras.com\/site\/bolsonaro-vai-a-trump-afinar-o-discurso-militar-e-a-area-economica\/#primaryimage\",\"url\":\"https:\/\/www.notibras.com\/site\/wp-content\/uploads\/2019\/01\/bolsonaro.jpg\",\"contentUrl\":\"https:\/\/www.notibras.com\/site\/wp-content\/uploads\/2019\/01\/bolsonaro.jpg\",\"width\":1024,\"height\":681,\"caption\":\"Foto: Marcelo Camargo\/ABr\"},{\"@type\":\"BreadcrumbList\",\"@id\":\"https:\/\/www.notibras.com\/site\/bolsonaro-vai-a-trump-afinar-o-discurso-militar-e-a-area-economica\/#breadcrumb\",\"itemListElement\":[{\"@type\":\"ListItem\",\"position\":1,\"name\":\"In\u00edcio\",\"item\":\"https:\/\/www.notibras.com\/site\/\"},{\"@type\":\"ListItem\",\"position\":2,\"name\":\"Bolsonaro vai a Trump acertar \u00e1reas militar e econ\u00f4mica\"}]},{\"@type\":\"WebSite\",\"@id\":\"https:\/\/www.notibras.com\/site\/#website\",\"url\":\"https:\/\/www.notibras.com\/site\/\",\"name\":\"Notibras\",\"description\":\"Not\u00edcias de Bras\u00edlia, do Brasil e do Mundo\",\"publisher\":{\"@id\":\"https:\/\/www.notibras.com\/site\/#organization\"},\"potentialAction\":[{\"@type\":\"SearchAction\",\"target\":{\"@type\":\"EntryPoint\",\"urlTemplate\":\"https:\/\/www.notibras.com\/site\/?s={search_term_string}\"},\"query-input\":{\"@type\":\"PropertyValueSpecification\",\"valueRequired\":true,\"valueName\":\"search_term_string\"}}],\"inLanguage\":\"pt-BR\"},{\"@type\":\"Organization\",\"@id\":\"https:\/\/www.notibras.com\/site\/#organization\",\"name\":\"Grupo Notibras de Comunica\u00e7\u00e3o\",\"url\":\"https:\/\/www.notibras.com\/site\/\",\"logo\":{\"@type\":\"ImageObject\",\"inLanguage\":\"pt-BR\",\"@id\":\"https:\/\/www.notibras.com\/site\/#\/schema\/logo\/image\/\",\"url\":\"https:\/\/www.notibras.com\/site\/wp-content\/uploads\/2023\/01\/notibras23.png\",\"contentUrl\":\"https:\/\/www.notibras.com\/site\/wp-content\/uploads\/2023\/01\/notibras23.png\",\"width\":350,\"height\":87,\"caption\":\"Grupo Notibras de Comunica\u00e7\u00e3o\"},\"image\":{\"@id\":\"https:\/\/www.notibras.com\/site\/#\/schema\/logo\/image\/\"},\"sameAs\":[\"https:\/\/www.facebook.com\/notibras\/\",\"https:\/\/x.com\/Notibras\",\"https:\/\/www.instagram.com\/notibras\/\"]},{\"@type\":\"Person\",\"@id\":\"https:\/\/www.notibras.com\/site\/#\/schema\/person\/36ab0979449956132d3e5b517ea76ac8\",\"name\":\"Reda\u00e7\u00e3o\",\"image\":{\"@type\":\"ImageObject\",\"inLanguage\":\"pt-BR\",\"@id\":\"https:\/\/secure.gravatar.com\/avatar\/e0a867bdedb85fd243eadf09663511f96fc81e0720a4a42581f334ad4303aa6b?s=96&d=mm&r=g\",\"url\":\"https:\/\/secure.gravatar.com\/avatar\/e0a867bdedb85fd243eadf09663511f96fc81e0720a4a42581f334ad4303aa6b?s=96&d=mm&r=g\",\"contentUrl\":\"https:\/\/secure.gravatar.com\/avatar\/e0a867bdedb85fd243eadf09663511f96fc81e0720a4a42581f334ad4303aa6b?s=96&d=mm&r=g\",\"caption\":\"Reda\u00e7\u00e3o\"}}]}<\/script>\n<!-- \/ Yoast SEO plugin. -->","yoast_head_json":{"title":"Bolsonaro vai a Trump acertar \u00e1reas militar e econ\u00f4mica - Notibras","robots":{"index":"index","follow":"follow","max-snippet":"max-snippet:-1","max-image-preview":"max-image-preview:large","max-video-preview":"max-video-preview:-1"},"canonical":"https:\/\/www.notibras.com\/site\/bolsonaro-vai-a-trump-afinar-o-discurso-militar-e-a-area-economica\/","og_locale":"pt_BR","og_type":"article","og_title":"Bolsonaro vai a Trump acertar \u00e1reas militar e econ\u00f4mica - Notibras","og_description":"A visita do presidente Jair Bolsonaro ao americano Donald Trump, no pr\u00f3ximo dia 19, ir\u00e1 resultar em uma declara\u00e7\u00e3o conjunta baseada em tr\u00eas pilares: a consagra\u00e7\u00e3o dos valores comuns, o an\u00fancio de medidas concretas \u2013 como a permiss\u00e3o de uso, por estrangeiros, da base de lan\u00e7amentos de foguetes de Alc\u00e2ntara, no Maranh\u00e3o \u2013 e a [&hellip;]","og_url":"https:\/\/www.notibras.com\/site\/bolsonaro-vai-a-trump-afinar-o-discurso-militar-e-a-area-economica\/","og_site_name":"Notibras","article_publisher":"https:\/\/www.facebook.com\/notibras\/","article_published_time":"2019-03-05T10:39:15+00:00","article_modified_time":"2019-03-05T11:52:04+00:00","og_image":[{"width":1024,"height":681,"url":"https:\/\/www.notibras.com\/site\/wp-content\/uploads\/2019\/01\/bolsonaro.jpg","type":"image\/jpeg"}],"author":"Reda\u00e7\u00e3o","twitter_card":"summary_large_image","twitter_creator":"@Notibras","twitter_site":"@Notibras","twitter_misc":{"Escrito por":"Reda\u00e7\u00e3o","Est. tempo de leitura":"4 minutos"},"schema":{"@context":"https:\/\/schema.org","@graph":[{"@type":"Article","@id":"https:\/\/www.notibras.com\/site\/bolsonaro-vai-a-trump-afinar-o-discurso-militar-e-a-area-economica\/#article","isPartOf":{"@id":"https:\/\/www.notibras.com\/site\/bolsonaro-vai-a-trump-afinar-o-discurso-militar-e-a-area-economica\/"},"author":{"name":"Reda\u00e7\u00e3o","@id":"https:\/\/www.notibras.com\/site\/#\/schema\/person\/36ab0979449956132d3e5b517ea76ac8"},"headline":"Bolsonaro vai a Trump acertar \u00e1reas militar e econ\u00f4mica","datePublished":"2019-03-05T10:39:15+00:00","dateModified":"2019-03-05T11:52:04+00:00","mainEntityOfPage":{"@id":"https:\/\/www.notibras.com\/site\/bolsonaro-vai-a-trump-afinar-o-discurso-militar-e-a-area-economica\/"},"wordCount":875,"publisher":{"@id":"https:\/\/www.notibras.com\/site\/#organization"},"image":{"@id":"https:\/\/www.notibras.com\/site\/bolsonaro-vai-a-trump-afinar-o-discurso-militar-e-a-area-economica\/#primaryimage"},"thumbnailUrl":"https:\/\/www.notibras.com\/site\/wp-content\/uploads\/2019\/01\/bolsonaro.jpg","keywords":["capa"],"articleSection":["Brasil"],"inLanguage":"pt-BR"},{"@type":"WebPage","@id":"https:\/\/www.notibras.com\/site\/bolsonaro-vai-a-trump-afinar-o-discurso-militar-e-a-area-economica\/","url":"https:\/\/www.notibras.com\/site\/bolsonaro-vai-a-trump-afinar-o-discurso-militar-e-a-area-economica\/","name":"Bolsonaro vai a Trump acertar \u00e1reas militar e econ\u00f4mica - Notibras","isPartOf":{"@id":"https:\/\/www.notibras.com\/site\/#website"},"primaryImageOfPage":{"@id":"https:\/\/www.notibras.com\/site\/bolsonaro-vai-a-trump-afinar-o-discurso-militar-e-a-area-economica\/#primaryimage"},"image":{"@id":"https:\/\/www.notibras.com\/site\/bolsonaro-vai-a-trump-afinar-o-discurso-militar-e-a-area-economica\/#primaryimage"},"thumbnailUrl":"https:\/\/www.notibras.com\/site\/wp-content\/uploads\/2019\/01\/bolsonaro.jpg","datePublished":"2019-03-05T10:39:15+00:00","dateModified":"2019-03-05T11:52:04+00:00","breadcrumb":{"@id":"https:\/\/www.notibras.com\/site\/bolsonaro-vai-a-trump-afinar-o-discurso-militar-e-a-area-economica\/#breadcrumb"},"inLanguage":"pt-BR","potentialAction":[{"@type":"ReadAction","target":["https:\/\/www.notibras.com\/site\/bolsonaro-vai-a-trump-afinar-o-discurso-militar-e-a-area-economica\/"]}]},{"@type":"ImageObject","inLanguage":"pt-BR","@id":"https:\/\/www.notibras.com\/site\/bolsonaro-vai-a-trump-afinar-o-discurso-militar-e-a-area-economica\/#primaryimage","url":"https:\/\/www.notibras.com\/site\/wp-content\/uploads\/2019\/01\/bolsonaro.jpg","contentUrl":"https:\/\/www.notibras.com\/site\/wp-content\/uploads\/2019\/01\/bolsonaro.jpg","width":1024,"height":681,"caption":"Foto: Marcelo Camargo\/ABr"},{"@type":"BreadcrumbList","@id":"https:\/\/www.notibras.com\/site\/bolsonaro-vai-a-trump-afinar-o-discurso-militar-e-a-area-economica\/#breadcrumb","itemListElement":[{"@type":"ListItem","position":1,"name":"In\u00edcio","item":"https:\/\/www.notibras.com\/site\/"},{"@type":"ListItem","position":2,"name":"Bolsonaro vai a Trump acertar \u00e1reas militar e econ\u00f4mica"}]},{"@type":"WebSite","@id":"https:\/\/www.notibras.com\/site\/#website","url":"https:\/\/www.notibras.com\/site\/","name":"Notibras","description":"Not\u00edcias de Bras\u00edlia, do Brasil e do Mundo","publisher":{"@id":"https:\/\/www.notibras.com\/site\/#organization"},"potentialAction":[{"@type":"SearchAction","target":{"@type":"EntryPoint","urlTemplate":"https:\/\/www.notibras.com\/site\/?s={search_term_string}"},"query-input":{"@type":"PropertyValueSpecification","valueRequired":true,"valueName":"search_term_string"}}],"inLanguage":"pt-BR"},{"@type":"Organization","@id":"https:\/\/www.notibras.com\/site\/#organization","name":"Grupo Notibras de Comunica\u00e7\u00e3o","url":"https:\/\/www.notibras.com\/site\/","logo":{"@type":"ImageObject","inLanguage":"pt-BR","@id":"https:\/\/www.notibras.com\/site\/#\/schema\/logo\/image\/","url":"https:\/\/www.notibras.com\/site\/wp-content\/uploads\/2023\/01\/notibras23.png","contentUrl":"https:\/\/www.notibras.com\/site\/wp-content\/uploads\/2023\/01\/notibras23.png","width":350,"height":87,"caption":"Grupo Notibras de Comunica\u00e7\u00e3o"},"image":{"@id":"https:\/\/www.notibras.com\/site\/#\/schema\/logo\/image\/"},"sameAs":["https:\/\/www.facebook.com\/notibras\/","https:\/\/x.com\/Notibras","https:\/\/www.instagram.com\/notibras\/"]},{"@type":"Person","@id":"https:\/\/www.notibras.com\/site\/#\/schema\/person\/36ab0979449956132d3e5b517ea76ac8","name":"Reda\u00e7\u00e3o","image":{"@type":"ImageObject","inLanguage":"pt-BR","@id":"https:\/\/secure.gravatar.com\/avatar\/e0a867bdedb85fd243eadf09663511f96fc81e0720a4a42581f334ad4303aa6b?s=96&d=mm&r=g","url":"https:\/\/secure.gravatar.com\/avatar\/e0a867bdedb85fd243eadf09663511f96fc81e0720a4a42581f334ad4303aa6b?s=96&d=mm&r=g","contentUrl":"https:\/\/secure.gravatar.com\/avatar\/e0a867bdedb85fd243eadf09663511f96fc81e0720a4a42581f334ad4303aa6b?s=96&d=mm&r=g","caption":"Reda\u00e7\u00e3o"}}]}},"amp_enabled":true,"_links":{"self":[{"href":"https:\/\/www.notibras.com\/site\/wp-json\/wp\/v2\/posts\/204085","targetHints":{"allow":["GET"]}}],"collection":[{"href":"https:\/\/www.notibras.com\/site\/wp-json\/wp\/v2\/posts"}],"about":[{"href":"https:\/\/www.notibras.com\/site\/wp-json\/wp\/v2\/types\/post"}],"author":[{"embeddable":true,"href":"https:\/\/www.notibras.com\/site\/wp-json\/wp\/v2\/users\/2"}],"replies":[{"embeddable":true,"href":"https:\/\/www.notibras.com\/site\/wp-json\/wp\/v2\/comments?post=204085"}],"version-history":[{"count":9,"href":"https:\/\/www.notibras.com\/site\/wp-json\/wp\/v2\/posts\/204085\/revisions"}],"predecessor-version":[{"id":204098,"href":"https:\/\/www.notibras.com\/site\/wp-json\/wp\/v2\/posts\/204085\/revisions\/204098"}],"wp:featuredmedia":[{"embeddable":true,"href":"https:\/\/www.notibras.com\/site\/wp-json\/wp\/v2\/media\/199647"}],"wp:attachment":[{"href":"https:\/\/www.notibras.com\/site\/wp-json\/wp\/v2\/media?parent=204085"}],"wp:term":[{"taxonomy":"category","embeddable":true,"href":"https:\/\/www.notibras.com\/site\/wp-json\/wp\/v2\/categories?post=204085"},{"taxonomy":"post_tag","embeddable":true,"href":"https:\/\/www.notibras.com\/site\/wp-json\/wp\/v2\/tags?post=204085"}],"curies":[{"name":"wp","href":"https:\/\/api.w.org\/{rel}","templated":true}]}}