{"id":204094,"date":"2019-03-05T08:50:39","date_gmt":"2019-03-05T11:50:39","guid":{"rendered":"https:\/\/www.notibras.com\/site\/?p=204094"},"modified":"2019-03-05T08:51:08","modified_gmt":"2019-03-05T11:51:08","slug":"falencia-ronda-sindicatos-sem-a-grana-de-filiados","status":"publish","type":"post","link":"https:\/\/www.notibras.com\/site\/falencia-ronda-sindicatos-sem-a-grana-de-filiados\/","title":{"rendered":"Fal\u00eancia ronda sindicatos sem a grana de filiados"},"content":{"rendered":"<p>Sindicatos de trabalhadores e de patr\u00f5es tiveram os recursos drenados pelo fim da obrigatoriedade da contribui\u00e7\u00e3o sindical, como era esperado. Dados oficiais mostram que em 2018, primeiro ano cheio da reforma trabalhista, a arrecada\u00e7\u00e3o do imposto caiu quase 90%, de R$ 3,64 bilh\u00f5es em 2017 para R$ 500 milh\u00f5es no ano passado. A tend\u00eancia \u00e9 que o valor seja ainda menor neste ano.<\/p>\n<p>O efeito foi uma brutal queda dos repasses \u00e0s centrais, confedera\u00e7\u00f5es, federa\u00e7\u00f5es e sindicatos tanto de trabalhadores como de empregadores. Muitas das entidades admitem a necessidade de terem de se reinventar para manter estruturas e presta\u00e7\u00e3o de servi\u00e7os. Al\u00e9m de cortar custos com pessoal, im\u00f3veis e atividades, incluindo col\u00f4nia de f\u00e9rias, as alternativas passam por fus\u00f5es de entidades e cria\u00e7\u00e3o de espa\u00e7os de coworking (leia mais abaixo).<\/p>\n<p>O impacto foi maior para os sindicatos de trabalhadores, cujo repasse despencou de R$ 2,24 bilh\u00f5es para R$ 207,6 milh\u00f5es. No caso dos empres\u00e1rios, foi de R$ 806 milh\u00f5es para R$ 207,6 milh\u00f5es. O antigo Minist\u00e9rio do Trabalho \u2013 cujas fun\u00e7\u00f5es foram redistribu\u00eddas entre diferentes pastas \u2013, teve sua fatia encolhida em 86%, para R$ 84,8 milh\u00f5es (ver quadro).<\/p>\n<p>Os valores podem cair ainda mais por duas raz\u00f5es. Primeiro, na sexta-feira passada, o governo editou Medida Provis\u00f3ria que dificulta o pagamento da contribui\u00e7\u00e3o sindical. O texto acaba com a possibilidade de o valor ser descontado diretamente dos sal\u00e1rios. O pagamento agora dever\u00e1 ser feito por boleto banc\u00e1rio. O governo diz que o objetivo \u00e9 refor\u00e7ar o car\u00e1ter facultativo do imposto. Segundo, sindicalistas preveem que a arrecada\u00e7\u00e3o ser\u00e1 menor neste ano, pois muitas empresas ainda descontaram o imposto na folha salarial em 2018 porque tinham d\u00favidas sobre a lei.<\/p>\n<p>Para sobreviver ao modelo estabelecido na reforma trabalhista, em vigor desde novembro de 2017, o Sindicato dos Empregados na Ind\u00fastria Aliment\u00edcia de S\u00e3o Paulo, que representa 30 mil profissionais, vai se unir aos sindicatos de trabalhadores da \u00e1rea de alimenta\u00e7\u00e3o de Santos e regi\u00e3o, de latic\u00ednios e de fumo no Estado. Juntos, passar\u00e3o a ter base de quase 50 mil funcion\u00e1rios. Do lado empresarial, est\u00e1 em andamento a fus\u00e3o, em uma \u00fanica entidade, de sete sindicatos da ind\u00fastria gr\u00e1fica de v\u00e1rias cidades do Rio.<\/p>\n<p>Em uma dif\u00edcil tarefa para tentar reverter o fechamento da f\u00e1brica da Ford em S\u00e3o Bernardo do Campo, anunciada h\u00e1 quase duas semanas, o Sindicato dos Metal\u00fargicos do ABC teve seus recursos obtidos por meio do imposto reduzidos de R$ 5,94 bilh\u00f5es em 2017 para R$ 46 milh\u00f5es no ano passado.<\/p>\n<p>O encerramento da produ\u00e7\u00e3o de ve\u00edculos da Ford vai deixar na rua grande parte dos 4,5 mil empregados diretos e indiretos. Dirigentes do sindicato est\u00e3o buscando apoio em todos os n\u00edveis governamentais para tentar convencer a multinacional americana a voltar atr\u00e1s.<\/p>\n<p>A entidade afirma que o corte certamente gera impactos, mas diz ter outras formas de sustento, at\u00e9 porque devolvia o valor do imposto sindical aos associados. A base do sindicato \u00e9 formada por 71 mil trabalhadores (39 mil a menos que em 2011), dos quais cerca de 50% s\u00e3o s\u00f3cio.<\/p>\n<p>O sindicato \u00e9 filiado \u00e0 CUT, que em 2017 ficou com R$ 62,2 milh\u00f5es do repasse da contribui\u00e7\u00e3o, o maior valor recebido entre as seis centrais que t\u00eam direito a cotas. No ano passado, o valor caiu para R$ 3,5 milh\u00f5es, deixando a entidade atr\u00e1s da For\u00e7a Sindical e da UGT, que receberam R$ 5,2 milh\u00f5es cada.<\/p>\n<p>Segundo a CUT, os grandes grupos que empregam sua base de trabalhadores, como montadoras e bancos, foram os primeiros a suspender o recolhimento, enquanto empresas de menor porte continuaram fazendo o desconto por terem d\u00favidas em rela\u00e7\u00e3o \u00e0s novas regras.<\/p>\n<p>A central ressalta que sua base tem promovido debates sobre novas formas de contribui\u00e7\u00e3o. Sindicatos como o dos Banc\u00e1rios de S\u00e3o Paulo j\u00e1 aprovaram o recolhimento da contribui\u00e7\u00e3o negocial, paga ap\u00f3s as negocia\u00e7\u00f5es da data base. Boatos de que a entidade colocou \u00e0 venda sua sede no bairro do Br\u00e1s foram desmentidos mas, se surgir uma boa proposta, a central avisa que pode estudar.<\/p>\n<p>Presidente da UGT e do Sindicato dos Comerci\u00e1rios de S\u00e3o Paulo, Ricardo Patah diz que a entidade promoveu uma reestrutura\u00e7\u00e3o que reduziu seus gastos de R$ 7 milh\u00f5es para R$ 4,3 milh\u00f5es no ano passado.<\/p>\n<p>\u201cO n\u00famero de funcion\u00e1rios do sindicato foi reduzido de 600 para 200, promovemos uma redu\u00e7\u00e3o de jornada e sal\u00e1rios por seis meses, fechamos tr\u00eas subsedes e vendemos, por R$ 10,3 milh\u00f5es, um edif\u00edcio que mant\u00ednhamos alugado no centro de S\u00e3o Paulo\u201d, exemplifica Patah. \u201cAgora estamos numa ampla campanha de sindicaliza\u00e7\u00e3o.\u201d<\/p>\n<p>A For\u00e7a Sindical, por sua vez, pede R$ 15 milh\u00f5es pelo pr\u00e9dio de 12 andares de sua sede no bairro da Liberdade e est\u00e1 assessorando associados a promoverem fus\u00f5es para compartilhar custos. A inten\u00e7\u00e3o \u00e9 adquirir uma sede menor ou ocupar algumas salas no im\u00f3vel vizinho do Sindicato dos Metal\u00fargicos de S\u00e3o Paulo.<\/p>\n<p>A contribui\u00e7\u00e3o sindical equivale a um dia de sal\u00e1rio de cada trabalhador com carteira assinada. Do lado patronal, \u00e9 recolhido com base no capital social da empresa.<\/p>\n<p>Na divis\u00e3o da verba dos trabalhadores, 60% v\u00e3o para os sindicatos, 15% para as federa\u00e7\u00f5es, 10% para as centrais, 5% para as confedera\u00e7\u00f5es e 10% para a pasta do Trabalho. No caso dos empregadores, a diferen\u00e7a \u00e9 que 20% ficam com a pasta do Trabalho, pois n\u00e3o existe a figura das centrais.<\/p>\n<p>A cobran\u00e7a do imposto continua sendo legal, desde que trabalhadores e empresas autorizem o desconto compuls\u00f3rio. O recolhimento de taxa negocial, alternativa que os sindicatos de trabalhadores est\u00e3o buscando para compensar a falta do imposto sindical, n\u00e3o ser\u00e1 oficialmente contabilizado por ser desvinculado da pasta do Trabalho.<\/p>\n","protected":false},"excerpt":{"rendered":"<p>Sindicatos de trabalhadores e de patr\u00f5es tiveram os recursos drenados pelo fim da obrigatoriedade da contribui\u00e7\u00e3o sindical, como era esperado. Dados oficiais mostram que em 2018, primeiro ano cheio da reforma trabalhista, a arrecada\u00e7\u00e3o do imposto caiu quase 90%, de R$ 3,64 bilh\u00f5es em 2017 para R$ 500 milh\u00f5es no ano passado. A tend\u00eancia \u00e9 [&hellip;]<\/p>\n","protected":false},"author":2,"featured_media":204095,"comment_status":"closed","ping_status":"closed","sticky":false,"template":"","format":"standard","meta":{"_acf_changed":false,"footnotes":""},"categories":[16],"tags":[95],"class_list":["post-204094","post","type-post","status-publish","format-standard","has-post-thumbnail","hentry","category-brasil","tag-capa"],"acf":[],"yoast_head":"<!-- This site is optimized with the Yoast SEO plugin v27.2 - https:\/\/yoast.com\/product\/yoast-seo-wordpress\/ -->\n<title>Fal\u00eancia ronda sindicatos sem a grana de filiados - Notibras<\/title>\n<meta name=\"robots\" content=\"index, follow, max-snippet:-1, max-image-preview:large, max-video-preview:-1\" \/>\n<link rel=\"canonical\" href=\"https:\/\/www.notibras.com\/site\/falencia-ronda-sindicatos-sem-a-grana-de-filiados\/\" \/>\n<meta property=\"og:locale\" content=\"pt_BR\" \/>\n<meta property=\"og:type\" content=\"article\" \/>\n<meta property=\"og:title\" content=\"Fal\u00eancia ronda sindicatos sem a grana de filiados - Notibras\" \/>\n<meta property=\"og:description\" content=\"Sindicatos de trabalhadores e de patr\u00f5es tiveram os recursos drenados pelo fim da obrigatoriedade da contribui\u00e7\u00e3o sindical, como era esperado. Dados oficiais mostram que em 2018, primeiro ano cheio da reforma trabalhista, a arrecada\u00e7\u00e3o do imposto caiu quase 90%, de R$ 3,64 bilh\u00f5es em 2017 para R$ 500 milh\u00f5es no ano passado. A tend\u00eancia \u00e9 [&hellip;]\" \/>\n<meta property=\"og:url\" content=\"https:\/\/www.notibras.com\/site\/falencia-ronda-sindicatos-sem-a-grana-de-filiados\/\" \/>\n<meta property=\"og:site_name\" content=\"Notibras\" \/>\n<meta property=\"article:publisher\" content=\"https:\/\/www.facebook.com\/notibras\/\" \/>\n<meta property=\"article:published_time\" content=\"2019-03-05T11:50:39+00:00\" \/>\n<meta property=\"article:modified_time\" content=\"2019-03-05T11:51:08+00:00\" \/>\n<meta property=\"og:image\" content=\"https:\/\/www.notibras.com\/site\/wp-content\/uploads\/2019\/03\/sindicatos-falidos.jpg\" \/>\n\t<meta property=\"og:image:width\" content=\"932\" \/>\n\t<meta property=\"og:image:height\" content=\"620\" \/>\n\t<meta property=\"og:image:type\" content=\"image\/jpeg\" \/>\n<meta name=\"author\" content=\"Reda\u00e7\u00e3o\" \/>\n<meta name=\"twitter:card\" content=\"summary_large_image\" \/>\n<meta name=\"twitter:creator\" content=\"@Notibras\" \/>\n<meta name=\"twitter:site\" content=\"@Notibras\" \/>\n<meta name=\"twitter:label1\" content=\"Escrito por\" \/>\n\t<meta name=\"twitter:data1\" content=\"Reda\u00e7\u00e3o\" \/>\n\t<meta name=\"twitter:label2\" content=\"Est. tempo de leitura\" \/>\n\t<meta name=\"twitter:data2\" content=\"5 minutos\" \/>\n<script type=\"application\/ld+json\" class=\"yoast-schema-graph\">{\"@context\":\"https:\/\/schema.org\",\"@graph\":[{\"@type\":\"Article\",\"@id\":\"https:\/\/www.notibras.com\/site\/falencia-ronda-sindicatos-sem-a-grana-de-filiados\/#article\",\"isPartOf\":{\"@id\":\"https:\/\/www.notibras.com\/site\/falencia-ronda-sindicatos-sem-a-grana-de-filiados\/\"},\"author\":{\"name\":\"Reda\u00e7\u00e3o\",\"@id\":\"https:\/\/www.notibras.com\/site\/#\/schema\/person\/36ab0979449956132d3e5b517ea76ac8\"},\"headline\":\"Fal\u00eancia ronda sindicatos sem a grana de filiados\",\"datePublished\":\"2019-03-05T11:50:39+00:00\",\"dateModified\":\"2019-03-05T11:51:08+00:00\",\"mainEntityOfPage\":{\"@id\":\"https:\/\/www.notibras.com\/site\/falencia-ronda-sindicatos-sem-a-grana-de-filiados\/\"},\"wordCount\":998,\"publisher\":{\"@id\":\"https:\/\/www.notibras.com\/site\/#organization\"},\"image\":{\"@id\":\"https:\/\/www.notibras.com\/site\/falencia-ronda-sindicatos-sem-a-grana-de-filiados\/#primaryimage\"},\"thumbnailUrl\":\"https:\/\/www.notibras.com\/site\/wp-content\/uploads\/2019\/03\/sindicatos-falidos.jpg\",\"keywords\":[\"capa\"],\"articleSection\":[\"Brasil\"],\"inLanguage\":\"pt-BR\"},{\"@type\":\"WebPage\",\"@id\":\"https:\/\/www.notibras.com\/site\/falencia-ronda-sindicatos-sem-a-grana-de-filiados\/\",\"url\":\"https:\/\/www.notibras.com\/site\/falencia-ronda-sindicatos-sem-a-grana-de-filiados\/\",\"name\":\"Fal\u00eancia ronda sindicatos sem a grana de filiados - Notibras\",\"isPartOf\":{\"@id\":\"https:\/\/www.notibras.com\/site\/#website\"},\"primaryImageOfPage\":{\"@id\":\"https:\/\/www.notibras.com\/site\/falencia-ronda-sindicatos-sem-a-grana-de-filiados\/#primaryimage\"},\"image\":{\"@id\":\"https:\/\/www.notibras.com\/site\/falencia-ronda-sindicatos-sem-a-grana-de-filiados\/#primaryimage\"},\"thumbnailUrl\":\"https:\/\/www.notibras.com\/site\/wp-content\/uploads\/2019\/03\/sindicatos-falidos.jpg\",\"datePublished\":\"2019-03-05T11:50:39+00:00\",\"dateModified\":\"2019-03-05T11:51:08+00:00\",\"breadcrumb\":{\"@id\":\"https:\/\/www.notibras.com\/site\/falencia-ronda-sindicatos-sem-a-grana-de-filiados\/#breadcrumb\"},\"inLanguage\":\"pt-BR\",\"potentialAction\":[{\"@type\":\"ReadAction\",\"target\":[\"https:\/\/www.notibras.com\/site\/falencia-ronda-sindicatos-sem-a-grana-de-filiados\/\"]}]},{\"@type\":\"ImageObject\",\"inLanguage\":\"pt-BR\",\"@id\":\"https:\/\/www.notibras.com\/site\/falencia-ronda-sindicatos-sem-a-grana-de-filiados\/#primaryimage\",\"url\":\"https:\/\/www.notibras.com\/site\/wp-content\/uploads\/2019\/03\/sindicatos-falidos.jpg\",\"contentUrl\":\"https:\/\/www.notibras.com\/site\/wp-content\/uploads\/2019\/03\/sindicatos-falidos.jpg\",\"width\":932,\"height\":620,\"caption\":\"Foto: Gleidson Santos\/Bahiapress - Estad\u00e3oConte\u00fado\"},{\"@type\":\"BreadcrumbList\",\"@id\":\"https:\/\/www.notibras.com\/site\/falencia-ronda-sindicatos-sem-a-grana-de-filiados\/#breadcrumb\",\"itemListElement\":[{\"@type\":\"ListItem\",\"position\":1,\"name\":\"In\u00edcio\",\"item\":\"https:\/\/www.notibras.com\/site\/\"},{\"@type\":\"ListItem\",\"position\":2,\"name\":\"Fal\u00eancia ronda sindicatos sem a grana de filiados\"}]},{\"@type\":\"WebSite\",\"@id\":\"https:\/\/www.notibras.com\/site\/#website\",\"url\":\"https:\/\/www.notibras.com\/site\/\",\"name\":\"Notibras\",\"description\":\"Not\u00edcias de Bras\u00edlia, do Brasil e do Mundo\",\"publisher\":{\"@id\":\"https:\/\/www.notibras.com\/site\/#organization\"},\"potentialAction\":[{\"@type\":\"SearchAction\",\"target\":{\"@type\":\"EntryPoint\",\"urlTemplate\":\"https:\/\/www.notibras.com\/site\/?s={search_term_string}\"},\"query-input\":{\"@type\":\"PropertyValueSpecification\",\"valueRequired\":true,\"valueName\":\"search_term_string\"}}],\"inLanguage\":\"pt-BR\"},{\"@type\":\"Organization\",\"@id\":\"https:\/\/www.notibras.com\/site\/#organization\",\"name\":\"Grupo Notibras de Comunica\u00e7\u00e3o\",\"url\":\"https:\/\/www.notibras.com\/site\/\",\"logo\":{\"@type\":\"ImageObject\",\"inLanguage\":\"pt-BR\",\"@id\":\"https:\/\/www.notibras.com\/site\/#\/schema\/logo\/image\/\",\"url\":\"https:\/\/www.notibras.com\/site\/wp-content\/uploads\/2023\/01\/notibras23.png\",\"contentUrl\":\"https:\/\/www.notibras.com\/site\/wp-content\/uploads\/2023\/01\/notibras23.png\",\"width\":350,\"height\":87,\"caption\":\"Grupo Notibras de Comunica\u00e7\u00e3o\"},\"image\":{\"@id\":\"https:\/\/www.notibras.com\/site\/#\/schema\/logo\/image\/\"},\"sameAs\":[\"https:\/\/www.facebook.com\/notibras\/\",\"https:\/\/x.com\/Notibras\",\"https:\/\/www.instagram.com\/notibras\/\"]},{\"@type\":\"Person\",\"@id\":\"https:\/\/www.notibras.com\/site\/#\/schema\/person\/36ab0979449956132d3e5b517ea76ac8\",\"name\":\"Reda\u00e7\u00e3o\",\"image\":{\"@type\":\"ImageObject\",\"inLanguage\":\"pt-BR\",\"@id\":\"https:\/\/secure.gravatar.com\/avatar\/e0a867bdedb85fd243eadf09663511f96fc81e0720a4a42581f334ad4303aa6b?s=96&d=mm&r=g\",\"url\":\"https:\/\/secure.gravatar.com\/avatar\/e0a867bdedb85fd243eadf09663511f96fc81e0720a4a42581f334ad4303aa6b?s=96&d=mm&r=g\",\"contentUrl\":\"https:\/\/secure.gravatar.com\/avatar\/e0a867bdedb85fd243eadf09663511f96fc81e0720a4a42581f334ad4303aa6b?s=96&d=mm&r=g\",\"caption\":\"Reda\u00e7\u00e3o\"}}]}<\/script>\n<!-- \/ Yoast SEO plugin. -->","yoast_head_json":{"title":"Fal\u00eancia ronda sindicatos sem a grana de filiados - Notibras","robots":{"index":"index","follow":"follow","max-snippet":"max-snippet:-1","max-image-preview":"max-image-preview:large","max-video-preview":"max-video-preview:-1"},"canonical":"https:\/\/www.notibras.com\/site\/falencia-ronda-sindicatos-sem-a-grana-de-filiados\/","og_locale":"pt_BR","og_type":"article","og_title":"Fal\u00eancia ronda sindicatos sem a grana de filiados - Notibras","og_description":"Sindicatos de trabalhadores e de patr\u00f5es tiveram os recursos drenados pelo fim da obrigatoriedade da contribui\u00e7\u00e3o sindical, como era esperado. Dados oficiais mostram que em 2018, primeiro ano cheio da reforma trabalhista, a arrecada\u00e7\u00e3o do imposto caiu quase 90%, de R$ 3,64 bilh\u00f5es em 2017 para R$ 500 milh\u00f5es no ano passado. A tend\u00eancia \u00e9 [&hellip;]","og_url":"https:\/\/www.notibras.com\/site\/falencia-ronda-sindicatos-sem-a-grana-de-filiados\/","og_site_name":"Notibras","article_publisher":"https:\/\/www.facebook.com\/notibras\/","article_published_time":"2019-03-05T11:50:39+00:00","article_modified_time":"2019-03-05T11:51:08+00:00","og_image":[{"width":932,"height":620,"url":"https:\/\/www.notibras.com\/site\/wp-content\/uploads\/2019\/03\/sindicatos-falidos.jpg","type":"image\/jpeg"}],"author":"Reda\u00e7\u00e3o","twitter_card":"summary_large_image","twitter_creator":"@Notibras","twitter_site":"@Notibras","twitter_misc":{"Escrito por":"Reda\u00e7\u00e3o","Est. tempo de leitura":"5 minutos"},"schema":{"@context":"https:\/\/schema.org","@graph":[{"@type":"Article","@id":"https:\/\/www.notibras.com\/site\/falencia-ronda-sindicatos-sem-a-grana-de-filiados\/#article","isPartOf":{"@id":"https:\/\/www.notibras.com\/site\/falencia-ronda-sindicatos-sem-a-grana-de-filiados\/"},"author":{"name":"Reda\u00e7\u00e3o","@id":"https:\/\/www.notibras.com\/site\/#\/schema\/person\/36ab0979449956132d3e5b517ea76ac8"},"headline":"Fal\u00eancia ronda sindicatos sem a grana de filiados","datePublished":"2019-03-05T11:50:39+00:00","dateModified":"2019-03-05T11:51:08+00:00","mainEntityOfPage":{"@id":"https:\/\/www.notibras.com\/site\/falencia-ronda-sindicatos-sem-a-grana-de-filiados\/"},"wordCount":998,"publisher":{"@id":"https:\/\/www.notibras.com\/site\/#organization"},"image":{"@id":"https:\/\/www.notibras.com\/site\/falencia-ronda-sindicatos-sem-a-grana-de-filiados\/#primaryimage"},"thumbnailUrl":"https:\/\/www.notibras.com\/site\/wp-content\/uploads\/2019\/03\/sindicatos-falidos.jpg","keywords":["capa"],"articleSection":["Brasil"],"inLanguage":"pt-BR"},{"@type":"WebPage","@id":"https:\/\/www.notibras.com\/site\/falencia-ronda-sindicatos-sem-a-grana-de-filiados\/","url":"https:\/\/www.notibras.com\/site\/falencia-ronda-sindicatos-sem-a-grana-de-filiados\/","name":"Fal\u00eancia ronda sindicatos sem a grana de filiados - Notibras","isPartOf":{"@id":"https:\/\/www.notibras.com\/site\/#website"},"primaryImageOfPage":{"@id":"https:\/\/www.notibras.com\/site\/falencia-ronda-sindicatos-sem-a-grana-de-filiados\/#primaryimage"},"image":{"@id":"https:\/\/www.notibras.com\/site\/falencia-ronda-sindicatos-sem-a-grana-de-filiados\/#primaryimage"},"thumbnailUrl":"https:\/\/www.notibras.com\/site\/wp-content\/uploads\/2019\/03\/sindicatos-falidos.jpg","datePublished":"2019-03-05T11:50:39+00:00","dateModified":"2019-03-05T11:51:08+00:00","breadcrumb":{"@id":"https:\/\/www.notibras.com\/site\/falencia-ronda-sindicatos-sem-a-grana-de-filiados\/#breadcrumb"},"inLanguage":"pt-BR","potentialAction":[{"@type":"ReadAction","target":["https:\/\/www.notibras.com\/site\/falencia-ronda-sindicatos-sem-a-grana-de-filiados\/"]}]},{"@type":"ImageObject","inLanguage":"pt-BR","@id":"https:\/\/www.notibras.com\/site\/falencia-ronda-sindicatos-sem-a-grana-de-filiados\/#primaryimage","url":"https:\/\/www.notibras.com\/site\/wp-content\/uploads\/2019\/03\/sindicatos-falidos.jpg","contentUrl":"https:\/\/www.notibras.com\/site\/wp-content\/uploads\/2019\/03\/sindicatos-falidos.jpg","width":932,"height":620,"caption":"Foto: Gleidson Santos\/Bahiapress - Estad\u00e3oConte\u00fado"},{"@type":"BreadcrumbList","@id":"https:\/\/www.notibras.com\/site\/falencia-ronda-sindicatos-sem-a-grana-de-filiados\/#breadcrumb","itemListElement":[{"@type":"ListItem","position":1,"name":"In\u00edcio","item":"https:\/\/www.notibras.com\/site\/"},{"@type":"ListItem","position":2,"name":"Fal\u00eancia ronda sindicatos sem a grana de filiados"}]},{"@type":"WebSite","@id":"https:\/\/www.notibras.com\/site\/#website","url":"https:\/\/www.notibras.com\/site\/","name":"Notibras","description":"Not\u00edcias de Bras\u00edlia, do Brasil e do Mundo","publisher":{"@id":"https:\/\/www.notibras.com\/site\/#organization"},"potentialAction":[{"@type":"SearchAction","target":{"@type":"EntryPoint","urlTemplate":"https:\/\/www.notibras.com\/site\/?s={search_term_string}"},"query-input":{"@type":"PropertyValueSpecification","valueRequired":true,"valueName":"search_term_string"}}],"inLanguage":"pt-BR"},{"@type":"Organization","@id":"https:\/\/www.notibras.com\/site\/#organization","name":"Grupo Notibras de Comunica\u00e7\u00e3o","url":"https:\/\/www.notibras.com\/site\/","logo":{"@type":"ImageObject","inLanguage":"pt-BR","@id":"https:\/\/www.notibras.com\/site\/#\/schema\/logo\/image\/","url":"https:\/\/www.notibras.com\/site\/wp-content\/uploads\/2023\/01\/notibras23.png","contentUrl":"https:\/\/www.notibras.com\/site\/wp-content\/uploads\/2023\/01\/notibras23.png","width":350,"height":87,"caption":"Grupo Notibras de Comunica\u00e7\u00e3o"},"image":{"@id":"https:\/\/www.notibras.com\/site\/#\/schema\/logo\/image\/"},"sameAs":["https:\/\/www.facebook.com\/notibras\/","https:\/\/x.com\/Notibras","https:\/\/www.instagram.com\/notibras\/"]},{"@type":"Person","@id":"https:\/\/www.notibras.com\/site\/#\/schema\/person\/36ab0979449956132d3e5b517ea76ac8","name":"Reda\u00e7\u00e3o","image":{"@type":"ImageObject","inLanguage":"pt-BR","@id":"https:\/\/secure.gravatar.com\/avatar\/e0a867bdedb85fd243eadf09663511f96fc81e0720a4a42581f334ad4303aa6b?s=96&d=mm&r=g","url":"https:\/\/secure.gravatar.com\/avatar\/e0a867bdedb85fd243eadf09663511f96fc81e0720a4a42581f334ad4303aa6b?s=96&d=mm&r=g","contentUrl":"https:\/\/secure.gravatar.com\/avatar\/e0a867bdedb85fd243eadf09663511f96fc81e0720a4a42581f334ad4303aa6b?s=96&d=mm&r=g","caption":"Reda\u00e7\u00e3o"}}]}},"amp_enabled":true,"_links":{"self":[{"href":"https:\/\/www.notibras.com\/site\/wp-json\/wp\/v2\/posts\/204094","targetHints":{"allow":["GET"]}}],"collection":[{"href":"https:\/\/www.notibras.com\/site\/wp-json\/wp\/v2\/posts"}],"about":[{"href":"https:\/\/www.notibras.com\/site\/wp-json\/wp\/v2\/types\/post"}],"author":[{"embeddable":true,"href":"https:\/\/www.notibras.com\/site\/wp-json\/wp\/v2\/users\/2"}],"replies":[{"embeddable":true,"href":"https:\/\/www.notibras.com\/site\/wp-json\/wp\/v2\/comments?post=204094"}],"version-history":[{"count":2,"href":"https:\/\/www.notibras.com\/site\/wp-json\/wp\/v2\/posts\/204094\/revisions"}],"predecessor-version":[{"id":204097,"href":"https:\/\/www.notibras.com\/site\/wp-json\/wp\/v2\/posts\/204094\/revisions\/204097"}],"wp:featuredmedia":[{"embeddable":true,"href":"https:\/\/www.notibras.com\/site\/wp-json\/wp\/v2\/media\/204095"}],"wp:attachment":[{"href":"https:\/\/www.notibras.com\/site\/wp-json\/wp\/v2\/media?parent=204094"}],"wp:term":[{"taxonomy":"category","embeddable":true,"href":"https:\/\/www.notibras.com\/site\/wp-json\/wp\/v2\/categories?post=204094"},{"taxonomy":"post_tag","embeddable":true,"href":"https:\/\/www.notibras.com\/site\/wp-json\/wp\/v2\/tags?post=204094"}],"curies":[{"name":"wp","href":"https:\/\/api.w.org\/{rel}","templated":true}]}}