{"id":204099,"date":"2019-03-05T09:35:56","date_gmt":"2019-03-05T12:35:56","guid":{"rendered":"https:\/\/www.notibras.com\/site\/?p=204099"},"modified":"2019-03-05T09:36:59","modified_gmt":"2019-03-05T12:36:59","slug":"guerra-ao-terror-aguarda-o-sinal-verde-do-planalto","status":"publish","type":"post","link":"https:\/\/www.notibras.com\/site\/guerra-ao-terror-aguarda-o-sinal-verde-do-planalto\/","title":{"rendered":"Guerra ao terror aguarda o sinal verde do Planalto"},"content":{"rendered":"<p>O bloqueio de bens de pessoas e entidades investigadas ou acusadas de terrorismo por resolu\u00e7\u00f5es do Conselho de Seguran\u00e7a das Na\u00e7\u00f5es Unidas (ONU) ser\u00e1 feito de forma imediata no pa\u00eds, sem depender de decis\u00e3o judicial como ocorria anteriormente. \u00c9 o que prev\u00ea projeto de lei (n\u00ba 703\/2019) aprovado pelo Congresso e que aguarda san\u00e7\u00e3o do presidente Bolsonaro.<\/p>\n<p>A Advocacia-Geral da Uni\u00e3o informou que &#8216;ter\u00e1 papel fundamental para assegurar a efic\u00e1cia da nova legisla\u00e7\u00e3o&#8217;. Caber\u00e1 \u00e0 AGU, por exemplo, atuar para manter os bloqueios de bens se os acusados de terrorismo questionarem a medida na Justi\u00e7a.<\/p>\n<p>A AGU tamb\u00e9m vai poder atuar em outras duas hip\u00f3teses com a nova legisla\u00e7\u00e3o.<\/p>\n<p>&#8220;Quando uma autoridade estrangeira, que identifique um crime de terrorismo ou relacionado a armas de destrui\u00e7\u00e3o em massa, pedir uma coopera\u00e7\u00e3o jur\u00eddica internacional para o Brasil, para que a gente ingresse com a\u00e7\u00f5es judiciais para pedir o bloqueio de bens pessoas e entidades associadas a esse tipo de il\u00edcito&#8221;, explica o diretor do Departamento de Assuntos Internacionais da AGU, Homero Andretta Junior.<\/p>\n<p>&#8220;E tamb\u00e9m quando o pr\u00f3prio juiz brasileiro averiguar, em um determinado processo, atividades e bens relacionados a esse tipo de il\u00edcito. Nesse caso, o pr\u00f3prio juiz vai intimar a AGU para ela comunicar as autoridades administrativas brasileiras para, eventualmente, elas comunicarem a ONU&#8221;, assinala Andretta.<\/p>\n<p>A legisla\u00e7\u00e3o em vigor j\u00e1 prev\u00ea o bloqueio de bens de acusados de terrorismo, mas estabelece que a medida s\u00f3 pode ser realizada se determinada pela Justi\u00e7a. A exig\u00eancia \u00e9 criticada pela ONU.<\/p>\n<p>Atualmente, a AGU precisa ajuizar uma a\u00e7\u00e3o pedindo o bloqueio ap\u00f3s os minist\u00e9rios da Justi\u00e7a e das Rela\u00e7\u00f5es Exteriores serem comunicados por resolu\u00e7\u00e3o do Conselho de Seguran\u00e7a da ONU dos nomes dos suspeitos.<\/p>\n<p>&#8220;Embora a AGU fizesse isso at\u00e9 com bastante celeridade, essa sistem\u00e1tica permitia que entre a publica\u00e7\u00e3o da resolu\u00e7\u00e3o e a determina\u00e7\u00e3o de bloqueio no Brasil, eles [os acusados] dilapidassem esses bens ou levassem para outros pa\u00edses. Ent\u00e3o o Brasil vinha sendo muito criticado e vinha sendo, inclusive, amea\u00e7ado de sofrer san\u00e7\u00f5es&#8221;, explica Homero Andretta Junior.<\/p>\n<p>Convencimento &#8211; A AGU ajudou a elaborar o texto do projeto &#8211; proposto pelo Poder Executivo &#8211; e a convencer parlamentares da import\u00e2ncia de sua aprova\u00e7\u00e3o.<\/p>\n<p>&#8220;Junto com as lideran\u00e7as do governo e do Senado, e as pastas ministeriais envolvidas, conseguimos identificar os partidos e os parlamentares que eram contr\u00e1rios ao texto&#8221;, destaca o chefe da Assessoria Parlamentar da AGU, Nilson Karoll.<\/p>\n<p>Segundo ele, o trabalho da AGU &#8216;foi basicamente mostrar a import\u00e2ncia do texto e a legalidade, a juridicidade e a constitucionalidade do texto&#8217;. &#8220;E ao fim o parlamento entendeu a necessidade da legisla\u00e7\u00e3o&#8221;, conclui Karoll.<\/p>\n","protected":false},"excerpt":{"rendered":"<p>O bloqueio de bens de pessoas e entidades investigadas ou acusadas de terrorismo por resolu\u00e7\u00f5es do Conselho de Seguran\u00e7a das Na\u00e7\u00f5es Unidas (ONU) ser\u00e1 feito de forma imediata no pa\u00eds, sem depender de decis\u00e3o judicial como ocorria anteriormente. \u00c9 o que prev\u00ea projeto de lei (n\u00ba 703\/2019) aprovado pelo Congresso e que aguarda san\u00e7\u00e3o do [&hellip;]<\/p>\n","protected":false},"author":2,"featured_media":178906,"comment_status":"closed","ping_status":"closed","sticky":false,"template":"","format":"standard","meta":{"_acf_changed":false,"footnotes":""},"categories":[16],"tags":[95],"class_list":["post-204099","post","type-post","status-publish","format-standard","has-post-thumbnail","hentry","category-brasil","tag-capa"],"acf":[],"yoast_head":"<!-- This site is optimized with the Yoast SEO plugin v27.2 - https:\/\/yoast.com\/product\/yoast-seo-wordpress\/ -->\n<title>Guerra ao terror aguarda o sinal verde do Planalto - Notibras<\/title>\n<meta name=\"robots\" content=\"index, follow, max-snippet:-1, max-image-preview:large, max-video-preview:-1\" \/>\n<link rel=\"canonical\" href=\"https:\/\/www.notibras.com\/site\/guerra-ao-terror-aguarda-o-sinal-verde-do-planalto\/\" \/>\n<meta property=\"og:locale\" content=\"pt_BR\" \/>\n<meta property=\"og:type\" content=\"article\" \/>\n<meta property=\"og:title\" content=\"Guerra ao terror aguarda o sinal verde do Planalto - Notibras\" \/>\n<meta property=\"og:description\" content=\"O bloqueio de bens de pessoas e entidades investigadas ou acusadas de terrorismo por resolu\u00e7\u00f5es do Conselho de Seguran\u00e7a das Na\u00e7\u00f5es Unidas (ONU) ser\u00e1 feito de forma imediata no pa\u00eds, sem depender de decis\u00e3o judicial como ocorria anteriormente. \u00c9 o que prev\u00ea projeto de lei (n\u00ba 703\/2019) aprovado pelo Congresso e que aguarda san\u00e7\u00e3o do [&hellip;]\" \/>\n<meta property=\"og:url\" content=\"https:\/\/www.notibras.com\/site\/guerra-ao-terror-aguarda-o-sinal-verde-do-planalto\/\" \/>\n<meta property=\"og:site_name\" content=\"Notibras\" \/>\n<meta property=\"article:publisher\" content=\"https:\/\/www.facebook.com\/notibras\/\" \/>\n<meta property=\"article:published_time\" content=\"2019-03-05T12:35:56+00:00\" \/>\n<meta property=\"article:modified_time\" content=\"2019-03-05T12:36:59+00:00\" \/>\n<meta property=\"og:image\" content=\"https:\/\/www.notibras.com\/site\/wp-content\/uploads\/2018\/05\/fortio.jpg\" \/>\n\t<meta property=\"og:image:width\" content=\"961\" \/>\n\t<meta property=\"og:image:height\" content=\"531\" \/>\n\t<meta property=\"og:image:type\" content=\"image\/jpeg\" \/>\n<meta name=\"author\" content=\"Reda\u00e7\u00e3o\" \/>\n<meta name=\"twitter:card\" content=\"summary_large_image\" \/>\n<meta name=\"twitter:creator\" content=\"@Notibras\" \/>\n<meta name=\"twitter:site\" content=\"@Notibras\" \/>\n<meta name=\"twitter:label1\" content=\"Escrito por\" \/>\n\t<meta name=\"twitter:data1\" content=\"Reda\u00e7\u00e3o\" \/>\n\t<meta name=\"twitter:label2\" content=\"Est. tempo de leitura\" \/>\n\t<meta name=\"twitter:data2\" content=\"2 minutos\" \/>\n<script type=\"application\/ld+json\" class=\"yoast-schema-graph\">{\"@context\":\"https:\/\/schema.org\",\"@graph\":[{\"@type\":\"Article\",\"@id\":\"https:\/\/www.notibras.com\/site\/guerra-ao-terror-aguarda-o-sinal-verde-do-planalto\/#article\",\"isPartOf\":{\"@id\":\"https:\/\/www.notibras.com\/site\/guerra-ao-terror-aguarda-o-sinal-verde-do-planalto\/\"},\"author\":{\"name\":\"Reda\u00e7\u00e3o\",\"@id\":\"https:\/\/www.notibras.com\/site\/#\/schema\/person\/36ab0979449956132d3e5b517ea76ac8\"},\"headline\":\"Guerra ao terror aguarda o sinal verde do Planalto\",\"datePublished\":\"2019-03-05T12:35:56+00:00\",\"dateModified\":\"2019-03-05T12:36:59+00:00\",\"mainEntityOfPage\":{\"@id\":\"https:\/\/www.notibras.com\/site\/guerra-ao-terror-aguarda-o-sinal-verde-do-planalto\/\"},\"wordCount\":485,\"publisher\":{\"@id\":\"https:\/\/www.notibras.com\/site\/#organization\"},\"image\":{\"@id\":\"https:\/\/www.notibras.com\/site\/guerra-ao-terror-aguarda-o-sinal-verde-do-planalto\/#primaryimage\"},\"thumbnailUrl\":\"https:\/\/www.notibras.com\/site\/wp-content\/uploads\/2018\/05\/fortio.jpg\",\"keywords\":[\"capa\"],\"articleSection\":[\"Brasil\"],\"inLanguage\":\"pt-BR\"},{\"@type\":\"WebPage\",\"@id\":\"https:\/\/www.notibras.com\/site\/guerra-ao-terror-aguarda-o-sinal-verde-do-planalto\/\",\"url\":\"https:\/\/www.notibras.com\/site\/guerra-ao-terror-aguarda-o-sinal-verde-do-planalto\/\",\"name\":\"Guerra ao terror aguarda o sinal verde do Planalto - Notibras\",\"isPartOf\":{\"@id\":\"https:\/\/www.notibras.com\/site\/#website\"},\"primaryImageOfPage\":{\"@id\":\"https:\/\/www.notibras.com\/site\/guerra-ao-terror-aguarda-o-sinal-verde-do-planalto\/#primaryimage\"},\"image\":{\"@id\":\"https:\/\/www.notibras.com\/site\/guerra-ao-terror-aguarda-o-sinal-verde-do-planalto\/#primaryimage\"},\"thumbnailUrl\":\"https:\/\/www.notibras.com\/site\/wp-content\/uploads\/2018\/05\/fortio.jpg\",\"datePublished\":\"2019-03-05T12:35:56+00:00\",\"dateModified\":\"2019-03-05T12:36:59+00:00\",\"breadcrumb\":{\"@id\":\"https:\/\/www.notibras.com\/site\/guerra-ao-terror-aguarda-o-sinal-verde-do-planalto\/#breadcrumb\"},\"inLanguage\":\"pt-BR\",\"potentialAction\":[{\"@type\":\"ReadAction\",\"target\":[\"https:\/\/www.notibras.com\/site\/guerra-ao-terror-aguarda-o-sinal-verde-do-planalto\/\"]}]},{\"@type\":\"ImageObject\",\"inLanguage\":\"pt-BR\",\"@id\":\"https:\/\/www.notibras.com\/site\/guerra-ao-terror-aguarda-o-sinal-verde-do-planalto\/#primaryimage\",\"url\":\"https:\/\/www.notibras.com\/site\/wp-content\/uploads\/2018\/05\/fortio.jpg\",\"contentUrl\":\"https:\/\/www.notibras.com\/site\/wp-content\/uploads\/2018\/05\/fortio.jpg\",\"width\":961,\"height\":531},{\"@type\":\"BreadcrumbList\",\"@id\":\"https:\/\/www.notibras.com\/site\/guerra-ao-terror-aguarda-o-sinal-verde-do-planalto\/#breadcrumb\",\"itemListElement\":[{\"@type\":\"ListItem\",\"position\":1,\"name\":\"In\u00edcio\",\"item\":\"https:\/\/www.notibras.com\/site\/\"},{\"@type\":\"ListItem\",\"position\":2,\"name\":\"Guerra ao terror aguarda o sinal verde do Planalto\"}]},{\"@type\":\"WebSite\",\"@id\":\"https:\/\/www.notibras.com\/site\/#website\",\"url\":\"https:\/\/www.notibras.com\/site\/\",\"name\":\"Notibras\",\"description\":\"Not\u00edcias de Bras\u00edlia, do Brasil e do Mundo\",\"publisher\":{\"@id\":\"https:\/\/www.notibras.com\/site\/#organization\"},\"potentialAction\":[{\"@type\":\"SearchAction\",\"target\":{\"@type\":\"EntryPoint\",\"urlTemplate\":\"https:\/\/www.notibras.com\/site\/?s={search_term_string}\"},\"query-input\":{\"@type\":\"PropertyValueSpecification\",\"valueRequired\":true,\"valueName\":\"search_term_string\"}}],\"inLanguage\":\"pt-BR\"},{\"@type\":\"Organization\",\"@id\":\"https:\/\/www.notibras.com\/site\/#organization\",\"name\":\"Grupo Notibras de Comunica\u00e7\u00e3o\",\"url\":\"https:\/\/www.notibras.com\/site\/\",\"logo\":{\"@type\":\"ImageObject\",\"inLanguage\":\"pt-BR\",\"@id\":\"https:\/\/www.notibras.com\/site\/#\/schema\/logo\/image\/\",\"url\":\"https:\/\/www.notibras.com\/site\/wp-content\/uploads\/2023\/01\/notibras23.png\",\"contentUrl\":\"https:\/\/www.notibras.com\/site\/wp-content\/uploads\/2023\/01\/notibras23.png\",\"width\":350,\"height\":87,\"caption\":\"Grupo Notibras de Comunica\u00e7\u00e3o\"},\"image\":{\"@id\":\"https:\/\/www.notibras.com\/site\/#\/schema\/logo\/image\/\"},\"sameAs\":[\"https:\/\/www.facebook.com\/notibras\/\",\"https:\/\/x.com\/Notibras\",\"https:\/\/www.instagram.com\/notibras\/\"]},{\"@type\":\"Person\",\"@id\":\"https:\/\/www.notibras.com\/site\/#\/schema\/person\/36ab0979449956132d3e5b517ea76ac8\",\"name\":\"Reda\u00e7\u00e3o\",\"image\":{\"@type\":\"ImageObject\",\"inLanguage\":\"pt-BR\",\"@id\":\"https:\/\/secure.gravatar.com\/avatar\/e0a867bdedb85fd243eadf09663511f96fc81e0720a4a42581f334ad4303aa6b?s=96&d=mm&r=g\",\"url\":\"https:\/\/secure.gravatar.com\/avatar\/e0a867bdedb85fd243eadf09663511f96fc81e0720a4a42581f334ad4303aa6b?s=96&d=mm&r=g\",\"contentUrl\":\"https:\/\/secure.gravatar.com\/avatar\/e0a867bdedb85fd243eadf09663511f96fc81e0720a4a42581f334ad4303aa6b?s=96&d=mm&r=g\",\"caption\":\"Reda\u00e7\u00e3o\"}}]}<\/script>\n<!-- \/ Yoast SEO plugin. -->","yoast_head_json":{"title":"Guerra ao terror aguarda o sinal verde do Planalto - Notibras","robots":{"index":"index","follow":"follow","max-snippet":"max-snippet:-1","max-image-preview":"max-image-preview:large","max-video-preview":"max-video-preview:-1"},"canonical":"https:\/\/www.notibras.com\/site\/guerra-ao-terror-aguarda-o-sinal-verde-do-planalto\/","og_locale":"pt_BR","og_type":"article","og_title":"Guerra ao terror aguarda o sinal verde do Planalto - Notibras","og_description":"O bloqueio de bens de pessoas e entidades investigadas ou acusadas de terrorismo por resolu\u00e7\u00f5es do Conselho de Seguran\u00e7a das Na\u00e7\u00f5es Unidas (ONU) ser\u00e1 feito de forma imediata no pa\u00eds, sem depender de decis\u00e3o judicial como ocorria anteriormente. \u00c9 o que prev\u00ea projeto de lei (n\u00ba 703\/2019) aprovado pelo Congresso e que aguarda san\u00e7\u00e3o do [&hellip;]","og_url":"https:\/\/www.notibras.com\/site\/guerra-ao-terror-aguarda-o-sinal-verde-do-planalto\/","og_site_name":"Notibras","article_publisher":"https:\/\/www.facebook.com\/notibras\/","article_published_time":"2019-03-05T12:35:56+00:00","article_modified_time":"2019-03-05T12:36:59+00:00","og_image":[{"width":961,"height":531,"url":"https:\/\/www.notibras.com\/site\/wp-content\/uploads\/2018\/05\/fortio.jpg","type":"image\/jpeg"}],"author":"Reda\u00e7\u00e3o","twitter_card":"summary_large_image","twitter_creator":"@Notibras","twitter_site":"@Notibras","twitter_misc":{"Escrito por":"Reda\u00e7\u00e3o","Est. tempo de leitura":"2 minutos"},"schema":{"@context":"https:\/\/schema.org","@graph":[{"@type":"Article","@id":"https:\/\/www.notibras.com\/site\/guerra-ao-terror-aguarda-o-sinal-verde-do-planalto\/#article","isPartOf":{"@id":"https:\/\/www.notibras.com\/site\/guerra-ao-terror-aguarda-o-sinal-verde-do-planalto\/"},"author":{"name":"Reda\u00e7\u00e3o","@id":"https:\/\/www.notibras.com\/site\/#\/schema\/person\/36ab0979449956132d3e5b517ea76ac8"},"headline":"Guerra ao terror aguarda o sinal verde do Planalto","datePublished":"2019-03-05T12:35:56+00:00","dateModified":"2019-03-05T12:36:59+00:00","mainEntityOfPage":{"@id":"https:\/\/www.notibras.com\/site\/guerra-ao-terror-aguarda-o-sinal-verde-do-planalto\/"},"wordCount":485,"publisher":{"@id":"https:\/\/www.notibras.com\/site\/#organization"},"image":{"@id":"https:\/\/www.notibras.com\/site\/guerra-ao-terror-aguarda-o-sinal-verde-do-planalto\/#primaryimage"},"thumbnailUrl":"https:\/\/www.notibras.com\/site\/wp-content\/uploads\/2018\/05\/fortio.jpg","keywords":["capa"],"articleSection":["Brasil"],"inLanguage":"pt-BR"},{"@type":"WebPage","@id":"https:\/\/www.notibras.com\/site\/guerra-ao-terror-aguarda-o-sinal-verde-do-planalto\/","url":"https:\/\/www.notibras.com\/site\/guerra-ao-terror-aguarda-o-sinal-verde-do-planalto\/","name":"Guerra ao terror aguarda o sinal verde do Planalto - Notibras","isPartOf":{"@id":"https:\/\/www.notibras.com\/site\/#website"},"primaryImageOfPage":{"@id":"https:\/\/www.notibras.com\/site\/guerra-ao-terror-aguarda-o-sinal-verde-do-planalto\/#primaryimage"},"image":{"@id":"https:\/\/www.notibras.com\/site\/guerra-ao-terror-aguarda-o-sinal-verde-do-planalto\/#primaryimage"},"thumbnailUrl":"https:\/\/www.notibras.com\/site\/wp-content\/uploads\/2018\/05\/fortio.jpg","datePublished":"2019-03-05T12:35:56+00:00","dateModified":"2019-03-05T12:36:59+00:00","breadcrumb":{"@id":"https:\/\/www.notibras.com\/site\/guerra-ao-terror-aguarda-o-sinal-verde-do-planalto\/#breadcrumb"},"inLanguage":"pt-BR","potentialAction":[{"@type":"ReadAction","target":["https:\/\/www.notibras.com\/site\/guerra-ao-terror-aguarda-o-sinal-verde-do-planalto\/"]}]},{"@type":"ImageObject","inLanguage":"pt-BR","@id":"https:\/\/www.notibras.com\/site\/guerra-ao-terror-aguarda-o-sinal-verde-do-planalto\/#primaryimage","url":"https:\/\/www.notibras.com\/site\/wp-content\/uploads\/2018\/05\/fortio.jpg","contentUrl":"https:\/\/www.notibras.com\/site\/wp-content\/uploads\/2018\/05\/fortio.jpg","width":961,"height":531},{"@type":"BreadcrumbList","@id":"https:\/\/www.notibras.com\/site\/guerra-ao-terror-aguarda-o-sinal-verde-do-planalto\/#breadcrumb","itemListElement":[{"@type":"ListItem","position":1,"name":"In\u00edcio","item":"https:\/\/www.notibras.com\/site\/"},{"@type":"ListItem","position":2,"name":"Guerra ao terror aguarda o sinal verde do Planalto"}]},{"@type":"WebSite","@id":"https:\/\/www.notibras.com\/site\/#website","url":"https:\/\/www.notibras.com\/site\/","name":"Notibras","description":"Not\u00edcias de Bras\u00edlia, do Brasil e do Mundo","publisher":{"@id":"https:\/\/www.notibras.com\/site\/#organization"},"potentialAction":[{"@type":"SearchAction","target":{"@type":"EntryPoint","urlTemplate":"https:\/\/www.notibras.com\/site\/?s={search_term_string}"},"query-input":{"@type":"PropertyValueSpecification","valueRequired":true,"valueName":"search_term_string"}}],"inLanguage":"pt-BR"},{"@type":"Organization","@id":"https:\/\/www.notibras.com\/site\/#organization","name":"Grupo Notibras de Comunica\u00e7\u00e3o","url":"https:\/\/www.notibras.com\/site\/","logo":{"@type":"ImageObject","inLanguage":"pt-BR","@id":"https:\/\/www.notibras.com\/site\/#\/schema\/logo\/image\/","url":"https:\/\/www.notibras.com\/site\/wp-content\/uploads\/2023\/01\/notibras23.png","contentUrl":"https:\/\/www.notibras.com\/site\/wp-content\/uploads\/2023\/01\/notibras23.png","width":350,"height":87,"caption":"Grupo Notibras de Comunica\u00e7\u00e3o"},"image":{"@id":"https:\/\/www.notibras.com\/site\/#\/schema\/logo\/image\/"},"sameAs":["https:\/\/www.facebook.com\/notibras\/","https:\/\/x.com\/Notibras","https:\/\/www.instagram.com\/notibras\/"]},{"@type":"Person","@id":"https:\/\/www.notibras.com\/site\/#\/schema\/person\/36ab0979449956132d3e5b517ea76ac8","name":"Reda\u00e7\u00e3o","image":{"@type":"ImageObject","inLanguage":"pt-BR","@id":"https:\/\/secure.gravatar.com\/avatar\/e0a867bdedb85fd243eadf09663511f96fc81e0720a4a42581f334ad4303aa6b?s=96&d=mm&r=g","url":"https:\/\/secure.gravatar.com\/avatar\/e0a867bdedb85fd243eadf09663511f96fc81e0720a4a42581f334ad4303aa6b?s=96&d=mm&r=g","contentUrl":"https:\/\/secure.gravatar.com\/avatar\/e0a867bdedb85fd243eadf09663511f96fc81e0720a4a42581f334ad4303aa6b?s=96&d=mm&r=g","caption":"Reda\u00e7\u00e3o"}}]}},"amp_enabled":true,"_links":{"self":[{"href":"https:\/\/www.notibras.com\/site\/wp-json\/wp\/v2\/posts\/204099","targetHints":{"allow":["GET"]}}],"collection":[{"href":"https:\/\/www.notibras.com\/site\/wp-json\/wp\/v2\/posts"}],"about":[{"href":"https:\/\/www.notibras.com\/site\/wp-json\/wp\/v2\/types\/post"}],"author":[{"embeddable":true,"href":"https:\/\/www.notibras.com\/site\/wp-json\/wp\/v2\/users\/2"}],"replies":[{"embeddable":true,"href":"https:\/\/www.notibras.com\/site\/wp-json\/wp\/v2\/comments?post=204099"}],"version-history":[{"count":2,"href":"https:\/\/www.notibras.com\/site\/wp-json\/wp\/v2\/posts\/204099\/revisions"}],"predecessor-version":[{"id":204101,"href":"https:\/\/www.notibras.com\/site\/wp-json\/wp\/v2\/posts\/204099\/revisions\/204101"}],"wp:featuredmedia":[{"embeddable":true,"href":"https:\/\/www.notibras.com\/site\/wp-json\/wp\/v2\/media\/178906"}],"wp:attachment":[{"href":"https:\/\/www.notibras.com\/site\/wp-json\/wp\/v2\/media?parent=204099"}],"wp:term":[{"taxonomy":"category","embeddable":true,"href":"https:\/\/www.notibras.com\/site\/wp-json\/wp\/v2\/categories?post=204099"},{"taxonomy":"post_tag","embeddable":true,"href":"https:\/\/www.notibras.com\/site\/wp-json\/wp\/v2\/tags?post=204099"}],"curies":[{"name":"wp","href":"https:\/\/api.w.org\/{rel}","templated":true}]}}