{"id":204116,"date":"2019-03-05T11:55:29","date_gmt":"2019-03-05T14:55:29","guid":{"rendered":"https:\/\/www.notibras.com\/site\/?p=204116"},"modified":"2019-03-05T12:00:51","modified_gmt":"2019-03-05T15:00:51","slug":"bolsonaro-vai-pra-cima-de-caetano-e-daniela-chupa","status":"publish","type":"post","link":"https:\/\/www.notibras.com\/site\/bolsonaro-vai-pra-cima-de-caetano-e-daniela-chupa\/","title":{"rendered":"Bolsonaro vai pra cima de Caetano e Daniela. Chupa!!!!"},"content":{"rendered":"<p>O presidente Jair Bolsonaro publicou em sua conta no Twitter, nesta ter\u00e7a-feira, 5, um v\u00eddeo em que um cantor rebate cr\u00edticas feitas por Daniela Mercury e Caetano Veloso na m\u00fasica \u201cProibido o Carnaval\u201d, lan\u00e7ada h\u00e1 um m\u00eas.<\/p>\n<p>Sem citar o nome da dupla, Bolsonaro escreveu que &#8220;dois \u2018famosos\u2019 acusam o governo Jair Bolsonaro de querer acabar com o Carnaval&#8221;.<\/p>\n<p>A verdade, escreveu o presidente, \u00e9 outra: &#8220;Esse tipo de \u2018artista\u2019 n\u00e3o mais se locupletar\u00e1 da Lei Rouanet&#8221;.<\/p>\n<p>Antes de come\u00e7ar a marchinha, o cantor diz: \u201cessa marchinha vai para o nosso querido Caetano Veloso e nossa querida Daniela Mercury\u201d. E pontua: &#8220;Chupa!&#8221;<\/p>\n<blockquote class=\"twitter-tweet\" data-width=\"550\" data-dnt=\"true\">\n<p lang=\"pt\" dir=\"ltr\">Dois \u201cfamosos\u201d acusam o Governo Jair Bolsonaro de querer acabar com o Carnaval.  A verdade \u00e9 outra: esse tipo de &quot;artista&quot; n\u00e3o mais se locupletar\u00e1 da Lei Rouanet. ASSISTA: <a href=\"https:\/\/t.co\/37XQEvyBWt\">pic.twitter.com\/37XQEvyBWt<\/a><\/p>\n<p>&mdash; Jair M. Bolsonaro (@jairbolsonaro) <a href=\"https:\/\/twitter.com\/jairbolsonaro\/status\/1102906488677371904?ref_src=twsrc%5Etfw\">March 5, 2019<\/a><\/p><\/blockquote>\n<p><script async src=\"https:\/\/platform.twitter.com\/widgets.js\" charset=\"utf-8\"><\/script><\/p>\n","protected":false},"excerpt":{"rendered":"<p>O presidente Jair Bolsonaro publicou em sua conta no Twitter, nesta ter\u00e7a-feira, 5, um v\u00eddeo em que um cantor rebate cr\u00edticas feitas por Daniela Mercury e Caetano Veloso na m\u00fasica \u201cProibido o Carnaval\u201d, lan\u00e7ada h\u00e1 um m\u00eas. Sem citar o nome da dupla, Bolsonaro escreveu que &#8220;dois \u2018famosos\u2019 acusam o governo Jair Bolsonaro de querer [&hellip;]<\/p>\n","protected":false},"author":2,"featured_media":204118,"comment_status":"closed","ping_status":"closed","sticky":false,"template":"","format":"standard","meta":{"_acf_changed":false,"footnotes":""},"categories":[16],"tags":[95],"class_list":["post-204116","post","type-post","status-publish","format-standard","has-post-thumbnail","hentry","category-brasil","tag-capa"],"acf":[],"yoast_head":"<!-- This site is optimized with the Yoast SEO plugin v27.2 - https:\/\/yoast.com\/product\/yoast-seo-wordpress\/ -->\n<title>Bolsonaro vai pra cima de Caetano e Daniela. Chupa!!!! - Notibras<\/title>\n<meta name=\"robots\" content=\"index, follow, max-snippet:-1, max-image-preview:large, max-video-preview:-1\" \/>\n<link rel=\"canonical\" href=\"https:\/\/www.notibras.com\/site\/bolsonaro-vai-pra-cima-de-caetano-e-daniela-chupa\/\" \/>\n<meta property=\"og:locale\" content=\"pt_BR\" \/>\n<meta property=\"og:type\" content=\"article\" \/>\n<meta property=\"og:title\" content=\"Bolsonaro vai pra cima de Caetano e Daniela. Chupa!!!! - Notibras\" \/>\n<meta property=\"og:description\" content=\"O presidente Jair Bolsonaro publicou em sua conta no Twitter, nesta ter\u00e7a-feira, 5, um v\u00eddeo em que um cantor rebate cr\u00edticas feitas por Daniela Mercury e Caetano Veloso na m\u00fasica \u201cProibido o Carnaval\u201d, lan\u00e7ada h\u00e1 um m\u00eas. Sem citar o nome da dupla, Bolsonaro escreveu que &#8220;dois \u2018famosos\u2019 acusam o governo Jair Bolsonaro de querer [&hellip;]\" \/>\n<meta property=\"og:url\" content=\"https:\/\/www.notibras.com\/site\/bolsonaro-vai-pra-cima-de-caetano-e-daniela-chupa\/\" \/>\n<meta property=\"og:site_name\" content=\"Notibras\" \/>\n<meta property=\"article:publisher\" content=\"https:\/\/www.facebook.com\/notibras\/\" \/>\n<meta property=\"article:published_time\" content=\"2019-03-05T14:55:29+00:00\" \/>\n<meta property=\"article:modified_time\" content=\"2019-03-05T15:00:51+00:00\" \/>\n<meta property=\"og:image\" content=\"https:\/\/www.notibras.com\/site\/wp-content\/uploads\/2019\/03\/daniela-e-caetano.jpg\" \/>\n\t<meta property=\"og:image:width\" content=\"1280\" \/>\n\t<meta property=\"og:image:height\" content=\"853\" \/>\n\t<meta property=\"og:image:type\" content=\"image\/jpeg\" \/>\n<meta name=\"author\" content=\"Reda\u00e7\u00e3o\" \/>\n<meta name=\"twitter:card\" content=\"summary_large_image\" \/>\n<meta name=\"twitter:creator\" content=\"@Notibras\" \/>\n<meta name=\"twitter:site\" content=\"@Notibras\" \/>\n<meta name=\"twitter:label1\" content=\"Escrito por\" \/>\n\t<meta name=\"twitter:data1\" content=\"Reda\u00e7\u00e3o\" \/>\n\t<meta name=\"twitter:label2\" content=\"Est. tempo de leitura\" \/>\n\t<meta name=\"twitter:data2\" content=\"1 minuto\" \/>\n<script type=\"application\/ld+json\" class=\"yoast-schema-graph\">{\"@context\":\"https:\/\/schema.org\",\"@graph\":[{\"@type\":\"Article\",\"@id\":\"https:\/\/www.notibras.com\/site\/bolsonaro-vai-pra-cima-de-caetano-e-daniela-chupa\/#article\",\"isPartOf\":{\"@id\":\"https:\/\/www.notibras.com\/site\/bolsonaro-vai-pra-cima-de-caetano-e-daniela-chupa\/\"},\"author\":{\"name\":\"Reda\u00e7\u00e3o\",\"@id\":\"https:\/\/www.notibras.com\/site\/#\/schema\/person\/36ab0979449956132d3e5b517ea76ac8\"},\"headline\":\"Bolsonaro vai pra cima de Caetano e Daniela. Chupa!!!!\",\"datePublished\":\"2019-03-05T14:55:29+00:00\",\"dateModified\":\"2019-03-05T15:00:51+00:00\",\"mainEntityOfPage\":{\"@id\":\"https:\/\/www.notibras.com\/site\/bolsonaro-vai-pra-cima-de-caetano-e-daniela-chupa\/\"},\"wordCount\":122,\"publisher\":{\"@id\":\"https:\/\/www.notibras.com\/site\/#organization\"},\"image\":{\"@id\":\"https:\/\/www.notibras.com\/site\/bolsonaro-vai-pra-cima-de-caetano-e-daniela-chupa\/#primaryimage\"},\"thumbnailUrl\":\"https:\/\/www.notibras.com\/site\/wp-content\/uploads\/2019\/03\/daniela-e-caetano.jpg\",\"keywords\":[\"capa\"],\"articleSection\":[\"Brasil\"],\"inLanguage\":\"pt-BR\"},{\"@type\":\"WebPage\",\"@id\":\"https:\/\/www.notibras.com\/site\/bolsonaro-vai-pra-cima-de-caetano-e-daniela-chupa\/\",\"url\":\"https:\/\/www.notibras.com\/site\/bolsonaro-vai-pra-cima-de-caetano-e-daniela-chupa\/\",\"name\":\"Bolsonaro vai pra cima de Caetano e Daniela. Chupa!!!! - Notibras\",\"isPartOf\":{\"@id\":\"https:\/\/www.notibras.com\/site\/#website\"},\"primaryImageOfPage\":{\"@id\":\"https:\/\/www.notibras.com\/site\/bolsonaro-vai-pra-cima-de-caetano-e-daniela-chupa\/#primaryimage\"},\"image\":{\"@id\":\"https:\/\/www.notibras.com\/site\/bolsonaro-vai-pra-cima-de-caetano-e-daniela-chupa\/#primaryimage\"},\"thumbnailUrl\":\"https:\/\/www.notibras.com\/site\/wp-content\/uploads\/2019\/03\/daniela-e-caetano.jpg\",\"datePublished\":\"2019-03-05T14:55:29+00:00\",\"dateModified\":\"2019-03-05T15:00:51+00:00\",\"breadcrumb\":{\"@id\":\"https:\/\/www.notibras.com\/site\/bolsonaro-vai-pra-cima-de-caetano-e-daniela-chupa\/#breadcrumb\"},\"inLanguage\":\"pt-BR\",\"potentialAction\":[{\"@type\":\"ReadAction\",\"target\":[\"https:\/\/www.notibras.com\/site\/bolsonaro-vai-pra-cima-de-caetano-e-daniela-chupa\/\"]}]},{\"@type\":\"ImageObject\",\"inLanguage\":\"pt-BR\",\"@id\":\"https:\/\/www.notibras.com\/site\/bolsonaro-vai-pra-cima-de-caetano-e-daniela-chupa\/#primaryimage\",\"url\":\"https:\/\/www.notibras.com\/site\/wp-content\/uploads\/2019\/03\/daniela-e-caetano.jpg\",\"contentUrl\":\"https:\/\/www.notibras.com\/site\/wp-content\/uploads\/2019\/03\/daniela-e-caetano.jpg\",\"width\":1280,\"height\":853,\"caption\":\"Foto\/Reprodu\u00e7\u00e3o\"},{\"@type\":\"BreadcrumbList\",\"@id\":\"https:\/\/www.notibras.com\/site\/bolsonaro-vai-pra-cima-de-caetano-e-daniela-chupa\/#breadcrumb\",\"itemListElement\":[{\"@type\":\"ListItem\",\"position\":1,\"name\":\"In\u00edcio\",\"item\":\"https:\/\/www.notibras.com\/site\/\"},{\"@type\":\"ListItem\",\"position\":2,\"name\":\"Bolsonaro vai pra cima de Caetano e Daniela. Chupa!!!!\"}]},{\"@type\":\"WebSite\",\"@id\":\"https:\/\/www.notibras.com\/site\/#website\",\"url\":\"https:\/\/www.notibras.com\/site\/\",\"name\":\"Notibras\",\"description\":\"Not\u00edcias de Bras\u00edlia, do Brasil e do Mundo\",\"publisher\":{\"@id\":\"https:\/\/www.notibras.com\/site\/#organization\"},\"potentialAction\":[{\"@type\":\"SearchAction\",\"target\":{\"@type\":\"EntryPoint\",\"urlTemplate\":\"https:\/\/www.notibras.com\/site\/?s={search_term_string}\"},\"query-input\":{\"@type\":\"PropertyValueSpecification\",\"valueRequired\":true,\"valueName\":\"search_term_string\"}}],\"inLanguage\":\"pt-BR\"},{\"@type\":\"Organization\",\"@id\":\"https:\/\/www.notibras.com\/site\/#organization\",\"name\":\"Grupo Notibras de Comunica\u00e7\u00e3o\",\"url\":\"https:\/\/www.notibras.com\/site\/\",\"logo\":{\"@type\":\"ImageObject\",\"inLanguage\":\"pt-BR\",\"@id\":\"https:\/\/www.notibras.com\/site\/#\/schema\/logo\/image\/\",\"url\":\"https:\/\/www.notibras.com\/site\/wp-content\/uploads\/2023\/01\/notibras23.png\",\"contentUrl\":\"https:\/\/www.notibras.com\/site\/wp-content\/uploads\/2023\/01\/notibras23.png\",\"width\":350,\"height\":87,\"caption\":\"Grupo Notibras de Comunica\u00e7\u00e3o\"},\"image\":{\"@id\":\"https:\/\/www.notibras.com\/site\/#\/schema\/logo\/image\/\"},\"sameAs\":[\"https:\/\/www.facebook.com\/notibras\/\",\"https:\/\/x.com\/Notibras\",\"https:\/\/www.instagram.com\/notibras\/\"]},{\"@type\":\"Person\",\"@id\":\"https:\/\/www.notibras.com\/site\/#\/schema\/person\/36ab0979449956132d3e5b517ea76ac8\",\"name\":\"Reda\u00e7\u00e3o\",\"image\":{\"@type\":\"ImageObject\",\"inLanguage\":\"pt-BR\",\"@id\":\"https:\/\/secure.gravatar.com\/avatar\/e0a867bdedb85fd243eadf09663511f96fc81e0720a4a42581f334ad4303aa6b?s=96&d=mm&r=g\",\"url\":\"https:\/\/secure.gravatar.com\/avatar\/e0a867bdedb85fd243eadf09663511f96fc81e0720a4a42581f334ad4303aa6b?s=96&d=mm&r=g\",\"contentUrl\":\"https:\/\/secure.gravatar.com\/avatar\/e0a867bdedb85fd243eadf09663511f96fc81e0720a4a42581f334ad4303aa6b?s=96&d=mm&r=g\",\"caption\":\"Reda\u00e7\u00e3o\"}}]}<\/script>\n<!-- \/ Yoast SEO plugin. -->","yoast_head_json":{"title":"Bolsonaro vai pra cima de Caetano e Daniela. Chupa!!!! - Notibras","robots":{"index":"index","follow":"follow","max-snippet":"max-snippet:-1","max-image-preview":"max-image-preview:large","max-video-preview":"max-video-preview:-1"},"canonical":"https:\/\/www.notibras.com\/site\/bolsonaro-vai-pra-cima-de-caetano-e-daniela-chupa\/","og_locale":"pt_BR","og_type":"article","og_title":"Bolsonaro vai pra cima de Caetano e Daniela. Chupa!!!! - Notibras","og_description":"O presidente Jair Bolsonaro publicou em sua conta no Twitter, nesta ter\u00e7a-feira, 5, um v\u00eddeo em que um cantor rebate cr\u00edticas feitas por Daniela Mercury e Caetano Veloso na m\u00fasica \u201cProibido o Carnaval\u201d, lan\u00e7ada h\u00e1 um m\u00eas. Sem citar o nome da dupla, Bolsonaro escreveu que &#8220;dois \u2018famosos\u2019 acusam o governo Jair Bolsonaro de querer [&hellip;]","og_url":"https:\/\/www.notibras.com\/site\/bolsonaro-vai-pra-cima-de-caetano-e-daniela-chupa\/","og_site_name":"Notibras","article_publisher":"https:\/\/www.facebook.com\/notibras\/","article_published_time":"2019-03-05T14:55:29+00:00","article_modified_time":"2019-03-05T15:00:51+00:00","og_image":[{"width":1280,"height":853,"url":"https:\/\/www.notibras.com\/site\/wp-content\/uploads\/2019\/03\/daniela-e-caetano.jpg","type":"image\/jpeg"}],"author":"Reda\u00e7\u00e3o","twitter_card":"summary_large_image","twitter_creator":"@Notibras","twitter_site":"@Notibras","twitter_misc":{"Escrito por":"Reda\u00e7\u00e3o","Est. tempo de leitura":"1 minuto"},"schema":{"@context":"https:\/\/schema.org","@graph":[{"@type":"Article","@id":"https:\/\/www.notibras.com\/site\/bolsonaro-vai-pra-cima-de-caetano-e-daniela-chupa\/#article","isPartOf":{"@id":"https:\/\/www.notibras.com\/site\/bolsonaro-vai-pra-cima-de-caetano-e-daniela-chupa\/"},"author":{"name":"Reda\u00e7\u00e3o","@id":"https:\/\/www.notibras.com\/site\/#\/schema\/person\/36ab0979449956132d3e5b517ea76ac8"},"headline":"Bolsonaro vai pra cima de Caetano e Daniela. Chupa!!!!","datePublished":"2019-03-05T14:55:29+00:00","dateModified":"2019-03-05T15:00:51+00:00","mainEntityOfPage":{"@id":"https:\/\/www.notibras.com\/site\/bolsonaro-vai-pra-cima-de-caetano-e-daniela-chupa\/"},"wordCount":122,"publisher":{"@id":"https:\/\/www.notibras.com\/site\/#organization"},"image":{"@id":"https:\/\/www.notibras.com\/site\/bolsonaro-vai-pra-cima-de-caetano-e-daniela-chupa\/#primaryimage"},"thumbnailUrl":"https:\/\/www.notibras.com\/site\/wp-content\/uploads\/2019\/03\/daniela-e-caetano.jpg","keywords":["capa"],"articleSection":["Brasil"],"inLanguage":"pt-BR"},{"@type":"WebPage","@id":"https:\/\/www.notibras.com\/site\/bolsonaro-vai-pra-cima-de-caetano-e-daniela-chupa\/","url":"https:\/\/www.notibras.com\/site\/bolsonaro-vai-pra-cima-de-caetano-e-daniela-chupa\/","name":"Bolsonaro vai pra cima de Caetano e Daniela. Chupa!!!! - Notibras","isPartOf":{"@id":"https:\/\/www.notibras.com\/site\/#website"},"primaryImageOfPage":{"@id":"https:\/\/www.notibras.com\/site\/bolsonaro-vai-pra-cima-de-caetano-e-daniela-chupa\/#primaryimage"},"image":{"@id":"https:\/\/www.notibras.com\/site\/bolsonaro-vai-pra-cima-de-caetano-e-daniela-chupa\/#primaryimage"},"thumbnailUrl":"https:\/\/www.notibras.com\/site\/wp-content\/uploads\/2019\/03\/daniela-e-caetano.jpg","datePublished":"2019-03-05T14:55:29+00:00","dateModified":"2019-03-05T15:00:51+00:00","breadcrumb":{"@id":"https:\/\/www.notibras.com\/site\/bolsonaro-vai-pra-cima-de-caetano-e-daniela-chupa\/#breadcrumb"},"inLanguage":"pt-BR","potentialAction":[{"@type":"ReadAction","target":["https:\/\/www.notibras.com\/site\/bolsonaro-vai-pra-cima-de-caetano-e-daniela-chupa\/"]}]},{"@type":"ImageObject","inLanguage":"pt-BR","@id":"https:\/\/www.notibras.com\/site\/bolsonaro-vai-pra-cima-de-caetano-e-daniela-chupa\/#primaryimage","url":"https:\/\/www.notibras.com\/site\/wp-content\/uploads\/2019\/03\/daniela-e-caetano.jpg","contentUrl":"https:\/\/www.notibras.com\/site\/wp-content\/uploads\/2019\/03\/daniela-e-caetano.jpg","width":1280,"height":853,"caption":"Foto\/Reprodu\u00e7\u00e3o"},{"@type":"BreadcrumbList","@id":"https:\/\/www.notibras.com\/site\/bolsonaro-vai-pra-cima-de-caetano-e-daniela-chupa\/#breadcrumb","itemListElement":[{"@type":"ListItem","position":1,"name":"In\u00edcio","item":"https:\/\/www.notibras.com\/site\/"},{"@type":"ListItem","position":2,"name":"Bolsonaro vai pra cima de Caetano e Daniela. Chupa!!!!"}]},{"@type":"WebSite","@id":"https:\/\/www.notibras.com\/site\/#website","url":"https:\/\/www.notibras.com\/site\/","name":"Notibras","description":"Not\u00edcias de Bras\u00edlia, do Brasil e do Mundo","publisher":{"@id":"https:\/\/www.notibras.com\/site\/#organization"},"potentialAction":[{"@type":"SearchAction","target":{"@type":"EntryPoint","urlTemplate":"https:\/\/www.notibras.com\/site\/?s={search_term_string}"},"query-input":{"@type":"PropertyValueSpecification","valueRequired":true,"valueName":"search_term_string"}}],"inLanguage":"pt-BR"},{"@type":"Organization","@id":"https:\/\/www.notibras.com\/site\/#organization","name":"Grupo Notibras de Comunica\u00e7\u00e3o","url":"https:\/\/www.notibras.com\/site\/","logo":{"@type":"ImageObject","inLanguage":"pt-BR","@id":"https:\/\/www.notibras.com\/site\/#\/schema\/logo\/image\/","url":"https:\/\/www.notibras.com\/site\/wp-content\/uploads\/2023\/01\/notibras23.png","contentUrl":"https:\/\/www.notibras.com\/site\/wp-content\/uploads\/2023\/01\/notibras23.png","width":350,"height":87,"caption":"Grupo Notibras de Comunica\u00e7\u00e3o"},"image":{"@id":"https:\/\/www.notibras.com\/site\/#\/schema\/logo\/image\/"},"sameAs":["https:\/\/www.facebook.com\/notibras\/","https:\/\/x.com\/Notibras","https:\/\/www.instagram.com\/notibras\/"]},{"@type":"Person","@id":"https:\/\/www.notibras.com\/site\/#\/schema\/person\/36ab0979449956132d3e5b517ea76ac8","name":"Reda\u00e7\u00e3o","image":{"@type":"ImageObject","inLanguage":"pt-BR","@id":"https:\/\/secure.gravatar.com\/avatar\/e0a867bdedb85fd243eadf09663511f96fc81e0720a4a42581f334ad4303aa6b?s=96&d=mm&r=g","url":"https:\/\/secure.gravatar.com\/avatar\/e0a867bdedb85fd243eadf09663511f96fc81e0720a4a42581f334ad4303aa6b?s=96&d=mm&r=g","contentUrl":"https:\/\/secure.gravatar.com\/avatar\/e0a867bdedb85fd243eadf09663511f96fc81e0720a4a42581f334ad4303aa6b?s=96&d=mm&r=g","caption":"Reda\u00e7\u00e3o"}}]}},"amp_enabled":true,"_links":{"self":[{"href":"https:\/\/www.notibras.com\/site\/wp-json\/wp\/v2\/posts\/204116","targetHints":{"allow":["GET"]}}],"collection":[{"href":"https:\/\/www.notibras.com\/site\/wp-json\/wp\/v2\/posts"}],"about":[{"href":"https:\/\/www.notibras.com\/site\/wp-json\/wp\/v2\/types\/post"}],"author":[{"embeddable":true,"href":"https:\/\/www.notibras.com\/site\/wp-json\/wp\/v2\/users\/2"}],"replies":[{"embeddable":true,"href":"https:\/\/www.notibras.com\/site\/wp-json\/wp\/v2\/comments?post=204116"}],"version-history":[{"count":4,"href":"https:\/\/www.notibras.com\/site\/wp-json\/wp\/v2\/posts\/204116\/revisions"}],"predecessor-version":[{"id":204122,"href":"https:\/\/www.notibras.com\/site\/wp-json\/wp\/v2\/posts\/204116\/revisions\/204122"}],"wp:featuredmedia":[{"embeddable":true,"href":"https:\/\/www.notibras.com\/site\/wp-json\/wp\/v2\/media\/204118"}],"wp:attachment":[{"href":"https:\/\/www.notibras.com\/site\/wp-json\/wp\/v2\/media?parent=204116"}],"wp:term":[{"taxonomy":"category","embeddable":true,"href":"https:\/\/www.notibras.com\/site\/wp-json\/wp\/v2\/categories?post=204116"},{"taxonomy":"post_tag","embeddable":true,"href":"https:\/\/www.notibras.com\/site\/wp-json\/wp\/v2\/tags?post=204116"}],"curies":[{"name":"wp","href":"https:\/\/api.w.org\/{rel}","templated":true}]}}