{"id":204129,"date":"2019-03-05T14:49:54","date_gmt":"2019-03-05T17:49:54","guid":{"rendered":"https:\/\/www.notibras.com\/site\/?p=204129"},"modified":"2019-03-05T14:49:54","modified_gmt":"2019-03-05T17:49:54","slug":"bloco-da-ludmila-esquenta-e-acaba-em-briga-geral","status":"publish","type":"post","link":"https:\/\/www.notibras.com\/site\/bloco-da-ludmila-esquenta-e-acaba-em-briga-geral\/","title":{"rendered":"Bloco da Ludmila esquenta e acaba em briga geral"},"content":{"rendered":"<p>Uma confus\u00e3o acabou provocando o encerramento mais cedo do bloco da cantora Ludmilla, nesta ter\u00e7a-feira, 5, no Centro do Rio. Depois de tr\u00eas horas de desfile na Avenida Primeiro de Mar\u00e7o, uma briga generalizada no meio do p\u00fablico interrompeu o desfile do bloco &#8220;Fervo da Lud&#8221;.<\/p>\n<p>Policiais militares tiveram que intervir, jogando bombas de g\u00e1s lacrimog\u00eaneo. Neste momento, houve correria do p\u00fablico pelas ruas transversais do desfile. O tumulto aconteceu minutos depois que a cantora havia comemorado que o bloco seguia sem tumulto.<\/p>\n<p>Por conta da confus\u00e3o, a PM pediu que o bloco interrompesse a m\u00fasica. Neste momento, o DJ Renan da Penha, convidado da cantora, se apresentava em cima do carro de som. Mesmo sem m\u00fasica, outros focos de briga estouraram no p\u00fablico e a pol\u00edcia lan\u00e7ou mais bombas de g\u00e1s.<\/p>\n<p>O bloco de Ludmilla teve como tema este ano o Egito, escolhido pela cantora para exaltar a negritude da regi\u00e3o. Organizadores estimaram um p\u00fablico de 1,5 milh\u00e3o de pessoas.<\/p>\n","protected":false},"excerpt":{"rendered":"<p>Uma confus\u00e3o acabou provocando o encerramento mais cedo do bloco da cantora Ludmilla, nesta ter\u00e7a-feira, 5, no Centro do Rio. Depois de tr\u00eas horas de desfile na Avenida Primeiro de Mar\u00e7o, uma briga generalizada no meio do p\u00fablico interrompeu o desfile do bloco &#8220;Fervo da Lud&#8221;. Policiais militares tiveram que intervir, jogando bombas de g\u00e1s [&hellip;]<\/p>\n","protected":false},"author":2,"featured_media":204130,"comment_status":"closed","ping_status":"closed","sticky":false,"template":"","format":"standard","meta":{"_acf_changed":false,"footnotes":""},"categories":[16],"tags":[95],"class_list":["post-204129","post","type-post","status-publish","format-standard","has-post-thumbnail","hentry","category-brasil","tag-capa"],"acf":[],"yoast_head":"<!-- This site is optimized with the Yoast SEO plugin v27.2 - https:\/\/yoast.com\/product\/yoast-seo-wordpress\/ -->\n<title>Bloco da Ludmila esquenta e acaba em briga geral - Notibras<\/title>\n<meta name=\"robots\" content=\"index, follow, max-snippet:-1, max-image-preview:large, max-video-preview:-1\" \/>\n<link rel=\"canonical\" href=\"https:\/\/www.notibras.com\/site\/bloco-da-ludmila-esquenta-e-acaba-em-briga-geral\/\" \/>\n<meta property=\"og:locale\" content=\"pt_BR\" \/>\n<meta property=\"og:type\" content=\"article\" \/>\n<meta property=\"og:title\" content=\"Bloco da Ludmila esquenta e acaba em briga geral - Notibras\" \/>\n<meta property=\"og:description\" content=\"Uma confus\u00e3o acabou provocando o encerramento mais cedo do bloco da cantora Ludmilla, nesta ter\u00e7a-feira, 5, no Centro do Rio. Depois de tr\u00eas horas de desfile na Avenida Primeiro de Mar\u00e7o, uma briga generalizada no meio do p\u00fablico interrompeu o desfile do bloco &#8220;Fervo da Lud&#8221;. Policiais militares tiveram que intervir, jogando bombas de g\u00e1s [&hellip;]\" \/>\n<meta property=\"og:url\" content=\"https:\/\/www.notibras.com\/site\/bloco-da-ludmila-esquenta-e-acaba-em-briga-geral\/\" \/>\n<meta property=\"og:site_name\" content=\"Notibras\" \/>\n<meta property=\"article:publisher\" content=\"https:\/\/www.facebook.com\/notibras\/\" \/>\n<meta property=\"article:published_time\" content=\"2019-03-05T17:49:54+00:00\" \/>\n<meta property=\"og:image\" content=\"https:\/\/www.notibras.com\/site\/wp-content\/uploads\/2019\/03\/carnaval-briga.jpg\" \/>\n\t<meta property=\"og:image:width\" content=\"932\" \/>\n\t<meta property=\"og:image:height\" content=\"621\" \/>\n\t<meta property=\"og:image:type\" content=\"image\/jpeg\" \/>\n<meta name=\"author\" content=\"Reda\u00e7\u00e3o\" \/>\n<meta name=\"twitter:card\" content=\"summary_large_image\" \/>\n<meta name=\"twitter:creator\" content=\"@Notibras\" \/>\n<meta name=\"twitter:site\" content=\"@Notibras\" \/>\n<meta name=\"twitter:label1\" content=\"Escrito por\" \/>\n\t<meta name=\"twitter:data1\" content=\"Reda\u00e7\u00e3o\" \/>\n\t<meta name=\"twitter:label2\" content=\"Est. tempo de leitura\" \/>\n\t<meta name=\"twitter:data2\" content=\"1 minuto\" \/>\n<script type=\"application\/ld+json\" class=\"yoast-schema-graph\">{\"@context\":\"https:\/\/schema.org\",\"@graph\":[{\"@type\":\"Article\",\"@id\":\"https:\/\/www.notibras.com\/site\/bloco-da-ludmila-esquenta-e-acaba-em-briga-geral\/#article\",\"isPartOf\":{\"@id\":\"https:\/\/www.notibras.com\/site\/bloco-da-ludmila-esquenta-e-acaba-em-briga-geral\/\"},\"author\":{\"name\":\"Reda\u00e7\u00e3o\",\"@id\":\"https:\/\/www.notibras.com\/site\/#\/schema\/person\/36ab0979449956132d3e5b517ea76ac8\"},\"headline\":\"Bloco da Ludmila esquenta e acaba em briga geral\",\"datePublished\":\"2019-03-05T17:49:54+00:00\",\"mainEntityOfPage\":{\"@id\":\"https:\/\/www.notibras.com\/site\/bloco-da-ludmila-esquenta-e-acaba-em-briga-geral\/\"},\"wordCount\":186,\"publisher\":{\"@id\":\"https:\/\/www.notibras.com\/site\/#organization\"},\"image\":{\"@id\":\"https:\/\/www.notibras.com\/site\/bloco-da-ludmila-esquenta-e-acaba-em-briga-geral\/#primaryimage\"},\"thumbnailUrl\":\"https:\/\/www.notibras.com\/site\/wp-content\/uploads\/2019\/03\/carnaval-briga.jpg\",\"keywords\":[\"capa\"],\"articleSection\":[\"Brasil\"],\"inLanguage\":\"pt-BR\"},{\"@type\":\"WebPage\",\"@id\":\"https:\/\/www.notibras.com\/site\/bloco-da-ludmila-esquenta-e-acaba-em-briga-geral\/\",\"url\":\"https:\/\/www.notibras.com\/site\/bloco-da-ludmila-esquenta-e-acaba-em-briga-geral\/\",\"name\":\"Bloco da Ludmila esquenta e acaba em briga geral - Notibras\",\"isPartOf\":{\"@id\":\"https:\/\/www.notibras.com\/site\/#website\"},\"primaryImageOfPage\":{\"@id\":\"https:\/\/www.notibras.com\/site\/bloco-da-ludmila-esquenta-e-acaba-em-briga-geral\/#primaryimage\"},\"image\":{\"@id\":\"https:\/\/www.notibras.com\/site\/bloco-da-ludmila-esquenta-e-acaba-em-briga-geral\/#primaryimage\"},\"thumbnailUrl\":\"https:\/\/www.notibras.com\/site\/wp-content\/uploads\/2019\/03\/carnaval-briga.jpg\",\"datePublished\":\"2019-03-05T17:49:54+00:00\",\"breadcrumb\":{\"@id\":\"https:\/\/www.notibras.com\/site\/bloco-da-ludmila-esquenta-e-acaba-em-briga-geral\/#breadcrumb\"},\"inLanguage\":\"pt-BR\",\"potentialAction\":[{\"@type\":\"ReadAction\",\"target\":[\"https:\/\/www.notibras.com\/site\/bloco-da-ludmila-esquenta-e-acaba-em-briga-geral\/\"]}]},{\"@type\":\"ImageObject\",\"inLanguage\":\"pt-BR\",\"@id\":\"https:\/\/www.notibras.com\/site\/bloco-da-ludmila-esquenta-e-acaba-em-briga-geral\/#primaryimage\",\"url\":\"https:\/\/www.notibras.com\/site\/wp-content\/uploads\/2019\/03\/carnaval-briga.jpg\",\"contentUrl\":\"https:\/\/www.notibras.com\/site\/wp-content\/uploads\/2019\/03\/carnaval-briga.jpg\",\"width\":932,\"height\":621,\"caption\":\"Foto: Alexandre Dur\u00e3o\/Via Estad\u00e3oConte\u00fado\"},{\"@type\":\"BreadcrumbList\",\"@id\":\"https:\/\/www.notibras.com\/site\/bloco-da-ludmila-esquenta-e-acaba-em-briga-geral\/#breadcrumb\",\"itemListElement\":[{\"@type\":\"ListItem\",\"position\":1,\"name\":\"In\u00edcio\",\"item\":\"https:\/\/www.notibras.com\/site\/\"},{\"@type\":\"ListItem\",\"position\":2,\"name\":\"Bloco da Ludmila esquenta e acaba em briga geral\"}]},{\"@type\":\"WebSite\",\"@id\":\"https:\/\/www.notibras.com\/site\/#website\",\"url\":\"https:\/\/www.notibras.com\/site\/\",\"name\":\"Notibras\",\"description\":\"Not\u00edcias de Bras\u00edlia, do Brasil e do Mundo\",\"publisher\":{\"@id\":\"https:\/\/www.notibras.com\/site\/#organization\"},\"potentialAction\":[{\"@type\":\"SearchAction\",\"target\":{\"@type\":\"EntryPoint\",\"urlTemplate\":\"https:\/\/www.notibras.com\/site\/?s={search_term_string}\"},\"query-input\":{\"@type\":\"PropertyValueSpecification\",\"valueRequired\":true,\"valueName\":\"search_term_string\"}}],\"inLanguage\":\"pt-BR\"},{\"@type\":\"Organization\",\"@id\":\"https:\/\/www.notibras.com\/site\/#organization\",\"name\":\"Grupo Notibras de Comunica\u00e7\u00e3o\",\"url\":\"https:\/\/www.notibras.com\/site\/\",\"logo\":{\"@type\":\"ImageObject\",\"inLanguage\":\"pt-BR\",\"@id\":\"https:\/\/www.notibras.com\/site\/#\/schema\/logo\/image\/\",\"url\":\"https:\/\/www.notibras.com\/site\/wp-content\/uploads\/2023\/01\/notibras23.png\",\"contentUrl\":\"https:\/\/www.notibras.com\/site\/wp-content\/uploads\/2023\/01\/notibras23.png\",\"width\":350,\"height\":87,\"caption\":\"Grupo Notibras de Comunica\u00e7\u00e3o\"},\"image\":{\"@id\":\"https:\/\/www.notibras.com\/site\/#\/schema\/logo\/image\/\"},\"sameAs\":[\"https:\/\/www.facebook.com\/notibras\/\",\"https:\/\/x.com\/Notibras\",\"https:\/\/www.instagram.com\/notibras\/\"]},{\"@type\":\"Person\",\"@id\":\"https:\/\/www.notibras.com\/site\/#\/schema\/person\/36ab0979449956132d3e5b517ea76ac8\",\"name\":\"Reda\u00e7\u00e3o\",\"image\":{\"@type\":\"ImageObject\",\"inLanguage\":\"pt-BR\",\"@id\":\"https:\/\/secure.gravatar.com\/avatar\/e0a867bdedb85fd243eadf09663511f96fc81e0720a4a42581f334ad4303aa6b?s=96&d=mm&r=g\",\"url\":\"https:\/\/secure.gravatar.com\/avatar\/e0a867bdedb85fd243eadf09663511f96fc81e0720a4a42581f334ad4303aa6b?s=96&d=mm&r=g\",\"contentUrl\":\"https:\/\/secure.gravatar.com\/avatar\/e0a867bdedb85fd243eadf09663511f96fc81e0720a4a42581f334ad4303aa6b?s=96&d=mm&r=g\",\"caption\":\"Reda\u00e7\u00e3o\"}}]}<\/script>\n<!-- \/ Yoast SEO plugin. -->","yoast_head_json":{"title":"Bloco da Ludmila esquenta e acaba em briga geral - Notibras","robots":{"index":"index","follow":"follow","max-snippet":"max-snippet:-1","max-image-preview":"max-image-preview:large","max-video-preview":"max-video-preview:-1"},"canonical":"https:\/\/www.notibras.com\/site\/bloco-da-ludmila-esquenta-e-acaba-em-briga-geral\/","og_locale":"pt_BR","og_type":"article","og_title":"Bloco da Ludmila esquenta e acaba em briga geral - Notibras","og_description":"Uma confus\u00e3o acabou provocando o encerramento mais cedo do bloco da cantora Ludmilla, nesta ter\u00e7a-feira, 5, no Centro do Rio. Depois de tr\u00eas horas de desfile na Avenida Primeiro de Mar\u00e7o, uma briga generalizada no meio do p\u00fablico interrompeu o desfile do bloco &#8220;Fervo da Lud&#8221;. Policiais militares tiveram que intervir, jogando bombas de g\u00e1s [&hellip;]","og_url":"https:\/\/www.notibras.com\/site\/bloco-da-ludmila-esquenta-e-acaba-em-briga-geral\/","og_site_name":"Notibras","article_publisher":"https:\/\/www.facebook.com\/notibras\/","article_published_time":"2019-03-05T17:49:54+00:00","og_image":[{"width":932,"height":621,"url":"https:\/\/www.notibras.com\/site\/wp-content\/uploads\/2019\/03\/carnaval-briga.jpg","type":"image\/jpeg"}],"author":"Reda\u00e7\u00e3o","twitter_card":"summary_large_image","twitter_creator":"@Notibras","twitter_site":"@Notibras","twitter_misc":{"Escrito por":"Reda\u00e7\u00e3o","Est. tempo de leitura":"1 minuto"},"schema":{"@context":"https:\/\/schema.org","@graph":[{"@type":"Article","@id":"https:\/\/www.notibras.com\/site\/bloco-da-ludmila-esquenta-e-acaba-em-briga-geral\/#article","isPartOf":{"@id":"https:\/\/www.notibras.com\/site\/bloco-da-ludmila-esquenta-e-acaba-em-briga-geral\/"},"author":{"name":"Reda\u00e7\u00e3o","@id":"https:\/\/www.notibras.com\/site\/#\/schema\/person\/36ab0979449956132d3e5b517ea76ac8"},"headline":"Bloco da Ludmila esquenta e acaba em briga geral","datePublished":"2019-03-05T17:49:54+00:00","mainEntityOfPage":{"@id":"https:\/\/www.notibras.com\/site\/bloco-da-ludmila-esquenta-e-acaba-em-briga-geral\/"},"wordCount":186,"publisher":{"@id":"https:\/\/www.notibras.com\/site\/#organization"},"image":{"@id":"https:\/\/www.notibras.com\/site\/bloco-da-ludmila-esquenta-e-acaba-em-briga-geral\/#primaryimage"},"thumbnailUrl":"https:\/\/www.notibras.com\/site\/wp-content\/uploads\/2019\/03\/carnaval-briga.jpg","keywords":["capa"],"articleSection":["Brasil"],"inLanguage":"pt-BR"},{"@type":"WebPage","@id":"https:\/\/www.notibras.com\/site\/bloco-da-ludmila-esquenta-e-acaba-em-briga-geral\/","url":"https:\/\/www.notibras.com\/site\/bloco-da-ludmila-esquenta-e-acaba-em-briga-geral\/","name":"Bloco da Ludmila esquenta e acaba em briga geral - Notibras","isPartOf":{"@id":"https:\/\/www.notibras.com\/site\/#website"},"primaryImageOfPage":{"@id":"https:\/\/www.notibras.com\/site\/bloco-da-ludmila-esquenta-e-acaba-em-briga-geral\/#primaryimage"},"image":{"@id":"https:\/\/www.notibras.com\/site\/bloco-da-ludmila-esquenta-e-acaba-em-briga-geral\/#primaryimage"},"thumbnailUrl":"https:\/\/www.notibras.com\/site\/wp-content\/uploads\/2019\/03\/carnaval-briga.jpg","datePublished":"2019-03-05T17:49:54+00:00","breadcrumb":{"@id":"https:\/\/www.notibras.com\/site\/bloco-da-ludmila-esquenta-e-acaba-em-briga-geral\/#breadcrumb"},"inLanguage":"pt-BR","potentialAction":[{"@type":"ReadAction","target":["https:\/\/www.notibras.com\/site\/bloco-da-ludmila-esquenta-e-acaba-em-briga-geral\/"]}]},{"@type":"ImageObject","inLanguage":"pt-BR","@id":"https:\/\/www.notibras.com\/site\/bloco-da-ludmila-esquenta-e-acaba-em-briga-geral\/#primaryimage","url":"https:\/\/www.notibras.com\/site\/wp-content\/uploads\/2019\/03\/carnaval-briga.jpg","contentUrl":"https:\/\/www.notibras.com\/site\/wp-content\/uploads\/2019\/03\/carnaval-briga.jpg","width":932,"height":621,"caption":"Foto: Alexandre Dur\u00e3o\/Via Estad\u00e3oConte\u00fado"},{"@type":"BreadcrumbList","@id":"https:\/\/www.notibras.com\/site\/bloco-da-ludmila-esquenta-e-acaba-em-briga-geral\/#breadcrumb","itemListElement":[{"@type":"ListItem","position":1,"name":"In\u00edcio","item":"https:\/\/www.notibras.com\/site\/"},{"@type":"ListItem","position":2,"name":"Bloco da Ludmila esquenta e acaba em briga geral"}]},{"@type":"WebSite","@id":"https:\/\/www.notibras.com\/site\/#website","url":"https:\/\/www.notibras.com\/site\/","name":"Notibras","description":"Not\u00edcias de Bras\u00edlia, do Brasil e do Mundo","publisher":{"@id":"https:\/\/www.notibras.com\/site\/#organization"},"potentialAction":[{"@type":"SearchAction","target":{"@type":"EntryPoint","urlTemplate":"https:\/\/www.notibras.com\/site\/?s={search_term_string}"},"query-input":{"@type":"PropertyValueSpecification","valueRequired":true,"valueName":"search_term_string"}}],"inLanguage":"pt-BR"},{"@type":"Organization","@id":"https:\/\/www.notibras.com\/site\/#organization","name":"Grupo Notibras de Comunica\u00e7\u00e3o","url":"https:\/\/www.notibras.com\/site\/","logo":{"@type":"ImageObject","inLanguage":"pt-BR","@id":"https:\/\/www.notibras.com\/site\/#\/schema\/logo\/image\/","url":"https:\/\/www.notibras.com\/site\/wp-content\/uploads\/2023\/01\/notibras23.png","contentUrl":"https:\/\/www.notibras.com\/site\/wp-content\/uploads\/2023\/01\/notibras23.png","width":350,"height":87,"caption":"Grupo Notibras de Comunica\u00e7\u00e3o"},"image":{"@id":"https:\/\/www.notibras.com\/site\/#\/schema\/logo\/image\/"},"sameAs":["https:\/\/www.facebook.com\/notibras\/","https:\/\/x.com\/Notibras","https:\/\/www.instagram.com\/notibras\/"]},{"@type":"Person","@id":"https:\/\/www.notibras.com\/site\/#\/schema\/person\/36ab0979449956132d3e5b517ea76ac8","name":"Reda\u00e7\u00e3o","image":{"@type":"ImageObject","inLanguage":"pt-BR","@id":"https:\/\/secure.gravatar.com\/avatar\/e0a867bdedb85fd243eadf09663511f96fc81e0720a4a42581f334ad4303aa6b?s=96&d=mm&r=g","url":"https:\/\/secure.gravatar.com\/avatar\/e0a867bdedb85fd243eadf09663511f96fc81e0720a4a42581f334ad4303aa6b?s=96&d=mm&r=g","contentUrl":"https:\/\/secure.gravatar.com\/avatar\/e0a867bdedb85fd243eadf09663511f96fc81e0720a4a42581f334ad4303aa6b?s=96&d=mm&r=g","caption":"Reda\u00e7\u00e3o"}}]}},"amp_enabled":true,"_links":{"self":[{"href":"https:\/\/www.notibras.com\/site\/wp-json\/wp\/v2\/posts\/204129","targetHints":{"allow":["GET"]}}],"collection":[{"href":"https:\/\/www.notibras.com\/site\/wp-json\/wp\/v2\/posts"}],"about":[{"href":"https:\/\/www.notibras.com\/site\/wp-json\/wp\/v2\/types\/post"}],"author":[{"embeddable":true,"href":"https:\/\/www.notibras.com\/site\/wp-json\/wp\/v2\/users\/2"}],"replies":[{"embeddable":true,"href":"https:\/\/www.notibras.com\/site\/wp-json\/wp\/v2\/comments?post=204129"}],"version-history":[{"count":1,"href":"https:\/\/www.notibras.com\/site\/wp-json\/wp\/v2\/posts\/204129\/revisions"}],"predecessor-version":[{"id":204131,"href":"https:\/\/www.notibras.com\/site\/wp-json\/wp\/v2\/posts\/204129\/revisions\/204131"}],"wp:featuredmedia":[{"embeddable":true,"href":"https:\/\/www.notibras.com\/site\/wp-json\/wp\/v2\/media\/204130"}],"wp:attachment":[{"href":"https:\/\/www.notibras.com\/site\/wp-json\/wp\/v2\/media?parent=204129"}],"wp:term":[{"taxonomy":"category","embeddable":true,"href":"https:\/\/www.notibras.com\/site\/wp-json\/wp\/v2\/categories?post=204129"},{"taxonomy":"post_tag","embeddable":true,"href":"https:\/\/www.notibras.com\/site\/wp-json\/wp\/v2\/tags?post=204129"}],"curies":[{"name":"wp","href":"https:\/\/api.w.org\/{rel}","templated":true}]}}