{"id":204132,"date":"2019-03-05T17:00:49","date_gmt":"2019-03-05T20:00:49","guid":{"rendered":"https:\/\/www.notibras.com\/site\/?p=204132"},"modified":"2019-03-05T17:03:53","modified_gmt":"2019-03-05T20:03:53","slug":"bolsonaro-cobra-do-congresso-lei-para-policia-agir","status":"publish","type":"post","link":"https:\/\/www.notibras.com\/site\/bolsonaro-cobra-do-congresso-lei-para-policia-agir\/","title":{"rendered":"Bolsonaro cobra do Congresso lei para pol\u00edcia agir"},"content":{"rendered":"<p>O presidente Jair Bolsonaro voltou a defender, em sua conta oficial no Twitter nesta ter\u00e7a-feira, 5, o chamado &#8220;excludente de ilicitude&#8221;, que possibilita tratamento diferenciado a policiais que matarem em servi\u00e7o.<\/p>\n<p>Segundo o presidente, \u00e9 &#8220;urgente&#8221; que o Congresso aprecie mat\u00e9rias que deem amparo para que os agentes de seguran\u00e7a p\u00fablica &#8220;ou n\u00e3o&#8221; usem da letalidade para defender a popula\u00e7\u00e3o.<\/p>\n<p>&#8220;Palavras minhas: \u00e9 urgente que o Congresso aprecie mat\u00e9rias para que os agentes de seguran\u00e7a p\u00fablica ou n\u00e3o, (sic) usem da letalidade para defender a popula\u00e7\u00e3o, caso precisem e estejam amparados por lei para que possamos resgatar a paz diante do terror que vivemos em todo Brasil&#8221;, disse.<\/p>\n<p>O projeto de lei anticrime enviado pelo ministro S\u00e9rgio Moro ao Congresso prev\u00ea que policiais poder\u00e3o ter redu\u00e7\u00e3o ou isen\u00e7\u00e3o de pena quando, por exemplo, estiverem em uma situa\u00e7\u00e3o de confronto armado, ampliando as previs\u00f5es do que seria leg\u00edtima defesa.<\/p>\n","protected":false},"excerpt":{"rendered":"<p>O presidente Jair Bolsonaro voltou a defender, em sua conta oficial no Twitter nesta ter\u00e7a-feira, 5, o chamado &#8220;excludente de ilicitude&#8221;, que possibilita tratamento diferenciado a policiais que matarem em servi\u00e7o. Segundo o presidente, \u00e9 &#8220;urgente&#8221; que o Congresso aprecie mat\u00e9rias que deem amparo para que os agentes de seguran\u00e7a p\u00fablica &#8220;ou n\u00e3o&#8221; usem da [&hellip;]<\/p>\n","protected":false},"author":2,"featured_media":204133,"comment_status":"closed","ping_status":"closed","sticky":false,"template":"","format":"standard","meta":{"_acf_changed":false,"footnotes":""},"categories":[16],"tags":[95],"class_list":["post-204132","post","type-post","status-publish","format-standard","has-post-thumbnail","hentry","category-brasil","tag-capa"],"acf":[],"yoast_head":"<!-- This site is optimized with the Yoast SEO plugin v27.2 - https:\/\/yoast.com\/product\/yoast-seo-wordpress\/ -->\n<title>Bolsonaro cobra do Congresso lei para pol\u00edcia agir - Notibras<\/title>\n<meta name=\"robots\" content=\"index, follow, max-snippet:-1, max-image-preview:large, max-video-preview:-1\" \/>\n<link rel=\"canonical\" href=\"https:\/\/www.notibras.com\/site\/bolsonaro-cobra-do-congresso-lei-para-policia-agir\/\" \/>\n<meta property=\"og:locale\" content=\"pt_BR\" \/>\n<meta property=\"og:type\" content=\"article\" \/>\n<meta property=\"og:title\" content=\"Bolsonaro cobra do Congresso lei para pol\u00edcia agir - Notibras\" \/>\n<meta property=\"og:description\" content=\"O presidente Jair Bolsonaro voltou a defender, em sua conta oficial no Twitter nesta ter\u00e7a-feira, 5, o chamado &#8220;excludente de ilicitude&#8221;, que possibilita tratamento diferenciado a policiais que matarem em servi\u00e7o. Segundo o presidente, \u00e9 &#8220;urgente&#8221; que o Congresso aprecie mat\u00e9rias que deem amparo para que os agentes de seguran\u00e7a p\u00fablica &#8220;ou n\u00e3o&#8221; usem da [&hellip;]\" \/>\n<meta property=\"og:url\" content=\"https:\/\/www.notibras.com\/site\/bolsonaro-cobra-do-congresso-lei-para-policia-agir\/\" \/>\n<meta property=\"og:site_name\" content=\"Notibras\" \/>\n<meta property=\"article:publisher\" content=\"https:\/\/www.facebook.com\/notibras\/\" \/>\n<meta property=\"article:published_time\" content=\"2019-03-05T20:00:49+00:00\" \/>\n<meta property=\"article:modified_time\" content=\"2019-03-05T20:03:53+00:00\" \/>\n<meta property=\"og:image\" content=\"https:\/\/www.notibras.com\/site\/wp-content\/uploads\/2019\/03\/pm-lei.jpg\" \/>\n\t<meta property=\"og:image:width\" content=\"1140\" \/>\n\t<meta property=\"og:image:height\" content=\"760\" \/>\n\t<meta property=\"og:image:type\" content=\"image\/jpeg\" \/>\n<meta name=\"author\" content=\"Reda\u00e7\u00e3o\" \/>\n<meta name=\"twitter:card\" content=\"summary_large_image\" \/>\n<meta name=\"twitter:creator\" content=\"@Notibras\" \/>\n<meta name=\"twitter:site\" content=\"@Notibras\" \/>\n<meta name=\"twitter:label1\" content=\"Escrito por\" \/>\n\t<meta name=\"twitter:data1\" content=\"Reda\u00e7\u00e3o\" \/>\n\t<meta name=\"twitter:label2\" content=\"Est. tempo de leitura\" \/>\n\t<meta name=\"twitter:data2\" content=\"1 minuto\" \/>\n<script type=\"application\/ld+json\" class=\"yoast-schema-graph\">{\"@context\":\"https:\/\/schema.org\",\"@graph\":[{\"@type\":\"Article\",\"@id\":\"https:\/\/www.notibras.com\/site\/bolsonaro-cobra-do-congresso-lei-para-policia-agir\/#article\",\"isPartOf\":{\"@id\":\"https:\/\/www.notibras.com\/site\/bolsonaro-cobra-do-congresso-lei-para-policia-agir\/\"},\"author\":{\"name\":\"Reda\u00e7\u00e3o\",\"@id\":\"https:\/\/www.notibras.com\/site\/#\/schema\/person\/36ab0979449956132d3e5b517ea76ac8\"},\"headline\":\"Bolsonaro cobra do Congresso lei para pol\u00edcia agir\",\"datePublished\":\"2019-03-05T20:00:49+00:00\",\"dateModified\":\"2019-03-05T20:03:53+00:00\",\"mainEntityOfPage\":{\"@id\":\"https:\/\/www.notibras.com\/site\/bolsonaro-cobra-do-congresso-lei-para-policia-agir\/\"},\"wordCount\":173,\"publisher\":{\"@id\":\"https:\/\/www.notibras.com\/site\/#organization\"},\"image\":{\"@id\":\"https:\/\/www.notibras.com\/site\/bolsonaro-cobra-do-congresso-lei-para-policia-agir\/#primaryimage\"},\"thumbnailUrl\":\"https:\/\/www.notibras.com\/site\/wp-content\/uploads\/2019\/03\/pm-lei.jpg\",\"keywords\":[\"capa\"],\"articleSection\":[\"Brasil\"],\"inLanguage\":\"pt-BR\"},{\"@type\":\"WebPage\",\"@id\":\"https:\/\/www.notibras.com\/site\/bolsonaro-cobra-do-congresso-lei-para-policia-agir\/\",\"url\":\"https:\/\/www.notibras.com\/site\/bolsonaro-cobra-do-congresso-lei-para-policia-agir\/\",\"name\":\"Bolsonaro cobra do Congresso lei para pol\u00edcia agir - Notibras\",\"isPartOf\":{\"@id\":\"https:\/\/www.notibras.com\/site\/#website\"},\"primaryImageOfPage\":{\"@id\":\"https:\/\/www.notibras.com\/site\/bolsonaro-cobra-do-congresso-lei-para-policia-agir\/#primaryimage\"},\"image\":{\"@id\":\"https:\/\/www.notibras.com\/site\/bolsonaro-cobra-do-congresso-lei-para-policia-agir\/#primaryimage\"},\"thumbnailUrl\":\"https:\/\/www.notibras.com\/site\/wp-content\/uploads\/2019\/03\/pm-lei.jpg\",\"datePublished\":\"2019-03-05T20:00:49+00:00\",\"dateModified\":\"2019-03-05T20:03:53+00:00\",\"breadcrumb\":{\"@id\":\"https:\/\/www.notibras.com\/site\/bolsonaro-cobra-do-congresso-lei-para-policia-agir\/#breadcrumb\"},\"inLanguage\":\"pt-BR\",\"potentialAction\":[{\"@type\":\"ReadAction\",\"target\":[\"https:\/\/www.notibras.com\/site\/bolsonaro-cobra-do-congresso-lei-para-policia-agir\/\"]}]},{\"@type\":\"ImageObject\",\"inLanguage\":\"pt-BR\",\"@id\":\"https:\/\/www.notibras.com\/site\/bolsonaro-cobra-do-congresso-lei-para-policia-agir\/#primaryimage\",\"url\":\"https:\/\/www.notibras.com\/site\/wp-content\/uploads\/2019\/03\/pm-lei.jpg\",\"contentUrl\":\"https:\/\/www.notibras.com\/site\/wp-content\/uploads\/2019\/03\/pm-lei.jpg\",\"width\":1140,\"height\":760,\"caption\":\"Foto: Jos\u00e9 Cruz\/ABr\"},{\"@type\":\"BreadcrumbList\",\"@id\":\"https:\/\/www.notibras.com\/site\/bolsonaro-cobra-do-congresso-lei-para-policia-agir\/#breadcrumb\",\"itemListElement\":[{\"@type\":\"ListItem\",\"position\":1,\"name\":\"In\u00edcio\",\"item\":\"https:\/\/www.notibras.com\/site\/\"},{\"@type\":\"ListItem\",\"position\":2,\"name\":\"Bolsonaro cobra do Congresso lei para pol\u00edcia agir\"}]},{\"@type\":\"WebSite\",\"@id\":\"https:\/\/www.notibras.com\/site\/#website\",\"url\":\"https:\/\/www.notibras.com\/site\/\",\"name\":\"Notibras\",\"description\":\"Not\u00edcias de Bras\u00edlia, do Brasil e do Mundo\",\"publisher\":{\"@id\":\"https:\/\/www.notibras.com\/site\/#organization\"},\"potentialAction\":[{\"@type\":\"SearchAction\",\"target\":{\"@type\":\"EntryPoint\",\"urlTemplate\":\"https:\/\/www.notibras.com\/site\/?s={search_term_string}\"},\"query-input\":{\"@type\":\"PropertyValueSpecification\",\"valueRequired\":true,\"valueName\":\"search_term_string\"}}],\"inLanguage\":\"pt-BR\"},{\"@type\":\"Organization\",\"@id\":\"https:\/\/www.notibras.com\/site\/#organization\",\"name\":\"Grupo Notibras de Comunica\u00e7\u00e3o\",\"url\":\"https:\/\/www.notibras.com\/site\/\",\"logo\":{\"@type\":\"ImageObject\",\"inLanguage\":\"pt-BR\",\"@id\":\"https:\/\/www.notibras.com\/site\/#\/schema\/logo\/image\/\",\"url\":\"https:\/\/www.notibras.com\/site\/wp-content\/uploads\/2023\/01\/notibras23.png\",\"contentUrl\":\"https:\/\/www.notibras.com\/site\/wp-content\/uploads\/2023\/01\/notibras23.png\",\"width\":350,\"height\":87,\"caption\":\"Grupo Notibras de Comunica\u00e7\u00e3o\"},\"image\":{\"@id\":\"https:\/\/www.notibras.com\/site\/#\/schema\/logo\/image\/\"},\"sameAs\":[\"https:\/\/www.facebook.com\/notibras\/\",\"https:\/\/x.com\/Notibras\",\"https:\/\/www.instagram.com\/notibras\/\"]},{\"@type\":\"Person\",\"@id\":\"https:\/\/www.notibras.com\/site\/#\/schema\/person\/36ab0979449956132d3e5b517ea76ac8\",\"name\":\"Reda\u00e7\u00e3o\",\"image\":{\"@type\":\"ImageObject\",\"inLanguage\":\"pt-BR\",\"@id\":\"https:\/\/secure.gravatar.com\/avatar\/e0a867bdedb85fd243eadf09663511f96fc81e0720a4a42581f334ad4303aa6b?s=96&d=mm&r=g\",\"url\":\"https:\/\/secure.gravatar.com\/avatar\/e0a867bdedb85fd243eadf09663511f96fc81e0720a4a42581f334ad4303aa6b?s=96&d=mm&r=g\",\"contentUrl\":\"https:\/\/secure.gravatar.com\/avatar\/e0a867bdedb85fd243eadf09663511f96fc81e0720a4a42581f334ad4303aa6b?s=96&d=mm&r=g\",\"caption\":\"Reda\u00e7\u00e3o\"}}]}<\/script>\n<!-- \/ Yoast SEO plugin. -->","yoast_head_json":{"title":"Bolsonaro cobra do Congresso lei para pol\u00edcia agir - Notibras","robots":{"index":"index","follow":"follow","max-snippet":"max-snippet:-1","max-image-preview":"max-image-preview:large","max-video-preview":"max-video-preview:-1"},"canonical":"https:\/\/www.notibras.com\/site\/bolsonaro-cobra-do-congresso-lei-para-policia-agir\/","og_locale":"pt_BR","og_type":"article","og_title":"Bolsonaro cobra do Congresso lei para pol\u00edcia agir - Notibras","og_description":"O presidente Jair Bolsonaro voltou a defender, em sua conta oficial no Twitter nesta ter\u00e7a-feira, 5, o chamado &#8220;excludente de ilicitude&#8221;, que possibilita tratamento diferenciado a policiais que matarem em servi\u00e7o. Segundo o presidente, \u00e9 &#8220;urgente&#8221; que o Congresso aprecie mat\u00e9rias que deem amparo para que os agentes de seguran\u00e7a p\u00fablica &#8220;ou n\u00e3o&#8221; usem da [&hellip;]","og_url":"https:\/\/www.notibras.com\/site\/bolsonaro-cobra-do-congresso-lei-para-policia-agir\/","og_site_name":"Notibras","article_publisher":"https:\/\/www.facebook.com\/notibras\/","article_published_time":"2019-03-05T20:00:49+00:00","article_modified_time":"2019-03-05T20:03:53+00:00","og_image":[{"width":1140,"height":760,"url":"https:\/\/www.notibras.com\/site\/wp-content\/uploads\/2019\/03\/pm-lei.jpg","type":"image\/jpeg"}],"author":"Reda\u00e7\u00e3o","twitter_card":"summary_large_image","twitter_creator":"@Notibras","twitter_site":"@Notibras","twitter_misc":{"Escrito por":"Reda\u00e7\u00e3o","Est. tempo de leitura":"1 minuto"},"schema":{"@context":"https:\/\/schema.org","@graph":[{"@type":"Article","@id":"https:\/\/www.notibras.com\/site\/bolsonaro-cobra-do-congresso-lei-para-policia-agir\/#article","isPartOf":{"@id":"https:\/\/www.notibras.com\/site\/bolsonaro-cobra-do-congresso-lei-para-policia-agir\/"},"author":{"name":"Reda\u00e7\u00e3o","@id":"https:\/\/www.notibras.com\/site\/#\/schema\/person\/36ab0979449956132d3e5b517ea76ac8"},"headline":"Bolsonaro cobra do Congresso lei para pol\u00edcia agir","datePublished":"2019-03-05T20:00:49+00:00","dateModified":"2019-03-05T20:03:53+00:00","mainEntityOfPage":{"@id":"https:\/\/www.notibras.com\/site\/bolsonaro-cobra-do-congresso-lei-para-policia-agir\/"},"wordCount":173,"publisher":{"@id":"https:\/\/www.notibras.com\/site\/#organization"},"image":{"@id":"https:\/\/www.notibras.com\/site\/bolsonaro-cobra-do-congresso-lei-para-policia-agir\/#primaryimage"},"thumbnailUrl":"https:\/\/www.notibras.com\/site\/wp-content\/uploads\/2019\/03\/pm-lei.jpg","keywords":["capa"],"articleSection":["Brasil"],"inLanguage":"pt-BR"},{"@type":"WebPage","@id":"https:\/\/www.notibras.com\/site\/bolsonaro-cobra-do-congresso-lei-para-policia-agir\/","url":"https:\/\/www.notibras.com\/site\/bolsonaro-cobra-do-congresso-lei-para-policia-agir\/","name":"Bolsonaro cobra do Congresso lei para pol\u00edcia agir - Notibras","isPartOf":{"@id":"https:\/\/www.notibras.com\/site\/#website"},"primaryImageOfPage":{"@id":"https:\/\/www.notibras.com\/site\/bolsonaro-cobra-do-congresso-lei-para-policia-agir\/#primaryimage"},"image":{"@id":"https:\/\/www.notibras.com\/site\/bolsonaro-cobra-do-congresso-lei-para-policia-agir\/#primaryimage"},"thumbnailUrl":"https:\/\/www.notibras.com\/site\/wp-content\/uploads\/2019\/03\/pm-lei.jpg","datePublished":"2019-03-05T20:00:49+00:00","dateModified":"2019-03-05T20:03:53+00:00","breadcrumb":{"@id":"https:\/\/www.notibras.com\/site\/bolsonaro-cobra-do-congresso-lei-para-policia-agir\/#breadcrumb"},"inLanguage":"pt-BR","potentialAction":[{"@type":"ReadAction","target":["https:\/\/www.notibras.com\/site\/bolsonaro-cobra-do-congresso-lei-para-policia-agir\/"]}]},{"@type":"ImageObject","inLanguage":"pt-BR","@id":"https:\/\/www.notibras.com\/site\/bolsonaro-cobra-do-congresso-lei-para-policia-agir\/#primaryimage","url":"https:\/\/www.notibras.com\/site\/wp-content\/uploads\/2019\/03\/pm-lei.jpg","contentUrl":"https:\/\/www.notibras.com\/site\/wp-content\/uploads\/2019\/03\/pm-lei.jpg","width":1140,"height":760,"caption":"Foto: Jos\u00e9 Cruz\/ABr"},{"@type":"BreadcrumbList","@id":"https:\/\/www.notibras.com\/site\/bolsonaro-cobra-do-congresso-lei-para-policia-agir\/#breadcrumb","itemListElement":[{"@type":"ListItem","position":1,"name":"In\u00edcio","item":"https:\/\/www.notibras.com\/site\/"},{"@type":"ListItem","position":2,"name":"Bolsonaro cobra do Congresso lei para pol\u00edcia agir"}]},{"@type":"WebSite","@id":"https:\/\/www.notibras.com\/site\/#website","url":"https:\/\/www.notibras.com\/site\/","name":"Notibras","description":"Not\u00edcias de Bras\u00edlia, do Brasil e do Mundo","publisher":{"@id":"https:\/\/www.notibras.com\/site\/#organization"},"potentialAction":[{"@type":"SearchAction","target":{"@type":"EntryPoint","urlTemplate":"https:\/\/www.notibras.com\/site\/?s={search_term_string}"},"query-input":{"@type":"PropertyValueSpecification","valueRequired":true,"valueName":"search_term_string"}}],"inLanguage":"pt-BR"},{"@type":"Organization","@id":"https:\/\/www.notibras.com\/site\/#organization","name":"Grupo Notibras de Comunica\u00e7\u00e3o","url":"https:\/\/www.notibras.com\/site\/","logo":{"@type":"ImageObject","inLanguage":"pt-BR","@id":"https:\/\/www.notibras.com\/site\/#\/schema\/logo\/image\/","url":"https:\/\/www.notibras.com\/site\/wp-content\/uploads\/2023\/01\/notibras23.png","contentUrl":"https:\/\/www.notibras.com\/site\/wp-content\/uploads\/2023\/01\/notibras23.png","width":350,"height":87,"caption":"Grupo Notibras de Comunica\u00e7\u00e3o"},"image":{"@id":"https:\/\/www.notibras.com\/site\/#\/schema\/logo\/image\/"},"sameAs":["https:\/\/www.facebook.com\/notibras\/","https:\/\/x.com\/Notibras","https:\/\/www.instagram.com\/notibras\/"]},{"@type":"Person","@id":"https:\/\/www.notibras.com\/site\/#\/schema\/person\/36ab0979449956132d3e5b517ea76ac8","name":"Reda\u00e7\u00e3o","image":{"@type":"ImageObject","inLanguage":"pt-BR","@id":"https:\/\/secure.gravatar.com\/avatar\/e0a867bdedb85fd243eadf09663511f96fc81e0720a4a42581f334ad4303aa6b?s=96&d=mm&r=g","url":"https:\/\/secure.gravatar.com\/avatar\/e0a867bdedb85fd243eadf09663511f96fc81e0720a4a42581f334ad4303aa6b?s=96&d=mm&r=g","contentUrl":"https:\/\/secure.gravatar.com\/avatar\/e0a867bdedb85fd243eadf09663511f96fc81e0720a4a42581f334ad4303aa6b?s=96&d=mm&r=g","caption":"Reda\u00e7\u00e3o"}}]}},"amp_enabled":true,"_links":{"self":[{"href":"https:\/\/www.notibras.com\/site\/wp-json\/wp\/v2\/posts\/204132","targetHints":{"allow":["GET"]}}],"collection":[{"href":"https:\/\/www.notibras.com\/site\/wp-json\/wp\/v2\/posts"}],"about":[{"href":"https:\/\/www.notibras.com\/site\/wp-json\/wp\/v2\/types\/post"}],"author":[{"embeddable":true,"href":"https:\/\/www.notibras.com\/site\/wp-json\/wp\/v2\/users\/2"}],"replies":[{"embeddable":true,"href":"https:\/\/www.notibras.com\/site\/wp-json\/wp\/v2\/comments?post=204132"}],"version-history":[{"count":1,"href":"https:\/\/www.notibras.com\/site\/wp-json\/wp\/v2\/posts\/204132\/revisions"}],"predecessor-version":[{"id":204134,"href":"https:\/\/www.notibras.com\/site\/wp-json\/wp\/v2\/posts\/204132\/revisions\/204134"}],"wp:featuredmedia":[{"embeddable":true,"href":"https:\/\/www.notibras.com\/site\/wp-json\/wp\/v2\/media\/204133"}],"wp:attachment":[{"href":"https:\/\/www.notibras.com\/site\/wp-json\/wp\/v2\/media?parent=204132"}],"wp:term":[{"taxonomy":"category","embeddable":true,"href":"https:\/\/www.notibras.com\/site\/wp-json\/wp\/v2\/categories?post=204132"},{"taxonomy":"post_tag","embeddable":true,"href":"https:\/\/www.notibras.com\/site\/wp-json\/wp\/v2\/tags?post=204132"}],"curies":[{"name":"wp","href":"https:\/\/api.w.org\/{rel}","templated":true}]}}