{"id":204135,"date":"2019-03-05T17:32:58","date_gmt":"2019-03-05T20:32:58","guid":{"rendered":"https:\/\/www.notibras.com\/site\/?p=204135"},"modified":"2019-03-05T17:34:22","modified_gmt":"2019-03-05T20:34:22","slug":"mancha-verde-e-campea-seguindo-pico-do-palmeiras","status":"publish","type":"post","link":"https:\/\/www.notibras.com\/site\/mancha-verde-e-campea-seguindo-pico-do-palmeiras\/","title":{"rendered":"Mancha Verde \u00e9 campe\u00e3 seguindo pico do Palmeiras"},"content":{"rendered":"<p>A Mancha Verde, escola de samba do Palmeiras, \u00e9 campe\u00e3 do grupo especial do carnaval paulistano em 2019. A Vai &#8211; Vai, escola que mais vezes venceu o carnaval paulistano, foi rebaixada para o grupo de acesso em 2020. O time do Allianz Parque \u00e9 o atual campe\u00e3o brasileiro.<\/p>\n<p>A Mancha foi a terceira a desfilar na madrugada de sexta-feira, 1\u00b0, para s\u00e1bado, 2, no Samb\u00f3dromo do Anhembi, em S\u00e3o Paulo. O grupo entrou na avenida por volta de 1h30.<\/p>\n<p>Nas cores verde, branco e vermelho, a escola cantou, sambou e desfilou em homenagem \u00e0 saga de uma guerreira negra. O samba-enredo, &#8220;\u00d3xala, Salve a Princesa! A Saga de uma Guerreira Negra!&#8221;, \u00e9 um canto \u00e0s tradi\u00e7\u00f5es de origem africana: citou maracatu, Iemanj\u00e1, \u00c1frica e Zumbi dos Palmares.<\/p>\n<p>Uma ala do grupo fez refer\u00eancia ao Congo como local de escoamento de marfim e outros produtos da regi\u00e3o. Logo no primeiro carro aleg\u00f3rico, os destaque eram os elefantes com dentes de marfim e imagens de mulheres negras.<\/p>\n<p>A primeira ala entrou na avenida com fantasias ricas em detalhes com lantejoulas, brilhos e fitas. O verde em diferentes tonalidades dominou o desfile, que reuniu tr\u00eas mil componentes ao todo.<\/p>\n","protected":false},"excerpt":{"rendered":"<p>A Mancha Verde, escola de samba do Palmeiras, \u00e9 campe\u00e3 do grupo especial do carnaval paulistano em 2019. A Vai &#8211; Vai, escola que mais vezes venceu o carnaval paulistano, foi rebaixada para o grupo de acesso em 2020. O time do Allianz Parque \u00e9 o atual campe\u00e3o brasileiro. A Mancha foi a terceira a [&hellip;]<\/p>\n","protected":false},"author":2,"featured_media":204136,"comment_status":"closed","ping_status":"closed","sticky":false,"template":"","format":"standard","meta":{"_acf_changed":false,"footnotes":""},"categories":[16],"tags":[95],"class_list":["post-204135","post","type-post","status-publish","format-standard","has-post-thumbnail","hentry","category-brasil","tag-capa"],"acf":[],"yoast_head":"<!-- This site is optimized with the Yoast SEO plugin v27.2 - https:\/\/yoast.com\/product\/yoast-seo-wordpress\/ -->\n<title>Mancha Verde \u00e9 campe\u00e3 seguindo pico do Palmeiras - Notibras<\/title>\n<meta name=\"robots\" content=\"index, follow, max-snippet:-1, max-image-preview:large, max-video-preview:-1\" \/>\n<link rel=\"canonical\" href=\"https:\/\/www.notibras.com\/site\/mancha-verde-e-campea-seguindo-pico-do-palmeiras\/\" \/>\n<meta property=\"og:locale\" content=\"pt_BR\" \/>\n<meta property=\"og:type\" content=\"article\" \/>\n<meta property=\"og:title\" content=\"Mancha Verde \u00e9 campe\u00e3 seguindo pico do Palmeiras - Notibras\" \/>\n<meta property=\"og:description\" content=\"A Mancha Verde, escola de samba do Palmeiras, \u00e9 campe\u00e3 do grupo especial do carnaval paulistano em 2019. A Vai &#8211; Vai, escola que mais vezes venceu o carnaval paulistano, foi rebaixada para o grupo de acesso em 2020. O time do Allianz Parque \u00e9 o atual campe\u00e3o brasileiro. A Mancha foi a terceira a [&hellip;]\" \/>\n<meta property=\"og:url\" content=\"https:\/\/www.notibras.com\/site\/mancha-verde-e-campea-seguindo-pico-do-palmeiras\/\" \/>\n<meta property=\"og:site_name\" content=\"Notibras\" \/>\n<meta property=\"article:publisher\" content=\"https:\/\/www.facebook.com\/notibras\/\" \/>\n<meta property=\"article:published_time\" content=\"2019-03-05T20:32:58+00:00\" \/>\n<meta property=\"article:modified_time\" content=\"2019-03-05T20:34:22+00:00\" \/>\n<meta property=\"og:image\" content=\"https:\/\/www.notibras.com\/site\/wp-content\/uploads\/2019\/03\/mancha-campe\u00e3.jpg\" \/>\n\t<meta property=\"og:image:width\" content=\"932\" \/>\n\t<meta property=\"og:image:height\" content=\"603\" \/>\n\t<meta property=\"og:image:type\" content=\"image\/jpeg\" \/>\n<meta name=\"author\" content=\"Reda\u00e7\u00e3o\" \/>\n<meta name=\"twitter:card\" content=\"summary_large_image\" \/>\n<meta name=\"twitter:creator\" content=\"@Notibras\" \/>\n<meta name=\"twitter:site\" content=\"@Notibras\" \/>\n<meta name=\"twitter:label1\" content=\"Escrito por\" \/>\n\t<meta name=\"twitter:data1\" content=\"Reda\u00e7\u00e3o\" \/>\n\t<meta name=\"twitter:label2\" content=\"Est. tempo de leitura\" \/>\n\t<meta name=\"twitter:data2\" content=\"1 minuto\" \/>\n<script type=\"application\/ld+json\" class=\"yoast-schema-graph\">{\"@context\":\"https:\/\/schema.org\",\"@graph\":[{\"@type\":\"Article\",\"@id\":\"https:\/\/www.notibras.com\/site\/mancha-verde-e-campea-seguindo-pico-do-palmeiras\/#article\",\"isPartOf\":{\"@id\":\"https:\/\/www.notibras.com\/site\/mancha-verde-e-campea-seguindo-pico-do-palmeiras\/\"},\"author\":{\"name\":\"Reda\u00e7\u00e3o\",\"@id\":\"https:\/\/www.notibras.com\/site\/#\/schema\/person\/36ab0979449956132d3e5b517ea76ac8\"},\"headline\":\"Mancha Verde \u00e9 campe\u00e3 seguindo pico do Palmeiras\",\"datePublished\":\"2019-03-05T20:32:58+00:00\",\"dateModified\":\"2019-03-05T20:34:22+00:00\",\"mainEntityOfPage\":{\"@id\":\"https:\/\/www.notibras.com\/site\/mancha-verde-e-campea-seguindo-pico-do-palmeiras\/\"},\"wordCount\":205,\"publisher\":{\"@id\":\"https:\/\/www.notibras.com\/site\/#organization\"},\"image\":{\"@id\":\"https:\/\/www.notibras.com\/site\/mancha-verde-e-campea-seguindo-pico-do-palmeiras\/#primaryimage\"},\"thumbnailUrl\":\"https:\/\/www.notibras.com\/site\/wp-content\/uploads\/2019\/03\/mancha-campe\u00e3.jpg\",\"keywords\":[\"capa\"],\"articleSection\":[\"Brasil\"],\"inLanguage\":\"pt-BR\"},{\"@type\":\"WebPage\",\"@id\":\"https:\/\/www.notibras.com\/site\/mancha-verde-e-campea-seguindo-pico-do-palmeiras\/\",\"url\":\"https:\/\/www.notibras.com\/site\/mancha-verde-e-campea-seguindo-pico-do-palmeiras\/\",\"name\":\"Mancha Verde \u00e9 campe\u00e3 seguindo pico do Palmeiras - Notibras\",\"isPartOf\":{\"@id\":\"https:\/\/www.notibras.com\/site\/#website\"},\"primaryImageOfPage\":{\"@id\":\"https:\/\/www.notibras.com\/site\/mancha-verde-e-campea-seguindo-pico-do-palmeiras\/#primaryimage\"},\"image\":{\"@id\":\"https:\/\/www.notibras.com\/site\/mancha-verde-e-campea-seguindo-pico-do-palmeiras\/#primaryimage\"},\"thumbnailUrl\":\"https:\/\/www.notibras.com\/site\/wp-content\/uploads\/2019\/03\/mancha-campe\u00e3.jpg\",\"datePublished\":\"2019-03-05T20:32:58+00:00\",\"dateModified\":\"2019-03-05T20:34:22+00:00\",\"breadcrumb\":{\"@id\":\"https:\/\/www.notibras.com\/site\/mancha-verde-e-campea-seguindo-pico-do-palmeiras\/#breadcrumb\"},\"inLanguage\":\"pt-BR\",\"potentialAction\":[{\"@type\":\"ReadAction\",\"target\":[\"https:\/\/www.notibras.com\/site\/mancha-verde-e-campea-seguindo-pico-do-palmeiras\/\"]}]},{\"@type\":\"ImageObject\",\"inLanguage\":\"pt-BR\",\"@id\":\"https:\/\/www.notibras.com\/site\/mancha-verde-e-campea-seguindo-pico-do-palmeiras\/#primaryimage\",\"url\":\"https:\/\/www.notibras.com\/site\/wp-content\/uploads\/2019\/03\/mancha-campe\u00e3.jpg\",\"contentUrl\":\"https:\/\/www.notibras.com\/site\/wp-content\/uploads\/2019\/03\/mancha-campe\u00e3.jpg\",\"width\":932,\"height\":603,\"caption\":\"Foto: Werther Santana\/Estad\u00e3oConte\u00fado\"},{\"@type\":\"BreadcrumbList\",\"@id\":\"https:\/\/www.notibras.com\/site\/mancha-verde-e-campea-seguindo-pico-do-palmeiras\/#breadcrumb\",\"itemListElement\":[{\"@type\":\"ListItem\",\"position\":1,\"name\":\"In\u00edcio\",\"item\":\"https:\/\/www.notibras.com\/site\/\"},{\"@type\":\"ListItem\",\"position\":2,\"name\":\"Mancha Verde \u00e9 campe\u00e3 seguindo pico do Palmeiras\"}]},{\"@type\":\"WebSite\",\"@id\":\"https:\/\/www.notibras.com\/site\/#website\",\"url\":\"https:\/\/www.notibras.com\/site\/\",\"name\":\"Notibras\",\"description\":\"Not\u00edcias de Bras\u00edlia, do Brasil e do Mundo\",\"publisher\":{\"@id\":\"https:\/\/www.notibras.com\/site\/#organization\"},\"potentialAction\":[{\"@type\":\"SearchAction\",\"target\":{\"@type\":\"EntryPoint\",\"urlTemplate\":\"https:\/\/www.notibras.com\/site\/?s={search_term_string}\"},\"query-input\":{\"@type\":\"PropertyValueSpecification\",\"valueRequired\":true,\"valueName\":\"search_term_string\"}}],\"inLanguage\":\"pt-BR\"},{\"@type\":\"Organization\",\"@id\":\"https:\/\/www.notibras.com\/site\/#organization\",\"name\":\"Grupo Notibras de Comunica\u00e7\u00e3o\",\"url\":\"https:\/\/www.notibras.com\/site\/\",\"logo\":{\"@type\":\"ImageObject\",\"inLanguage\":\"pt-BR\",\"@id\":\"https:\/\/www.notibras.com\/site\/#\/schema\/logo\/image\/\",\"url\":\"https:\/\/www.notibras.com\/site\/wp-content\/uploads\/2023\/01\/notibras23.png\",\"contentUrl\":\"https:\/\/www.notibras.com\/site\/wp-content\/uploads\/2023\/01\/notibras23.png\",\"width\":350,\"height\":87,\"caption\":\"Grupo Notibras de Comunica\u00e7\u00e3o\"},\"image\":{\"@id\":\"https:\/\/www.notibras.com\/site\/#\/schema\/logo\/image\/\"},\"sameAs\":[\"https:\/\/www.facebook.com\/notibras\/\",\"https:\/\/x.com\/Notibras\",\"https:\/\/www.instagram.com\/notibras\/\"]},{\"@type\":\"Person\",\"@id\":\"https:\/\/www.notibras.com\/site\/#\/schema\/person\/36ab0979449956132d3e5b517ea76ac8\",\"name\":\"Reda\u00e7\u00e3o\",\"image\":{\"@type\":\"ImageObject\",\"inLanguage\":\"pt-BR\",\"@id\":\"https:\/\/secure.gravatar.com\/avatar\/e0a867bdedb85fd243eadf09663511f96fc81e0720a4a42581f334ad4303aa6b?s=96&d=mm&r=g\",\"url\":\"https:\/\/secure.gravatar.com\/avatar\/e0a867bdedb85fd243eadf09663511f96fc81e0720a4a42581f334ad4303aa6b?s=96&d=mm&r=g\",\"contentUrl\":\"https:\/\/secure.gravatar.com\/avatar\/e0a867bdedb85fd243eadf09663511f96fc81e0720a4a42581f334ad4303aa6b?s=96&d=mm&r=g\",\"caption\":\"Reda\u00e7\u00e3o\"}}]}<\/script>\n<!-- \/ Yoast SEO plugin. -->","yoast_head_json":{"title":"Mancha Verde \u00e9 campe\u00e3 seguindo pico do Palmeiras - Notibras","robots":{"index":"index","follow":"follow","max-snippet":"max-snippet:-1","max-image-preview":"max-image-preview:large","max-video-preview":"max-video-preview:-1"},"canonical":"https:\/\/www.notibras.com\/site\/mancha-verde-e-campea-seguindo-pico-do-palmeiras\/","og_locale":"pt_BR","og_type":"article","og_title":"Mancha Verde \u00e9 campe\u00e3 seguindo pico do Palmeiras - Notibras","og_description":"A Mancha Verde, escola de samba do Palmeiras, \u00e9 campe\u00e3 do grupo especial do carnaval paulistano em 2019. A Vai &#8211; Vai, escola que mais vezes venceu o carnaval paulistano, foi rebaixada para o grupo de acesso em 2020. O time do Allianz Parque \u00e9 o atual campe\u00e3o brasileiro. A Mancha foi a terceira a [&hellip;]","og_url":"https:\/\/www.notibras.com\/site\/mancha-verde-e-campea-seguindo-pico-do-palmeiras\/","og_site_name":"Notibras","article_publisher":"https:\/\/www.facebook.com\/notibras\/","article_published_time":"2019-03-05T20:32:58+00:00","article_modified_time":"2019-03-05T20:34:22+00:00","og_image":[{"width":932,"height":603,"url":"https:\/\/www.notibras.com\/site\/wp-content\/uploads\/2019\/03\/mancha-campe\u00e3.jpg","type":"image\/jpeg"}],"author":"Reda\u00e7\u00e3o","twitter_card":"summary_large_image","twitter_creator":"@Notibras","twitter_site":"@Notibras","twitter_misc":{"Escrito por":"Reda\u00e7\u00e3o","Est. tempo de leitura":"1 minuto"},"schema":{"@context":"https:\/\/schema.org","@graph":[{"@type":"Article","@id":"https:\/\/www.notibras.com\/site\/mancha-verde-e-campea-seguindo-pico-do-palmeiras\/#article","isPartOf":{"@id":"https:\/\/www.notibras.com\/site\/mancha-verde-e-campea-seguindo-pico-do-palmeiras\/"},"author":{"name":"Reda\u00e7\u00e3o","@id":"https:\/\/www.notibras.com\/site\/#\/schema\/person\/36ab0979449956132d3e5b517ea76ac8"},"headline":"Mancha Verde \u00e9 campe\u00e3 seguindo pico do Palmeiras","datePublished":"2019-03-05T20:32:58+00:00","dateModified":"2019-03-05T20:34:22+00:00","mainEntityOfPage":{"@id":"https:\/\/www.notibras.com\/site\/mancha-verde-e-campea-seguindo-pico-do-palmeiras\/"},"wordCount":205,"publisher":{"@id":"https:\/\/www.notibras.com\/site\/#organization"},"image":{"@id":"https:\/\/www.notibras.com\/site\/mancha-verde-e-campea-seguindo-pico-do-palmeiras\/#primaryimage"},"thumbnailUrl":"https:\/\/www.notibras.com\/site\/wp-content\/uploads\/2019\/03\/mancha-campe\u00e3.jpg","keywords":["capa"],"articleSection":["Brasil"],"inLanguage":"pt-BR"},{"@type":"WebPage","@id":"https:\/\/www.notibras.com\/site\/mancha-verde-e-campea-seguindo-pico-do-palmeiras\/","url":"https:\/\/www.notibras.com\/site\/mancha-verde-e-campea-seguindo-pico-do-palmeiras\/","name":"Mancha Verde \u00e9 campe\u00e3 seguindo pico do Palmeiras - Notibras","isPartOf":{"@id":"https:\/\/www.notibras.com\/site\/#website"},"primaryImageOfPage":{"@id":"https:\/\/www.notibras.com\/site\/mancha-verde-e-campea-seguindo-pico-do-palmeiras\/#primaryimage"},"image":{"@id":"https:\/\/www.notibras.com\/site\/mancha-verde-e-campea-seguindo-pico-do-palmeiras\/#primaryimage"},"thumbnailUrl":"https:\/\/www.notibras.com\/site\/wp-content\/uploads\/2019\/03\/mancha-campe\u00e3.jpg","datePublished":"2019-03-05T20:32:58+00:00","dateModified":"2019-03-05T20:34:22+00:00","breadcrumb":{"@id":"https:\/\/www.notibras.com\/site\/mancha-verde-e-campea-seguindo-pico-do-palmeiras\/#breadcrumb"},"inLanguage":"pt-BR","potentialAction":[{"@type":"ReadAction","target":["https:\/\/www.notibras.com\/site\/mancha-verde-e-campea-seguindo-pico-do-palmeiras\/"]}]},{"@type":"ImageObject","inLanguage":"pt-BR","@id":"https:\/\/www.notibras.com\/site\/mancha-verde-e-campea-seguindo-pico-do-palmeiras\/#primaryimage","url":"https:\/\/www.notibras.com\/site\/wp-content\/uploads\/2019\/03\/mancha-campe\u00e3.jpg","contentUrl":"https:\/\/www.notibras.com\/site\/wp-content\/uploads\/2019\/03\/mancha-campe\u00e3.jpg","width":932,"height":603,"caption":"Foto: Werther Santana\/Estad\u00e3oConte\u00fado"},{"@type":"BreadcrumbList","@id":"https:\/\/www.notibras.com\/site\/mancha-verde-e-campea-seguindo-pico-do-palmeiras\/#breadcrumb","itemListElement":[{"@type":"ListItem","position":1,"name":"In\u00edcio","item":"https:\/\/www.notibras.com\/site\/"},{"@type":"ListItem","position":2,"name":"Mancha Verde \u00e9 campe\u00e3 seguindo pico do Palmeiras"}]},{"@type":"WebSite","@id":"https:\/\/www.notibras.com\/site\/#website","url":"https:\/\/www.notibras.com\/site\/","name":"Notibras","description":"Not\u00edcias de Bras\u00edlia, do Brasil e do Mundo","publisher":{"@id":"https:\/\/www.notibras.com\/site\/#organization"},"potentialAction":[{"@type":"SearchAction","target":{"@type":"EntryPoint","urlTemplate":"https:\/\/www.notibras.com\/site\/?s={search_term_string}"},"query-input":{"@type":"PropertyValueSpecification","valueRequired":true,"valueName":"search_term_string"}}],"inLanguage":"pt-BR"},{"@type":"Organization","@id":"https:\/\/www.notibras.com\/site\/#organization","name":"Grupo Notibras de Comunica\u00e7\u00e3o","url":"https:\/\/www.notibras.com\/site\/","logo":{"@type":"ImageObject","inLanguage":"pt-BR","@id":"https:\/\/www.notibras.com\/site\/#\/schema\/logo\/image\/","url":"https:\/\/www.notibras.com\/site\/wp-content\/uploads\/2023\/01\/notibras23.png","contentUrl":"https:\/\/www.notibras.com\/site\/wp-content\/uploads\/2023\/01\/notibras23.png","width":350,"height":87,"caption":"Grupo Notibras de Comunica\u00e7\u00e3o"},"image":{"@id":"https:\/\/www.notibras.com\/site\/#\/schema\/logo\/image\/"},"sameAs":["https:\/\/www.facebook.com\/notibras\/","https:\/\/x.com\/Notibras","https:\/\/www.instagram.com\/notibras\/"]},{"@type":"Person","@id":"https:\/\/www.notibras.com\/site\/#\/schema\/person\/36ab0979449956132d3e5b517ea76ac8","name":"Reda\u00e7\u00e3o","image":{"@type":"ImageObject","inLanguage":"pt-BR","@id":"https:\/\/secure.gravatar.com\/avatar\/e0a867bdedb85fd243eadf09663511f96fc81e0720a4a42581f334ad4303aa6b?s=96&d=mm&r=g","url":"https:\/\/secure.gravatar.com\/avatar\/e0a867bdedb85fd243eadf09663511f96fc81e0720a4a42581f334ad4303aa6b?s=96&d=mm&r=g","contentUrl":"https:\/\/secure.gravatar.com\/avatar\/e0a867bdedb85fd243eadf09663511f96fc81e0720a4a42581f334ad4303aa6b?s=96&d=mm&r=g","caption":"Reda\u00e7\u00e3o"}}]}},"amp_enabled":true,"_links":{"self":[{"href":"https:\/\/www.notibras.com\/site\/wp-json\/wp\/v2\/posts\/204135","targetHints":{"allow":["GET"]}}],"collection":[{"href":"https:\/\/www.notibras.com\/site\/wp-json\/wp\/v2\/posts"}],"about":[{"href":"https:\/\/www.notibras.com\/site\/wp-json\/wp\/v2\/types\/post"}],"author":[{"embeddable":true,"href":"https:\/\/www.notibras.com\/site\/wp-json\/wp\/v2\/users\/2"}],"replies":[{"embeddable":true,"href":"https:\/\/www.notibras.com\/site\/wp-json\/wp\/v2\/comments?post=204135"}],"version-history":[{"count":3,"href":"https:\/\/www.notibras.com\/site\/wp-json\/wp\/v2\/posts\/204135\/revisions"}],"predecessor-version":[{"id":204139,"href":"https:\/\/www.notibras.com\/site\/wp-json\/wp\/v2\/posts\/204135\/revisions\/204139"}],"wp:featuredmedia":[{"embeddable":true,"href":"https:\/\/www.notibras.com\/site\/wp-json\/wp\/v2\/media\/204136"}],"wp:attachment":[{"href":"https:\/\/www.notibras.com\/site\/wp-json\/wp\/v2\/media?parent=204135"}],"wp:term":[{"taxonomy":"category","embeddable":true,"href":"https:\/\/www.notibras.com\/site\/wp-json\/wp\/v2\/categories?post=204135"},{"taxonomy":"post_tag","embeddable":true,"href":"https:\/\/www.notibras.com\/site\/wp-json\/wp\/v2\/tags?post=204135"}],"curies":[{"name":"wp","href":"https:\/\/api.w.org\/{rel}","templated":true}]}}