{"id":204159,"date":"2019-03-06T06:00:01","date_gmt":"2019-03-06T09:00:01","guid":{"rendered":"https:\/\/www.notibras.com\/site\/?p=204159"},"modified":"2019-03-06T07:14:36","modified_gmt":"2019-03-06T10:14:36","slug":"bolsonaro-ataca-safadeza-em-video-sobre-o-carnaval","status":"publish","type":"post","link":"https:\/\/www.notibras.com\/site\/bolsonaro-ataca-safadeza-em-video-sobre-o-carnaval\/","title":{"rendered":"Bolsonaro ataca safadeza em v\u00eddeo sobre o carnaval"},"content":{"rendered":"<p>O presidente Jair Bolsonaro publicou no Twitter um v\u00eddeo com cenas obscenas que teriam ocorrido durante a passagem de um bloco de carnaval, que ele mesmo considerou n\u00e3o se sentir \u201cconfort\u00e1vel em mostrar.\u201d<\/p>\n<p>Na postagem, na noite desta ter\u00e7a-feira, 5, Bolsonaro diz que \u201ctemos que expor a verdade para a popula\u00e7\u00e3o ter conhecimento e sempre tomar suas prioridades\u201d. E criticou: \u201c\u00c9 isto que tem virado muitos blocos de rua no carnaval brasileiro\u201d.<\/p>\n<p>O presidente tamb\u00e9m pediu que seus seguidores comentassem e tirassem suas pr\u00f3prias conclus\u00f5es sobre o v\u00eddeo.<\/p>\n<p>Mas houve quem se manifestasse contra a publica\u00e7\u00e3o, a ponto de denunciar o post ao Twitter por desrespeitar as regras da rede social por conte\u00fado impr\u00f3prio.<\/p>\n<p>Tamb\u00e9m na ter\u00e7a, Bolsonaro publicou um v\u00eddeo em que um cantor rebate cr\u00edticas feitas por Daniela Mercury e Caetano Veloso na m\u00fasica Proibido o Carnaval.<\/p>\n<p>Ainda pelo Twitter, a cantora rebateu. \u201cSe assim desejar, irei com minha esposa, que \u00e9 tamb\u00e9m minha empres\u00e1ria, at\u00e9 Bras\u00edlia para conversar com o senhor sobre o assunto.\u201d<\/p>\n<p>Veja o v\u00eddeo:<\/p>\n<blockquote class=\"twitter-tweet\" data-width=\"550\" data-dnt=\"true\">\n<p lang=\"pt\" dir=\"ltr\">N\u00e3o me sinto confort\u00e1vel em mostrar, mas temos que expor a verdade para a popula\u00e7\u00e3o ter conhecimento e sempre tomar suas prioridades. \u00c9 isto que tem virado muitos blocos de rua no carnaval brasileiro. Comentem e tirem suas conslus\u00f5es: <a href=\"https:\/\/t.co\/u0qbPu9sie\">pic.twitter.com\/u0qbPu9sie<\/a><\/p>\n<p>&mdash; Jair M. Bolsonaro (@jairbolsonaro) <a href=\"https:\/\/twitter.com\/jairbolsonaro\/status\/1103069837876711425?ref_src=twsrc%5Etfw\">March 5, 2019<\/a><\/p><\/blockquote>\n<p><script async src=\"https:\/\/platform.twitter.com\/widgets.js\" charset=\"utf-8\"><\/script><\/p>\n","protected":false},"excerpt":{"rendered":"<p>O presidente Jair Bolsonaro publicou no Twitter um v\u00eddeo com cenas obscenas que teriam ocorrido durante a passagem de um bloco de carnaval, que ele mesmo considerou n\u00e3o se sentir \u201cconfort\u00e1vel em mostrar.\u201d Na postagem, na noite desta ter\u00e7a-feira, 5, Bolsonaro diz que \u201ctemos que expor a verdade para a popula\u00e7\u00e3o ter conhecimento e sempre [&hellip;]<\/p>\n","protected":false},"author":2,"featured_media":204161,"comment_status":"closed","ping_status":"closed","sticky":false,"template":"","format":"standard","meta":{"_acf_changed":false,"footnotes":""},"categories":[16],"tags":[95],"class_list":["post-204159","post","type-post","status-publish","format-standard","has-post-thumbnail","hentry","category-brasil","tag-capa"],"acf":[],"yoast_head":"<!-- This site is optimized with the Yoast SEO plugin v27.2 - https:\/\/yoast.com\/product\/yoast-seo-wordpress\/ -->\n<title>Bolsonaro ataca safadeza em v\u00eddeo sobre o carnaval - Notibras<\/title>\n<meta name=\"robots\" content=\"index, follow, max-snippet:-1, max-image-preview:large, max-video-preview:-1\" \/>\n<link rel=\"canonical\" href=\"https:\/\/www.notibras.com\/site\/bolsonaro-ataca-safadeza-em-video-sobre-o-carnaval\/\" \/>\n<meta property=\"og:locale\" content=\"pt_BR\" \/>\n<meta property=\"og:type\" content=\"article\" \/>\n<meta property=\"og:title\" content=\"Bolsonaro ataca safadeza em v\u00eddeo sobre o carnaval - Notibras\" \/>\n<meta property=\"og:description\" content=\"O presidente Jair Bolsonaro publicou no Twitter um v\u00eddeo com cenas obscenas que teriam ocorrido durante a passagem de um bloco de carnaval, que ele mesmo considerou n\u00e3o se sentir \u201cconfort\u00e1vel em mostrar.\u201d Na postagem, na noite desta ter\u00e7a-feira, 5, Bolsonaro diz que \u201ctemos que expor a verdade para a popula\u00e7\u00e3o ter conhecimento e sempre [&hellip;]\" \/>\n<meta property=\"og:url\" content=\"https:\/\/www.notibras.com\/site\/bolsonaro-ataca-safadeza-em-video-sobre-o-carnaval\/\" \/>\n<meta property=\"og:site_name\" content=\"Notibras\" \/>\n<meta property=\"article:publisher\" content=\"https:\/\/www.facebook.com\/notibras\/\" \/>\n<meta property=\"article:published_time\" content=\"2019-03-06T09:00:01+00:00\" \/>\n<meta property=\"article:modified_time\" content=\"2019-03-06T10:14:36+00:00\" \/>\n<meta property=\"og:image\" content=\"https:\/\/www.notibras.com\/site\/wp-content\/uploads\/2019\/03\/video-safadeza.jpg\" \/>\n\t<meta property=\"og:image:width\" content=\"900\" \/>\n\t<meta property=\"og:image:height\" content=\"506\" \/>\n\t<meta property=\"og:image:type\" content=\"image\/jpeg\" \/>\n<meta name=\"author\" content=\"Reda\u00e7\u00e3o\" \/>\n<meta name=\"twitter:card\" content=\"summary_large_image\" \/>\n<meta name=\"twitter:creator\" content=\"@Notibras\" \/>\n<meta name=\"twitter:site\" content=\"@Notibras\" \/>\n<meta name=\"twitter:label1\" content=\"Escrito por\" \/>\n\t<meta name=\"twitter:data1\" content=\"Reda\u00e7\u00e3o\" \/>\n\t<meta name=\"twitter:label2\" content=\"Est. tempo de leitura\" \/>\n\t<meta name=\"twitter:data2\" content=\"1 minuto\" \/>\n<script type=\"application\/ld+json\" class=\"yoast-schema-graph\">{\"@context\":\"https:\/\/schema.org\",\"@graph\":[{\"@type\":\"Article\",\"@id\":\"https:\/\/www.notibras.com\/site\/bolsonaro-ataca-safadeza-em-video-sobre-o-carnaval\/#article\",\"isPartOf\":{\"@id\":\"https:\/\/www.notibras.com\/site\/bolsonaro-ataca-safadeza-em-video-sobre-o-carnaval\/\"},\"author\":{\"name\":\"Reda\u00e7\u00e3o\",\"@id\":\"https:\/\/www.notibras.com\/site\/#\/schema\/person\/36ab0979449956132d3e5b517ea76ac8\"},\"headline\":\"Bolsonaro ataca safadeza em v\u00eddeo sobre o carnaval\",\"datePublished\":\"2019-03-06T09:00:01+00:00\",\"dateModified\":\"2019-03-06T10:14:36+00:00\",\"mainEntityOfPage\":{\"@id\":\"https:\/\/www.notibras.com\/site\/bolsonaro-ataca-safadeza-em-video-sobre-o-carnaval\/\"},\"wordCount\":202,\"publisher\":{\"@id\":\"https:\/\/www.notibras.com\/site\/#organization\"},\"image\":{\"@id\":\"https:\/\/www.notibras.com\/site\/bolsonaro-ataca-safadeza-em-video-sobre-o-carnaval\/#primaryimage\"},\"thumbnailUrl\":\"https:\/\/www.notibras.com\/site\/wp-content\/uploads\/2019\/03\/video-safadeza.jpg\",\"keywords\":[\"capa\"],\"articleSection\":[\"Brasil\"],\"inLanguage\":\"pt-BR\"},{\"@type\":\"WebPage\",\"@id\":\"https:\/\/www.notibras.com\/site\/bolsonaro-ataca-safadeza-em-video-sobre-o-carnaval\/\",\"url\":\"https:\/\/www.notibras.com\/site\/bolsonaro-ataca-safadeza-em-video-sobre-o-carnaval\/\",\"name\":\"Bolsonaro ataca safadeza em v\u00eddeo sobre o carnaval - Notibras\",\"isPartOf\":{\"@id\":\"https:\/\/www.notibras.com\/site\/#website\"},\"primaryImageOfPage\":{\"@id\":\"https:\/\/www.notibras.com\/site\/bolsonaro-ataca-safadeza-em-video-sobre-o-carnaval\/#primaryimage\"},\"image\":{\"@id\":\"https:\/\/www.notibras.com\/site\/bolsonaro-ataca-safadeza-em-video-sobre-o-carnaval\/#primaryimage\"},\"thumbnailUrl\":\"https:\/\/www.notibras.com\/site\/wp-content\/uploads\/2019\/03\/video-safadeza.jpg\",\"datePublished\":\"2019-03-06T09:00:01+00:00\",\"dateModified\":\"2019-03-06T10:14:36+00:00\",\"breadcrumb\":{\"@id\":\"https:\/\/www.notibras.com\/site\/bolsonaro-ataca-safadeza-em-video-sobre-o-carnaval\/#breadcrumb\"},\"inLanguage\":\"pt-BR\",\"potentialAction\":[{\"@type\":\"ReadAction\",\"target\":[\"https:\/\/www.notibras.com\/site\/bolsonaro-ataca-safadeza-em-video-sobre-o-carnaval\/\"]}]},{\"@type\":\"ImageObject\",\"inLanguage\":\"pt-BR\",\"@id\":\"https:\/\/www.notibras.com\/site\/bolsonaro-ataca-safadeza-em-video-sobre-o-carnaval\/#primaryimage\",\"url\":\"https:\/\/www.notibras.com\/site\/wp-content\/uploads\/2019\/03\/video-safadeza.jpg\",\"contentUrl\":\"https:\/\/www.notibras.com\/site\/wp-content\/uploads\/2019\/03\/video-safadeza.jpg\",\"width\":900,\"height\":506,\"caption\":\"Foto\/Reprodu\u00e7\u00e3o\"},{\"@type\":\"BreadcrumbList\",\"@id\":\"https:\/\/www.notibras.com\/site\/bolsonaro-ataca-safadeza-em-video-sobre-o-carnaval\/#breadcrumb\",\"itemListElement\":[{\"@type\":\"ListItem\",\"position\":1,\"name\":\"In\u00edcio\",\"item\":\"https:\/\/www.notibras.com\/site\/\"},{\"@type\":\"ListItem\",\"position\":2,\"name\":\"Bolsonaro ataca safadeza em v\u00eddeo sobre o carnaval\"}]},{\"@type\":\"WebSite\",\"@id\":\"https:\/\/www.notibras.com\/site\/#website\",\"url\":\"https:\/\/www.notibras.com\/site\/\",\"name\":\"Notibras\",\"description\":\"Not\u00edcias de Bras\u00edlia, do Brasil e do Mundo\",\"publisher\":{\"@id\":\"https:\/\/www.notibras.com\/site\/#organization\"},\"potentialAction\":[{\"@type\":\"SearchAction\",\"target\":{\"@type\":\"EntryPoint\",\"urlTemplate\":\"https:\/\/www.notibras.com\/site\/?s={search_term_string}\"},\"query-input\":{\"@type\":\"PropertyValueSpecification\",\"valueRequired\":true,\"valueName\":\"search_term_string\"}}],\"inLanguage\":\"pt-BR\"},{\"@type\":\"Organization\",\"@id\":\"https:\/\/www.notibras.com\/site\/#organization\",\"name\":\"Grupo Notibras de Comunica\u00e7\u00e3o\",\"url\":\"https:\/\/www.notibras.com\/site\/\",\"logo\":{\"@type\":\"ImageObject\",\"inLanguage\":\"pt-BR\",\"@id\":\"https:\/\/www.notibras.com\/site\/#\/schema\/logo\/image\/\",\"url\":\"https:\/\/www.notibras.com\/site\/wp-content\/uploads\/2023\/01\/notibras23.png\",\"contentUrl\":\"https:\/\/www.notibras.com\/site\/wp-content\/uploads\/2023\/01\/notibras23.png\",\"width\":350,\"height\":87,\"caption\":\"Grupo Notibras de Comunica\u00e7\u00e3o\"},\"image\":{\"@id\":\"https:\/\/www.notibras.com\/site\/#\/schema\/logo\/image\/\"},\"sameAs\":[\"https:\/\/www.facebook.com\/notibras\/\",\"https:\/\/x.com\/Notibras\",\"https:\/\/www.instagram.com\/notibras\/\"]},{\"@type\":\"Person\",\"@id\":\"https:\/\/www.notibras.com\/site\/#\/schema\/person\/36ab0979449956132d3e5b517ea76ac8\",\"name\":\"Reda\u00e7\u00e3o\",\"image\":{\"@type\":\"ImageObject\",\"inLanguage\":\"pt-BR\",\"@id\":\"https:\/\/secure.gravatar.com\/avatar\/e0a867bdedb85fd243eadf09663511f96fc81e0720a4a42581f334ad4303aa6b?s=96&d=mm&r=g\",\"url\":\"https:\/\/secure.gravatar.com\/avatar\/e0a867bdedb85fd243eadf09663511f96fc81e0720a4a42581f334ad4303aa6b?s=96&d=mm&r=g\",\"contentUrl\":\"https:\/\/secure.gravatar.com\/avatar\/e0a867bdedb85fd243eadf09663511f96fc81e0720a4a42581f334ad4303aa6b?s=96&d=mm&r=g\",\"caption\":\"Reda\u00e7\u00e3o\"}}]}<\/script>\n<!-- \/ Yoast SEO plugin. -->","yoast_head_json":{"title":"Bolsonaro ataca safadeza em v\u00eddeo sobre o carnaval - Notibras","robots":{"index":"index","follow":"follow","max-snippet":"max-snippet:-1","max-image-preview":"max-image-preview:large","max-video-preview":"max-video-preview:-1"},"canonical":"https:\/\/www.notibras.com\/site\/bolsonaro-ataca-safadeza-em-video-sobre-o-carnaval\/","og_locale":"pt_BR","og_type":"article","og_title":"Bolsonaro ataca safadeza em v\u00eddeo sobre o carnaval - Notibras","og_description":"O presidente Jair Bolsonaro publicou no Twitter um v\u00eddeo com cenas obscenas que teriam ocorrido durante a passagem de um bloco de carnaval, que ele mesmo considerou n\u00e3o se sentir \u201cconfort\u00e1vel em mostrar.\u201d Na postagem, na noite desta ter\u00e7a-feira, 5, Bolsonaro diz que \u201ctemos que expor a verdade para a popula\u00e7\u00e3o ter conhecimento e sempre [&hellip;]","og_url":"https:\/\/www.notibras.com\/site\/bolsonaro-ataca-safadeza-em-video-sobre-o-carnaval\/","og_site_name":"Notibras","article_publisher":"https:\/\/www.facebook.com\/notibras\/","article_published_time":"2019-03-06T09:00:01+00:00","article_modified_time":"2019-03-06T10:14:36+00:00","og_image":[{"width":900,"height":506,"url":"https:\/\/www.notibras.com\/site\/wp-content\/uploads\/2019\/03\/video-safadeza.jpg","type":"image\/jpeg"}],"author":"Reda\u00e7\u00e3o","twitter_card":"summary_large_image","twitter_creator":"@Notibras","twitter_site":"@Notibras","twitter_misc":{"Escrito por":"Reda\u00e7\u00e3o","Est. tempo de leitura":"1 minuto"},"schema":{"@context":"https:\/\/schema.org","@graph":[{"@type":"Article","@id":"https:\/\/www.notibras.com\/site\/bolsonaro-ataca-safadeza-em-video-sobre-o-carnaval\/#article","isPartOf":{"@id":"https:\/\/www.notibras.com\/site\/bolsonaro-ataca-safadeza-em-video-sobre-o-carnaval\/"},"author":{"name":"Reda\u00e7\u00e3o","@id":"https:\/\/www.notibras.com\/site\/#\/schema\/person\/36ab0979449956132d3e5b517ea76ac8"},"headline":"Bolsonaro ataca safadeza em v\u00eddeo sobre o carnaval","datePublished":"2019-03-06T09:00:01+00:00","dateModified":"2019-03-06T10:14:36+00:00","mainEntityOfPage":{"@id":"https:\/\/www.notibras.com\/site\/bolsonaro-ataca-safadeza-em-video-sobre-o-carnaval\/"},"wordCount":202,"publisher":{"@id":"https:\/\/www.notibras.com\/site\/#organization"},"image":{"@id":"https:\/\/www.notibras.com\/site\/bolsonaro-ataca-safadeza-em-video-sobre-o-carnaval\/#primaryimage"},"thumbnailUrl":"https:\/\/www.notibras.com\/site\/wp-content\/uploads\/2019\/03\/video-safadeza.jpg","keywords":["capa"],"articleSection":["Brasil"],"inLanguage":"pt-BR"},{"@type":"WebPage","@id":"https:\/\/www.notibras.com\/site\/bolsonaro-ataca-safadeza-em-video-sobre-o-carnaval\/","url":"https:\/\/www.notibras.com\/site\/bolsonaro-ataca-safadeza-em-video-sobre-o-carnaval\/","name":"Bolsonaro ataca safadeza em v\u00eddeo sobre o carnaval - Notibras","isPartOf":{"@id":"https:\/\/www.notibras.com\/site\/#website"},"primaryImageOfPage":{"@id":"https:\/\/www.notibras.com\/site\/bolsonaro-ataca-safadeza-em-video-sobre-o-carnaval\/#primaryimage"},"image":{"@id":"https:\/\/www.notibras.com\/site\/bolsonaro-ataca-safadeza-em-video-sobre-o-carnaval\/#primaryimage"},"thumbnailUrl":"https:\/\/www.notibras.com\/site\/wp-content\/uploads\/2019\/03\/video-safadeza.jpg","datePublished":"2019-03-06T09:00:01+00:00","dateModified":"2019-03-06T10:14:36+00:00","breadcrumb":{"@id":"https:\/\/www.notibras.com\/site\/bolsonaro-ataca-safadeza-em-video-sobre-o-carnaval\/#breadcrumb"},"inLanguage":"pt-BR","potentialAction":[{"@type":"ReadAction","target":["https:\/\/www.notibras.com\/site\/bolsonaro-ataca-safadeza-em-video-sobre-o-carnaval\/"]}]},{"@type":"ImageObject","inLanguage":"pt-BR","@id":"https:\/\/www.notibras.com\/site\/bolsonaro-ataca-safadeza-em-video-sobre-o-carnaval\/#primaryimage","url":"https:\/\/www.notibras.com\/site\/wp-content\/uploads\/2019\/03\/video-safadeza.jpg","contentUrl":"https:\/\/www.notibras.com\/site\/wp-content\/uploads\/2019\/03\/video-safadeza.jpg","width":900,"height":506,"caption":"Foto\/Reprodu\u00e7\u00e3o"},{"@type":"BreadcrumbList","@id":"https:\/\/www.notibras.com\/site\/bolsonaro-ataca-safadeza-em-video-sobre-o-carnaval\/#breadcrumb","itemListElement":[{"@type":"ListItem","position":1,"name":"In\u00edcio","item":"https:\/\/www.notibras.com\/site\/"},{"@type":"ListItem","position":2,"name":"Bolsonaro ataca safadeza em v\u00eddeo sobre o carnaval"}]},{"@type":"WebSite","@id":"https:\/\/www.notibras.com\/site\/#website","url":"https:\/\/www.notibras.com\/site\/","name":"Notibras","description":"Not\u00edcias de Bras\u00edlia, do Brasil e do Mundo","publisher":{"@id":"https:\/\/www.notibras.com\/site\/#organization"},"potentialAction":[{"@type":"SearchAction","target":{"@type":"EntryPoint","urlTemplate":"https:\/\/www.notibras.com\/site\/?s={search_term_string}"},"query-input":{"@type":"PropertyValueSpecification","valueRequired":true,"valueName":"search_term_string"}}],"inLanguage":"pt-BR"},{"@type":"Organization","@id":"https:\/\/www.notibras.com\/site\/#organization","name":"Grupo Notibras de Comunica\u00e7\u00e3o","url":"https:\/\/www.notibras.com\/site\/","logo":{"@type":"ImageObject","inLanguage":"pt-BR","@id":"https:\/\/www.notibras.com\/site\/#\/schema\/logo\/image\/","url":"https:\/\/www.notibras.com\/site\/wp-content\/uploads\/2023\/01\/notibras23.png","contentUrl":"https:\/\/www.notibras.com\/site\/wp-content\/uploads\/2023\/01\/notibras23.png","width":350,"height":87,"caption":"Grupo Notibras de Comunica\u00e7\u00e3o"},"image":{"@id":"https:\/\/www.notibras.com\/site\/#\/schema\/logo\/image\/"},"sameAs":["https:\/\/www.facebook.com\/notibras\/","https:\/\/x.com\/Notibras","https:\/\/www.instagram.com\/notibras\/"]},{"@type":"Person","@id":"https:\/\/www.notibras.com\/site\/#\/schema\/person\/36ab0979449956132d3e5b517ea76ac8","name":"Reda\u00e7\u00e3o","image":{"@type":"ImageObject","inLanguage":"pt-BR","@id":"https:\/\/secure.gravatar.com\/avatar\/e0a867bdedb85fd243eadf09663511f96fc81e0720a4a42581f334ad4303aa6b?s=96&d=mm&r=g","url":"https:\/\/secure.gravatar.com\/avatar\/e0a867bdedb85fd243eadf09663511f96fc81e0720a4a42581f334ad4303aa6b?s=96&d=mm&r=g","contentUrl":"https:\/\/secure.gravatar.com\/avatar\/e0a867bdedb85fd243eadf09663511f96fc81e0720a4a42581f334ad4303aa6b?s=96&d=mm&r=g","caption":"Reda\u00e7\u00e3o"}}]}},"amp_enabled":true,"_links":{"self":[{"href":"https:\/\/www.notibras.com\/site\/wp-json\/wp\/v2\/posts\/204159","targetHints":{"allow":["GET"]}}],"collection":[{"href":"https:\/\/www.notibras.com\/site\/wp-json\/wp\/v2\/posts"}],"about":[{"href":"https:\/\/www.notibras.com\/site\/wp-json\/wp\/v2\/types\/post"}],"author":[{"embeddable":true,"href":"https:\/\/www.notibras.com\/site\/wp-json\/wp\/v2\/users\/2"}],"replies":[{"embeddable":true,"href":"https:\/\/www.notibras.com\/site\/wp-json\/wp\/v2\/comments?post=204159"}],"version-history":[{"count":2,"href":"https:\/\/www.notibras.com\/site\/wp-json\/wp\/v2\/posts\/204159\/revisions"}],"predecessor-version":[{"id":204163,"href":"https:\/\/www.notibras.com\/site\/wp-json\/wp\/v2\/posts\/204159\/revisions\/204163"}],"wp:featuredmedia":[{"embeddable":true,"href":"https:\/\/www.notibras.com\/site\/wp-json\/wp\/v2\/media\/204161"}],"wp:attachment":[{"href":"https:\/\/www.notibras.com\/site\/wp-json\/wp\/v2\/media?parent=204159"}],"wp:term":[{"taxonomy":"category","embeddable":true,"href":"https:\/\/www.notibras.com\/site\/wp-json\/wp\/v2\/categories?post=204159"},{"taxonomy":"post_tag","embeddable":true,"href":"https:\/\/www.notibras.com\/site\/wp-json\/wp\/v2\/tags?post=204159"}],"curies":[{"name":"wp","href":"https:\/\/api.w.org\/{rel}","templated":true}]}}