{"id":204172,"date":"2019-03-06T11:49:04","date_gmt":"2019-03-06T14:49:04","guid":{"rendered":"https:\/\/www.notibras.com\/site\/?p=204172"},"modified":"2019-03-06T11:52:58","modified_gmt":"2019-03-06T14:52:58","slug":"oposicao-racha-e-bolsonaro-pode-nadar-de-bracada","status":"publish","type":"post","link":"https:\/\/www.notibras.com\/site\/oposicao-racha-e-bolsonaro-pode-nadar-de-bracada\/","title":{"rendered":"Oposi\u00e7\u00e3o racha e Bolsonaro pode nadar de bra\u00e7ada"},"content":{"rendered":"<p>L\u00edderes de partidos de oposi\u00e7\u00e3o a Jair Bolsonaro estimam ter entre 160 e 180 cadeiras na C\u00e2mara. O n\u00famero seria suficiente para, no limite m\u00e1ximo, barrar a aprova\u00e7\u00e3o de emendas \u00e0 Constitui\u00e7\u00e3o e inviabilizar reformas. No m\u00ednimo, j\u00e1 poderia complicar a vida do governo &#8211; que ainda enfrenta dificuldades para montar uma base s\u00f3lida de apoio na Casa. Isso seria verdade se a oposi\u00e7\u00e3o estivesse unida, algo que n\u00e3o ocorreu at\u00e9 agora.<\/p>\n<p>Disputas pela hegemonia no campo da esquerda &#8211; que nos \u00faltimos anos esteve sempre nas m\u00e3os do PT-, por espa\u00e7os e postos no Parlamento e diferen\u00e7as regionais ou de concep\u00e7\u00e3o estrat\u00e9gica est\u00e3o por tr\u00e1s da falta de coes\u00e3o das esquerdas. Outra forte raz\u00e3o \u00e9 a perspectiva de candidaturas opostas nas elei\u00e7\u00f5es de 2022.<\/p>\n<p>A divis\u00e3o repete o segundo turno da campanha presidencial do ano passado, quando Guilherme Boulos (PSOL) e Marina Silva (Rede) apoiaram Fernando Haddad (PT), enquanto Ciro Gomes (PDT) resistiu a compor uma frente para enfrentar Bolsonaro. Seu partido acabou oferecendo &#8220;apoio cr\u00edtico&#8221; ao candidato petista. A dist\u00e2ncia se aprofundou durante a disputa pelos cargos da mesa diretora da C\u00e2mara. Neste caso, os parlamentares se dividiram quanto ao apoio \u00e0 reelei\u00e7\u00e3o de Rodrigo Maia (DEM-RJ).<\/p>\n<p>&#8220;Existe uma diferen\u00e7a de t\u00e1tica sobre como enfrentar Bolsonaro, isso \u00e9 ineg\u00e1vel. No caso de Ciro e do PCdoB, isso se expressou no apoio ao Maia&#8221;, disse o presidente do PSOL, Juliano Medeiros. Ele vai insistir na proposta de um f\u00f3rum de presidentes dos partidos, apresentada no in\u00edcio de 2018 e logo abandonada por falta de ades\u00f5es.<\/p>\n<p><strong>Divis\u00f5es<\/strong> &#8211; Os partidos se dividem em dois grupos. De um lado, o bloco liderado por PCdoB e PDT, que afirmam defender uma oposi\u00e7\u00e3o &#8220;respons\u00e1vel&#8221; ao governo Bolsonaro, de olho nos votos que essa estrat\u00e9gia pode trazer entre eleitores de centro-esquerda. Eles integram um bloco na C\u00e2mara com outros seis partidos que totaliza 83 votos, mas admitem que alguns deles devem compor a base do governo.<\/p>\n<p>De outro lado, est\u00e3o PT, PSB, PSOL e Rede, com 97 cadeiras, que defendem uma oposi\u00e7\u00e3o sistem\u00e1tica a Bolsonaro. Eles dizem contar ainda com parlamentares desgarrados de siglas como MDB, PSDB, Solidariedade, PPS, PV, PROS, PP e Podemos, que se dizem insatisfeitos com o governo federal.<\/p>\n<p>A divis\u00e3o afeta at\u00e9 as mobiliza\u00e7\u00f5es de rua. Diante da dificuldade para ampliar as ades\u00f5es para al\u00e9m do campo da esquerda, as frentes Brasil Popular e Povo Sem Medo, que re\u00fanem partidos e movimentos de esquerda, desistiram da ideia de criar uma alian\u00e7a em defesa de bandeiras da democracia que, na avalia\u00e7\u00e3o dos dois grupos, estariam sob amea\u00e7a com o novo governo. &#8220;N\u00e3o h\u00e1 disposi\u00e7\u00e3o pol\u00edtica para uma frente permanente&#8221;, disse Raimundo Bonfim, da Frente Brasil Popular.<\/p>\n<p>Bonfim confirma que os motivos para o distanciamento s\u00e3o a op\u00e7\u00e3o de Ciro e do PDT por buscarem setores do eleitorado de centro, o inc\u00f4modo causado pelo hegemonismo do PT e o afastamento do PCdoB em rela\u00e7\u00e3o ao PT.<\/p>\n<p>As frentes tamb\u00e9m n\u00e3o contam com a participa\u00e7\u00e3o de entidades ligadas ao PCdoB na jornada de manifesta\u00e7\u00f5es contra a reforma da Previd\u00eancia, programada para este m\u00eas. A Uni\u00e3o Nacional dos Estudantes (UNE), historicamente ligada \u00e0 sigla, n\u00e3o compareceu a tr\u00eas reuni\u00f5es da Frente Brasil Popular.<\/p>\n<p>Filiada ao PCdoB, a presidente da UNE, Marianna Dias, disse que a entidade n\u00e3o participou das reuni\u00f5es por motivos &#8220;operacionais&#8221;: a organiza\u00e7\u00e3o da Bienal de Cultura da entidade, que foi realizada em Salvador.<\/p>\n<p><strong>Lula<\/strong> &#8211; Segundo os pol\u00edticos, a oposi\u00e7\u00e3o deve se unir apenas em torno de temas pontuais, como a reforma da Previd\u00eancia, mas n\u00e3o vai formar um bloco homog\u00eaneo. &#8220;Vamos nos rearticular em torno da Previd\u00eancia. J\u00e1 estamos mantendo conversas bilaterais&#8221;, disse o deputado Jos\u00e9 Guimar\u00e3es (PT-CE). O presidente do PDT, Carlos Lupi, vai na mesma linha. &#8220;Temos divis\u00f5es de comportamento, mas n\u00e3o de vis\u00e3o estrat\u00e9gica.&#8221;<\/p>\n<p>J\u00e1 o PSB, com seus 32 deputados e tr\u00eas governadores, vai defender a unidade na luta contra a reforma da Previd\u00eancia, mas deve manter dist\u00e2ncia do &#8220;Lula Livre&#8221;. &#8220;A proposta (da reforma) \u00e9 t\u00e3o ruim que n\u00e3o tem como ter divis\u00e3o&#8221;, disse o presidente da sigla, Carlos Siqueira. &#8220;Achamos lament\u00e1vel o ex-presidente estar preso, mas o &#8216;Lula Livre&#8217; \u00e9 uma campanha mais espec\u00edfica do PT&#8221;, disse ele.<\/p>\n<p>A deputada Jandira Feghali (PCdoB-RJ), l\u00edder da minoria na C\u00e2mara, minimiza o racha e elenca uma s\u00e9rie de a\u00e7\u00f5es conjuntas marcadas para os pr\u00f3ximos meses, como uma greve geral em 1.\u00ba de maio. &#8220;O &#8216;Lula Livre&#8217; \u00e9 uma bandeira central da democracia. O que o Ciro acha disso n\u00e3o importa. Estamos todos juntos na oposi\u00e7\u00e3o ao Bolsonaro.&#8221;<\/p>\n<p><strong>Disputa<\/strong> &#8211; N\u00e3o bastassem as dificuldades para negociar um acordo com os demais partidos de oposi\u00e7\u00e3o, o PT &#8211; que elegeu a maior bancada da C\u00e2mara e teve 47 milh\u00f5es de votos no segundo turno da elei\u00e7\u00e3o presidencial &#8211; ainda precisa resolver suas pr\u00f3prias diferen\u00e7as internas.<\/p>\n<p>A disputa pela presid\u00eancia do partido j\u00e1 come\u00e7ou. A atual presidente, Gleisi Hoffmann, deve tentar a reelei\u00e7\u00e3o. A deputada federal conta com o apoio do ex-presidente Luiz In\u00e1cio Lula da Silva, preso em Curitiba, e de grupos organizados como o Movimento dos Sem Terra (MST), mas enfrenta resist\u00eancias dentro de sua pr\u00f3pria corrente, a Construindo um Novo Brasil (CNB).<\/p>\n<p>Um grupo de governadores ligados \u00e0 corrente defende um nome do Nordeste para presidir o PT. Os nomes colocados na mesa s\u00e3o os do senador Humberto Costa (PE) e do deputado Jos\u00e9 Guimar\u00e3es (CE)<\/p>\n<p>No ano passado, a ala da CNB contr\u00e1ria \u00e0 Gleisi tentou emplacar o candidato derrotado \u00e0 Presid\u00eancia, Fernando Haddad, como sucessor da deputada, mas Lula vetou a articula\u00e7\u00e3o.<\/p>\n<p>As diversas alas do PT n\u00e3o conseguem chegar a um acordo nem mesmo sobre o calend\u00e1rio para escolha das novas dire\u00e7\u00f5es. A \u00fanica certeza \u00e9 que um plebiscito interno ser\u00e1 realizado para decidir se o partido mant\u00e9m o modelo de elei\u00e7\u00f5es diretas ou se volta a adotar o sistema de escolha de delegados.<\/p>\n<p>Al\u00e9m disso, o PT tenta apaziguar a rela\u00e7\u00e3o entre Gleisi e Haddad, hoje a maior figura do partido depois de Lula. A rela\u00e7\u00e3o, que nunca foi boa, azedou de vez depois da tentativa frustrada de emplacar Haddad como presidente do PT.<\/p>\n<p>Na \u00faltima reuni\u00e3o da executiva nacional do partido, no dia 9 de fevereiro, os dois bateram boca por causa da viagem de Gleisi a Caracas para a posse de Nicol\u00e1s Maduro. No dia seguinte, Gleisi anunciou que Haddad seria o coordenador dos N\u00facleos de Acompanhamento de Pol\u00edticas P\u00fablicas do PT, mas o ex-prefeito recusou a tarefa.<\/p>\n","protected":false},"excerpt":{"rendered":"<p>L\u00edderes de partidos de oposi\u00e7\u00e3o a Jair Bolsonaro estimam ter entre 160 e 180 cadeiras na C\u00e2mara. O n\u00famero seria suficiente para, no limite m\u00e1ximo, barrar a aprova\u00e7\u00e3o de emendas \u00e0 Constitui\u00e7\u00e3o e inviabilizar reformas. No m\u00ednimo, j\u00e1 poderia complicar a vida do governo &#8211; que ainda enfrenta dificuldades para montar uma base s\u00f3lida de [&hellip;]<\/p>\n","protected":false},"author":2,"featured_media":204173,"comment_status":"closed","ping_status":"closed","sticky":false,"template":"","format":"standard","meta":{"_acf_changed":false,"footnotes":""},"categories":[16],"tags":[95],"class_list":["post-204172","post","type-post","status-publish","format-standard","has-post-thumbnail","hentry","category-brasil","tag-capa"],"acf":[],"yoast_head":"<!-- This site is optimized with the Yoast SEO plugin v27.2 - https:\/\/yoast.com\/product\/yoast-seo-wordpress\/ -->\n<title>Oposi\u00e7\u00e3o racha e Bolsonaro pode nadar de bra\u00e7ada - Notibras<\/title>\n<meta name=\"robots\" content=\"index, follow, max-snippet:-1, max-image-preview:large, max-video-preview:-1\" \/>\n<link rel=\"canonical\" href=\"https:\/\/www.notibras.com\/site\/oposicao-racha-e-bolsonaro-pode-nadar-de-bracada\/\" \/>\n<meta property=\"og:locale\" content=\"pt_BR\" \/>\n<meta property=\"og:type\" content=\"article\" \/>\n<meta property=\"og:title\" content=\"Oposi\u00e7\u00e3o racha e Bolsonaro pode nadar de bra\u00e7ada - Notibras\" \/>\n<meta property=\"og:description\" content=\"L\u00edderes de partidos de oposi\u00e7\u00e3o a Jair Bolsonaro estimam ter entre 160 e 180 cadeiras na C\u00e2mara. O n\u00famero seria suficiente para, no limite m\u00e1ximo, barrar a aprova\u00e7\u00e3o de emendas \u00e0 Constitui\u00e7\u00e3o e inviabilizar reformas. No m\u00ednimo, j\u00e1 poderia complicar a vida do governo &#8211; que ainda enfrenta dificuldades para montar uma base s\u00f3lida de [&hellip;]\" \/>\n<meta property=\"og:url\" content=\"https:\/\/www.notibras.com\/site\/oposicao-racha-e-bolsonaro-pode-nadar-de-bracada\/\" \/>\n<meta property=\"og:site_name\" content=\"Notibras\" \/>\n<meta property=\"article:publisher\" content=\"https:\/\/www.facebook.com\/notibras\/\" \/>\n<meta property=\"article:published_time\" content=\"2019-03-06T14:49:04+00:00\" \/>\n<meta property=\"article:modified_time\" content=\"2019-03-06T14:52:58+00:00\" \/>\n<meta property=\"og:image\" content=\"https:\/\/www.notibras.com\/site\/wp-content\/uploads\/2019\/03\/bolsonaro-6-marcelo-camargo.jpg\" \/>\n\t<meta property=\"og:image:width\" content=\"1140\" \/>\n\t<meta property=\"og:image:height\" content=\"760\" \/>\n\t<meta property=\"og:image:type\" content=\"image\/jpeg\" \/>\n<meta name=\"author\" content=\"Reda\u00e7\u00e3o\" \/>\n<meta name=\"twitter:card\" content=\"summary_large_image\" \/>\n<meta name=\"twitter:creator\" content=\"@Notibras\" \/>\n<meta name=\"twitter:site\" content=\"@Notibras\" \/>\n<meta name=\"twitter:label1\" content=\"Escrito por\" \/>\n\t<meta name=\"twitter:data1\" content=\"Reda\u00e7\u00e3o\" \/>\n\t<meta name=\"twitter:label2\" content=\"Est. tempo de leitura\" \/>\n\t<meta name=\"twitter:data2\" content=\"6 minutos\" \/>\n<script type=\"application\/ld+json\" class=\"yoast-schema-graph\">{\"@context\":\"https:\/\/schema.org\",\"@graph\":[{\"@type\":\"Article\",\"@id\":\"https:\/\/www.notibras.com\/site\/oposicao-racha-e-bolsonaro-pode-nadar-de-bracada\/#article\",\"isPartOf\":{\"@id\":\"https:\/\/www.notibras.com\/site\/oposicao-racha-e-bolsonaro-pode-nadar-de-bracada\/\"},\"author\":{\"name\":\"Reda\u00e7\u00e3o\",\"@id\":\"https:\/\/www.notibras.com\/site\/#\/schema\/person\/36ab0979449956132d3e5b517ea76ac8\"},\"headline\":\"Oposi\u00e7\u00e3o racha e Bolsonaro pode nadar de bra\u00e7ada\",\"datePublished\":\"2019-03-06T14:49:04+00:00\",\"dateModified\":\"2019-03-06T14:52:58+00:00\",\"mainEntityOfPage\":{\"@id\":\"https:\/\/www.notibras.com\/site\/oposicao-racha-e-bolsonaro-pode-nadar-de-bracada\/\"},\"wordCount\":1181,\"publisher\":{\"@id\":\"https:\/\/www.notibras.com\/site\/#organization\"},\"image\":{\"@id\":\"https:\/\/www.notibras.com\/site\/oposicao-racha-e-bolsonaro-pode-nadar-de-bracada\/#primaryimage\"},\"thumbnailUrl\":\"https:\/\/www.notibras.com\/site\/wp-content\/uploads\/2019\/03\/bolsonaro-6-marcelo-camargo.jpg\",\"keywords\":[\"capa\"],\"articleSection\":[\"Brasil\"],\"inLanguage\":\"pt-BR\"},{\"@type\":\"WebPage\",\"@id\":\"https:\/\/www.notibras.com\/site\/oposicao-racha-e-bolsonaro-pode-nadar-de-bracada\/\",\"url\":\"https:\/\/www.notibras.com\/site\/oposicao-racha-e-bolsonaro-pode-nadar-de-bracada\/\",\"name\":\"Oposi\u00e7\u00e3o racha e Bolsonaro pode nadar de bra\u00e7ada - Notibras\",\"isPartOf\":{\"@id\":\"https:\/\/www.notibras.com\/site\/#website\"},\"primaryImageOfPage\":{\"@id\":\"https:\/\/www.notibras.com\/site\/oposicao-racha-e-bolsonaro-pode-nadar-de-bracada\/#primaryimage\"},\"image\":{\"@id\":\"https:\/\/www.notibras.com\/site\/oposicao-racha-e-bolsonaro-pode-nadar-de-bracada\/#primaryimage\"},\"thumbnailUrl\":\"https:\/\/www.notibras.com\/site\/wp-content\/uploads\/2019\/03\/bolsonaro-6-marcelo-camargo.jpg\",\"datePublished\":\"2019-03-06T14:49:04+00:00\",\"dateModified\":\"2019-03-06T14:52:58+00:00\",\"breadcrumb\":{\"@id\":\"https:\/\/www.notibras.com\/site\/oposicao-racha-e-bolsonaro-pode-nadar-de-bracada\/#breadcrumb\"},\"inLanguage\":\"pt-BR\",\"potentialAction\":[{\"@type\":\"ReadAction\",\"target\":[\"https:\/\/www.notibras.com\/site\/oposicao-racha-e-bolsonaro-pode-nadar-de-bracada\/\"]}]},{\"@type\":\"ImageObject\",\"inLanguage\":\"pt-BR\",\"@id\":\"https:\/\/www.notibras.com\/site\/oposicao-racha-e-bolsonaro-pode-nadar-de-bracada\/#primaryimage\",\"url\":\"https:\/\/www.notibras.com\/site\/wp-content\/uploads\/2019\/03\/bolsonaro-6-marcelo-camargo.jpg\",\"contentUrl\":\"https:\/\/www.notibras.com\/site\/wp-content\/uploads\/2019\/03\/bolsonaro-6-marcelo-camargo.jpg\",\"width\":1140,\"height\":760},{\"@type\":\"BreadcrumbList\",\"@id\":\"https:\/\/www.notibras.com\/site\/oposicao-racha-e-bolsonaro-pode-nadar-de-bracada\/#breadcrumb\",\"itemListElement\":[{\"@type\":\"ListItem\",\"position\":1,\"name\":\"In\u00edcio\",\"item\":\"https:\/\/www.notibras.com\/site\/\"},{\"@type\":\"ListItem\",\"position\":2,\"name\":\"Oposi\u00e7\u00e3o racha e Bolsonaro pode nadar de bra\u00e7ada\"}]},{\"@type\":\"WebSite\",\"@id\":\"https:\/\/www.notibras.com\/site\/#website\",\"url\":\"https:\/\/www.notibras.com\/site\/\",\"name\":\"Notibras\",\"description\":\"Not\u00edcias de Bras\u00edlia, do Brasil e do Mundo\",\"publisher\":{\"@id\":\"https:\/\/www.notibras.com\/site\/#organization\"},\"potentialAction\":[{\"@type\":\"SearchAction\",\"target\":{\"@type\":\"EntryPoint\",\"urlTemplate\":\"https:\/\/www.notibras.com\/site\/?s={search_term_string}\"},\"query-input\":{\"@type\":\"PropertyValueSpecification\",\"valueRequired\":true,\"valueName\":\"search_term_string\"}}],\"inLanguage\":\"pt-BR\"},{\"@type\":\"Organization\",\"@id\":\"https:\/\/www.notibras.com\/site\/#organization\",\"name\":\"Grupo Notibras de Comunica\u00e7\u00e3o\",\"url\":\"https:\/\/www.notibras.com\/site\/\",\"logo\":{\"@type\":\"ImageObject\",\"inLanguage\":\"pt-BR\",\"@id\":\"https:\/\/www.notibras.com\/site\/#\/schema\/logo\/image\/\",\"url\":\"https:\/\/www.notibras.com\/site\/wp-content\/uploads\/2023\/01\/notibras23.png\",\"contentUrl\":\"https:\/\/www.notibras.com\/site\/wp-content\/uploads\/2023\/01\/notibras23.png\",\"width\":350,\"height\":87,\"caption\":\"Grupo Notibras de Comunica\u00e7\u00e3o\"},\"image\":{\"@id\":\"https:\/\/www.notibras.com\/site\/#\/schema\/logo\/image\/\"},\"sameAs\":[\"https:\/\/www.facebook.com\/notibras\/\",\"https:\/\/x.com\/Notibras\",\"https:\/\/www.instagram.com\/notibras\/\"]},{\"@type\":\"Person\",\"@id\":\"https:\/\/www.notibras.com\/site\/#\/schema\/person\/36ab0979449956132d3e5b517ea76ac8\",\"name\":\"Reda\u00e7\u00e3o\",\"image\":{\"@type\":\"ImageObject\",\"inLanguage\":\"pt-BR\",\"@id\":\"https:\/\/secure.gravatar.com\/avatar\/e0a867bdedb85fd243eadf09663511f96fc81e0720a4a42581f334ad4303aa6b?s=96&d=mm&r=g\",\"url\":\"https:\/\/secure.gravatar.com\/avatar\/e0a867bdedb85fd243eadf09663511f96fc81e0720a4a42581f334ad4303aa6b?s=96&d=mm&r=g\",\"contentUrl\":\"https:\/\/secure.gravatar.com\/avatar\/e0a867bdedb85fd243eadf09663511f96fc81e0720a4a42581f334ad4303aa6b?s=96&d=mm&r=g\",\"caption\":\"Reda\u00e7\u00e3o\"}}]}<\/script>\n<!-- \/ Yoast SEO plugin. -->","yoast_head_json":{"title":"Oposi\u00e7\u00e3o racha e Bolsonaro pode nadar de bra\u00e7ada - Notibras","robots":{"index":"index","follow":"follow","max-snippet":"max-snippet:-1","max-image-preview":"max-image-preview:large","max-video-preview":"max-video-preview:-1"},"canonical":"https:\/\/www.notibras.com\/site\/oposicao-racha-e-bolsonaro-pode-nadar-de-bracada\/","og_locale":"pt_BR","og_type":"article","og_title":"Oposi\u00e7\u00e3o racha e Bolsonaro pode nadar de bra\u00e7ada - Notibras","og_description":"L\u00edderes de partidos de oposi\u00e7\u00e3o a Jair Bolsonaro estimam ter entre 160 e 180 cadeiras na C\u00e2mara. O n\u00famero seria suficiente para, no limite m\u00e1ximo, barrar a aprova\u00e7\u00e3o de emendas \u00e0 Constitui\u00e7\u00e3o e inviabilizar reformas. No m\u00ednimo, j\u00e1 poderia complicar a vida do governo &#8211; que ainda enfrenta dificuldades para montar uma base s\u00f3lida de [&hellip;]","og_url":"https:\/\/www.notibras.com\/site\/oposicao-racha-e-bolsonaro-pode-nadar-de-bracada\/","og_site_name":"Notibras","article_publisher":"https:\/\/www.facebook.com\/notibras\/","article_published_time":"2019-03-06T14:49:04+00:00","article_modified_time":"2019-03-06T14:52:58+00:00","og_image":[{"width":1140,"height":760,"url":"https:\/\/www.notibras.com\/site\/wp-content\/uploads\/2019\/03\/bolsonaro-6-marcelo-camargo.jpg","type":"image\/jpeg"}],"author":"Reda\u00e7\u00e3o","twitter_card":"summary_large_image","twitter_creator":"@Notibras","twitter_site":"@Notibras","twitter_misc":{"Escrito por":"Reda\u00e7\u00e3o","Est. tempo de leitura":"6 minutos"},"schema":{"@context":"https:\/\/schema.org","@graph":[{"@type":"Article","@id":"https:\/\/www.notibras.com\/site\/oposicao-racha-e-bolsonaro-pode-nadar-de-bracada\/#article","isPartOf":{"@id":"https:\/\/www.notibras.com\/site\/oposicao-racha-e-bolsonaro-pode-nadar-de-bracada\/"},"author":{"name":"Reda\u00e7\u00e3o","@id":"https:\/\/www.notibras.com\/site\/#\/schema\/person\/36ab0979449956132d3e5b517ea76ac8"},"headline":"Oposi\u00e7\u00e3o racha e Bolsonaro pode nadar de bra\u00e7ada","datePublished":"2019-03-06T14:49:04+00:00","dateModified":"2019-03-06T14:52:58+00:00","mainEntityOfPage":{"@id":"https:\/\/www.notibras.com\/site\/oposicao-racha-e-bolsonaro-pode-nadar-de-bracada\/"},"wordCount":1181,"publisher":{"@id":"https:\/\/www.notibras.com\/site\/#organization"},"image":{"@id":"https:\/\/www.notibras.com\/site\/oposicao-racha-e-bolsonaro-pode-nadar-de-bracada\/#primaryimage"},"thumbnailUrl":"https:\/\/www.notibras.com\/site\/wp-content\/uploads\/2019\/03\/bolsonaro-6-marcelo-camargo.jpg","keywords":["capa"],"articleSection":["Brasil"],"inLanguage":"pt-BR"},{"@type":"WebPage","@id":"https:\/\/www.notibras.com\/site\/oposicao-racha-e-bolsonaro-pode-nadar-de-bracada\/","url":"https:\/\/www.notibras.com\/site\/oposicao-racha-e-bolsonaro-pode-nadar-de-bracada\/","name":"Oposi\u00e7\u00e3o racha e Bolsonaro pode nadar de bra\u00e7ada - Notibras","isPartOf":{"@id":"https:\/\/www.notibras.com\/site\/#website"},"primaryImageOfPage":{"@id":"https:\/\/www.notibras.com\/site\/oposicao-racha-e-bolsonaro-pode-nadar-de-bracada\/#primaryimage"},"image":{"@id":"https:\/\/www.notibras.com\/site\/oposicao-racha-e-bolsonaro-pode-nadar-de-bracada\/#primaryimage"},"thumbnailUrl":"https:\/\/www.notibras.com\/site\/wp-content\/uploads\/2019\/03\/bolsonaro-6-marcelo-camargo.jpg","datePublished":"2019-03-06T14:49:04+00:00","dateModified":"2019-03-06T14:52:58+00:00","breadcrumb":{"@id":"https:\/\/www.notibras.com\/site\/oposicao-racha-e-bolsonaro-pode-nadar-de-bracada\/#breadcrumb"},"inLanguage":"pt-BR","potentialAction":[{"@type":"ReadAction","target":["https:\/\/www.notibras.com\/site\/oposicao-racha-e-bolsonaro-pode-nadar-de-bracada\/"]}]},{"@type":"ImageObject","inLanguage":"pt-BR","@id":"https:\/\/www.notibras.com\/site\/oposicao-racha-e-bolsonaro-pode-nadar-de-bracada\/#primaryimage","url":"https:\/\/www.notibras.com\/site\/wp-content\/uploads\/2019\/03\/bolsonaro-6-marcelo-camargo.jpg","contentUrl":"https:\/\/www.notibras.com\/site\/wp-content\/uploads\/2019\/03\/bolsonaro-6-marcelo-camargo.jpg","width":1140,"height":760},{"@type":"BreadcrumbList","@id":"https:\/\/www.notibras.com\/site\/oposicao-racha-e-bolsonaro-pode-nadar-de-bracada\/#breadcrumb","itemListElement":[{"@type":"ListItem","position":1,"name":"In\u00edcio","item":"https:\/\/www.notibras.com\/site\/"},{"@type":"ListItem","position":2,"name":"Oposi\u00e7\u00e3o racha e Bolsonaro pode nadar de bra\u00e7ada"}]},{"@type":"WebSite","@id":"https:\/\/www.notibras.com\/site\/#website","url":"https:\/\/www.notibras.com\/site\/","name":"Notibras","description":"Not\u00edcias de Bras\u00edlia, do Brasil e do Mundo","publisher":{"@id":"https:\/\/www.notibras.com\/site\/#organization"},"potentialAction":[{"@type":"SearchAction","target":{"@type":"EntryPoint","urlTemplate":"https:\/\/www.notibras.com\/site\/?s={search_term_string}"},"query-input":{"@type":"PropertyValueSpecification","valueRequired":true,"valueName":"search_term_string"}}],"inLanguage":"pt-BR"},{"@type":"Organization","@id":"https:\/\/www.notibras.com\/site\/#organization","name":"Grupo Notibras de Comunica\u00e7\u00e3o","url":"https:\/\/www.notibras.com\/site\/","logo":{"@type":"ImageObject","inLanguage":"pt-BR","@id":"https:\/\/www.notibras.com\/site\/#\/schema\/logo\/image\/","url":"https:\/\/www.notibras.com\/site\/wp-content\/uploads\/2023\/01\/notibras23.png","contentUrl":"https:\/\/www.notibras.com\/site\/wp-content\/uploads\/2023\/01\/notibras23.png","width":350,"height":87,"caption":"Grupo Notibras de Comunica\u00e7\u00e3o"},"image":{"@id":"https:\/\/www.notibras.com\/site\/#\/schema\/logo\/image\/"},"sameAs":["https:\/\/www.facebook.com\/notibras\/","https:\/\/x.com\/Notibras","https:\/\/www.instagram.com\/notibras\/"]},{"@type":"Person","@id":"https:\/\/www.notibras.com\/site\/#\/schema\/person\/36ab0979449956132d3e5b517ea76ac8","name":"Reda\u00e7\u00e3o","image":{"@type":"ImageObject","inLanguage":"pt-BR","@id":"https:\/\/secure.gravatar.com\/avatar\/e0a867bdedb85fd243eadf09663511f96fc81e0720a4a42581f334ad4303aa6b?s=96&d=mm&r=g","url":"https:\/\/secure.gravatar.com\/avatar\/e0a867bdedb85fd243eadf09663511f96fc81e0720a4a42581f334ad4303aa6b?s=96&d=mm&r=g","contentUrl":"https:\/\/secure.gravatar.com\/avatar\/e0a867bdedb85fd243eadf09663511f96fc81e0720a4a42581f334ad4303aa6b?s=96&d=mm&r=g","caption":"Reda\u00e7\u00e3o"}}]}},"amp_enabled":true,"_links":{"self":[{"href":"https:\/\/www.notibras.com\/site\/wp-json\/wp\/v2\/posts\/204172","targetHints":{"allow":["GET"]}}],"collection":[{"href":"https:\/\/www.notibras.com\/site\/wp-json\/wp\/v2\/posts"}],"about":[{"href":"https:\/\/www.notibras.com\/site\/wp-json\/wp\/v2\/types\/post"}],"author":[{"embeddable":true,"href":"https:\/\/www.notibras.com\/site\/wp-json\/wp\/v2\/users\/2"}],"replies":[{"embeddable":true,"href":"https:\/\/www.notibras.com\/site\/wp-json\/wp\/v2\/comments?post=204172"}],"version-history":[{"count":3,"href":"https:\/\/www.notibras.com\/site\/wp-json\/wp\/v2\/posts\/204172\/revisions"}],"predecessor-version":[{"id":204176,"href":"https:\/\/www.notibras.com\/site\/wp-json\/wp\/v2\/posts\/204172\/revisions\/204176"}],"wp:featuredmedia":[{"embeddable":true,"href":"https:\/\/www.notibras.com\/site\/wp-json\/wp\/v2\/media\/204173"}],"wp:attachment":[{"href":"https:\/\/www.notibras.com\/site\/wp-json\/wp\/v2\/media?parent=204172"}],"wp:term":[{"taxonomy":"category","embeddable":true,"href":"https:\/\/www.notibras.com\/site\/wp-json\/wp\/v2\/categories?post=204172"},{"taxonomy":"post_tag","embeddable":true,"href":"https:\/\/www.notibras.com\/site\/wp-json\/wp\/v2\/tags?post=204172"}],"curies":[{"name":"wp","href":"https:\/\/api.w.org\/{rel}","templated":true}]}}