{"id":204192,"date":"2019-03-06T17:36:57","date_gmt":"2019-03-06T20:36:57","guid":{"rendered":"https:\/\/www.notibras.com\/site\/?p=204192"},"modified":"2019-03-06T17:37:52","modified_gmt":"2019-03-06T20:37:52","slug":"bolsonaro-leva-ao-mundo-o-back-golden-shower","status":"publish","type":"post","link":"https:\/\/www.notibras.com\/site\/bolsonaro-leva-ao-mundo-o-back-golden-shower\/","title":{"rendered":"Bolsonaro leva ao mundo o Back Golden Shower"},"content":{"rendered":"<p>A postagem feita pelo presidente Jair Bolsonaro, que provocou uma enxurrada de manifesta\u00e7\u00f5es nas redes sociais, ficar\u00e1 conhecida como tweet Golden Shower nos anais da propaganda. O h\u00e1bito de utilizar o aplicativo preferido de Donald Trump, entretanto, n\u00e3o produz os mesmos efeitos no Brasil tal como consegue o alinhado internauta estadunidense para o seu pa\u00eds. S\u00e3o realidades totalmente diferentes, sociedades bipolarizadas tamb\u00e9m com arcabou\u00e7os sociais incompar\u00e1veis.<\/p>\n<p>A propaganda nos EUA \u00e9 tratada como uma ci\u00eancia a servi\u00e7o do Estado. Os anglo-sax\u00f5es n\u00e3o t\u00eam, em sua ess\u00eancia, um comportamento prioritariamente emocional, que \u00e9 pr\u00f3prio dos latinos. At\u00e9 os coment\u00e1rios, com forma aparente de desabafo, s\u00e3o calculados.<\/p>\n<p>A enorme barreira que existe entre a cultura ianque e a nossa reside em como aquela sociedade entende o Estado. Para eles, o pa\u00eds \u00e9 um produto. Suas empresas multinacionais s\u00e3o pe\u00e7as fundamentais de uma engrenagem em que, internacionalmente, est\u00e3o a servi\u00e7o da sociedade, do orgulho, da imagem e economia bem sucedidos.<\/p>\n<p>De forma corporativa, para o p\u00fablico externo, a propaganda tem o permanente e estrat\u00e9gico cuidado de s\u00f3 difundir o \u00eaxito, a supremacia, o orgulho. N\u00e3o d\u00e3o import\u00e2ncia alguma quando s\u00e3o taxados de ufanistas. Sobrevivem, ao que parece muito bem, dessa maneira.<\/p>\n<p>A ind\u00fastria cinematogr\u00e1fica, grande canal de propaganda utilizado pela Casa Branca, mesmo que fora do contexto, produz travellings tendo como elemento a bandeira dos EUA. Para arrepio dos anti-imperialistas. Mesmo que Trump vomite asneiras no Twitter, o bloco social que representa \u00e9 maior que ele e suas ideias, ao contr\u00e1rio da repercuss\u00e3o de um post publicado aqui por um presidente brasileiro.<\/p>\n<p>Boa parte de nossa popula\u00e7\u00e3o foi induzida no passado a entender que o presidente tamb\u00e9m \u00e9 pai, pastor, m\u00e9dico, professor. Al\u00e9m disso, ao chegar ao Pal\u00e1cio do Planalto, a autoridade m\u00e1xima passa a ter duas identidades: aquela que traz de sua biografia e aquela emprestada pelos eleitores que traz o bras\u00e3o da Rep\u00fablica. Embora trespassem em muitos momentos, o que \u00e9 normal, devem estar guardadas em diferentes gavetas.<\/p>\n<p>Foi esse o grave erro cometido pelo presidi\u00e1rio Lula da Silva. Ele estava convencido de que era tudo: o poder, a raz\u00e3o, a solu\u00e7\u00e3o, o Estado e eventualmente, ele mesmo.<\/p>\n<p>Em alguns pa\u00edses, os governantes s\u00e3o desfiliados de seus partidos pol\u00edticos quando assumem a miss\u00e3o de conduzir todos os seus cidad\u00e3os. N\u00e3o precisamos chegar a tanto, mas a comunica\u00e7\u00e3o com o p\u00fablico interno durante o per\u00edodo eleitoral \u00e9 uma coisa, a express\u00e3o franca e imediata nas redes sociais, como governante, \u00e9 outra.<\/p>\n<p>At\u00e9 o momento, fica a impress\u00e3o de que o governo entende como propaganda alguns meios de comunica\u00e7\u00e3o, dos quais foram expurgados aqueles que estavam a servi\u00e7o dos inimigos pol\u00edticos.<\/p>\n<p>O Estado precisa de uma estrat\u00e9gia de comunica\u00e7\u00e3o bem definida, exige o entendimento de que o Brasil \u00e9 um produto na g\u00f4ndola internacional, \u00e9 obriga\u00e7\u00e3o dos governantes bem conceituar o pa\u00eds mundialmente, abrindo fronteiras para que empreendedores sejam bem recebidos em qualquer parte do mundo.<\/p>\n<p>A propaganda \u00e9 uma ci\u00eancia milenar, sofisticada, exige t\u00e9cnica e \u00e9 capaz de contribuir na constru\u00e7\u00e3o de vias expressas para a conquista de novos objetivos. Essa atividade foi manchada pelas pr\u00e1ticas inescrupulosas de alguns financistas travestidos de publicit\u00e1rios, nas \u00faltimas d\u00e9cadas, quando o objetivo era o de apenas financiar pol\u00edticos, partidos, empresas, filhos e amigos. A culpa n\u00e3o \u00e9 da propaganda como ci\u00eancia. \u00c9, sim, da comunica\u00e7\u00e3o sem planejamento, sem objetivos coletivos e corporativos definidos.<\/p>\n<p>O Brasil precisa urgente de propaganda inteligente, favor\u00e1vel, corporativa, internacional. O mesmo conte\u00fado publicado pelo presidente Bolsonaro poderia ser tema aut\u00eantico de discuss\u00e3o com a sociedade, e precisa ser, mas observando sua repercuss\u00e3o internacional.<\/p>\n<p>Existem formas e formas que a propaganda \u00e9 capaz de orientar. O Pal\u00e1cio do Planalto, nesse imprescind\u00edvel setor, est\u00e1 nu. Como o personagem gravado e twitado sobre a marquise. O Brasil precisa enfrentar esse setor, entender que ele \u00e9 estrat\u00e9gico, e melhor posar para a selfie que o mundo todo vai ver. Ou vamos inaugurar o Back Golden Shower.<\/p>\n","protected":false},"excerpt":{"rendered":"<p>A postagem feita pelo presidente Jair Bolsonaro, que provocou uma enxurrada de manifesta\u00e7\u00f5es nas redes sociais, ficar\u00e1 conhecida como tweet Golden Shower nos anais da propaganda. O h\u00e1bito de utilizar o aplicativo preferido de Donald Trump, entretanto, n\u00e3o produz os mesmos efeitos no Brasil tal como consegue o alinhado internauta estadunidense para o seu pa\u00eds. [&hellip;]<\/p>\n","protected":false},"author":2,"featured_media":199411,"comment_status":"closed","ping_status":"closed","sticky":false,"template":"","format":"standard","meta":{"_acf_changed":false,"footnotes":""},"categories":[16],"tags":[95],"class_list":["post-204192","post","type-post","status-publish","format-standard","has-post-thumbnail","hentry","category-brasil","tag-capa"],"acf":[],"yoast_head":"<!-- This site is optimized with the Yoast SEO plugin v27.2 - https:\/\/yoast.com\/product\/yoast-seo-wordpress\/ -->\n<title>Bolsonaro leva ao mundo o Back Golden Shower - Notibras<\/title>\n<meta name=\"robots\" content=\"index, follow, max-snippet:-1, max-image-preview:large, max-video-preview:-1\" \/>\n<link rel=\"canonical\" href=\"https:\/\/www.notibras.com\/site\/bolsonaro-leva-ao-mundo-o-back-golden-shower\/\" \/>\n<meta property=\"og:locale\" content=\"pt_BR\" \/>\n<meta property=\"og:type\" content=\"article\" \/>\n<meta property=\"og:title\" content=\"Bolsonaro leva ao mundo o Back Golden Shower - Notibras\" \/>\n<meta property=\"og:description\" content=\"A postagem feita pelo presidente Jair Bolsonaro, que provocou uma enxurrada de manifesta\u00e7\u00f5es nas redes sociais, ficar\u00e1 conhecida como tweet Golden Shower nos anais da propaganda. O h\u00e1bito de utilizar o aplicativo preferido de Donald Trump, entretanto, n\u00e3o produz os mesmos efeitos no Brasil tal como consegue o alinhado internauta estadunidense para o seu pa\u00eds. [&hellip;]\" \/>\n<meta property=\"og:url\" content=\"https:\/\/www.notibras.com\/site\/bolsonaro-leva-ao-mundo-o-back-golden-shower\/\" \/>\n<meta property=\"og:site_name\" content=\"Notibras\" \/>\n<meta property=\"article:publisher\" content=\"https:\/\/www.facebook.com\/notibras\/\" \/>\n<meta property=\"article:published_time\" content=\"2019-03-06T20:36:57+00:00\" \/>\n<meta property=\"article:modified_time\" content=\"2019-03-06T20:37:52+00:00\" \/>\n<meta property=\"og:image\" content=\"https:\/\/www.notibras.com\/site\/wp-content\/uploads\/2019\/01\/davos-bolsonaro.jpg\" \/>\n\t<meta property=\"og:image:width\" content=\"932\" \/>\n\t<meta property=\"og:image:height\" content=\"633\" \/>\n\t<meta property=\"og:image:type\" content=\"image\/jpeg\" \/>\n<meta name=\"author\" content=\"Reda\u00e7\u00e3o\" \/>\n<meta name=\"twitter:card\" content=\"summary_large_image\" \/>\n<meta name=\"twitter:creator\" content=\"@Notibras\" \/>\n<meta name=\"twitter:site\" content=\"@Notibras\" \/>\n<meta name=\"twitter:label1\" content=\"Escrito por\" \/>\n\t<meta name=\"twitter:data1\" content=\"Reda\u00e7\u00e3o\" \/>\n\t<meta name=\"twitter:label2\" content=\"Est. tempo de leitura\" \/>\n\t<meta name=\"twitter:data2\" content=\"4 minutos\" \/>\n<script type=\"application\/ld+json\" class=\"yoast-schema-graph\">{\"@context\":\"https:\/\/schema.org\",\"@graph\":[{\"@type\":\"Article\",\"@id\":\"https:\/\/www.notibras.com\/site\/bolsonaro-leva-ao-mundo-o-back-golden-shower\/#article\",\"isPartOf\":{\"@id\":\"https:\/\/www.notibras.com\/site\/bolsonaro-leva-ao-mundo-o-back-golden-shower\/\"},\"author\":{\"name\":\"Reda\u00e7\u00e3o\",\"@id\":\"https:\/\/www.notibras.com\/site\/#\/schema\/person\/36ab0979449956132d3e5b517ea76ac8\"},\"headline\":\"Bolsonaro leva ao mundo o Back Golden Shower\",\"datePublished\":\"2019-03-06T20:36:57+00:00\",\"dateModified\":\"2019-03-06T20:37:52+00:00\",\"mainEntityOfPage\":{\"@id\":\"https:\/\/www.notibras.com\/site\/bolsonaro-leva-ao-mundo-o-back-golden-shower\/\"},\"wordCount\":723,\"publisher\":{\"@id\":\"https:\/\/www.notibras.com\/site\/#organization\"},\"image\":{\"@id\":\"https:\/\/www.notibras.com\/site\/bolsonaro-leva-ao-mundo-o-back-golden-shower\/#primaryimage\"},\"thumbnailUrl\":\"https:\/\/www.notibras.com\/site\/wp-content\/uploads\/2019\/01\/davos-bolsonaro.jpg\",\"keywords\":[\"capa\"],\"articleSection\":[\"Brasil\"],\"inLanguage\":\"pt-BR\"},{\"@type\":\"WebPage\",\"@id\":\"https:\/\/www.notibras.com\/site\/bolsonaro-leva-ao-mundo-o-back-golden-shower\/\",\"url\":\"https:\/\/www.notibras.com\/site\/bolsonaro-leva-ao-mundo-o-back-golden-shower\/\",\"name\":\"Bolsonaro leva ao mundo o Back Golden Shower - Notibras\",\"isPartOf\":{\"@id\":\"https:\/\/www.notibras.com\/site\/#website\"},\"primaryImageOfPage\":{\"@id\":\"https:\/\/www.notibras.com\/site\/bolsonaro-leva-ao-mundo-o-back-golden-shower\/#primaryimage\"},\"image\":{\"@id\":\"https:\/\/www.notibras.com\/site\/bolsonaro-leva-ao-mundo-o-back-golden-shower\/#primaryimage\"},\"thumbnailUrl\":\"https:\/\/www.notibras.com\/site\/wp-content\/uploads\/2019\/01\/davos-bolsonaro.jpg\",\"datePublished\":\"2019-03-06T20:36:57+00:00\",\"dateModified\":\"2019-03-06T20:37:52+00:00\",\"breadcrumb\":{\"@id\":\"https:\/\/www.notibras.com\/site\/bolsonaro-leva-ao-mundo-o-back-golden-shower\/#breadcrumb\"},\"inLanguage\":\"pt-BR\",\"potentialAction\":[{\"@type\":\"ReadAction\",\"target\":[\"https:\/\/www.notibras.com\/site\/bolsonaro-leva-ao-mundo-o-back-golden-shower\/\"]}]},{\"@type\":\"ImageObject\",\"inLanguage\":\"pt-BR\",\"@id\":\"https:\/\/www.notibras.com\/site\/bolsonaro-leva-ao-mundo-o-back-golden-shower\/#primaryimage\",\"url\":\"https:\/\/www.notibras.com\/site\/wp-content\/uploads\/2019\/01\/davos-bolsonaro.jpg\",\"contentUrl\":\"https:\/\/www.notibras.com\/site\/wp-content\/uploads\/2019\/01\/davos-bolsonaro.jpg\",\"width\":932,\"height\":633},{\"@type\":\"BreadcrumbList\",\"@id\":\"https:\/\/www.notibras.com\/site\/bolsonaro-leva-ao-mundo-o-back-golden-shower\/#breadcrumb\",\"itemListElement\":[{\"@type\":\"ListItem\",\"position\":1,\"name\":\"In\u00edcio\",\"item\":\"https:\/\/www.notibras.com\/site\/\"},{\"@type\":\"ListItem\",\"position\":2,\"name\":\"Bolsonaro leva ao mundo o Back Golden Shower\"}]},{\"@type\":\"WebSite\",\"@id\":\"https:\/\/www.notibras.com\/site\/#website\",\"url\":\"https:\/\/www.notibras.com\/site\/\",\"name\":\"Notibras\",\"description\":\"Not\u00edcias de Bras\u00edlia, do Brasil e do Mundo\",\"publisher\":{\"@id\":\"https:\/\/www.notibras.com\/site\/#organization\"},\"potentialAction\":[{\"@type\":\"SearchAction\",\"target\":{\"@type\":\"EntryPoint\",\"urlTemplate\":\"https:\/\/www.notibras.com\/site\/?s={search_term_string}\"},\"query-input\":{\"@type\":\"PropertyValueSpecification\",\"valueRequired\":true,\"valueName\":\"search_term_string\"}}],\"inLanguage\":\"pt-BR\"},{\"@type\":\"Organization\",\"@id\":\"https:\/\/www.notibras.com\/site\/#organization\",\"name\":\"Grupo Notibras de Comunica\u00e7\u00e3o\",\"url\":\"https:\/\/www.notibras.com\/site\/\",\"logo\":{\"@type\":\"ImageObject\",\"inLanguage\":\"pt-BR\",\"@id\":\"https:\/\/www.notibras.com\/site\/#\/schema\/logo\/image\/\",\"url\":\"https:\/\/www.notibras.com\/site\/wp-content\/uploads\/2023\/01\/notibras23.png\",\"contentUrl\":\"https:\/\/www.notibras.com\/site\/wp-content\/uploads\/2023\/01\/notibras23.png\",\"width\":350,\"height\":87,\"caption\":\"Grupo Notibras de Comunica\u00e7\u00e3o\"},\"image\":{\"@id\":\"https:\/\/www.notibras.com\/site\/#\/schema\/logo\/image\/\"},\"sameAs\":[\"https:\/\/www.facebook.com\/notibras\/\",\"https:\/\/x.com\/Notibras\",\"https:\/\/www.instagram.com\/notibras\/\"]},{\"@type\":\"Person\",\"@id\":\"https:\/\/www.notibras.com\/site\/#\/schema\/person\/36ab0979449956132d3e5b517ea76ac8\",\"name\":\"Reda\u00e7\u00e3o\",\"image\":{\"@type\":\"ImageObject\",\"inLanguage\":\"pt-BR\",\"@id\":\"https:\/\/secure.gravatar.com\/avatar\/e0a867bdedb85fd243eadf09663511f96fc81e0720a4a42581f334ad4303aa6b?s=96&d=mm&r=g\",\"url\":\"https:\/\/secure.gravatar.com\/avatar\/e0a867bdedb85fd243eadf09663511f96fc81e0720a4a42581f334ad4303aa6b?s=96&d=mm&r=g\",\"contentUrl\":\"https:\/\/secure.gravatar.com\/avatar\/e0a867bdedb85fd243eadf09663511f96fc81e0720a4a42581f334ad4303aa6b?s=96&d=mm&r=g\",\"caption\":\"Reda\u00e7\u00e3o\"}}]}<\/script>\n<!-- \/ Yoast SEO plugin. -->","yoast_head_json":{"title":"Bolsonaro leva ao mundo o Back Golden Shower - Notibras","robots":{"index":"index","follow":"follow","max-snippet":"max-snippet:-1","max-image-preview":"max-image-preview:large","max-video-preview":"max-video-preview:-1"},"canonical":"https:\/\/www.notibras.com\/site\/bolsonaro-leva-ao-mundo-o-back-golden-shower\/","og_locale":"pt_BR","og_type":"article","og_title":"Bolsonaro leva ao mundo o Back Golden Shower - Notibras","og_description":"A postagem feita pelo presidente Jair Bolsonaro, que provocou uma enxurrada de manifesta\u00e7\u00f5es nas redes sociais, ficar\u00e1 conhecida como tweet Golden Shower nos anais da propaganda. O h\u00e1bito de utilizar o aplicativo preferido de Donald Trump, entretanto, n\u00e3o produz os mesmos efeitos no Brasil tal como consegue o alinhado internauta estadunidense para o seu pa\u00eds. [&hellip;]","og_url":"https:\/\/www.notibras.com\/site\/bolsonaro-leva-ao-mundo-o-back-golden-shower\/","og_site_name":"Notibras","article_publisher":"https:\/\/www.facebook.com\/notibras\/","article_published_time":"2019-03-06T20:36:57+00:00","article_modified_time":"2019-03-06T20:37:52+00:00","og_image":[{"width":932,"height":633,"url":"https:\/\/www.notibras.com\/site\/wp-content\/uploads\/2019\/01\/davos-bolsonaro.jpg","type":"image\/jpeg"}],"author":"Reda\u00e7\u00e3o","twitter_card":"summary_large_image","twitter_creator":"@Notibras","twitter_site":"@Notibras","twitter_misc":{"Escrito por":"Reda\u00e7\u00e3o","Est. tempo de leitura":"4 minutos"},"schema":{"@context":"https:\/\/schema.org","@graph":[{"@type":"Article","@id":"https:\/\/www.notibras.com\/site\/bolsonaro-leva-ao-mundo-o-back-golden-shower\/#article","isPartOf":{"@id":"https:\/\/www.notibras.com\/site\/bolsonaro-leva-ao-mundo-o-back-golden-shower\/"},"author":{"name":"Reda\u00e7\u00e3o","@id":"https:\/\/www.notibras.com\/site\/#\/schema\/person\/36ab0979449956132d3e5b517ea76ac8"},"headline":"Bolsonaro leva ao mundo o Back Golden Shower","datePublished":"2019-03-06T20:36:57+00:00","dateModified":"2019-03-06T20:37:52+00:00","mainEntityOfPage":{"@id":"https:\/\/www.notibras.com\/site\/bolsonaro-leva-ao-mundo-o-back-golden-shower\/"},"wordCount":723,"publisher":{"@id":"https:\/\/www.notibras.com\/site\/#organization"},"image":{"@id":"https:\/\/www.notibras.com\/site\/bolsonaro-leva-ao-mundo-o-back-golden-shower\/#primaryimage"},"thumbnailUrl":"https:\/\/www.notibras.com\/site\/wp-content\/uploads\/2019\/01\/davos-bolsonaro.jpg","keywords":["capa"],"articleSection":["Brasil"],"inLanguage":"pt-BR"},{"@type":"WebPage","@id":"https:\/\/www.notibras.com\/site\/bolsonaro-leva-ao-mundo-o-back-golden-shower\/","url":"https:\/\/www.notibras.com\/site\/bolsonaro-leva-ao-mundo-o-back-golden-shower\/","name":"Bolsonaro leva ao mundo o Back Golden Shower - Notibras","isPartOf":{"@id":"https:\/\/www.notibras.com\/site\/#website"},"primaryImageOfPage":{"@id":"https:\/\/www.notibras.com\/site\/bolsonaro-leva-ao-mundo-o-back-golden-shower\/#primaryimage"},"image":{"@id":"https:\/\/www.notibras.com\/site\/bolsonaro-leva-ao-mundo-o-back-golden-shower\/#primaryimage"},"thumbnailUrl":"https:\/\/www.notibras.com\/site\/wp-content\/uploads\/2019\/01\/davos-bolsonaro.jpg","datePublished":"2019-03-06T20:36:57+00:00","dateModified":"2019-03-06T20:37:52+00:00","breadcrumb":{"@id":"https:\/\/www.notibras.com\/site\/bolsonaro-leva-ao-mundo-o-back-golden-shower\/#breadcrumb"},"inLanguage":"pt-BR","potentialAction":[{"@type":"ReadAction","target":["https:\/\/www.notibras.com\/site\/bolsonaro-leva-ao-mundo-o-back-golden-shower\/"]}]},{"@type":"ImageObject","inLanguage":"pt-BR","@id":"https:\/\/www.notibras.com\/site\/bolsonaro-leva-ao-mundo-o-back-golden-shower\/#primaryimage","url":"https:\/\/www.notibras.com\/site\/wp-content\/uploads\/2019\/01\/davos-bolsonaro.jpg","contentUrl":"https:\/\/www.notibras.com\/site\/wp-content\/uploads\/2019\/01\/davos-bolsonaro.jpg","width":932,"height":633},{"@type":"BreadcrumbList","@id":"https:\/\/www.notibras.com\/site\/bolsonaro-leva-ao-mundo-o-back-golden-shower\/#breadcrumb","itemListElement":[{"@type":"ListItem","position":1,"name":"In\u00edcio","item":"https:\/\/www.notibras.com\/site\/"},{"@type":"ListItem","position":2,"name":"Bolsonaro leva ao mundo o Back Golden Shower"}]},{"@type":"WebSite","@id":"https:\/\/www.notibras.com\/site\/#website","url":"https:\/\/www.notibras.com\/site\/","name":"Notibras","description":"Not\u00edcias de Bras\u00edlia, do Brasil e do Mundo","publisher":{"@id":"https:\/\/www.notibras.com\/site\/#organization"},"potentialAction":[{"@type":"SearchAction","target":{"@type":"EntryPoint","urlTemplate":"https:\/\/www.notibras.com\/site\/?s={search_term_string}"},"query-input":{"@type":"PropertyValueSpecification","valueRequired":true,"valueName":"search_term_string"}}],"inLanguage":"pt-BR"},{"@type":"Organization","@id":"https:\/\/www.notibras.com\/site\/#organization","name":"Grupo Notibras de Comunica\u00e7\u00e3o","url":"https:\/\/www.notibras.com\/site\/","logo":{"@type":"ImageObject","inLanguage":"pt-BR","@id":"https:\/\/www.notibras.com\/site\/#\/schema\/logo\/image\/","url":"https:\/\/www.notibras.com\/site\/wp-content\/uploads\/2023\/01\/notibras23.png","contentUrl":"https:\/\/www.notibras.com\/site\/wp-content\/uploads\/2023\/01\/notibras23.png","width":350,"height":87,"caption":"Grupo Notibras de Comunica\u00e7\u00e3o"},"image":{"@id":"https:\/\/www.notibras.com\/site\/#\/schema\/logo\/image\/"},"sameAs":["https:\/\/www.facebook.com\/notibras\/","https:\/\/x.com\/Notibras","https:\/\/www.instagram.com\/notibras\/"]},{"@type":"Person","@id":"https:\/\/www.notibras.com\/site\/#\/schema\/person\/36ab0979449956132d3e5b517ea76ac8","name":"Reda\u00e7\u00e3o","image":{"@type":"ImageObject","inLanguage":"pt-BR","@id":"https:\/\/secure.gravatar.com\/avatar\/e0a867bdedb85fd243eadf09663511f96fc81e0720a4a42581f334ad4303aa6b?s=96&d=mm&r=g","url":"https:\/\/secure.gravatar.com\/avatar\/e0a867bdedb85fd243eadf09663511f96fc81e0720a4a42581f334ad4303aa6b?s=96&d=mm&r=g","contentUrl":"https:\/\/secure.gravatar.com\/avatar\/e0a867bdedb85fd243eadf09663511f96fc81e0720a4a42581f334ad4303aa6b?s=96&d=mm&r=g","caption":"Reda\u00e7\u00e3o"}}]}},"amp_enabled":true,"_links":{"self":[{"href":"https:\/\/www.notibras.com\/site\/wp-json\/wp\/v2\/posts\/204192","targetHints":{"allow":["GET"]}}],"collection":[{"href":"https:\/\/www.notibras.com\/site\/wp-json\/wp\/v2\/posts"}],"about":[{"href":"https:\/\/www.notibras.com\/site\/wp-json\/wp\/v2\/types\/post"}],"author":[{"embeddable":true,"href":"https:\/\/www.notibras.com\/site\/wp-json\/wp\/v2\/users\/2"}],"replies":[{"embeddable":true,"href":"https:\/\/www.notibras.com\/site\/wp-json\/wp\/v2\/comments?post=204192"}],"version-history":[{"count":2,"href":"https:\/\/www.notibras.com\/site\/wp-json\/wp\/v2\/posts\/204192\/revisions"}],"predecessor-version":[{"id":204194,"href":"https:\/\/www.notibras.com\/site\/wp-json\/wp\/v2\/posts\/204192\/revisions\/204194"}],"wp:featuredmedia":[{"embeddable":true,"href":"https:\/\/www.notibras.com\/site\/wp-json\/wp\/v2\/media\/199411"}],"wp:attachment":[{"href":"https:\/\/www.notibras.com\/site\/wp-json\/wp\/v2\/media?parent=204192"}],"wp:term":[{"taxonomy":"category","embeddable":true,"href":"https:\/\/www.notibras.com\/site\/wp-json\/wp\/v2\/categories?post=204192"},{"taxonomy":"post_tag","embeddable":true,"href":"https:\/\/www.notibras.com\/site\/wp-json\/wp\/v2\/tags?post=204192"}],"curies":[{"name":"wp","href":"https:\/\/api.w.org\/{rel}","templated":true}]}}