{"id":204195,"date":"2019-03-06T19:40:19","date_gmt":"2019-03-06T22:40:19","guid":{"rendered":"https:\/\/www.notibras.com\/site\/?p=204195"},"modified":"2019-03-06T19:43:32","modified_gmt":"2019-03-06T22:43:32","slug":"carnaval-passou-e-ficou-a-perigosa-folia-na-politica","status":"publish","type":"post","link":"https:\/\/www.notibras.com\/site\/carnaval-passou-e-ficou-a-perigosa-folia-na-politica\/","title":{"rendered":"Carnaval passou e ficou a perigosa folia na pol\u00edtica"},"content":{"rendered":"<p>Em ano de troca de h\u00f3spede nos pal\u00e1cios e particularmente no do Planalto, o tradicional bord\u00e3o de um Brasil que \u201cs\u00f3 come\u00e7a a trabalhar depois do Carnaval\u201d n\u00e3o \u00e9 completamente exato. Os novos governantes aproveitaram os dois primeiros meses do ano para dar uma amostra do estilo com o qual pretendem mandar. A partir de agora, ter\u00e3o que conviver com o Legislativo, seus debates, suas negocia\u00e7\u00f5es. Quando n\u00e3o suas negociatas.<\/p>\n<p>A onda de renova\u00e7\u00e3o das c\u00e2maras e assembleias pelo Brasil se deu em duas vertentes: uma guinada \u00e0 direita, mais em sua variante conservadora que liberal, e uma personaliza\u00e7\u00e3o dos mandatos. A proibi\u00e7\u00e3o das doa\u00e7\u00f5es de pessoas jur\u00eddicas nas elei\u00e7\u00f5es trouxe uma barateamento espetacular das campanhas, mas tamb\u00e9m uma vantagem significativa aos candidatos com recursos dispon\u00edveis.<\/p>\n<p>Os dois fundos p\u00fablicos de financiamento da vida partid\u00e1ria permitiram \u00e0s grandes agremia\u00e7\u00f5es despejar milh\u00f5es em candidaturas escolhidas pelas c\u00fapulas, enquanto endinheirados tiraram do pr\u00f3prio bolso o vi\u00e1tico necess\u00e1rio para viabilizar suas elei\u00e7\u00f5es. Os primeiros ser\u00e3o fi\u00e9is seguidores das decis\u00f5es de seus caciques; os segundos franco-atiradores com os quais os Executivos ter\u00e3o que negociar caso a caso.<\/p>\n<p>O carnaval terminou mas a folia n\u00e3o parece ter fim. A folia da divis\u00e3o pol\u00edtica que leva aos extremos. O discurso dos \u201cn\u00f3s contra eles\u201d institu\u00eddo h\u00e1 mais de uma d\u00e9cada s\u00f3 tende a radicalizar-se. A \u00faltima elei\u00e7\u00e3o geral cristalizou uma verdadeira fratura na sociedade brasileira, n\u00e3o tanto \u201ca favor\u201d mas \u201ccontra\u201d. Os anti-PT ganharam. Todos n\u00e3o s\u00e3o Bolsonaro, longe disso. Mas \u00e9 o ex-capit\u00e3o que mais soube encarnar esse sentimento. Eleitores mais moderados, que podiam tender a avaliar as candidaturas Geraldo Alckmin, \u00c1lvaro Dias ou mesmo Henrique Meirelles, quiserem pagar para ver j\u00e1 no primeiro turno.<\/p>\n<p>A mesma t\u00e1tica do \u201ccontra Bolsonaro\u201d fez inflar o resultado de Fernando Haddad de votos que podiam ter ca\u00eddo na mochila de Ciro Gomes, Marina Silva ou Guilherme Boulos. A elei\u00e7\u00e3o de 2018 ficar\u00e1 marcada como a da escolha do \u201cmenos pior\u201d j\u00e1 no primeiro turno.<\/p>\n<p>Jair Bolsonaro foi propulsado \u00e0 mais importante cadeira do Brasil como op\u00e7\u00e3o anti-esquerda em geral, anti-PT em particular. Ele se sente confortado nesta cruzada pessoal que o fez emergir da C\u00e2mara dos Deputados onde atuou por tanto tempo. Sua posse como presidente da Rep\u00fablica n\u00e3o modificou em nada seu pensamento. A composi\u00e7\u00e3o de seu governo, o essencial de suas a\u00e7\u00f5es e de suas declara\u00e7\u00f5es t\u00eam sempre o foco de combater o que ele considera o mal absoluto. Ele n\u00e3o poupar\u00e1 nem esfor\u00e7os, nem poder para enfrentar seu inimigo. Ele n\u00e3o recuar\u00e1 nem diante de excessos e exagera\u00e7\u00f5es. Parte da popula\u00e7\u00e3o o apoiar\u00e1 incondicionalmente. Mas nem de longe os 49 milh\u00f5es que digitaram 17 j\u00e1 no primeiro turno.<\/p>\n<p>Do outro lado da trincheira, o mesmo mote. O PT mant\u00e9m seu protagonismo \u00e0 esquerda, com importante bancada na C\u00e2mara dos Deputados e, consequentemente, significativa parcela do fundo partid\u00e1rio. O conglomerado de m\u00eddia pr\u00f3-Partido dos Trabalhadores tamb\u00e9m prossegue sua cruzada, iniciada j\u00e1 nas elei\u00e7\u00f5es der 2010, quando toda candidata ou candidato que n\u00e3o era 13 era direitista, ultraliberal ou fascista. At\u00e9, e sobretudo, a Marina Silva. Mesmo o PSOL foi taxado de \u201cdireit\u00e3o\u201d quando participou das manifesta\u00e7\u00f5es de 2013.<\/p>\n<p>A milit\u00e2ncia se radicaliza, sob a impuls\u00e3o da presidente Gleisi Hoffmann, que em suas declara\u00e7\u00f5es j\u00e1 passou de \u201cantiliberal\u201d a \u201canticapitalista\u201d. Uma guinada \u00e0 esquerda que modifica a linha adotada pelo Presidente Lula, que tinha aberto \u00e0s alian\u00e7as em dire\u00e7\u00e3o ao centro. Fernando Haddad, mais pr\u00f3ximo da socialdemocracia que da extrema-esquerda, tenta navegar nas correntezas. O eterno l\u00edder petista continua no centro das aten\u00e7\u00f5es, com uma campanha #LulaLivre destinada a manter em foco o principal nome de coes\u00e3o do partido. Virou s\u00edmbolo com mistura de nostalgia e de esperan\u00e7a para muitos. Mas nem de longe os 31 milh\u00f5es que digitaram 13 j\u00e1 no primeiro turno.<\/p>\n<p>O ano de 2019 ser\u00e1 de guerra quente. Dois cl\u00e3s irredut\u00edveis, dispostos a n\u00e3o ceder um mil\u00edmetro e a defender suas posi\u00e7\u00f5es nem que a raz\u00e3o ou a verdade tenham que padecer desta jihad pol\u00edtica. No meio, em sua esmagadora maioria, um povo que sonha em melhorar de vida, desempregados que procuram emprego, alunos que estudam em condi\u00e7\u00f5es prec\u00e1rias, trabalhadores que querem ter certeza de voltar vivos para casa. Tomara que a briga de torcidas n\u00e3o se fa\u00e7a nas costas dessa maioria.<\/p>\n","protected":false},"excerpt":{"rendered":"<p>Em ano de troca de h\u00f3spede nos pal\u00e1cios e particularmente no do Planalto, o tradicional bord\u00e3o de um Brasil que \u201cs\u00f3 come\u00e7a a trabalhar depois do Carnaval\u201d n\u00e3o \u00e9 completamente exato. Os novos governantes aproveitaram os dois primeiros meses do ano para dar uma amostra do estilo com o qual pretendem mandar. A partir de [&hellip;]<\/p>\n","protected":false},"author":2,"featured_media":204196,"comment_status":"closed","ping_status":"closed","sticky":false,"template":"","format":"standard","meta":{"_acf_changed":false,"footnotes":""},"categories":[16],"tags":[95],"class_list":["post-204195","post","type-post","status-publish","format-standard","has-post-thumbnail","hentry","category-brasil","tag-capa"],"acf":[],"yoast_head":"<!-- This site is optimized with the Yoast SEO plugin v27.2 - https:\/\/yoast.com\/product\/yoast-seo-wordpress\/ -->\n<title>Carnaval passou e ficou a perigosa folia na pol\u00edtica - Notibras<\/title>\n<meta name=\"robots\" content=\"index, follow, max-snippet:-1, max-image-preview:large, max-video-preview:-1\" \/>\n<link rel=\"canonical\" href=\"https:\/\/www.notibras.com\/site\/carnaval-passou-e-ficou-a-perigosa-folia-na-politica\/\" \/>\n<meta property=\"og:locale\" content=\"pt_BR\" \/>\n<meta property=\"og:type\" content=\"article\" \/>\n<meta property=\"og:title\" content=\"Carnaval passou e ficou a perigosa folia na pol\u00edtica - Notibras\" \/>\n<meta property=\"og:description\" content=\"Em ano de troca de h\u00f3spede nos pal\u00e1cios e particularmente no do Planalto, o tradicional bord\u00e3o de um Brasil que \u201cs\u00f3 come\u00e7a a trabalhar depois do Carnaval\u201d n\u00e3o \u00e9 completamente exato. Os novos governantes aproveitaram os dois primeiros meses do ano para dar uma amostra do estilo com o qual pretendem mandar. A partir de [&hellip;]\" \/>\n<meta property=\"og:url\" content=\"https:\/\/www.notibras.com\/site\/carnaval-passou-e-ficou-a-perigosa-folia-na-politica\/\" \/>\n<meta property=\"og:site_name\" content=\"Notibras\" \/>\n<meta property=\"article:publisher\" content=\"https:\/\/www.facebook.com\/notibras\/\" \/>\n<meta property=\"article:published_time\" content=\"2019-03-06T22:40:19+00:00\" \/>\n<meta property=\"article:modified_time\" content=\"2019-03-06T22:43:32+00:00\" \/>\n<meta property=\"og:image\" content=\"https:\/\/www.notibras.com\/site\/wp-content\/uploads\/2019\/03\/bolsonaro-folia-pol\u00edtica.jpg\" \/>\n\t<meta property=\"og:image:width\" content=\"1024\" \/>\n\t<meta property=\"og:image:height\" content=\"576\" \/>\n\t<meta property=\"og:image:type\" content=\"image\/jpeg\" \/>\n<meta name=\"author\" content=\"Reda\u00e7\u00e3o\" \/>\n<meta name=\"twitter:card\" content=\"summary_large_image\" \/>\n<meta name=\"twitter:creator\" content=\"@Notibras\" \/>\n<meta name=\"twitter:site\" content=\"@Notibras\" \/>\n<meta name=\"twitter:label1\" content=\"Escrito por\" \/>\n\t<meta name=\"twitter:data1\" content=\"Reda\u00e7\u00e3o\" \/>\n\t<meta name=\"twitter:label2\" content=\"Est. tempo de leitura\" \/>\n\t<meta name=\"twitter:data2\" content=\"4 minutos\" \/>\n<script type=\"application\/ld+json\" class=\"yoast-schema-graph\">{\"@context\":\"https:\/\/schema.org\",\"@graph\":[{\"@type\":\"Article\",\"@id\":\"https:\/\/www.notibras.com\/site\/carnaval-passou-e-ficou-a-perigosa-folia-na-politica\/#article\",\"isPartOf\":{\"@id\":\"https:\/\/www.notibras.com\/site\/carnaval-passou-e-ficou-a-perigosa-folia-na-politica\/\"},\"author\":{\"name\":\"Reda\u00e7\u00e3o\",\"@id\":\"https:\/\/www.notibras.com\/site\/#\/schema\/person\/36ab0979449956132d3e5b517ea76ac8\"},\"headline\":\"Carnaval passou e ficou a perigosa folia na pol\u00edtica\",\"datePublished\":\"2019-03-06T22:40:19+00:00\",\"dateModified\":\"2019-03-06T22:43:32+00:00\",\"mainEntityOfPage\":{\"@id\":\"https:\/\/www.notibras.com\/site\/carnaval-passou-e-ficou-a-perigosa-folia-na-politica\/\"},\"wordCount\":795,\"publisher\":{\"@id\":\"https:\/\/www.notibras.com\/site\/#organization\"},\"image\":{\"@id\":\"https:\/\/www.notibras.com\/site\/carnaval-passou-e-ficou-a-perigosa-folia-na-politica\/#primaryimage\"},\"thumbnailUrl\":\"https:\/\/www.notibras.com\/site\/wp-content\/uploads\/2019\/03\/bolsonaro-folia-pol\u00edtica.jpg\",\"keywords\":[\"capa\"],\"articleSection\":[\"Brasil\"],\"inLanguage\":\"pt-BR\"},{\"@type\":\"WebPage\",\"@id\":\"https:\/\/www.notibras.com\/site\/carnaval-passou-e-ficou-a-perigosa-folia-na-politica\/\",\"url\":\"https:\/\/www.notibras.com\/site\/carnaval-passou-e-ficou-a-perigosa-folia-na-politica\/\",\"name\":\"Carnaval passou e ficou a perigosa folia na pol\u00edtica - Notibras\",\"isPartOf\":{\"@id\":\"https:\/\/www.notibras.com\/site\/#website\"},\"primaryImageOfPage\":{\"@id\":\"https:\/\/www.notibras.com\/site\/carnaval-passou-e-ficou-a-perigosa-folia-na-politica\/#primaryimage\"},\"image\":{\"@id\":\"https:\/\/www.notibras.com\/site\/carnaval-passou-e-ficou-a-perigosa-folia-na-politica\/#primaryimage\"},\"thumbnailUrl\":\"https:\/\/www.notibras.com\/site\/wp-content\/uploads\/2019\/03\/bolsonaro-folia-pol\u00edtica.jpg\",\"datePublished\":\"2019-03-06T22:40:19+00:00\",\"dateModified\":\"2019-03-06T22:43:32+00:00\",\"breadcrumb\":{\"@id\":\"https:\/\/www.notibras.com\/site\/carnaval-passou-e-ficou-a-perigosa-folia-na-politica\/#breadcrumb\"},\"inLanguage\":\"pt-BR\",\"potentialAction\":[{\"@type\":\"ReadAction\",\"target\":[\"https:\/\/www.notibras.com\/site\/carnaval-passou-e-ficou-a-perigosa-folia-na-politica\/\"]}]},{\"@type\":\"ImageObject\",\"inLanguage\":\"pt-BR\",\"@id\":\"https:\/\/www.notibras.com\/site\/carnaval-passou-e-ficou-a-perigosa-folia-na-politica\/#primaryimage\",\"url\":\"https:\/\/www.notibras.com\/site\/wp-content\/uploads\/2019\/03\/bolsonaro-folia-pol\u00edtica.jpg\",\"contentUrl\":\"https:\/\/www.notibras.com\/site\/wp-content\/uploads\/2019\/03\/bolsonaro-folia-pol\u00edtica.jpg\",\"width\":1024,\"height\":576},{\"@type\":\"BreadcrumbList\",\"@id\":\"https:\/\/www.notibras.com\/site\/carnaval-passou-e-ficou-a-perigosa-folia-na-politica\/#breadcrumb\",\"itemListElement\":[{\"@type\":\"ListItem\",\"position\":1,\"name\":\"In\u00edcio\",\"item\":\"https:\/\/www.notibras.com\/site\/\"},{\"@type\":\"ListItem\",\"position\":2,\"name\":\"Carnaval passou e ficou a perigosa folia na pol\u00edtica\"}]},{\"@type\":\"WebSite\",\"@id\":\"https:\/\/www.notibras.com\/site\/#website\",\"url\":\"https:\/\/www.notibras.com\/site\/\",\"name\":\"Notibras\",\"description\":\"Not\u00edcias de Bras\u00edlia, do Brasil e do Mundo\",\"publisher\":{\"@id\":\"https:\/\/www.notibras.com\/site\/#organization\"},\"potentialAction\":[{\"@type\":\"SearchAction\",\"target\":{\"@type\":\"EntryPoint\",\"urlTemplate\":\"https:\/\/www.notibras.com\/site\/?s={search_term_string}\"},\"query-input\":{\"@type\":\"PropertyValueSpecification\",\"valueRequired\":true,\"valueName\":\"search_term_string\"}}],\"inLanguage\":\"pt-BR\"},{\"@type\":\"Organization\",\"@id\":\"https:\/\/www.notibras.com\/site\/#organization\",\"name\":\"Grupo Notibras de Comunica\u00e7\u00e3o\",\"url\":\"https:\/\/www.notibras.com\/site\/\",\"logo\":{\"@type\":\"ImageObject\",\"inLanguage\":\"pt-BR\",\"@id\":\"https:\/\/www.notibras.com\/site\/#\/schema\/logo\/image\/\",\"url\":\"https:\/\/www.notibras.com\/site\/wp-content\/uploads\/2023\/01\/notibras23.png\",\"contentUrl\":\"https:\/\/www.notibras.com\/site\/wp-content\/uploads\/2023\/01\/notibras23.png\",\"width\":350,\"height\":87,\"caption\":\"Grupo Notibras de Comunica\u00e7\u00e3o\"},\"image\":{\"@id\":\"https:\/\/www.notibras.com\/site\/#\/schema\/logo\/image\/\"},\"sameAs\":[\"https:\/\/www.facebook.com\/notibras\/\",\"https:\/\/x.com\/Notibras\",\"https:\/\/www.instagram.com\/notibras\/\"]},{\"@type\":\"Person\",\"@id\":\"https:\/\/www.notibras.com\/site\/#\/schema\/person\/36ab0979449956132d3e5b517ea76ac8\",\"name\":\"Reda\u00e7\u00e3o\",\"image\":{\"@type\":\"ImageObject\",\"inLanguage\":\"pt-BR\",\"@id\":\"https:\/\/secure.gravatar.com\/avatar\/e0a867bdedb85fd243eadf09663511f96fc81e0720a4a42581f334ad4303aa6b?s=96&d=mm&r=g\",\"url\":\"https:\/\/secure.gravatar.com\/avatar\/e0a867bdedb85fd243eadf09663511f96fc81e0720a4a42581f334ad4303aa6b?s=96&d=mm&r=g\",\"contentUrl\":\"https:\/\/secure.gravatar.com\/avatar\/e0a867bdedb85fd243eadf09663511f96fc81e0720a4a42581f334ad4303aa6b?s=96&d=mm&r=g\",\"caption\":\"Reda\u00e7\u00e3o\"}}]}<\/script>\n<!-- \/ Yoast SEO plugin. -->","yoast_head_json":{"title":"Carnaval passou e ficou a perigosa folia na pol\u00edtica - Notibras","robots":{"index":"index","follow":"follow","max-snippet":"max-snippet:-1","max-image-preview":"max-image-preview:large","max-video-preview":"max-video-preview:-1"},"canonical":"https:\/\/www.notibras.com\/site\/carnaval-passou-e-ficou-a-perigosa-folia-na-politica\/","og_locale":"pt_BR","og_type":"article","og_title":"Carnaval passou e ficou a perigosa folia na pol\u00edtica - Notibras","og_description":"Em ano de troca de h\u00f3spede nos pal\u00e1cios e particularmente no do Planalto, o tradicional bord\u00e3o de um Brasil que \u201cs\u00f3 come\u00e7a a trabalhar depois do Carnaval\u201d n\u00e3o \u00e9 completamente exato. Os novos governantes aproveitaram os dois primeiros meses do ano para dar uma amostra do estilo com o qual pretendem mandar. A partir de [&hellip;]","og_url":"https:\/\/www.notibras.com\/site\/carnaval-passou-e-ficou-a-perigosa-folia-na-politica\/","og_site_name":"Notibras","article_publisher":"https:\/\/www.facebook.com\/notibras\/","article_published_time":"2019-03-06T22:40:19+00:00","article_modified_time":"2019-03-06T22:43:32+00:00","og_image":[{"width":1024,"height":576,"url":"https:\/\/www.notibras.com\/site\/wp-content\/uploads\/2019\/03\/bolsonaro-folia-pol\u00edtica.jpg","type":"image\/jpeg"}],"author":"Reda\u00e7\u00e3o","twitter_card":"summary_large_image","twitter_creator":"@Notibras","twitter_site":"@Notibras","twitter_misc":{"Escrito por":"Reda\u00e7\u00e3o","Est. tempo de leitura":"4 minutos"},"schema":{"@context":"https:\/\/schema.org","@graph":[{"@type":"Article","@id":"https:\/\/www.notibras.com\/site\/carnaval-passou-e-ficou-a-perigosa-folia-na-politica\/#article","isPartOf":{"@id":"https:\/\/www.notibras.com\/site\/carnaval-passou-e-ficou-a-perigosa-folia-na-politica\/"},"author":{"name":"Reda\u00e7\u00e3o","@id":"https:\/\/www.notibras.com\/site\/#\/schema\/person\/36ab0979449956132d3e5b517ea76ac8"},"headline":"Carnaval passou e ficou a perigosa folia na pol\u00edtica","datePublished":"2019-03-06T22:40:19+00:00","dateModified":"2019-03-06T22:43:32+00:00","mainEntityOfPage":{"@id":"https:\/\/www.notibras.com\/site\/carnaval-passou-e-ficou-a-perigosa-folia-na-politica\/"},"wordCount":795,"publisher":{"@id":"https:\/\/www.notibras.com\/site\/#organization"},"image":{"@id":"https:\/\/www.notibras.com\/site\/carnaval-passou-e-ficou-a-perigosa-folia-na-politica\/#primaryimage"},"thumbnailUrl":"https:\/\/www.notibras.com\/site\/wp-content\/uploads\/2019\/03\/bolsonaro-folia-pol\u00edtica.jpg","keywords":["capa"],"articleSection":["Brasil"],"inLanguage":"pt-BR"},{"@type":"WebPage","@id":"https:\/\/www.notibras.com\/site\/carnaval-passou-e-ficou-a-perigosa-folia-na-politica\/","url":"https:\/\/www.notibras.com\/site\/carnaval-passou-e-ficou-a-perigosa-folia-na-politica\/","name":"Carnaval passou e ficou a perigosa folia na pol\u00edtica - Notibras","isPartOf":{"@id":"https:\/\/www.notibras.com\/site\/#website"},"primaryImageOfPage":{"@id":"https:\/\/www.notibras.com\/site\/carnaval-passou-e-ficou-a-perigosa-folia-na-politica\/#primaryimage"},"image":{"@id":"https:\/\/www.notibras.com\/site\/carnaval-passou-e-ficou-a-perigosa-folia-na-politica\/#primaryimage"},"thumbnailUrl":"https:\/\/www.notibras.com\/site\/wp-content\/uploads\/2019\/03\/bolsonaro-folia-pol\u00edtica.jpg","datePublished":"2019-03-06T22:40:19+00:00","dateModified":"2019-03-06T22:43:32+00:00","breadcrumb":{"@id":"https:\/\/www.notibras.com\/site\/carnaval-passou-e-ficou-a-perigosa-folia-na-politica\/#breadcrumb"},"inLanguage":"pt-BR","potentialAction":[{"@type":"ReadAction","target":["https:\/\/www.notibras.com\/site\/carnaval-passou-e-ficou-a-perigosa-folia-na-politica\/"]}]},{"@type":"ImageObject","inLanguage":"pt-BR","@id":"https:\/\/www.notibras.com\/site\/carnaval-passou-e-ficou-a-perigosa-folia-na-politica\/#primaryimage","url":"https:\/\/www.notibras.com\/site\/wp-content\/uploads\/2019\/03\/bolsonaro-folia-pol\u00edtica.jpg","contentUrl":"https:\/\/www.notibras.com\/site\/wp-content\/uploads\/2019\/03\/bolsonaro-folia-pol\u00edtica.jpg","width":1024,"height":576},{"@type":"BreadcrumbList","@id":"https:\/\/www.notibras.com\/site\/carnaval-passou-e-ficou-a-perigosa-folia-na-politica\/#breadcrumb","itemListElement":[{"@type":"ListItem","position":1,"name":"In\u00edcio","item":"https:\/\/www.notibras.com\/site\/"},{"@type":"ListItem","position":2,"name":"Carnaval passou e ficou a perigosa folia na pol\u00edtica"}]},{"@type":"WebSite","@id":"https:\/\/www.notibras.com\/site\/#website","url":"https:\/\/www.notibras.com\/site\/","name":"Notibras","description":"Not\u00edcias de Bras\u00edlia, do Brasil e do Mundo","publisher":{"@id":"https:\/\/www.notibras.com\/site\/#organization"},"potentialAction":[{"@type":"SearchAction","target":{"@type":"EntryPoint","urlTemplate":"https:\/\/www.notibras.com\/site\/?s={search_term_string}"},"query-input":{"@type":"PropertyValueSpecification","valueRequired":true,"valueName":"search_term_string"}}],"inLanguage":"pt-BR"},{"@type":"Organization","@id":"https:\/\/www.notibras.com\/site\/#organization","name":"Grupo Notibras de Comunica\u00e7\u00e3o","url":"https:\/\/www.notibras.com\/site\/","logo":{"@type":"ImageObject","inLanguage":"pt-BR","@id":"https:\/\/www.notibras.com\/site\/#\/schema\/logo\/image\/","url":"https:\/\/www.notibras.com\/site\/wp-content\/uploads\/2023\/01\/notibras23.png","contentUrl":"https:\/\/www.notibras.com\/site\/wp-content\/uploads\/2023\/01\/notibras23.png","width":350,"height":87,"caption":"Grupo Notibras de Comunica\u00e7\u00e3o"},"image":{"@id":"https:\/\/www.notibras.com\/site\/#\/schema\/logo\/image\/"},"sameAs":["https:\/\/www.facebook.com\/notibras\/","https:\/\/x.com\/Notibras","https:\/\/www.instagram.com\/notibras\/"]},{"@type":"Person","@id":"https:\/\/www.notibras.com\/site\/#\/schema\/person\/36ab0979449956132d3e5b517ea76ac8","name":"Reda\u00e7\u00e3o","image":{"@type":"ImageObject","inLanguage":"pt-BR","@id":"https:\/\/secure.gravatar.com\/avatar\/e0a867bdedb85fd243eadf09663511f96fc81e0720a4a42581f334ad4303aa6b?s=96&d=mm&r=g","url":"https:\/\/secure.gravatar.com\/avatar\/e0a867bdedb85fd243eadf09663511f96fc81e0720a4a42581f334ad4303aa6b?s=96&d=mm&r=g","contentUrl":"https:\/\/secure.gravatar.com\/avatar\/e0a867bdedb85fd243eadf09663511f96fc81e0720a4a42581f334ad4303aa6b?s=96&d=mm&r=g","caption":"Reda\u00e7\u00e3o"}}]}},"amp_enabled":true,"_links":{"self":[{"href":"https:\/\/www.notibras.com\/site\/wp-json\/wp\/v2\/posts\/204195","targetHints":{"allow":["GET"]}}],"collection":[{"href":"https:\/\/www.notibras.com\/site\/wp-json\/wp\/v2\/posts"}],"about":[{"href":"https:\/\/www.notibras.com\/site\/wp-json\/wp\/v2\/types\/post"}],"author":[{"embeddable":true,"href":"https:\/\/www.notibras.com\/site\/wp-json\/wp\/v2\/users\/2"}],"replies":[{"embeddable":true,"href":"https:\/\/www.notibras.com\/site\/wp-json\/wp\/v2\/comments?post=204195"}],"version-history":[{"count":3,"href":"https:\/\/www.notibras.com\/site\/wp-json\/wp\/v2\/posts\/204195\/revisions"}],"predecessor-version":[{"id":204205,"href":"https:\/\/www.notibras.com\/site\/wp-json\/wp\/v2\/posts\/204195\/revisions\/204205"}],"wp:featuredmedia":[{"embeddable":true,"href":"https:\/\/www.notibras.com\/site\/wp-json\/wp\/v2\/media\/204196"}],"wp:attachment":[{"href":"https:\/\/www.notibras.com\/site\/wp-json\/wp\/v2\/media?parent=204195"}],"wp:term":[{"taxonomy":"category","embeddable":true,"href":"https:\/\/www.notibras.com\/site\/wp-json\/wp\/v2\/categories?post=204195"},{"taxonomy":"post_tag","embeddable":true,"href":"https:\/\/www.notibras.com\/site\/wp-json\/wp\/v2\/tags?post=204195"}],"curies":[{"name":"wp","href":"https:\/\/api.w.org\/{rel}","templated":true}]}}