{"id":204222,"date":"2019-03-07T07:00:04","date_gmt":"2019-03-07T10:00:04","guid":{"rendered":"https:\/\/www.notibras.com\/site\/?p=204222"},"modified":"2019-03-07T10:34:43","modified_gmt":"2019-03-07T13:34:43","slug":"operador-tucano-pega-145-anos-de-cadeia-na-maior-pena-da-lava-jato","status":"publish","type":"post","link":"https:\/\/www.notibras.com\/site\/operador-tucano-pega-145-anos-de-cadeia-na-maior-pena-da-lava-jato\/","title":{"rendered":"Operador tucano pega 145 anos na maior pena da Lava Jato"},"content":{"rendered":"<p>Na mais alta pena da Opera\u00e7\u00e3o Lava Jato, a ju\u00edza Maria Isabel do Prado, da 5.\u00aa Vara Criminal Federal de S\u00e3o Paulo, condenou o ex-diretor da Dersa Paulo Vieira de Souza a 145 anos e oito meses de pris\u00e3o nesta quarta-feira, 6, em a\u00e7\u00e3o sobre supostos desvios de R$ 7,7 milh\u00f5es que deveriam ser aplicados na indeniza\u00e7\u00e3o de moradores impactados pelas obras do Rodoanel Sul e da amplia\u00e7\u00e3o da avenida Jacu P\u00eassego.<\/p>\n<p>Vieira de Souza, apontado como operador do PSDB, est\u00e1 preso desde 19 de fevereiro, capturado pela Lava Jato do Paran\u00e1, por suspeita de lavagem de dinheiro. A magistrada ainda imp\u00f5e 4320 dias-multa de cinco sal\u00e1rios m\u00ednimos da \u00e9poca (R$ 13,4 milh\u00f5es, sem corre\u00e7\u00e3o), entre 2009 e 2012.<\/p>\n<p>Somadas, as duas penas j\u00e1 impostas a Vieira de Souza chegam a 172 anos, 8 meses e 8 dias de reclus\u00e3o. Al\u00e9m da condena\u00e7\u00e3o proferida nesta quarta, 6, ele tamb\u00e9m foi sentenciado por supostos crimes de cartel e fraudes a licita\u00e7\u00f5es a 27 anos e 8 dias.<\/p>\n<p>A psic\u00f3loga Tatiana Arana de Souza Cremonini, filha de Vieira de Souza, pegou 24 anos e tr\u00eas meses de pris\u00e3o pelos mesmos crimes atribu\u00eddos a seu pai.<\/p>\n<p>O ex-chefe do Assentamento da Dersa Jos\u00e9 Geraldo Casas Vilela tamb\u00e9m foi condenado a mesma pena de Paulo Vieira de Souza: 145 anos e oito meses de pris\u00e3o por peculato e associa\u00e7\u00e3o criminosa.<\/p>\n<p>\u201cFixo, solidariamente em face dos r\u00e9us Paulo Vieira de Souza, Jos\u00e9 Geraldo Casas Vilela e Tatiana de Souza Cremonini, nos termos do artigo 387, inciso IV do C\u00f3digo de Processo Penal, o valor m\u00ednimo de indeniza\u00e7\u00e3o devida em R$ 7.725.012,18, a ser corrigido e atualizado desde a \u00e9poca dos fatos, para repara\u00e7\u00e3o dos danos causados pela infra\u00e7\u00e3o\u201d, determinou a ju\u00edza.<\/p>\n<p>A ex-funcion\u00e1ria da Dersa M\u00e9rcia Ferreira Gomes pegou 12 anos e 15 dias de pris\u00e3o tamb\u00e9m por peculato e associa\u00e7\u00e3o criminosa. Sua pena, no entanto, foi substitu\u00edda por restritivas de direito.<\/p>\n<p>Maria Isabel do Prado concedeu perd\u00e3o judicial \u00e0 r\u00e9 M\u00e1rcia Ferreira Gomes, irm\u00e3 de M\u00e9rcia.<\/p>\n<p>Vieira de Souza negou, em interrogat\u00f3rio, em outubro, qualquer irregularidade. O ex-diretor se comparou ao ex-presidente Lula, reclamou da m\u00eddia, do per\u00edodo em que ficou preso em regime fechado, no qual se disse humilhado, e negou amea\u00e7as a testemunhas do processo.<\/p>\n<p>\u201cEu nunca ameacei ningu\u00e9m na minha vida. N\u00e3o sou nenhum santo, n\u00e3o, mas jamais cometi fraude, corrup\u00e7\u00e3o ou algum roubo\u201d, disse na ocasi\u00e3o.<\/p>\n<p>Esta \u00e9 a segunda condena\u00e7\u00e3o de Vieira de Souza em menos de 10 dias. Maria Isabel do Prado o condenou na quinta-feira, 28, a 27 anos de pris\u00e3o pelos crimes de cartel e fraudes em licita\u00e7\u00f5es no Rodoanel e em obras da Prefeitura de S\u00e3o Paulo.<\/p>\n<p>Na sexta-feira, 1, ele virou r\u00e9u pela terceira vez na Lava Jato S\u00e3o Paulo. O juiz Diego Paes Moreira, da 6.\u00aa Vara Federal, aceitou uma den\u00fancia da for\u00e7a-tarefa da Lava Jato S\u00e3o Paulo contra o ex-diretor da Dersa por corrup\u00e7\u00e3o passiva e lavagem de dinheiro.<\/p>\n<p>O ex-diretor da Dersa est\u00e1 preso desde 19 de fevereiro pela Opera\u00e7\u00e3o Ad Infinitum, fase 60 da Lava Jato no Paran\u00e1. Neste caso, Vieira de Souza \u00e9 investigado por lavagem de dinheiro no esquema de propinas da Odebrecht.<\/p>\n<p><strong>Confronto com Gilmar<\/strong> &#8211; Este processo chegou a ficar parado em fevereiro. Em 13 de fevereiro, Gilmar ordenou novas dilig\u00eancias no processo, como depoimentos e an\u00e1lise de documentos. O despacho acolhia pedido da defesa de Vieira de Souza e adiou o fim do processo. A a\u00e7\u00e3o j\u00e1 estava em fase de alega\u00e7\u00f5es finais e, segundo a Lava Jato, se novas dilig\u00eancias tivessem que ser feitas, parte dos crimes corria o risco de prescrever.<\/p>\n<p>Nesta quinta-feira, 7, o ex-diretor da Dersa completa 70 anos de idade, o que vai reduzir o prazo prescricional pela metade. O prazo \u00e9 estabelecido pelo artigo 109 do C\u00f3digo Penal. Na sexta-feira, 1, ap\u00f3s reconsidera\u00e7\u00e3o de Gilmar, a magistrada determinou a \u2018imediata conclus\u00e3o\u2019 do processo.<\/p>\n<p>\u201cEm raz\u00e3o da decis\u00e3o proferida em 1 de mar\u00e7o de 2019 na Medida Cautelar no Habeas Corpus n\u00ba. 167.727 \u2013 S\u00e3o Paulo que tramita perante o E. Supremo Tribunal Federal, que reconsiderou a decis\u00e3o liminar proferida naqueles mesmos autos em 13\/02\/2019, tornam-se prejudicados os pedidos formulados pelas defesas dos r\u00e9us ap\u00f3s a apresenta\u00e7\u00e3o das alega\u00e7\u00f5es finais escritas, e assim, estando os autos em termos, determino a imediata conclus\u00e3o da a\u00e7\u00e3o penal para prola\u00e7\u00e3o de senten\u00e7a de m\u00e9rito\u201d, afirmou a magistrada.<\/p>\n<p>O ministro reconsiderou sua decis\u00e3o liminar e afirmou que a nova decis\u00e3o se d\u00e1 sem preju\u00edzo a nova an\u00e1lise quando seu m\u00e9rito for julgado. Gilmar acolheu relat\u00f3rio em que a ju\u00edza Maria Isabel do Prado afirmou que as dilig\u00eancias n\u00e3o s\u00e3o novas e, aquelas que n\u00e3o foram feitas, s\u00e3o invi\u00e1veis.<\/p>\n<p>\u201cNeste ju\u00edzo pr\u00e9vio e provis\u00f3rio t\u00edpico do exame de medida liminar, no qual a tutela provis\u00f3ria pode ser, a qualquer tempo, revogada ou modificada, considero relevantes as informa\u00e7\u00f5es prestadas pelo Ju\u00edzo da 5\u00aa Vara Federal Criminal de S\u00e3o Paulo\/SP (A\u00e7\u00e3o Penal 0002176- 18.2017.4.03.6181), no sentido de que, \u201csem rediscutir o reconhecimento da preclus\u00e3o, irrelev\u00e2ncia ou impertin\u00eancia dos requerimentos pela decis\u00e3o apontada com coator objeto da medida impetrada, tais dilig\u00eancias j\u00e1 est\u00e3o satisfeitas nos autos ou restariam prejudicadas\u201d, anotou Gilmar.<\/p>\n","protected":false},"excerpt":{"rendered":"<p>Na mais alta pena da Opera\u00e7\u00e3o Lava Jato, a ju\u00edza Maria Isabel do Prado, da 5.\u00aa Vara Criminal Federal de S\u00e3o Paulo, condenou o ex-diretor da Dersa Paulo Vieira de Souza a 145 anos e oito meses de pris\u00e3o nesta quarta-feira, 6, em a\u00e7\u00e3o sobre supostos desvios de R$ 7,7 milh\u00f5es que deveriam ser aplicados [&hellip;]<\/p>\n","protected":false},"author":2,"featured_media":204224,"comment_status":"closed","ping_status":"closed","sticky":false,"template":"","format":"standard","meta":{"_acf_changed":false,"footnotes":""},"categories":[16],"tags":[95],"class_list":["post-204222","post","type-post","status-publish","format-standard","has-post-thumbnail","hentry","category-brasil","tag-capa"],"acf":[],"yoast_head":"<!-- This site is optimized with the Yoast SEO plugin v27.2 - https:\/\/yoast.com\/product\/yoast-seo-wordpress\/ -->\n<title>Operador tucano pega 145 anos na maior pena da Lava Jato - Notibras<\/title>\n<meta name=\"robots\" content=\"index, follow, max-snippet:-1, max-image-preview:large, max-video-preview:-1\" \/>\n<link rel=\"canonical\" href=\"https:\/\/www.notibras.com\/site\/operador-tucano-pega-145-anos-de-cadeia-na-maior-pena-da-lava-jato\/\" \/>\n<meta property=\"og:locale\" content=\"pt_BR\" \/>\n<meta property=\"og:type\" content=\"article\" \/>\n<meta property=\"og:title\" content=\"Operador tucano pega 145 anos na maior pena da Lava Jato - Notibras\" \/>\n<meta property=\"og:description\" content=\"Na mais alta pena da Opera\u00e7\u00e3o Lava Jato, a ju\u00edza Maria Isabel do Prado, da 5.\u00aa Vara Criminal Federal de S\u00e3o Paulo, condenou o ex-diretor da Dersa Paulo Vieira de Souza a 145 anos e oito meses de pris\u00e3o nesta quarta-feira, 6, em a\u00e7\u00e3o sobre supostos desvios de R$ 7,7 milh\u00f5es que deveriam ser aplicados [&hellip;]\" \/>\n<meta property=\"og:url\" content=\"https:\/\/www.notibras.com\/site\/operador-tucano-pega-145-anos-de-cadeia-na-maior-pena-da-lava-jato\/\" \/>\n<meta property=\"og:site_name\" content=\"Notibras\" \/>\n<meta property=\"article:publisher\" content=\"https:\/\/www.facebook.com\/notibras\/\" \/>\n<meta property=\"article:published_time\" content=\"2019-03-07T10:00:04+00:00\" \/>\n<meta property=\"article:modified_time\" content=\"2019-03-07T13:34:43+00:00\" \/>\n<meta property=\"og:image\" content=\"https:\/\/www.notibras.com\/site\/wp-content\/uploads\/2019\/03\/paulo-preto-7.jpg\" \/>\n\t<meta property=\"og:image:width\" content=\"1500\" \/>\n\t<meta property=\"og:image:height\" content=\"1000\" \/>\n\t<meta property=\"og:image:type\" content=\"image\/jpeg\" \/>\n<meta name=\"author\" content=\"Reda\u00e7\u00e3o\" \/>\n<meta name=\"twitter:card\" content=\"summary_large_image\" \/>\n<meta name=\"twitter:creator\" content=\"@Notibras\" \/>\n<meta name=\"twitter:site\" content=\"@Notibras\" \/>\n<meta name=\"twitter:label1\" content=\"Escrito por\" \/>\n\t<meta name=\"twitter:data1\" content=\"Reda\u00e7\u00e3o\" \/>\n\t<meta name=\"twitter:label2\" content=\"Est. tempo de leitura\" \/>\n\t<meta name=\"twitter:data2\" content=\"5 minutos\" \/>\n<script type=\"application\/ld+json\" class=\"yoast-schema-graph\">{\"@context\":\"https:\/\/schema.org\",\"@graph\":[{\"@type\":\"Article\",\"@id\":\"https:\/\/www.notibras.com\/site\/operador-tucano-pega-145-anos-de-cadeia-na-maior-pena-da-lava-jato\/#article\",\"isPartOf\":{\"@id\":\"https:\/\/www.notibras.com\/site\/operador-tucano-pega-145-anos-de-cadeia-na-maior-pena-da-lava-jato\/\"},\"author\":{\"name\":\"Reda\u00e7\u00e3o\",\"@id\":\"https:\/\/www.notibras.com\/site\/#\/schema\/person\/36ab0979449956132d3e5b517ea76ac8\"},\"headline\":\"Operador tucano pega 145 anos na maior pena da Lava Jato\",\"datePublished\":\"2019-03-07T10:00:04+00:00\",\"dateModified\":\"2019-03-07T13:34:43+00:00\",\"mainEntityOfPage\":{\"@id\":\"https:\/\/www.notibras.com\/site\/operador-tucano-pega-145-anos-de-cadeia-na-maior-pena-da-lava-jato\/\"},\"wordCount\":933,\"publisher\":{\"@id\":\"https:\/\/www.notibras.com\/site\/#organization\"},\"image\":{\"@id\":\"https:\/\/www.notibras.com\/site\/operador-tucano-pega-145-anos-de-cadeia-na-maior-pena-da-lava-jato\/#primaryimage\"},\"thumbnailUrl\":\"https:\/\/www.notibras.com\/site\/wp-content\/uploads\/2019\/03\/paulo-preto-7.jpg\",\"keywords\":[\"capa\"],\"articleSection\":[\"Brasil\"],\"inLanguage\":\"pt-BR\"},{\"@type\":\"WebPage\",\"@id\":\"https:\/\/www.notibras.com\/site\/operador-tucano-pega-145-anos-de-cadeia-na-maior-pena-da-lava-jato\/\",\"url\":\"https:\/\/www.notibras.com\/site\/operador-tucano-pega-145-anos-de-cadeia-na-maior-pena-da-lava-jato\/\",\"name\":\"Operador tucano pega 145 anos na maior pena da Lava Jato - Notibras\",\"isPartOf\":{\"@id\":\"https:\/\/www.notibras.com\/site\/#website\"},\"primaryImageOfPage\":{\"@id\":\"https:\/\/www.notibras.com\/site\/operador-tucano-pega-145-anos-de-cadeia-na-maior-pena-da-lava-jato\/#primaryimage\"},\"image\":{\"@id\":\"https:\/\/www.notibras.com\/site\/operador-tucano-pega-145-anos-de-cadeia-na-maior-pena-da-lava-jato\/#primaryimage\"},\"thumbnailUrl\":\"https:\/\/www.notibras.com\/site\/wp-content\/uploads\/2019\/03\/paulo-preto-7.jpg\",\"datePublished\":\"2019-03-07T10:00:04+00:00\",\"dateModified\":\"2019-03-07T13:34:43+00:00\",\"breadcrumb\":{\"@id\":\"https:\/\/www.notibras.com\/site\/operador-tucano-pega-145-anos-de-cadeia-na-maior-pena-da-lava-jato\/#breadcrumb\"},\"inLanguage\":\"pt-BR\",\"potentialAction\":[{\"@type\":\"ReadAction\",\"target\":[\"https:\/\/www.notibras.com\/site\/operador-tucano-pega-145-anos-de-cadeia-na-maior-pena-da-lava-jato\/\"]}]},{\"@type\":\"ImageObject\",\"inLanguage\":\"pt-BR\",\"@id\":\"https:\/\/www.notibras.com\/site\/operador-tucano-pega-145-anos-de-cadeia-na-maior-pena-da-lava-jato\/#primaryimage\",\"url\":\"https:\/\/www.notibras.com\/site\/wp-content\/uploads\/2019\/03\/paulo-preto-7.jpg\",\"contentUrl\":\"https:\/\/www.notibras.com\/site\/wp-content\/uploads\/2019\/03\/paulo-preto-7.jpg\",\"width\":1500,\"height\":1000,\"caption\":\"Foto\/Arquivo Notibras\"},{\"@type\":\"BreadcrumbList\",\"@id\":\"https:\/\/www.notibras.com\/site\/operador-tucano-pega-145-anos-de-cadeia-na-maior-pena-da-lava-jato\/#breadcrumb\",\"itemListElement\":[{\"@type\":\"ListItem\",\"position\":1,\"name\":\"In\u00edcio\",\"item\":\"https:\/\/www.notibras.com\/site\/\"},{\"@type\":\"ListItem\",\"position\":2,\"name\":\"Operador tucano pega 145 anos na maior pena da Lava Jato\"}]},{\"@type\":\"WebSite\",\"@id\":\"https:\/\/www.notibras.com\/site\/#website\",\"url\":\"https:\/\/www.notibras.com\/site\/\",\"name\":\"Notibras\",\"description\":\"Not\u00edcias de Bras\u00edlia, do Brasil e do Mundo\",\"publisher\":{\"@id\":\"https:\/\/www.notibras.com\/site\/#organization\"},\"potentialAction\":[{\"@type\":\"SearchAction\",\"target\":{\"@type\":\"EntryPoint\",\"urlTemplate\":\"https:\/\/www.notibras.com\/site\/?s={search_term_string}\"},\"query-input\":{\"@type\":\"PropertyValueSpecification\",\"valueRequired\":true,\"valueName\":\"search_term_string\"}}],\"inLanguage\":\"pt-BR\"},{\"@type\":\"Organization\",\"@id\":\"https:\/\/www.notibras.com\/site\/#organization\",\"name\":\"Grupo Notibras de Comunica\u00e7\u00e3o\",\"url\":\"https:\/\/www.notibras.com\/site\/\",\"logo\":{\"@type\":\"ImageObject\",\"inLanguage\":\"pt-BR\",\"@id\":\"https:\/\/www.notibras.com\/site\/#\/schema\/logo\/image\/\",\"url\":\"https:\/\/www.notibras.com\/site\/wp-content\/uploads\/2023\/01\/notibras23.png\",\"contentUrl\":\"https:\/\/www.notibras.com\/site\/wp-content\/uploads\/2023\/01\/notibras23.png\",\"width\":350,\"height\":87,\"caption\":\"Grupo Notibras de Comunica\u00e7\u00e3o\"},\"image\":{\"@id\":\"https:\/\/www.notibras.com\/site\/#\/schema\/logo\/image\/\"},\"sameAs\":[\"https:\/\/www.facebook.com\/notibras\/\",\"https:\/\/x.com\/Notibras\",\"https:\/\/www.instagram.com\/notibras\/\"]},{\"@type\":\"Person\",\"@id\":\"https:\/\/www.notibras.com\/site\/#\/schema\/person\/36ab0979449956132d3e5b517ea76ac8\",\"name\":\"Reda\u00e7\u00e3o\",\"image\":{\"@type\":\"ImageObject\",\"inLanguage\":\"pt-BR\",\"@id\":\"https:\/\/secure.gravatar.com\/avatar\/e0a867bdedb85fd243eadf09663511f96fc81e0720a4a42581f334ad4303aa6b?s=96&d=mm&r=g\",\"url\":\"https:\/\/secure.gravatar.com\/avatar\/e0a867bdedb85fd243eadf09663511f96fc81e0720a4a42581f334ad4303aa6b?s=96&d=mm&r=g\",\"contentUrl\":\"https:\/\/secure.gravatar.com\/avatar\/e0a867bdedb85fd243eadf09663511f96fc81e0720a4a42581f334ad4303aa6b?s=96&d=mm&r=g\",\"caption\":\"Reda\u00e7\u00e3o\"}}]}<\/script>\n<!-- \/ Yoast SEO plugin. -->","yoast_head_json":{"title":"Operador tucano pega 145 anos na maior pena da Lava Jato - Notibras","robots":{"index":"index","follow":"follow","max-snippet":"max-snippet:-1","max-image-preview":"max-image-preview:large","max-video-preview":"max-video-preview:-1"},"canonical":"https:\/\/www.notibras.com\/site\/operador-tucano-pega-145-anos-de-cadeia-na-maior-pena-da-lava-jato\/","og_locale":"pt_BR","og_type":"article","og_title":"Operador tucano pega 145 anos na maior pena da Lava Jato - Notibras","og_description":"Na mais alta pena da Opera\u00e7\u00e3o Lava Jato, a ju\u00edza Maria Isabel do Prado, da 5.\u00aa Vara Criminal Federal de S\u00e3o Paulo, condenou o ex-diretor da Dersa Paulo Vieira de Souza a 145 anos e oito meses de pris\u00e3o nesta quarta-feira, 6, em a\u00e7\u00e3o sobre supostos desvios de R$ 7,7 milh\u00f5es que deveriam ser aplicados [&hellip;]","og_url":"https:\/\/www.notibras.com\/site\/operador-tucano-pega-145-anos-de-cadeia-na-maior-pena-da-lava-jato\/","og_site_name":"Notibras","article_publisher":"https:\/\/www.facebook.com\/notibras\/","article_published_time":"2019-03-07T10:00:04+00:00","article_modified_time":"2019-03-07T13:34:43+00:00","og_image":[{"width":1500,"height":1000,"url":"https:\/\/www.notibras.com\/site\/wp-content\/uploads\/2019\/03\/paulo-preto-7.jpg","type":"image\/jpeg"}],"author":"Reda\u00e7\u00e3o","twitter_card":"summary_large_image","twitter_creator":"@Notibras","twitter_site":"@Notibras","twitter_misc":{"Escrito por":"Reda\u00e7\u00e3o","Est. tempo de leitura":"5 minutos"},"schema":{"@context":"https:\/\/schema.org","@graph":[{"@type":"Article","@id":"https:\/\/www.notibras.com\/site\/operador-tucano-pega-145-anos-de-cadeia-na-maior-pena-da-lava-jato\/#article","isPartOf":{"@id":"https:\/\/www.notibras.com\/site\/operador-tucano-pega-145-anos-de-cadeia-na-maior-pena-da-lava-jato\/"},"author":{"name":"Reda\u00e7\u00e3o","@id":"https:\/\/www.notibras.com\/site\/#\/schema\/person\/36ab0979449956132d3e5b517ea76ac8"},"headline":"Operador tucano pega 145 anos na maior pena da Lava Jato","datePublished":"2019-03-07T10:00:04+00:00","dateModified":"2019-03-07T13:34:43+00:00","mainEntityOfPage":{"@id":"https:\/\/www.notibras.com\/site\/operador-tucano-pega-145-anos-de-cadeia-na-maior-pena-da-lava-jato\/"},"wordCount":933,"publisher":{"@id":"https:\/\/www.notibras.com\/site\/#organization"},"image":{"@id":"https:\/\/www.notibras.com\/site\/operador-tucano-pega-145-anos-de-cadeia-na-maior-pena-da-lava-jato\/#primaryimage"},"thumbnailUrl":"https:\/\/www.notibras.com\/site\/wp-content\/uploads\/2019\/03\/paulo-preto-7.jpg","keywords":["capa"],"articleSection":["Brasil"],"inLanguage":"pt-BR"},{"@type":"WebPage","@id":"https:\/\/www.notibras.com\/site\/operador-tucano-pega-145-anos-de-cadeia-na-maior-pena-da-lava-jato\/","url":"https:\/\/www.notibras.com\/site\/operador-tucano-pega-145-anos-de-cadeia-na-maior-pena-da-lava-jato\/","name":"Operador tucano pega 145 anos na maior pena da Lava Jato - Notibras","isPartOf":{"@id":"https:\/\/www.notibras.com\/site\/#website"},"primaryImageOfPage":{"@id":"https:\/\/www.notibras.com\/site\/operador-tucano-pega-145-anos-de-cadeia-na-maior-pena-da-lava-jato\/#primaryimage"},"image":{"@id":"https:\/\/www.notibras.com\/site\/operador-tucano-pega-145-anos-de-cadeia-na-maior-pena-da-lava-jato\/#primaryimage"},"thumbnailUrl":"https:\/\/www.notibras.com\/site\/wp-content\/uploads\/2019\/03\/paulo-preto-7.jpg","datePublished":"2019-03-07T10:00:04+00:00","dateModified":"2019-03-07T13:34:43+00:00","breadcrumb":{"@id":"https:\/\/www.notibras.com\/site\/operador-tucano-pega-145-anos-de-cadeia-na-maior-pena-da-lava-jato\/#breadcrumb"},"inLanguage":"pt-BR","potentialAction":[{"@type":"ReadAction","target":["https:\/\/www.notibras.com\/site\/operador-tucano-pega-145-anos-de-cadeia-na-maior-pena-da-lava-jato\/"]}]},{"@type":"ImageObject","inLanguage":"pt-BR","@id":"https:\/\/www.notibras.com\/site\/operador-tucano-pega-145-anos-de-cadeia-na-maior-pena-da-lava-jato\/#primaryimage","url":"https:\/\/www.notibras.com\/site\/wp-content\/uploads\/2019\/03\/paulo-preto-7.jpg","contentUrl":"https:\/\/www.notibras.com\/site\/wp-content\/uploads\/2019\/03\/paulo-preto-7.jpg","width":1500,"height":1000,"caption":"Foto\/Arquivo Notibras"},{"@type":"BreadcrumbList","@id":"https:\/\/www.notibras.com\/site\/operador-tucano-pega-145-anos-de-cadeia-na-maior-pena-da-lava-jato\/#breadcrumb","itemListElement":[{"@type":"ListItem","position":1,"name":"In\u00edcio","item":"https:\/\/www.notibras.com\/site\/"},{"@type":"ListItem","position":2,"name":"Operador tucano pega 145 anos na maior pena da Lava Jato"}]},{"@type":"WebSite","@id":"https:\/\/www.notibras.com\/site\/#website","url":"https:\/\/www.notibras.com\/site\/","name":"Notibras","description":"Not\u00edcias de Bras\u00edlia, do Brasil e do Mundo","publisher":{"@id":"https:\/\/www.notibras.com\/site\/#organization"},"potentialAction":[{"@type":"SearchAction","target":{"@type":"EntryPoint","urlTemplate":"https:\/\/www.notibras.com\/site\/?s={search_term_string}"},"query-input":{"@type":"PropertyValueSpecification","valueRequired":true,"valueName":"search_term_string"}}],"inLanguage":"pt-BR"},{"@type":"Organization","@id":"https:\/\/www.notibras.com\/site\/#organization","name":"Grupo Notibras de Comunica\u00e7\u00e3o","url":"https:\/\/www.notibras.com\/site\/","logo":{"@type":"ImageObject","inLanguage":"pt-BR","@id":"https:\/\/www.notibras.com\/site\/#\/schema\/logo\/image\/","url":"https:\/\/www.notibras.com\/site\/wp-content\/uploads\/2023\/01\/notibras23.png","contentUrl":"https:\/\/www.notibras.com\/site\/wp-content\/uploads\/2023\/01\/notibras23.png","width":350,"height":87,"caption":"Grupo Notibras de Comunica\u00e7\u00e3o"},"image":{"@id":"https:\/\/www.notibras.com\/site\/#\/schema\/logo\/image\/"},"sameAs":["https:\/\/www.facebook.com\/notibras\/","https:\/\/x.com\/Notibras","https:\/\/www.instagram.com\/notibras\/"]},{"@type":"Person","@id":"https:\/\/www.notibras.com\/site\/#\/schema\/person\/36ab0979449956132d3e5b517ea76ac8","name":"Reda\u00e7\u00e3o","image":{"@type":"ImageObject","inLanguage":"pt-BR","@id":"https:\/\/secure.gravatar.com\/avatar\/e0a867bdedb85fd243eadf09663511f96fc81e0720a4a42581f334ad4303aa6b?s=96&d=mm&r=g","url":"https:\/\/secure.gravatar.com\/avatar\/e0a867bdedb85fd243eadf09663511f96fc81e0720a4a42581f334ad4303aa6b?s=96&d=mm&r=g","contentUrl":"https:\/\/secure.gravatar.com\/avatar\/e0a867bdedb85fd243eadf09663511f96fc81e0720a4a42581f334ad4303aa6b?s=96&d=mm&r=g","caption":"Reda\u00e7\u00e3o"}}]}},"amp_enabled":true,"_links":{"self":[{"href":"https:\/\/www.notibras.com\/site\/wp-json\/wp\/v2\/posts\/204222","targetHints":{"allow":["GET"]}}],"collection":[{"href":"https:\/\/www.notibras.com\/site\/wp-json\/wp\/v2\/posts"}],"about":[{"href":"https:\/\/www.notibras.com\/site\/wp-json\/wp\/v2\/types\/post"}],"author":[{"embeddable":true,"href":"https:\/\/www.notibras.com\/site\/wp-json\/wp\/v2\/users\/2"}],"replies":[{"embeddable":true,"href":"https:\/\/www.notibras.com\/site\/wp-json\/wp\/v2\/comments?post=204222"}],"version-history":[{"count":5,"href":"https:\/\/www.notibras.com\/site\/wp-json\/wp\/v2\/posts\/204222\/revisions"}],"predecessor-version":[{"id":204243,"href":"https:\/\/www.notibras.com\/site\/wp-json\/wp\/v2\/posts\/204222\/revisions\/204243"}],"wp:featuredmedia":[{"embeddable":true,"href":"https:\/\/www.notibras.com\/site\/wp-json\/wp\/v2\/media\/204224"}],"wp:attachment":[{"href":"https:\/\/www.notibras.com\/site\/wp-json\/wp\/v2\/media?parent=204222"}],"wp:term":[{"taxonomy":"category","embeddable":true,"href":"https:\/\/www.notibras.com\/site\/wp-json\/wp\/v2\/categories?post=204222"},{"taxonomy":"post_tag","embeddable":true,"href":"https:\/\/www.notibras.com\/site\/wp-json\/wp\/v2\/tags?post=204222"}],"curies":[{"name":"wp","href":"https:\/\/api.w.org\/{rel}","templated":true}]}}