{"id":204256,"date":"2019-03-07T18:07:21","date_gmt":"2019-03-07T21:07:21","guid":{"rendered":"https:\/\/www.notibras.com\/site\/?p=204256"},"modified":"2019-03-07T19:05:48","modified_gmt":"2019-03-07T22:05:48","slug":"mpf-interdita-igreja-que-tinha-ate-300-escravos","status":"publish","type":"post","link":"https:\/\/www.notibras.com\/site\/mpf-interdita-igreja-que-tinha-ate-300-escravos\/","title":{"rendered":"MPF interdita igreja que tinha at\u00e9 300 escravos"},"content":{"rendered":"<p>Uma for\u00e7a-tarefa integrada pelo Minist\u00e9rio P\u00fablico Federal em Bras\u00edlia deflagrou nesta quinta, 7, uma opera\u00e7\u00e3o na Igreja Adventista Remanescente de Laodiceia por suspeita de suposta submiss\u00e3o de centenas de fi\u00e9is a condi\u00e7\u00f5es an\u00e1logas \u00e0s de escravo. O grupo de investigadores tamb\u00e9m \u00e9 integrado por auditores fiscais do trabalho, Minist\u00e9rio P\u00fablico do Trabalho, Pol\u00edcia Civil do Distrito Federal, o conselho tutelar do Gama e a Subsecretaria de pol\u00edticas para crian\u00e7as e adolescentes da Secretaria de Justi\u00e7a e Cidadania do DF.<\/p>\n<p>Segundo a Procuradoria da Rep\u00fablica no Distrito Federal, as \u2018investiga\u00e7\u00f5es que v\u00eam sendo conduzidas pela 20\u00aa Delegacia da Pol\u00edcia Civil apontam que a l\u00edder da seita religiosa, Ana Vindoura Dias Luz, e alguns dos seus obreiros v\u00eam, reiteradamente, cometendo atos em rela\u00e7\u00e3o aos seus fi\u00e9is que podem se enquadrar na pr\u00e1tica de trabalho escravo. Contabiliza-se que o total de v\u00edtimas alcance 200 a 300 pessoas\u2019.<\/p>\n<p>A pedido do Minist\u00e9rio P\u00fablico Federal no Distrito Federal, o juiz federal Ricardo Leite expediu mandados de busca e apreens\u00e3o em favor de agentes policiais que v\u00eam conduzindo investiga\u00e7\u00f5es sobre o caso.<\/p>\n<p>No pedido enviado \u00e0 Justi\u00e7a, o Minist\u00e9rio P\u00fablico Federal explica que \u2018den\u00fancias noticiando a pr\u00e1tica de poss\u00edveis crimes na comunidade religiosa come\u00e7aram a ser entregues a \u00f3rg\u00e3os p\u00fablicos ainda em 2016\u2019.<\/p>\n<p>\u201cAs investiga\u00e7\u00f5es, no entanto, n\u00e3o avan\u00e7avam por falta de provas, dado o temor das v\u00edtimas diante de repres\u00e1lias que Ana Vindoura poderia submet\u00ea-las. O caso tomou novos rumos quando, ao final de 2018, uma moradora da comunidade conseguiu ser libertada pela Pol\u00edcia Civil do DF\u201d<\/p>\n<p>Os procuradores d\u00e3o conta de que \u2018com a pris\u00e3o da l\u00edder e a divulga\u00e7\u00e3o do fato, outras pessoas sentiram-se encorajadas e passaram a denunciar as ilegalidades\u2019.<\/p>\n<p>\u201cAs apura\u00e7\u00f5es revelaram que a l\u00edder da seita e alguns de seus obreiros, sob a justificativa de garantir a entrada dos fi\u00e9is no reino dos c\u00e9us e a salva\u00e7\u00e3o de suas almas, v\u00eam obrigando as v\u00edtimas a trabalharem sem receber qualquer pagamento. Os relatos d\u00e3o conta de que os fi\u00e9is trabalham vendendo p\u00e3es e livros na cidade\u201d.<\/p>\n<p>\u201cDiante dos fatos, bem como dada a emerg\u00eancia e a gravidade das condutas ali praticadas, o MPF solicitou autoriza\u00e7\u00e3o para que o mandado de busca e apreens\u00e3o fosse cumprido pela Pol\u00edcia Civil do DF \u2013 \u00f3rg\u00e3o que iniciou e aprofundou boa parte das investiga\u00e7\u00f5es -, apesar da natureza federal conferida ao crime de trabalho escravo\u201d, diz a Procuradoria.<\/p>\n<p>\u201cAp\u00f3s o envio do material colhido durante a dilig\u00eancia, ser\u00e1 analisada a conex\u00e3o dos crimes de compet\u00eancia da Justi\u00e7a Comum Estadual com o crime de redu\u00e7\u00e3o \u00e0 condi\u00e7\u00e3o an\u00e1loga a de escravo\u201d, esclarecem as autoridades respons\u00e1veis pelo caso.<\/p>\n<p>A Procuradoria afirma que a opera\u00e7\u00e3o \u2018n\u00e3o teve o objetivo de interferir na cren\u00e7a de qualquer cidad\u00e3o\u2019. \u201cNo entanto, cabe ao Estado agir positivamente para que os trabalhadores tenham seus direitos fundamentais assegurados; assim como determina a legisla\u00e7\u00e3o brasileira. O cerne das investiga\u00e7\u00f5es est\u00e1 na garantia dos direitos sociais dos trabalhadores ali instalados\u201d.<\/p>\n<p>Os Auditores-fiscais do trabalho da Superintend\u00eancia Regional do Trabalho no Distrito Federal (SRTb\/DF), com apoio da Superintend\u00eancia Regional do Trabalho em Minas Gerais (SRTb\/MG) e da Divis\u00e3o de Fiscaliza\u00e7\u00e3o para Erradica\u00e7\u00e3o do Trabalho Escravo (DETRAE), do Minist\u00e9rio da Economia, encontraram, pelo menos, 95 trabalhadores em condi\u00e7\u00e3o degradante de trabalho e vida.<\/p>\n<p>A Procuradoria d\u00e1 conta de que a opera\u00e7\u00e3o resultou na interdi\u00e7\u00e3o dos alojamentos utilizados pelos fi\u00e9is. \u201cNesse contexto, os auditores verificaram a precariedade do local que comportava os dormit\u00f3rios comunit\u00e1rios\u201d.<\/p>\n<p>\u201cAlguns moradores dormiam em \u00f4nibus, ou caminh\u00f5es mal adaptados, sujos e que expunham os indiv\u00edduos a quest\u00f5es b\u00e1sicas de seguran\u00e7a. Um dos alojamentos , por exemplo, ficava ao lado do espa\u00e7o em que eram armazenados produtos agrot\u00f3xicos. Nesse local, a separa\u00e7\u00e3o dos ambientes se dava por meio de uma parede improvisada de papel\u00e3o, permitindo com que o cheiro dos pesticidas invadisse os dormit\u00f3rios\u201d, diz o MPF.<\/p>\n<p>Os procuradores revelam que \u2018os fi\u00e9is precisavam pagar R$10 por dia \u00e0 lideran\u00e7a da igreja como contrapartida por morarem na comunidade\u2019. \u201cAs roupas utilizadas pelos moradores tamb\u00e9m precisavam ser compradas l\u00e1 dentro, assim como a comida consumida por todos\u201d.<\/p>\n<p>\u201cNesse sentido, foram encontradas in\u00fameras planilhas que registravam os gastos e os d\u00e9bitos de cada pessoa com a igreja. Os documentos comprobat\u00f3rios foram apreendidos\u201d, afirma a Procuradoria.<\/p>\n<p>Segundo os auditores, \u2018a \u00e1rea de confec\u00e7\u00e3o e costura tinha mobili\u00e1rios inadequados, com cadeiras quebradas, sem encosto e ilumina\u00e7\u00e3o prec\u00e1ria\u2019. \u201cPor outro lado, o local onde eram produzidos os p\u00e3es vendidos pelos fi\u00e9is precisou ser interditado. A medida foi aplicada porque verificaram-se irregularidades nas instala\u00e7\u00f5es el\u00e9tricas do espa\u00e7o e nos equipamentos utilizados pelos trabalhadores, expondo a riscos de inc\u00eandio no espa\u00e7o\u201d.<\/p>\n<p>\u201cVale destacar a apura\u00e7\u00e3o de que eram produzidos 700 p\u00e3es por dia, com a finalidade de vend\u00ea-los \u2013 na cidade ou internamente \u2013 e auferir verba para a comunidade religiosa\u201d, ressalta a Procuradoria.<\/p>\n<p>\u201cDiferente daquilo afirmado pelos l\u00edderes da seita, os auditores verificaram o uso de agrot\u00f3xicos na produ\u00e7\u00e3o local. Vale destacar que os trabalhadores manipulavam os produtos sem qualquer prote\u00e7\u00e3o individual ou treinamento sobre a aplica\u00e7\u00e3o dos agroqu\u00edmicos. J\u00e1 no momento da venda, as mercadorias eram apresentadas como de produ\u00e7\u00e3o org\u00e2nica\u201d, diz a Procuradoria.<\/p>\n<p>Segundo o Minist\u00e9rio P\u00fablico Federal, \u2018a auditoria fiscal do trabalho lavrar\u00e1 autos de infra\u00e7\u00e3o para todas as irregularidades de legisla\u00e7\u00e3o trabalhista e de sa\u00fade e seguran\u00e7a no trabalho encontradas, bem como auto de infra\u00e7\u00e3o espec\u00edfico de submiss\u00e3o de trabalhadores a condi\u00e7\u00e3o an\u00e1loga \u00e0 de escravo\u2019.<\/p>\n<p>\u201cDesta forma, os empregadores ser\u00e3o notificados a rescindir os contratos de trabalho, formalizar retroativamente os v\u00ednculos trabalhistas e a quitar as verbas salariais e rescis\u00f3rias dos empregados. Como nesse caso ser\u00e1 realizada rescis\u00e3o indireta dos contratos de trabalho, determinada pelos auditores-fiscais do trabalho, os trabalhadores ter\u00e3o direito a receber tr\u00eas parcelas do benef\u00edcio de seguro-desemprego especial de trabalhador resgatado\u201d, afirma.<\/p>\n<p>O Minist\u00e9rio P\u00fablico do Trabalho diz que vai requerer \u2018medidas judiciais que objetivem garantir o cumprimento efetivo dos direitos trabalhistas sonegados e a observ\u00e2ncia das normas de sa\u00fade e seguran\u00e7a do trabalho violadas\u2019.<\/p>\n","protected":false},"excerpt":{"rendered":"<p>Uma for\u00e7a-tarefa integrada pelo Minist\u00e9rio P\u00fablico Federal em Bras\u00edlia deflagrou nesta quinta, 7, uma opera\u00e7\u00e3o na Igreja Adventista Remanescente de Laodiceia por suspeita de suposta submiss\u00e3o de centenas de fi\u00e9is a condi\u00e7\u00f5es an\u00e1logas \u00e0s de escravo. O grupo de investigadores tamb\u00e9m \u00e9 integrado por auditores fiscais do trabalho, Minist\u00e9rio P\u00fablico do Trabalho, Pol\u00edcia Civil do [&hellip;]<\/p>\n","protected":false},"author":2,"featured_media":204257,"comment_status":"closed","ping_status":"closed","sticky":false,"template":"","format":"standard","meta":{"_acf_changed":false,"footnotes":""},"categories":[1],"tags":[95],"class_list":["post-204256","post","type-post","status-publish","format-standard","has-post-thumbnail","hentry","category-brasilia","tag-capa"],"acf":[],"yoast_head":"<!-- This site is optimized with the Yoast SEO plugin v27.2 - https:\/\/yoast.com\/product\/yoast-seo-wordpress\/ -->\n<title>MPF interdita igreja que tinha at\u00e9 300 escravos - Notibras<\/title>\n<meta name=\"robots\" content=\"index, follow, max-snippet:-1, max-image-preview:large, max-video-preview:-1\" \/>\n<link rel=\"canonical\" href=\"https:\/\/www.notibras.com\/site\/mpf-interdita-igreja-que-tinha-ate-300-escravos\/\" \/>\n<meta property=\"og:locale\" content=\"pt_BR\" \/>\n<meta property=\"og:type\" content=\"article\" \/>\n<meta property=\"og:title\" content=\"MPF interdita igreja que tinha at\u00e9 300 escravos - Notibras\" \/>\n<meta property=\"og:description\" content=\"Uma for\u00e7a-tarefa integrada pelo Minist\u00e9rio P\u00fablico Federal em Bras\u00edlia deflagrou nesta quinta, 7, uma opera\u00e7\u00e3o na Igreja Adventista Remanescente de Laodiceia por suspeita de suposta submiss\u00e3o de centenas de fi\u00e9is a condi\u00e7\u00f5es an\u00e1logas \u00e0s de escravo. O grupo de investigadores tamb\u00e9m \u00e9 integrado por auditores fiscais do trabalho, Minist\u00e9rio P\u00fablico do Trabalho, Pol\u00edcia Civil do [&hellip;]\" \/>\n<meta property=\"og:url\" content=\"https:\/\/www.notibras.com\/site\/mpf-interdita-igreja-que-tinha-ate-300-escravos\/\" \/>\n<meta property=\"og:site_name\" content=\"Notibras\" \/>\n<meta property=\"article:publisher\" content=\"https:\/\/www.facebook.com\/notibras\/\" \/>\n<meta property=\"article:published_time\" content=\"2019-03-07T21:07:21+00:00\" \/>\n<meta property=\"article:modified_time\" content=\"2019-03-07T22:05:48+00:00\" \/>\n<meta property=\"og:image\" content=\"https:\/\/www.notibras.com\/site\/wp-content\/uploads\/2019\/03\/laodiceia.jpg\" \/>\n\t<meta property=\"og:image:width\" content=\"1600\" \/>\n\t<meta property=\"og:image:height\" content=\"900\" \/>\n\t<meta property=\"og:image:type\" content=\"image\/jpeg\" \/>\n<meta name=\"author\" content=\"Reda\u00e7\u00e3o\" \/>\n<meta name=\"twitter:card\" content=\"summary_large_image\" \/>\n<meta name=\"twitter:creator\" content=\"@Notibras\" \/>\n<meta name=\"twitter:site\" content=\"@Notibras\" \/>\n<meta name=\"twitter:label1\" content=\"Escrito por\" \/>\n\t<meta name=\"twitter:data1\" content=\"Reda\u00e7\u00e3o\" \/>\n\t<meta name=\"twitter:label2\" content=\"Est. tempo de leitura\" \/>\n\t<meta name=\"twitter:data2\" content=\"6 minutos\" \/>\n<script type=\"application\/ld+json\" class=\"yoast-schema-graph\">{\"@context\":\"https:\/\/schema.org\",\"@graph\":[{\"@type\":\"Article\",\"@id\":\"https:\/\/www.notibras.com\/site\/mpf-interdita-igreja-que-tinha-ate-300-escravos\/#article\",\"isPartOf\":{\"@id\":\"https:\/\/www.notibras.com\/site\/mpf-interdita-igreja-que-tinha-ate-300-escravos\/\"},\"author\":{\"name\":\"Reda\u00e7\u00e3o\",\"@id\":\"https:\/\/www.notibras.com\/site\/#\/schema\/person\/36ab0979449956132d3e5b517ea76ac8\"},\"headline\":\"MPF interdita igreja que tinha at\u00e9 300 escravos\",\"datePublished\":\"2019-03-07T21:07:21+00:00\",\"dateModified\":\"2019-03-07T22:05:48+00:00\",\"mainEntityOfPage\":{\"@id\":\"https:\/\/www.notibras.com\/site\/mpf-interdita-igreja-que-tinha-ate-300-escravos\/\"},\"wordCount\":1128,\"publisher\":{\"@id\":\"https:\/\/www.notibras.com\/site\/#organization\"},\"image\":{\"@id\":\"https:\/\/www.notibras.com\/site\/mpf-interdita-igreja-que-tinha-ate-300-escravos\/#primaryimage\"},\"thumbnailUrl\":\"https:\/\/www.notibras.com\/site\/wp-content\/uploads\/2019\/03\/laodiceia.jpg\",\"keywords\":[\"capa\"],\"articleSection\":[\"Bras\u00edlia\"],\"inLanguage\":\"pt-BR\"},{\"@type\":\"WebPage\",\"@id\":\"https:\/\/www.notibras.com\/site\/mpf-interdita-igreja-que-tinha-ate-300-escravos\/\",\"url\":\"https:\/\/www.notibras.com\/site\/mpf-interdita-igreja-que-tinha-ate-300-escravos\/\",\"name\":\"MPF interdita igreja que tinha at\u00e9 300 escravos - Notibras\",\"isPartOf\":{\"@id\":\"https:\/\/www.notibras.com\/site\/#website\"},\"primaryImageOfPage\":{\"@id\":\"https:\/\/www.notibras.com\/site\/mpf-interdita-igreja-que-tinha-ate-300-escravos\/#primaryimage\"},\"image\":{\"@id\":\"https:\/\/www.notibras.com\/site\/mpf-interdita-igreja-que-tinha-ate-300-escravos\/#primaryimage\"},\"thumbnailUrl\":\"https:\/\/www.notibras.com\/site\/wp-content\/uploads\/2019\/03\/laodiceia.jpg\",\"datePublished\":\"2019-03-07T21:07:21+00:00\",\"dateModified\":\"2019-03-07T22:05:48+00:00\",\"breadcrumb\":{\"@id\":\"https:\/\/www.notibras.com\/site\/mpf-interdita-igreja-que-tinha-ate-300-escravos\/#breadcrumb\"},\"inLanguage\":\"pt-BR\",\"potentialAction\":[{\"@type\":\"ReadAction\",\"target\":[\"https:\/\/www.notibras.com\/site\/mpf-interdita-igreja-que-tinha-ate-300-escravos\/\"]}]},{\"@type\":\"ImageObject\",\"inLanguage\":\"pt-BR\",\"@id\":\"https:\/\/www.notibras.com\/site\/mpf-interdita-igreja-que-tinha-ate-300-escravos\/#primaryimage\",\"url\":\"https:\/\/www.notibras.com\/site\/wp-content\/uploads\/2019\/03\/laodiceia.jpg\",\"contentUrl\":\"https:\/\/www.notibras.com\/site\/wp-content\/uploads\/2019\/03\/laodiceia.jpg\",\"width\":1600,\"height\":900,\"caption\":\"Foto\/Reprodu\u00e7\u00e3o - TV Globo\"},{\"@type\":\"BreadcrumbList\",\"@id\":\"https:\/\/www.notibras.com\/site\/mpf-interdita-igreja-que-tinha-ate-300-escravos\/#breadcrumb\",\"itemListElement\":[{\"@type\":\"ListItem\",\"position\":1,\"name\":\"In\u00edcio\",\"item\":\"https:\/\/www.notibras.com\/site\/\"},{\"@type\":\"ListItem\",\"position\":2,\"name\":\"MPF interdita igreja que tinha at\u00e9 300 escravos\"}]},{\"@type\":\"WebSite\",\"@id\":\"https:\/\/www.notibras.com\/site\/#website\",\"url\":\"https:\/\/www.notibras.com\/site\/\",\"name\":\"Notibras\",\"description\":\"Not\u00edcias de Bras\u00edlia, do Brasil e do Mundo\",\"publisher\":{\"@id\":\"https:\/\/www.notibras.com\/site\/#organization\"},\"potentialAction\":[{\"@type\":\"SearchAction\",\"target\":{\"@type\":\"EntryPoint\",\"urlTemplate\":\"https:\/\/www.notibras.com\/site\/?s={search_term_string}\"},\"query-input\":{\"@type\":\"PropertyValueSpecification\",\"valueRequired\":true,\"valueName\":\"search_term_string\"}}],\"inLanguage\":\"pt-BR\"},{\"@type\":\"Organization\",\"@id\":\"https:\/\/www.notibras.com\/site\/#organization\",\"name\":\"Grupo Notibras de Comunica\u00e7\u00e3o\",\"url\":\"https:\/\/www.notibras.com\/site\/\",\"logo\":{\"@type\":\"ImageObject\",\"inLanguage\":\"pt-BR\",\"@id\":\"https:\/\/www.notibras.com\/site\/#\/schema\/logo\/image\/\",\"url\":\"https:\/\/www.notibras.com\/site\/wp-content\/uploads\/2023\/01\/notibras23.png\",\"contentUrl\":\"https:\/\/www.notibras.com\/site\/wp-content\/uploads\/2023\/01\/notibras23.png\",\"width\":350,\"height\":87,\"caption\":\"Grupo Notibras de Comunica\u00e7\u00e3o\"},\"image\":{\"@id\":\"https:\/\/www.notibras.com\/site\/#\/schema\/logo\/image\/\"},\"sameAs\":[\"https:\/\/www.facebook.com\/notibras\/\",\"https:\/\/x.com\/Notibras\",\"https:\/\/www.instagram.com\/notibras\/\"]},{\"@type\":\"Person\",\"@id\":\"https:\/\/www.notibras.com\/site\/#\/schema\/person\/36ab0979449956132d3e5b517ea76ac8\",\"name\":\"Reda\u00e7\u00e3o\",\"image\":{\"@type\":\"ImageObject\",\"inLanguage\":\"pt-BR\",\"@id\":\"https:\/\/secure.gravatar.com\/avatar\/e0a867bdedb85fd243eadf09663511f96fc81e0720a4a42581f334ad4303aa6b?s=96&d=mm&r=g\",\"url\":\"https:\/\/secure.gravatar.com\/avatar\/e0a867bdedb85fd243eadf09663511f96fc81e0720a4a42581f334ad4303aa6b?s=96&d=mm&r=g\",\"contentUrl\":\"https:\/\/secure.gravatar.com\/avatar\/e0a867bdedb85fd243eadf09663511f96fc81e0720a4a42581f334ad4303aa6b?s=96&d=mm&r=g\",\"caption\":\"Reda\u00e7\u00e3o\"}}]}<\/script>\n<!-- \/ Yoast SEO plugin. -->","yoast_head_json":{"title":"MPF interdita igreja que tinha at\u00e9 300 escravos - Notibras","robots":{"index":"index","follow":"follow","max-snippet":"max-snippet:-1","max-image-preview":"max-image-preview:large","max-video-preview":"max-video-preview:-1"},"canonical":"https:\/\/www.notibras.com\/site\/mpf-interdita-igreja-que-tinha-ate-300-escravos\/","og_locale":"pt_BR","og_type":"article","og_title":"MPF interdita igreja que tinha at\u00e9 300 escravos - Notibras","og_description":"Uma for\u00e7a-tarefa integrada pelo Minist\u00e9rio P\u00fablico Federal em Bras\u00edlia deflagrou nesta quinta, 7, uma opera\u00e7\u00e3o na Igreja Adventista Remanescente de Laodiceia por suspeita de suposta submiss\u00e3o de centenas de fi\u00e9is a condi\u00e7\u00f5es an\u00e1logas \u00e0s de escravo. O grupo de investigadores tamb\u00e9m \u00e9 integrado por auditores fiscais do trabalho, Minist\u00e9rio P\u00fablico do Trabalho, Pol\u00edcia Civil do [&hellip;]","og_url":"https:\/\/www.notibras.com\/site\/mpf-interdita-igreja-que-tinha-ate-300-escravos\/","og_site_name":"Notibras","article_publisher":"https:\/\/www.facebook.com\/notibras\/","article_published_time":"2019-03-07T21:07:21+00:00","article_modified_time":"2019-03-07T22:05:48+00:00","og_image":[{"width":1600,"height":900,"url":"https:\/\/www.notibras.com\/site\/wp-content\/uploads\/2019\/03\/laodiceia.jpg","type":"image\/jpeg"}],"author":"Reda\u00e7\u00e3o","twitter_card":"summary_large_image","twitter_creator":"@Notibras","twitter_site":"@Notibras","twitter_misc":{"Escrito por":"Reda\u00e7\u00e3o","Est. tempo de leitura":"6 minutos"},"schema":{"@context":"https:\/\/schema.org","@graph":[{"@type":"Article","@id":"https:\/\/www.notibras.com\/site\/mpf-interdita-igreja-que-tinha-ate-300-escravos\/#article","isPartOf":{"@id":"https:\/\/www.notibras.com\/site\/mpf-interdita-igreja-que-tinha-ate-300-escravos\/"},"author":{"name":"Reda\u00e7\u00e3o","@id":"https:\/\/www.notibras.com\/site\/#\/schema\/person\/36ab0979449956132d3e5b517ea76ac8"},"headline":"MPF interdita igreja que tinha at\u00e9 300 escravos","datePublished":"2019-03-07T21:07:21+00:00","dateModified":"2019-03-07T22:05:48+00:00","mainEntityOfPage":{"@id":"https:\/\/www.notibras.com\/site\/mpf-interdita-igreja-que-tinha-ate-300-escravos\/"},"wordCount":1128,"publisher":{"@id":"https:\/\/www.notibras.com\/site\/#organization"},"image":{"@id":"https:\/\/www.notibras.com\/site\/mpf-interdita-igreja-que-tinha-ate-300-escravos\/#primaryimage"},"thumbnailUrl":"https:\/\/www.notibras.com\/site\/wp-content\/uploads\/2019\/03\/laodiceia.jpg","keywords":["capa"],"articleSection":["Bras\u00edlia"],"inLanguage":"pt-BR"},{"@type":"WebPage","@id":"https:\/\/www.notibras.com\/site\/mpf-interdita-igreja-que-tinha-ate-300-escravos\/","url":"https:\/\/www.notibras.com\/site\/mpf-interdita-igreja-que-tinha-ate-300-escravos\/","name":"MPF interdita igreja que tinha at\u00e9 300 escravos - Notibras","isPartOf":{"@id":"https:\/\/www.notibras.com\/site\/#website"},"primaryImageOfPage":{"@id":"https:\/\/www.notibras.com\/site\/mpf-interdita-igreja-que-tinha-ate-300-escravos\/#primaryimage"},"image":{"@id":"https:\/\/www.notibras.com\/site\/mpf-interdita-igreja-que-tinha-ate-300-escravos\/#primaryimage"},"thumbnailUrl":"https:\/\/www.notibras.com\/site\/wp-content\/uploads\/2019\/03\/laodiceia.jpg","datePublished":"2019-03-07T21:07:21+00:00","dateModified":"2019-03-07T22:05:48+00:00","breadcrumb":{"@id":"https:\/\/www.notibras.com\/site\/mpf-interdita-igreja-que-tinha-ate-300-escravos\/#breadcrumb"},"inLanguage":"pt-BR","potentialAction":[{"@type":"ReadAction","target":["https:\/\/www.notibras.com\/site\/mpf-interdita-igreja-que-tinha-ate-300-escravos\/"]}]},{"@type":"ImageObject","inLanguage":"pt-BR","@id":"https:\/\/www.notibras.com\/site\/mpf-interdita-igreja-que-tinha-ate-300-escravos\/#primaryimage","url":"https:\/\/www.notibras.com\/site\/wp-content\/uploads\/2019\/03\/laodiceia.jpg","contentUrl":"https:\/\/www.notibras.com\/site\/wp-content\/uploads\/2019\/03\/laodiceia.jpg","width":1600,"height":900,"caption":"Foto\/Reprodu\u00e7\u00e3o - TV Globo"},{"@type":"BreadcrumbList","@id":"https:\/\/www.notibras.com\/site\/mpf-interdita-igreja-que-tinha-ate-300-escravos\/#breadcrumb","itemListElement":[{"@type":"ListItem","position":1,"name":"In\u00edcio","item":"https:\/\/www.notibras.com\/site\/"},{"@type":"ListItem","position":2,"name":"MPF interdita igreja que tinha at\u00e9 300 escravos"}]},{"@type":"WebSite","@id":"https:\/\/www.notibras.com\/site\/#website","url":"https:\/\/www.notibras.com\/site\/","name":"Notibras","description":"Not\u00edcias de Bras\u00edlia, do Brasil e do Mundo","publisher":{"@id":"https:\/\/www.notibras.com\/site\/#organization"},"potentialAction":[{"@type":"SearchAction","target":{"@type":"EntryPoint","urlTemplate":"https:\/\/www.notibras.com\/site\/?s={search_term_string}"},"query-input":{"@type":"PropertyValueSpecification","valueRequired":true,"valueName":"search_term_string"}}],"inLanguage":"pt-BR"},{"@type":"Organization","@id":"https:\/\/www.notibras.com\/site\/#organization","name":"Grupo Notibras de Comunica\u00e7\u00e3o","url":"https:\/\/www.notibras.com\/site\/","logo":{"@type":"ImageObject","inLanguage":"pt-BR","@id":"https:\/\/www.notibras.com\/site\/#\/schema\/logo\/image\/","url":"https:\/\/www.notibras.com\/site\/wp-content\/uploads\/2023\/01\/notibras23.png","contentUrl":"https:\/\/www.notibras.com\/site\/wp-content\/uploads\/2023\/01\/notibras23.png","width":350,"height":87,"caption":"Grupo Notibras de Comunica\u00e7\u00e3o"},"image":{"@id":"https:\/\/www.notibras.com\/site\/#\/schema\/logo\/image\/"},"sameAs":["https:\/\/www.facebook.com\/notibras\/","https:\/\/x.com\/Notibras","https:\/\/www.instagram.com\/notibras\/"]},{"@type":"Person","@id":"https:\/\/www.notibras.com\/site\/#\/schema\/person\/36ab0979449956132d3e5b517ea76ac8","name":"Reda\u00e7\u00e3o","image":{"@type":"ImageObject","inLanguage":"pt-BR","@id":"https:\/\/secure.gravatar.com\/avatar\/e0a867bdedb85fd243eadf09663511f96fc81e0720a4a42581f334ad4303aa6b?s=96&d=mm&r=g","url":"https:\/\/secure.gravatar.com\/avatar\/e0a867bdedb85fd243eadf09663511f96fc81e0720a4a42581f334ad4303aa6b?s=96&d=mm&r=g","contentUrl":"https:\/\/secure.gravatar.com\/avatar\/e0a867bdedb85fd243eadf09663511f96fc81e0720a4a42581f334ad4303aa6b?s=96&d=mm&r=g","caption":"Reda\u00e7\u00e3o"}}]}},"amp_enabled":true,"_links":{"self":[{"href":"https:\/\/www.notibras.com\/site\/wp-json\/wp\/v2\/posts\/204256","targetHints":{"allow":["GET"]}}],"collection":[{"href":"https:\/\/www.notibras.com\/site\/wp-json\/wp\/v2\/posts"}],"about":[{"href":"https:\/\/www.notibras.com\/site\/wp-json\/wp\/v2\/types\/post"}],"author":[{"embeddable":true,"href":"https:\/\/www.notibras.com\/site\/wp-json\/wp\/v2\/users\/2"}],"replies":[{"embeddable":true,"href":"https:\/\/www.notibras.com\/site\/wp-json\/wp\/v2\/comments?post=204256"}],"version-history":[{"count":1,"href":"https:\/\/www.notibras.com\/site\/wp-json\/wp\/v2\/posts\/204256\/revisions"}],"predecessor-version":[{"id":204258,"href":"https:\/\/www.notibras.com\/site\/wp-json\/wp\/v2\/posts\/204256\/revisions\/204258"}],"wp:featuredmedia":[{"embeddable":true,"href":"https:\/\/www.notibras.com\/site\/wp-json\/wp\/v2\/media\/204257"}],"wp:attachment":[{"href":"https:\/\/www.notibras.com\/site\/wp-json\/wp\/v2\/media?parent=204256"}],"wp:term":[{"taxonomy":"category","embeddable":true,"href":"https:\/\/www.notibras.com\/site\/wp-json\/wp\/v2\/categories?post=204256"},{"taxonomy":"post_tag","embeddable":true,"href":"https:\/\/www.notibras.com\/site\/wp-json\/wp\/v2\/tags?post=204256"}],"curies":[{"name":"wp","href":"https:\/\/api.w.org\/{rel}","templated":true}]}}