{"id":204273,"date":"2019-03-07T21:43:58","date_gmt":"2019-03-08T00:43:58","guid":{"rendered":"https:\/\/www.notibras.com\/site\/?p=204273"},"modified":"2019-03-07T21:45:28","modified_gmt":"2019-03-08T00:45:28","slug":"bolsonaro-acaba-com-a-fabrica-de-multa-em-rodovia","status":"publish","type":"post","link":"https:\/\/www.notibras.com\/site\/bolsonaro-acaba-com-a-fabrica-de-multa-em-rodovia\/","title":{"rendered":"Bolsonaro acaba com a f\u00e1brica de multa em rodovia"},"content":{"rendered":"<p>As barreiras eletr\u00f4nicas nas rodovias federais sob controle do Dnit est\u00e3o com os dias contados. Consideradas verdadeiras f\u00e1bricas de multa, essas lombadas virtuais deixar\u00e3o de existir \u00e0 medida em que forem perdendo a validade.<\/p>\n<p>O an\u00fancio foi feito pelo presidente Jair Bolsonaro em uma transmiss\u00e3o ao vivo pelo Facebook na noite desta quinta-feira, 7. Os pol\u00edticos, disse o presidente, n\u00e3o v\u00e3o mais mandar no Dnit.<\/p>\n<p>&#8220;Queriam apenas arrecadar mais dinheiro. Puco se preocupam com acidentes nas estradas&#8221;, afirmou Bolsonaro. \u201cH\u00e1 uma quantidade enorme de lombadas eletr\u00f4nicas no Brasil. \u00c9 quase imposs\u00edvel voc\u00ea viajar sem levar uma multa. E sabe, ou desconfia, que, no fundo, o objetivo n\u00e3o \u00e9 diminuir acidentes\u201d, enfatizou.<\/p>\n<p>\u201cDecis\u00e3o nossa: n\u00e3o teremos mais nenhuma nova lombada eletr\u00f4nica no Brasil. As que existem, quando forem perdendo a validade, n\u00e3o ser\u00e3o renovadas. [\u2026] Vale lembrar que o DNIT estava, at\u00e9 pouco tempo, na m\u00e3o de partidos pol\u00edticos. Isso acabou e esse departamento est\u00e1, agora, voltado para trabalhar 100% em benef\u00edcio dos condutores\u201d, concluiu o presidente.<\/p>\n","protected":false},"excerpt":{"rendered":"<p>As barreiras eletr\u00f4nicas nas rodovias federais sob controle do Dnit est\u00e3o com os dias contados. Consideradas verdadeiras f\u00e1bricas de multa, essas lombadas virtuais deixar\u00e3o de existir \u00e0 medida em que forem perdendo a validade. O an\u00fancio foi feito pelo presidente Jair Bolsonaro em uma transmiss\u00e3o ao vivo pelo Facebook na noite desta quinta-feira, 7. Os [&hellip;]<\/p>\n","protected":false},"author":2,"featured_media":204274,"comment_status":"closed","ping_status":"closed","sticky":false,"template":"","format":"standard","meta":{"_acf_changed":false,"footnotes":""},"categories":[16],"tags":[95],"class_list":["post-204273","post","type-post","status-publish","format-standard","has-post-thumbnail","hentry","category-brasil","tag-capa"],"acf":[],"yoast_head":"<!-- This site is optimized with the Yoast SEO plugin v27.2 - https:\/\/yoast.com\/product\/yoast-seo-wordpress\/ -->\n<title>Bolsonaro acaba com a f\u00e1brica de multa em rodovia - Notibras<\/title>\n<meta name=\"robots\" content=\"index, follow, max-snippet:-1, max-image-preview:large, max-video-preview:-1\" \/>\n<link rel=\"canonical\" href=\"https:\/\/www.notibras.com\/site\/bolsonaro-acaba-com-a-fabrica-de-multa-em-rodovia\/\" \/>\n<meta property=\"og:locale\" content=\"pt_BR\" \/>\n<meta property=\"og:type\" content=\"article\" \/>\n<meta property=\"og:title\" content=\"Bolsonaro acaba com a f\u00e1brica de multa em rodovia - Notibras\" \/>\n<meta property=\"og:description\" content=\"As barreiras eletr\u00f4nicas nas rodovias federais sob controle do Dnit est\u00e3o com os dias contados. Consideradas verdadeiras f\u00e1bricas de multa, essas lombadas virtuais deixar\u00e3o de existir \u00e0 medida em que forem perdendo a validade. O an\u00fancio foi feito pelo presidente Jair Bolsonaro em uma transmiss\u00e3o ao vivo pelo Facebook na noite desta quinta-feira, 7. Os [&hellip;]\" \/>\n<meta property=\"og:url\" content=\"https:\/\/www.notibras.com\/site\/bolsonaro-acaba-com-a-fabrica-de-multa-em-rodovia\/\" \/>\n<meta property=\"og:site_name\" content=\"Notibras\" \/>\n<meta property=\"article:publisher\" content=\"https:\/\/www.facebook.com\/notibras\/\" \/>\n<meta property=\"article:published_time\" content=\"2019-03-08T00:43:58+00:00\" \/>\n<meta property=\"article:modified_time\" content=\"2019-03-08T00:45:28+00:00\" \/>\n<meta property=\"og:image\" content=\"https:\/\/www.notibras.com\/site\/wp-content\/uploads\/2019\/03\/barreira-eletronica.jpg\" \/>\n\t<meta property=\"og:image:width\" content=\"2500\" \/>\n\t<meta property=\"og:image:height\" content=\"1673\" \/>\n\t<meta property=\"og:image:type\" content=\"image\/jpeg\" \/>\n<meta name=\"author\" content=\"Reda\u00e7\u00e3o\" \/>\n<meta name=\"twitter:card\" content=\"summary_large_image\" \/>\n<meta name=\"twitter:creator\" content=\"@Notibras\" \/>\n<meta name=\"twitter:site\" content=\"@Notibras\" \/>\n<meta name=\"twitter:label1\" content=\"Escrito por\" \/>\n\t<meta name=\"twitter:data1\" content=\"Reda\u00e7\u00e3o\" \/>\n\t<meta name=\"twitter:label2\" content=\"Est. tempo de leitura\" \/>\n\t<meta name=\"twitter:data2\" content=\"1 minuto\" \/>\n<script type=\"application\/ld+json\" class=\"yoast-schema-graph\">{\"@context\":\"https:\/\/schema.org\",\"@graph\":[{\"@type\":\"Article\",\"@id\":\"https:\/\/www.notibras.com\/site\/bolsonaro-acaba-com-a-fabrica-de-multa-em-rodovia\/#article\",\"isPartOf\":{\"@id\":\"https:\/\/www.notibras.com\/site\/bolsonaro-acaba-com-a-fabrica-de-multa-em-rodovia\/\"},\"author\":{\"name\":\"Reda\u00e7\u00e3o\",\"@id\":\"https:\/\/www.notibras.com\/site\/#\/schema\/person\/36ab0979449956132d3e5b517ea76ac8\"},\"headline\":\"Bolsonaro acaba com a f\u00e1brica de multa em rodovia\",\"datePublished\":\"2019-03-08T00:43:58+00:00\",\"dateModified\":\"2019-03-08T00:45:28+00:00\",\"mainEntityOfPage\":{\"@id\":\"https:\/\/www.notibras.com\/site\/bolsonaro-acaba-com-a-fabrica-de-multa-em-rodovia\/\"},\"wordCount\":190,\"publisher\":{\"@id\":\"https:\/\/www.notibras.com\/site\/#organization\"},\"image\":{\"@id\":\"https:\/\/www.notibras.com\/site\/bolsonaro-acaba-com-a-fabrica-de-multa-em-rodovia\/#primaryimage\"},\"thumbnailUrl\":\"https:\/\/www.notibras.com\/site\/wp-content\/uploads\/2019\/03\/barreira-eletronica.jpg\",\"keywords\":[\"capa\"],\"articleSection\":[\"Brasil\"],\"inLanguage\":\"pt-BR\"},{\"@type\":\"WebPage\",\"@id\":\"https:\/\/www.notibras.com\/site\/bolsonaro-acaba-com-a-fabrica-de-multa-em-rodovia\/\",\"url\":\"https:\/\/www.notibras.com\/site\/bolsonaro-acaba-com-a-fabrica-de-multa-em-rodovia\/\",\"name\":\"Bolsonaro acaba com a f\u00e1brica de multa em rodovia - Notibras\",\"isPartOf\":{\"@id\":\"https:\/\/www.notibras.com\/site\/#website\"},\"primaryImageOfPage\":{\"@id\":\"https:\/\/www.notibras.com\/site\/bolsonaro-acaba-com-a-fabrica-de-multa-em-rodovia\/#primaryimage\"},\"image\":{\"@id\":\"https:\/\/www.notibras.com\/site\/bolsonaro-acaba-com-a-fabrica-de-multa-em-rodovia\/#primaryimage\"},\"thumbnailUrl\":\"https:\/\/www.notibras.com\/site\/wp-content\/uploads\/2019\/03\/barreira-eletronica.jpg\",\"datePublished\":\"2019-03-08T00:43:58+00:00\",\"dateModified\":\"2019-03-08T00:45:28+00:00\",\"breadcrumb\":{\"@id\":\"https:\/\/www.notibras.com\/site\/bolsonaro-acaba-com-a-fabrica-de-multa-em-rodovia\/#breadcrumb\"},\"inLanguage\":\"pt-BR\",\"potentialAction\":[{\"@type\":\"ReadAction\",\"target\":[\"https:\/\/www.notibras.com\/site\/bolsonaro-acaba-com-a-fabrica-de-multa-em-rodovia\/\"]}]},{\"@type\":\"ImageObject\",\"inLanguage\":\"pt-BR\",\"@id\":\"https:\/\/www.notibras.com\/site\/bolsonaro-acaba-com-a-fabrica-de-multa-em-rodovia\/#primaryimage\",\"url\":\"https:\/\/www.notibras.com\/site\/wp-content\/uploads\/2019\/03\/barreira-eletronica.jpg\",\"contentUrl\":\"https:\/\/www.notibras.com\/site\/wp-content\/uploads\/2019\/03\/barreira-eletronica.jpg\",\"width\":2500,\"height\":1673,\"caption\":\"Foto\/Arquivo Notibras\"},{\"@type\":\"BreadcrumbList\",\"@id\":\"https:\/\/www.notibras.com\/site\/bolsonaro-acaba-com-a-fabrica-de-multa-em-rodovia\/#breadcrumb\",\"itemListElement\":[{\"@type\":\"ListItem\",\"position\":1,\"name\":\"In\u00edcio\",\"item\":\"https:\/\/www.notibras.com\/site\/\"},{\"@type\":\"ListItem\",\"position\":2,\"name\":\"Bolsonaro acaba com a f\u00e1brica de multa em rodovia\"}]},{\"@type\":\"WebSite\",\"@id\":\"https:\/\/www.notibras.com\/site\/#website\",\"url\":\"https:\/\/www.notibras.com\/site\/\",\"name\":\"Notibras\",\"description\":\"Not\u00edcias de Bras\u00edlia, do Brasil e do Mundo\",\"publisher\":{\"@id\":\"https:\/\/www.notibras.com\/site\/#organization\"},\"potentialAction\":[{\"@type\":\"SearchAction\",\"target\":{\"@type\":\"EntryPoint\",\"urlTemplate\":\"https:\/\/www.notibras.com\/site\/?s={search_term_string}\"},\"query-input\":{\"@type\":\"PropertyValueSpecification\",\"valueRequired\":true,\"valueName\":\"search_term_string\"}}],\"inLanguage\":\"pt-BR\"},{\"@type\":\"Organization\",\"@id\":\"https:\/\/www.notibras.com\/site\/#organization\",\"name\":\"Grupo Notibras de Comunica\u00e7\u00e3o\",\"url\":\"https:\/\/www.notibras.com\/site\/\",\"logo\":{\"@type\":\"ImageObject\",\"inLanguage\":\"pt-BR\",\"@id\":\"https:\/\/www.notibras.com\/site\/#\/schema\/logo\/image\/\",\"url\":\"https:\/\/www.notibras.com\/site\/wp-content\/uploads\/2023\/01\/notibras23.png\",\"contentUrl\":\"https:\/\/www.notibras.com\/site\/wp-content\/uploads\/2023\/01\/notibras23.png\",\"width\":350,\"height\":87,\"caption\":\"Grupo Notibras de Comunica\u00e7\u00e3o\"},\"image\":{\"@id\":\"https:\/\/www.notibras.com\/site\/#\/schema\/logo\/image\/\"},\"sameAs\":[\"https:\/\/www.facebook.com\/notibras\/\",\"https:\/\/x.com\/Notibras\",\"https:\/\/www.instagram.com\/notibras\/\"]},{\"@type\":\"Person\",\"@id\":\"https:\/\/www.notibras.com\/site\/#\/schema\/person\/36ab0979449956132d3e5b517ea76ac8\",\"name\":\"Reda\u00e7\u00e3o\",\"image\":{\"@type\":\"ImageObject\",\"inLanguage\":\"pt-BR\",\"@id\":\"https:\/\/secure.gravatar.com\/avatar\/e0a867bdedb85fd243eadf09663511f96fc81e0720a4a42581f334ad4303aa6b?s=96&d=mm&r=g\",\"url\":\"https:\/\/secure.gravatar.com\/avatar\/e0a867bdedb85fd243eadf09663511f96fc81e0720a4a42581f334ad4303aa6b?s=96&d=mm&r=g\",\"contentUrl\":\"https:\/\/secure.gravatar.com\/avatar\/e0a867bdedb85fd243eadf09663511f96fc81e0720a4a42581f334ad4303aa6b?s=96&d=mm&r=g\",\"caption\":\"Reda\u00e7\u00e3o\"}}]}<\/script>\n<!-- \/ Yoast SEO plugin. -->","yoast_head_json":{"title":"Bolsonaro acaba com a f\u00e1brica de multa em rodovia - Notibras","robots":{"index":"index","follow":"follow","max-snippet":"max-snippet:-1","max-image-preview":"max-image-preview:large","max-video-preview":"max-video-preview:-1"},"canonical":"https:\/\/www.notibras.com\/site\/bolsonaro-acaba-com-a-fabrica-de-multa-em-rodovia\/","og_locale":"pt_BR","og_type":"article","og_title":"Bolsonaro acaba com a f\u00e1brica de multa em rodovia - Notibras","og_description":"As barreiras eletr\u00f4nicas nas rodovias federais sob controle do Dnit est\u00e3o com os dias contados. Consideradas verdadeiras f\u00e1bricas de multa, essas lombadas virtuais deixar\u00e3o de existir \u00e0 medida em que forem perdendo a validade. O an\u00fancio foi feito pelo presidente Jair Bolsonaro em uma transmiss\u00e3o ao vivo pelo Facebook na noite desta quinta-feira, 7. Os [&hellip;]","og_url":"https:\/\/www.notibras.com\/site\/bolsonaro-acaba-com-a-fabrica-de-multa-em-rodovia\/","og_site_name":"Notibras","article_publisher":"https:\/\/www.facebook.com\/notibras\/","article_published_time":"2019-03-08T00:43:58+00:00","article_modified_time":"2019-03-08T00:45:28+00:00","og_image":[{"width":2500,"height":1673,"url":"https:\/\/www.notibras.com\/site\/wp-content\/uploads\/2019\/03\/barreira-eletronica.jpg","type":"image\/jpeg"}],"author":"Reda\u00e7\u00e3o","twitter_card":"summary_large_image","twitter_creator":"@Notibras","twitter_site":"@Notibras","twitter_misc":{"Escrito por":"Reda\u00e7\u00e3o","Est. tempo de leitura":"1 minuto"},"schema":{"@context":"https:\/\/schema.org","@graph":[{"@type":"Article","@id":"https:\/\/www.notibras.com\/site\/bolsonaro-acaba-com-a-fabrica-de-multa-em-rodovia\/#article","isPartOf":{"@id":"https:\/\/www.notibras.com\/site\/bolsonaro-acaba-com-a-fabrica-de-multa-em-rodovia\/"},"author":{"name":"Reda\u00e7\u00e3o","@id":"https:\/\/www.notibras.com\/site\/#\/schema\/person\/36ab0979449956132d3e5b517ea76ac8"},"headline":"Bolsonaro acaba com a f\u00e1brica de multa em rodovia","datePublished":"2019-03-08T00:43:58+00:00","dateModified":"2019-03-08T00:45:28+00:00","mainEntityOfPage":{"@id":"https:\/\/www.notibras.com\/site\/bolsonaro-acaba-com-a-fabrica-de-multa-em-rodovia\/"},"wordCount":190,"publisher":{"@id":"https:\/\/www.notibras.com\/site\/#organization"},"image":{"@id":"https:\/\/www.notibras.com\/site\/bolsonaro-acaba-com-a-fabrica-de-multa-em-rodovia\/#primaryimage"},"thumbnailUrl":"https:\/\/www.notibras.com\/site\/wp-content\/uploads\/2019\/03\/barreira-eletronica.jpg","keywords":["capa"],"articleSection":["Brasil"],"inLanguage":"pt-BR"},{"@type":"WebPage","@id":"https:\/\/www.notibras.com\/site\/bolsonaro-acaba-com-a-fabrica-de-multa-em-rodovia\/","url":"https:\/\/www.notibras.com\/site\/bolsonaro-acaba-com-a-fabrica-de-multa-em-rodovia\/","name":"Bolsonaro acaba com a f\u00e1brica de multa em rodovia - Notibras","isPartOf":{"@id":"https:\/\/www.notibras.com\/site\/#website"},"primaryImageOfPage":{"@id":"https:\/\/www.notibras.com\/site\/bolsonaro-acaba-com-a-fabrica-de-multa-em-rodovia\/#primaryimage"},"image":{"@id":"https:\/\/www.notibras.com\/site\/bolsonaro-acaba-com-a-fabrica-de-multa-em-rodovia\/#primaryimage"},"thumbnailUrl":"https:\/\/www.notibras.com\/site\/wp-content\/uploads\/2019\/03\/barreira-eletronica.jpg","datePublished":"2019-03-08T00:43:58+00:00","dateModified":"2019-03-08T00:45:28+00:00","breadcrumb":{"@id":"https:\/\/www.notibras.com\/site\/bolsonaro-acaba-com-a-fabrica-de-multa-em-rodovia\/#breadcrumb"},"inLanguage":"pt-BR","potentialAction":[{"@type":"ReadAction","target":["https:\/\/www.notibras.com\/site\/bolsonaro-acaba-com-a-fabrica-de-multa-em-rodovia\/"]}]},{"@type":"ImageObject","inLanguage":"pt-BR","@id":"https:\/\/www.notibras.com\/site\/bolsonaro-acaba-com-a-fabrica-de-multa-em-rodovia\/#primaryimage","url":"https:\/\/www.notibras.com\/site\/wp-content\/uploads\/2019\/03\/barreira-eletronica.jpg","contentUrl":"https:\/\/www.notibras.com\/site\/wp-content\/uploads\/2019\/03\/barreira-eletronica.jpg","width":2500,"height":1673,"caption":"Foto\/Arquivo Notibras"},{"@type":"BreadcrumbList","@id":"https:\/\/www.notibras.com\/site\/bolsonaro-acaba-com-a-fabrica-de-multa-em-rodovia\/#breadcrumb","itemListElement":[{"@type":"ListItem","position":1,"name":"In\u00edcio","item":"https:\/\/www.notibras.com\/site\/"},{"@type":"ListItem","position":2,"name":"Bolsonaro acaba com a f\u00e1brica de multa em rodovia"}]},{"@type":"WebSite","@id":"https:\/\/www.notibras.com\/site\/#website","url":"https:\/\/www.notibras.com\/site\/","name":"Notibras","description":"Not\u00edcias de Bras\u00edlia, do Brasil e do Mundo","publisher":{"@id":"https:\/\/www.notibras.com\/site\/#organization"},"potentialAction":[{"@type":"SearchAction","target":{"@type":"EntryPoint","urlTemplate":"https:\/\/www.notibras.com\/site\/?s={search_term_string}"},"query-input":{"@type":"PropertyValueSpecification","valueRequired":true,"valueName":"search_term_string"}}],"inLanguage":"pt-BR"},{"@type":"Organization","@id":"https:\/\/www.notibras.com\/site\/#organization","name":"Grupo Notibras de Comunica\u00e7\u00e3o","url":"https:\/\/www.notibras.com\/site\/","logo":{"@type":"ImageObject","inLanguage":"pt-BR","@id":"https:\/\/www.notibras.com\/site\/#\/schema\/logo\/image\/","url":"https:\/\/www.notibras.com\/site\/wp-content\/uploads\/2023\/01\/notibras23.png","contentUrl":"https:\/\/www.notibras.com\/site\/wp-content\/uploads\/2023\/01\/notibras23.png","width":350,"height":87,"caption":"Grupo Notibras de Comunica\u00e7\u00e3o"},"image":{"@id":"https:\/\/www.notibras.com\/site\/#\/schema\/logo\/image\/"},"sameAs":["https:\/\/www.facebook.com\/notibras\/","https:\/\/x.com\/Notibras","https:\/\/www.instagram.com\/notibras\/"]},{"@type":"Person","@id":"https:\/\/www.notibras.com\/site\/#\/schema\/person\/36ab0979449956132d3e5b517ea76ac8","name":"Reda\u00e7\u00e3o","image":{"@type":"ImageObject","inLanguage":"pt-BR","@id":"https:\/\/secure.gravatar.com\/avatar\/e0a867bdedb85fd243eadf09663511f96fc81e0720a4a42581f334ad4303aa6b?s=96&d=mm&r=g","url":"https:\/\/secure.gravatar.com\/avatar\/e0a867bdedb85fd243eadf09663511f96fc81e0720a4a42581f334ad4303aa6b?s=96&d=mm&r=g","contentUrl":"https:\/\/secure.gravatar.com\/avatar\/e0a867bdedb85fd243eadf09663511f96fc81e0720a4a42581f334ad4303aa6b?s=96&d=mm&r=g","caption":"Reda\u00e7\u00e3o"}}]}},"amp_enabled":true,"_links":{"self":[{"href":"https:\/\/www.notibras.com\/site\/wp-json\/wp\/v2\/posts\/204273","targetHints":{"allow":["GET"]}}],"collection":[{"href":"https:\/\/www.notibras.com\/site\/wp-json\/wp\/v2\/posts"}],"about":[{"href":"https:\/\/www.notibras.com\/site\/wp-json\/wp\/v2\/types\/post"}],"author":[{"embeddable":true,"href":"https:\/\/www.notibras.com\/site\/wp-json\/wp\/v2\/users\/2"}],"replies":[{"embeddable":true,"href":"https:\/\/www.notibras.com\/site\/wp-json\/wp\/v2\/comments?post=204273"}],"version-history":[{"count":3,"href":"https:\/\/www.notibras.com\/site\/wp-json\/wp\/v2\/posts\/204273\/revisions"}],"predecessor-version":[{"id":204277,"href":"https:\/\/www.notibras.com\/site\/wp-json\/wp\/v2\/posts\/204273\/revisions\/204277"}],"wp:featuredmedia":[{"embeddable":true,"href":"https:\/\/www.notibras.com\/site\/wp-json\/wp\/v2\/media\/204274"}],"wp:attachment":[{"href":"https:\/\/www.notibras.com\/site\/wp-json\/wp\/v2\/media?parent=204273"}],"wp:term":[{"taxonomy":"category","embeddable":true,"href":"https:\/\/www.notibras.com\/site\/wp-json\/wp\/v2\/categories?post=204273"},{"taxonomy":"post_tag","embeddable":true,"href":"https:\/\/www.notibras.com\/site\/wp-json\/wp\/v2\/tags?post=204273"}],"curies":[{"name":"wp","href":"https:\/\/api.w.org\/{rel}","templated":true}]}}