{"id":204278,"date":"2019-03-08T07:00:31","date_gmt":"2019-03-08T10:00:31","guid":{"rendered":"https:\/\/www.notibras.com\/site\/?p=204278"},"modified":"2019-03-08T07:46:15","modified_gmt":"2019-03-08T10:46:15","slug":"nossos-corpos-nao-sao-mero-objeto-de-desejo","status":"publish","type":"post","link":"https:\/\/www.notibras.com\/site\/nossos-corpos-nao-sao-mero-objeto-de-desejo\/","title":{"rendered":"&#8216;Nossos corpos n\u00e3o s\u00e3o mero objeto de desejo&#8217;"},"content":{"rendered":"<p>Um grupo de dez mulheres tiraram suas roupas e marcharam pela capital chilena em uma tentativa de aumentar a conscientiza\u00e7\u00e3o antes de uma grande manifesta\u00e7\u00e3o feminista marcada para esta sexta, 8, Dia Internacional da Mulher.<\/p>\n<p>Desfilando pelas ruas da cidade com apenas tinta corporal para preservar suas partes \u00edntimas, as manifestantes tamb\u00e9m cobriram as paredes das esta\u00e7\u00f5es do metr\u00f4 com nomes masculinos, cartazes de conhecidos artistas chilenos e nomes de mulheres v\u00edtimas de viol\u00eancia de g\u00eanero.<\/p>\n<p>Segundo a ag\u00eancia de not\u00edcias EFE, as manifestantes tamb\u00e9m pintaram seus corpos com slogans como &#8220;educa\u00e7\u00e3o n\u00e3o-sexista&#8221; e &#8220;Eu decido quando e como&#8221;.<\/p>\n<p>&#8220;Nossos corpos femininos est\u00e3o sempre sendo sexualizados e tratados como objetos. A ideia era usar nossos corpos como uma tela para pedir apoio \u00e0 greve em 8 de mar\u00e7o, declarar que eles n\u00e3o s\u00e3o para uso p\u00fablico e podemos us\u00e1-los como n\u00f3s desejarmos&#8221;, disse uma das manifestantes.<\/p>\n<p>Uma das manifestantes, Daniella Carvajo, disse que esta era a primeira vez que participava de um evento como esse, e explicou que tinha criado coragem para superar seu embara\u00e7o e participar da marcha porque \u201cestamos nos aproximando de uma grande mudan\u00e7a&#8221;.<\/p>\n","protected":false},"excerpt":{"rendered":"<p>Um grupo de dez mulheres tiraram suas roupas e marcharam pela capital chilena em uma tentativa de aumentar a conscientiza\u00e7\u00e3o antes de uma grande manifesta\u00e7\u00e3o feminista marcada para esta sexta, 8, Dia Internacional da Mulher. Desfilando pelas ruas da cidade com apenas tinta corporal para preservar suas partes \u00edntimas, as manifestantes tamb\u00e9m cobriram as paredes [&hellip;]<\/p>\n","protected":false},"author":2,"featured_media":204279,"comment_status":"closed","ping_status":"closed","sticky":false,"template":"","format":"standard","meta":{"_acf_changed":false,"footnotes":""},"categories":[67],"tags":[95],"class_list":["post-204278","post","type-post","status-publish","format-standard","has-post-thumbnail","hentry","category-mulher","tag-capa"],"acf":[],"yoast_head":"<!-- This site is optimized with the Yoast SEO plugin v27.2 - https:\/\/yoast.com\/product\/yoast-seo-wordpress\/ -->\n<title>&#039;Nossos corpos n\u00e3o s\u00e3o mero objeto de desejo&#039; - Notibras<\/title>\n<meta name=\"robots\" content=\"index, follow, max-snippet:-1, max-image-preview:large, max-video-preview:-1\" \/>\n<link rel=\"canonical\" href=\"https:\/\/www.notibras.com\/site\/nossos-corpos-nao-sao-mero-objeto-de-desejo\/\" \/>\n<meta property=\"og:locale\" content=\"pt_BR\" \/>\n<meta property=\"og:type\" content=\"article\" \/>\n<meta property=\"og:title\" content=\"&#039;Nossos corpos n\u00e3o s\u00e3o mero objeto de desejo&#039; - Notibras\" \/>\n<meta property=\"og:description\" content=\"Um grupo de dez mulheres tiraram suas roupas e marcharam pela capital chilena em uma tentativa de aumentar a conscientiza\u00e7\u00e3o antes de uma grande manifesta\u00e7\u00e3o feminista marcada para esta sexta, 8, Dia Internacional da Mulher. Desfilando pelas ruas da cidade com apenas tinta corporal para preservar suas partes \u00edntimas, as manifestantes tamb\u00e9m cobriram as paredes [&hellip;]\" \/>\n<meta property=\"og:url\" content=\"https:\/\/www.notibras.com\/site\/nossos-corpos-nao-sao-mero-objeto-de-desejo\/\" \/>\n<meta property=\"og:site_name\" content=\"Notibras\" \/>\n<meta property=\"article:publisher\" content=\"https:\/\/www.facebook.com\/notibras\/\" \/>\n<meta property=\"article:published_time\" content=\"2019-03-08T10:00:31+00:00\" \/>\n<meta property=\"article:modified_time\" content=\"2019-03-08T10:46:15+00:00\" \/>\n<meta property=\"og:image\" content=\"https:\/\/www.notibras.com\/site\/wp-content\/uploads\/2019\/03\/mulher-chile.png\" \/>\n\t<meta property=\"og:image:width\" content=\"1000\" \/>\n\t<meta property=\"og:image:height\" content=\"541\" \/>\n\t<meta property=\"og:image:type\" content=\"image\/png\" \/>\n<meta name=\"author\" content=\"Reda\u00e7\u00e3o\" \/>\n<meta name=\"twitter:card\" content=\"summary_large_image\" \/>\n<meta name=\"twitter:creator\" content=\"@Notibras\" \/>\n<meta name=\"twitter:site\" content=\"@Notibras\" \/>\n<meta name=\"twitter:label1\" content=\"Escrito por\" \/>\n\t<meta name=\"twitter:data1\" content=\"Reda\u00e7\u00e3o\" \/>\n\t<meta name=\"twitter:label2\" content=\"Est. tempo de leitura\" \/>\n\t<meta name=\"twitter:data2\" content=\"1 minuto\" \/>\n<script type=\"application\/ld+json\" class=\"yoast-schema-graph\">{\"@context\":\"https:\/\/schema.org\",\"@graph\":[{\"@type\":\"Article\",\"@id\":\"https:\/\/www.notibras.com\/site\/nossos-corpos-nao-sao-mero-objeto-de-desejo\/#article\",\"isPartOf\":{\"@id\":\"https:\/\/www.notibras.com\/site\/nossos-corpos-nao-sao-mero-objeto-de-desejo\/\"},\"author\":{\"name\":\"Reda\u00e7\u00e3o\",\"@id\":\"https:\/\/www.notibras.com\/site\/#\/schema\/person\/36ab0979449956132d3e5b517ea76ac8\"},\"headline\":\"&#8216;Nossos corpos n\u00e3o s\u00e3o mero objeto de desejo&#8217;\",\"datePublished\":\"2019-03-08T10:00:31+00:00\",\"dateModified\":\"2019-03-08T10:46:15+00:00\",\"mainEntityOfPage\":{\"@id\":\"https:\/\/www.notibras.com\/site\/nossos-corpos-nao-sao-mero-objeto-de-desejo\/\"},\"wordCount\":215,\"publisher\":{\"@id\":\"https:\/\/www.notibras.com\/site\/#organization\"},\"image\":{\"@id\":\"https:\/\/www.notibras.com\/site\/nossos-corpos-nao-sao-mero-objeto-de-desejo\/#primaryimage\"},\"thumbnailUrl\":\"https:\/\/www.notibras.com\/site\/wp-content\/uploads\/2019\/03\/mulher-chile.png\",\"keywords\":[\"capa\"],\"articleSection\":[\"Mulher\"],\"inLanguage\":\"pt-BR\"},{\"@type\":\"WebPage\",\"@id\":\"https:\/\/www.notibras.com\/site\/nossos-corpos-nao-sao-mero-objeto-de-desejo\/\",\"url\":\"https:\/\/www.notibras.com\/site\/nossos-corpos-nao-sao-mero-objeto-de-desejo\/\",\"name\":\"'Nossos corpos n\u00e3o s\u00e3o mero objeto de desejo' - Notibras\",\"isPartOf\":{\"@id\":\"https:\/\/www.notibras.com\/site\/#website\"},\"primaryImageOfPage\":{\"@id\":\"https:\/\/www.notibras.com\/site\/nossos-corpos-nao-sao-mero-objeto-de-desejo\/#primaryimage\"},\"image\":{\"@id\":\"https:\/\/www.notibras.com\/site\/nossos-corpos-nao-sao-mero-objeto-de-desejo\/#primaryimage\"},\"thumbnailUrl\":\"https:\/\/www.notibras.com\/site\/wp-content\/uploads\/2019\/03\/mulher-chile.png\",\"datePublished\":\"2019-03-08T10:00:31+00:00\",\"dateModified\":\"2019-03-08T10:46:15+00:00\",\"breadcrumb\":{\"@id\":\"https:\/\/www.notibras.com\/site\/nossos-corpos-nao-sao-mero-objeto-de-desejo\/#breadcrumb\"},\"inLanguage\":\"pt-BR\",\"potentialAction\":[{\"@type\":\"ReadAction\",\"target\":[\"https:\/\/www.notibras.com\/site\/nossos-corpos-nao-sao-mero-objeto-de-desejo\/\"]}]},{\"@type\":\"ImageObject\",\"inLanguage\":\"pt-BR\",\"@id\":\"https:\/\/www.notibras.com\/site\/nossos-corpos-nao-sao-mero-objeto-de-desejo\/#primaryimage\",\"url\":\"https:\/\/www.notibras.com\/site\/wp-content\/uploads\/2019\/03\/mulher-chile.png\",\"contentUrl\":\"https:\/\/www.notibras.com\/site\/wp-content\/uploads\/2019\/03\/mulher-chile.png\",\"width\":1000,\"height\":541,\"caption\":\"Foto\/Sputniknews\"},{\"@type\":\"BreadcrumbList\",\"@id\":\"https:\/\/www.notibras.com\/site\/nossos-corpos-nao-sao-mero-objeto-de-desejo\/#breadcrumb\",\"itemListElement\":[{\"@type\":\"ListItem\",\"position\":1,\"name\":\"In\u00edcio\",\"item\":\"https:\/\/www.notibras.com\/site\/\"},{\"@type\":\"ListItem\",\"position\":2,\"name\":\"&#8216;Nossos corpos n\u00e3o s\u00e3o mero objeto de desejo&#8217;\"}]},{\"@type\":\"WebSite\",\"@id\":\"https:\/\/www.notibras.com\/site\/#website\",\"url\":\"https:\/\/www.notibras.com\/site\/\",\"name\":\"Notibras\",\"description\":\"Not\u00edcias de Bras\u00edlia, do Brasil e do Mundo\",\"publisher\":{\"@id\":\"https:\/\/www.notibras.com\/site\/#organization\"},\"potentialAction\":[{\"@type\":\"SearchAction\",\"target\":{\"@type\":\"EntryPoint\",\"urlTemplate\":\"https:\/\/www.notibras.com\/site\/?s={search_term_string}\"},\"query-input\":{\"@type\":\"PropertyValueSpecification\",\"valueRequired\":true,\"valueName\":\"search_term_string\"}}],\"inLanguage\":\"pt-BR\"},{\"@type\":\"Organization\",\"@id\":\"https:\/\/www.notibras.com\/site\/#organization\",\"name\":\"Grupo Notibras de Comunica\u00e7\u00e3o\",\"url\":\"https:\/\/www.notibras.com\/site\/\",\"logo\":{\"@type\":\"ImageObject\",\"inLanguage\":\"pt-BR\",\"@id\":\"https:\/\/www.notibras.com\/site\/#\/schema\/logo\/image\/\",\"url\":\"https:\/\/www.notibras.com\/site\/wp-content\/uploads\/2023\/01\/notibras23.png\",\"contentUrl\":\"https:\/\/www.notibras.com\/site\/wp-content\/uploads\/2023\/01\/notibras23.png\",\"width\":350,\"height\":87,\"caption\":\"Grupo Notibras de Comunica\u00e7\u00e3o\"},\"image\":{\"@id\":\"https:\/\/www.notibras.com\/site\/#\/schema\/logo\/image\/\"},\"sameAs\":[\"https:\/\/www.facebook.com\/notibras\/\",\"https:\/\/x.com\/Notibras\",\"https:\/\/www.instagram.com\/notibras\/\"]},{\"@type\":\"Person\",\"@id\":\"https:\/\/www.notibras.com\/site\/#\/schema\/person\/36ab0979449956132d3e5b517ea76ac8\",\"name\":\"Reda\u00e7\u00e3o\",\"image\":{\"@type\":\"ImageObject\",\"inLanguage\":\"pt-BR\",\"@id\":\"https:\/\/secure.gravatar.com\/avatar\/e0a867bdedb85fd243eadf09663511f96fc81e0720a4a42581f334ad4303aa6b?s=96&d=mm&r=g\",\"url\":\"https:\/\/secure.gravatar.com\/avatar\/e0a867bdedb85fd243eadf09663511f96fc81e0720a4a42581f334ad4303aa6b?s=96&d=mm&r=g\",\"contentUrl\":\"https:\/\/secure.gravatar.com\/avatar\/e0a867bdedb85fd243eadf09663511f96fc81e0720a4a42581f334ad4303aa6b?s=96&d=mm&r=g\",\"caption\":\"Reda\u00e7\u00e3o\"}}]}<\/script>\n<!-- \/ Yoast SEO plugin. -->","yoast_head_json":{"title":"'Nossos corpos n\u00e3o s\u00e3o mero objeto de desejo' - Notibras","robots":{"index":"index","follow":"follow","max-snippet":"max-snippet:-1","max-image-preview":"max-image-preview:large","max-video-preview":"max-video-preview:-1"},"canonical":"https:\/\/www.notibras.com\/site\/nossos-corpos-nao-sao-mero-objeto-de-desejo\/","og_locale":"pt_BR","og_type":"article","og_title":"'Nossos corpos n\u00e3o s\u00e3o mero objeto de desejo' - Notibras","og_description":"Um grupo de dez mulheres tiraram suas roupas e marcharam pela capital chilena em uma tentativa de aumentar a conscientiza\u00e7\u00e3o antes de uma grande manifesta\u00e7\u00e3o feminista marcada para esta sexta, 8, Dia Internacional da Mulher. Desfilando pelas ruas da cidade com apenas tinta corporal para preservar suas partes \u00edntimas, as manifestantes tamb\u00e9m cobriram as paredes [&hellip;]","og_url":"https:\/\/www.notibras.com\/site\/nossos-corpos-nao-sao-mero-objeto-de-desejo\/","og_site_name":"Notibras","article_publisher":"https:\/\/www.facebook.com\/notibras\/","article_published_time":"2019-03-08T10:00:31+00:00","article_modified_time":"2019-03-08T10:46:15+00:00","og_image":[{"width":1000,"height":541,"url":"https:\/\/www.notibras.com\/site\/wp-content\/uploads\/2019\/03\/mulher-chile.png","type":"image\/png"}],"author":"Reda\u00e7\u00e3o","twitter_card":"summary_large_image","twitter_creator":"@Notibras","twitter_site":"@Notibras","twitter_misc":{"Escrito por":"Reda\u00e7\u00e3o","Est. tempo de leitura":"1 minuto"},"schema":{"@context":"https:\/\/schema.org","@graph":[{"@type":"Article","@id":"https:\/\/www.notibras.com\/site\/nossos-corpos-nao-sao-mero-objeto-de-desejo\/#article","isPartOf":{"@id":"https:\/\/www.notibras.com\/site\/nossos-corpos-nao-sao-mero-objeto-de-desejo\/"},"author":{"name":"Reda\u00e7\u00e3o","@id":"https:\/\/www.notibras.com\/site\/#\/schema\/person\/36ab0979449956132d3e5b517ea76ac8"},"headline":"&#8216;Nossos corpos n\u00e3o s\u00e3o mero objeto de desejo&#8217;","datePublished":"2019-03-08T10:00:31+00:00","dateModified":"2019-03-08T10:46:15+00:00","mainEntityOfPage":{"@id":"https:\/\/www.notibras.com\/site\/nossos-corpos-nao-sao-mero-objeto-de-desejo\/"},"wordCount":215,"publisher":{"@id":"https:\/\/www.notibras.com\/site\/#organization"},"image":{"@id":"https:\/\/www.notibras.com\/site\/nossos-corpos-nao-sao-mero-objeto-de-desejo\/#primaryimage"},"thumbnailUrl":"https:\/\/www.notibras.com\/site\/wp-content\/uploads\/2019\/03\/mulher-chile.png","keywords":["capa"],"articleSection":["Mulher"],"inLanguage":"pt-BR"},{"@type":"WebPage","@id":"https:\/\/www.notibras.com\/site\/nossos-corpos-nao-sao-mero-objeto-de-desejo\/","url":"https:\/\/www.notibras.com\/site\/nossos-corpos-nao-sao-mero-objeto-de-desejo\/","name":"'Nossos corpos n\u00e3o s\u00e3o mero objeto de desejo' - Notibras","isPartOf":{"@id":"https:\/\/www.notibras.com\/site\/#website"},"primaryImageOfPage":{"@id":"https:\/\/www.notibras.com\/site\/nossos-corpos-nao-sao-mero-objeto-de-desejo\/#primaryimage"},"image":{"@id":"https:\/\/www.notibras.com\/site\/nossos-corpos-nao-sao-mero-objeto-de-desejo\/#primaryimage"},"thumbnailUrl":"https:\/\/www.notibras.com\/site\/wp-content\/uploads\/2019\/03\/mulher-chile.png","datePublished":"2019-03-08T10:00:31+00:00","dateModified":"2019-03-08T10:46:15+00:00","breadcrumb":{"@id":"https:\/\/www.notibras.com\/site\/nossos-corpos-nao-sao-mero-objeto-de-desejo\/#breadcrumb"},"inLanguage":"pt-BR","potentialAction":[{"@type":"ReadAction","target":["https:\/\/www.notibras.com\/site\/nossos-corpos-nao-sao-mero-objeto-de-desejo\/"]}]},{"@type":"ImageObject","inLanguage":"pt-BR","@id":"https:\/\/www.notibras.com\/site\/nossos-corpos-nao-sao-mero-objeto-de-desejo\/#primaryimage","url":"https:\/\/www.notibras.com\/site\/wp-content\/uploads\/2019\/03\/mulher-chile.png","contentUrl":"https:\/\/www.notibras.com\/site\/wp-content\/uploads\/2019\/03\/mulher-chile.png","width":1000,"height":541,"caption":"Foto\/Sputniknews"},{"@type":"BreadcrumbList","@id":"https:\/\/www.notibras.com\/site\/nossos-corpos-nao-sao-mero-objeto-de-desejo\/#breadcrumb","itemListElement":[{"@type":"ListItem","position":1,"name":"In\u00edcio","item":"https:\/\/www.notibras.com\/site\/"},{"@type":"ListItem","position":2,"name":"&#8216;Nossos corpos n\u00e3o s\u00e3o mero objeto de desejo&#8217;"}]},{"@type":"WebSite","@id":"https:\/\/www.notibras.com\/site\/#website","url":"https:\/\/www.notibras.com\/site\/","name":"Notibras","description":"Not\u00edcias de Bras\u00edlia, do Brasil e do Mundo","publisher":{"@id":"https:\/\/www.notibras.com\/site\/#organization"},"potentialAction":[{"@type":"SearchAction","target":{"@type":"EntryPoint","urlTemplate":"https:\/\/www.notibras.com\/site\/?s={search_term_string}"},"query-input":{"@type":"PropertyValueSpecification","valueRequired":true,"valueName":"search_term_string"}}],"inLanguage":"pt-BR"},{"@type":"Organization","@id":"https:\/\/www.notibras.com\/site\/#organization","name":"Grupo Notibras de Comunica\u00e7\u00e3o","url":"https:\/\/www.notibras.com\/site\/","logo":{"@type":"ImageObject","inLanguage":"pt-BR","@id":"https:\/\/www.notibras.com\/site\/#\/schema\/logo\/image\/","url":"https:\/\/www.notibras.com\/site\/wp-content\/uploads\/2023\/01\/notibras23.png","contentUrl":"https:\/\/www.notibras.com\/site\/wp-content\/uploads\/2023\/01\/notibras23.png","width":350,"height":87,"caption":"Grupo Notibras de Comunica\u00e7\u00e3o"},"image":{"@id":"https:\/\/www.notibras.com\/site\/#\/schema\/logo\/image\/"},"sameAs":["https:\/\/www.facebook.com\/notibras\/","https:\/\/x.com\/Notibras","https:\/\/www.instagram.com\/notibras\/"]},{"@type":"Person","@id":"https:\/\/www.notibras.com\/site\/#\/schema\/person\/36ab0979449956132d3e5b517ea76ac8","name":"Reda\u00e7\u00e3o","image":{"@type":"ImageObject","inLanguage":"pt-BR","@id":"https:\/\/secure.gravatar.com\/avatar\/e0a867bdedb85fd243eadf09663511f96fc81e0720a4a42581f334ad4303aa6b?s=96&d=mm&r=g","url":"https:\/\/secure.gravatar.com\/avatar\/e0a867bdedb85fd243eadf09663511f96fc81e0720a4a42581f334ad4303aa6b?s=96&d=mm&r=g","contentUrl":"https:\/\/secure.gravatar.com\/avatar\/e0a867bdedb85fd243eadf09663511f96fc81e0720a4a42581f334ad4303aa6b?s=96&d=mm&r=g","caption":"Reda\u00e7\u00e3o"}}]}},"amp_enabled":true,"_links":{"self":[{"href":"https:\/\/www.notibras.com\/site\/wp-json\/wp\/v2\/posts\/204278","targetHints":{"allow":["GET"]}}],"collection":[{"href":"https:\/\/www.notibras.com\/site\/wp-json\/wp\/v2\/posts"}],"about":[{"href":"https:\/\/www.notibras.com\/site\/wp-json\/wp\/v2\/types\/post"}],"author":[{"embeddable":true,"href":"https:\/\/www.notibras.com\/site\/wp-json\/wp\/v2\/users\/2"}],"replies":[{"embeddable":true,"href":"https:\/\/www.notibras.com\/site\/wp-json\/wp\/v2\/comments?post=204278"}],"version-history":[{"count":1,"href":"https:\/\/www.notibras.com\/site\/wp-json\/wp\/v2\/posts\/204278\/revisions"}],"predecessor-version":[{"id":204280,"href":"https:\/\/www.notibras.com\/site\/wp-json\/wp\/v2\/posts\/204278\/revisions\/204280"}],"wp:featuredmedia":[{"embeddable":true,"href":"https:\/\/www.notibras.com\/site\/wp-json\/wp\/v2\/media\/204279"}],"wp:attachment":[{"href":"https:\/\/www.notibras.com\/site\/wp-json\/wp\/v2\/media?parent=204278"}],"wp:term":[{"taxonomy":"category","embeddable":true,"href":"https:\/\/www.notibras.com\/site\/wp-json\/wp\/v2\/categories?post=204278"},{"taxonomy":"post_tag","embeddable":true,"href":"https:\/\/www.notibras.com\/site\/wp-json\/wp\/v2\/tags?post=204278"}],"curies":[{"name":"wp","href":"https:\/\/api.w.org\/{rel}","templated":true}]}}