{"id":20428,"date":"2014-08-22T11:02:44","date_gmt":"2014-08-22T14:02:44","guid":{"rendered":"http:\/\/www.notibras.com\/site\/?p=20428"},"modified":"2014-08-22T17:08:58","modified_gmt":"2014-08-22T20:08:58","slug":"petistas-sao-demagogos-e-oportunistas-diz-paulo-souto-do-democratas","status":"publish","type":"post","link":"https:\/\/www.notibras.com\/site\/petistas-sao-demagogos-e-oportunistas-diz-paulo-souto-do-democratas\/","title":{"rendered":"Petista \u00e9 demagogo e oportunista, diz Paulo Souto, do Democratas"},"content":{"rendered":"<p>Paulo Souto, candidato ao governo da Bahia pelo Democratas disse que o PT tem duas posturas a depender se est\u00e1 na oposi\u00e7\u00e3o ou situa\u00e7\u00e3o. A declara\u00e7\u00e3o foi feita em entrevista \u00e0 r\u00e1dio CBN, em Salvador, na quinta-feira 21.<\/p>\n<p>Como exemplo, ele disse que tentou aprovar uma lei que permitia que hospitais p\u00fablicos fossem administrados por entidades filantr\u00f3picas na sua primeira gest\u00e3o (em 1995) e o PT foi contra, alegando que seria uma privatiza\u00e7\u00e3o da sa\u00fade.<\/p>\n<p>No segundo governo de Souto (em 2003), ele disse que reformulou a lei, mas &#8220;o PT votou contra (na Assembleia Legislativa) e fez o que podia para atrapalhar&#8221;. O modelo de gest\u00e3o acabou aprovado.<\/p>\n<blockquote><p>&#8220;Entraram no governo e eu fiquei surpreso, porque mantiveram a lei. Todos os novos hospitais foram geridos por essas organiza\u00e7\u00f5es e ainda foram al\u00e9m: entregaram um hospital (do Sub\u00farbio) para o setor privado. Eu n\u00e3o sou contra, o que condeno \u00e9 a falta de coer\u00eancia. Uma coisa \u00e9 quando est\u00e1 na oposi\u00e7\u00e3o e outra na gest\u00e3o. Isso \u00e9 oportunismo pol\u00edtico e n\u00e3o espere isso de mim&#8221;, criticou Souto.<\/p><\/blockquote>\n","protected":false},"excerpt":{"rendered":"<p>Paulo Souto, candidato ao governo da Bahia pelo Democratas disse que o PT tem duas posturas a depender se est\u00e1 na oposi\u00e7\u00e3o ou situa\u00e7\u00e3o. A declara\u00e7\u00e3o foi feita em entrevista \u00e0 r\u00e1dio CBN, em Salvador, na quinta-feira 21. Como exemplo, ele disse que tentou aprovar uma lei que permitia que hospitais p\u00fablicos fossem administrados por [&hellip;]<\/p>\n","protected":false},"author":2,"featured_media":20429,"comment_status":"open","ping_status":"closed","sticky":false,"template":"","format":"standard","meta":{"_acf_changed":false,"footnotes":""},"categories":[33],"tags":[],"class_list":["post-20428","post","type-post","status-publish","format-standard","has-post-thumbnail","hentry","category-eleicoes-2014"],"acf":[],"_links":{"self":[{"href":"https:\/\/www.notibras.com\/site\/wp-json\/wp\/v2\/posts\/20428","targetHints":{"allow":["GET"]}}],"collection":[{"href":"https:\/\/www.notibras.com\/site\/wp-json\/wp\/v2\/posts"}],"about":[{"href":"https:\/\/www.notibras.com\/site\/wp-json\/wp\/v2\/types\/post"}],"author":[{"embeddable":true,"href":"https:\/\/www.notibras.com\/site\/wp-json\/wp\/v2\/users\/2"}],"replies":[{"embeddable":true,"href":"https:\/\/www.notibras.com\/site\/wp-json\/wp\/v2\/comments?post=20428"}],"version-history":[{"count":0,"href":"https:\/\/www.notibras.com\/site\/wp-json\/wp\/v2\/posts\/20428\/revisions"}],"wp:featuredmedia":[{"embeddable":true,"href":"https:\/\/www.notibras.com\/site\/wp-json\/wp\/v2\/media\/20429"}],"wp:attachment":[{"href":"https:\/\/www.notibras.com\/site\/wp-json\/wp\/v2\/media?parent=20428"}],"wp:term":[{"taxonomy":"category","embeddable":true,"href":"https:\/\/www.notibras.com\/site\/wp-json\/wp\/v2\/categories?post=20428"},{"taxonomy":"post_tag","embeddable":true,"href":"https:\/\/www.notibras.com\/site\/wp-json\/wp\/v2\/tags?post=20428"}],"curies":[{"name":"wp","href":"https:\/\/api.w.org\/{rel}","templated":true}]}}