{"id":204311,"date":"2019-03-08T10:30:15","date_gmt":"2019-03-08T13:30:15","guid":{"rendered":"https:\/\/www.notibras.com\/site\/?p=204311"},"modified":"2019-03-08T10:54:34","modified_gmt":"2019-03-08T13:54:34","slug":"uma-joia-rara-mulher-merece-mais-carinho-e-nosso-respeito","status":"publish","type":"post","link":"https:\/\/www.notibras.com\/site\/uma-joia-rara-mulher-merece-mais-carinho-e-nosso-respeito\/","title":{"rendered":"&#8216;Uma joia rara, mulher merece mais carinho e nosso respeito&#8217;"},"content":{"rendered":"<p>O presidente Jair Bolsonaro fez veicular uma mensagem sobre o Dia Internacional da Mulher nesta sexta, 8. Ele prometeu a\u00e7\u00f5es para aumentar a representatividade da mulher no Pa\u00eds. Ele publicou um v\u00eddeo em que a ministra Damares Alves, da pasta da Mulher, Fam\u00edlia e Direitos Humanos cita dados sobre viol\u00eancia contra mulheres.<\/p>\n<p>&#8220;Qualquer celebra\u00e7\u00e3o deve vir acompanhada de propostas e que respeitemos o feeling da mulher&#8221;, escreveu o presidente. &#8220;Infelizmente n\u00e3o depende s\u00f3 de mim para que muitas das pautas j\u00e1 conhecidas avancem. De tudo faremos que estas j\u00f3ias raras ao fim dos pr\u00f3ximos 4 anos possam se sentir mais representadas.&#8221;<\/p>\n<p>Em seu v\u00eddeo, Damares diz que &#8220;a mulher n\u00e3o sofre viol\u00eancia s\u00f3 dentro de casa, sofre no \u00f4nibus, no metr\u00f4&#8221;. A ministra enfatiza que &#8220;o que vemos no Brasil \u00e9 um desrespeito. Vamos refor\u00e7ar a rede de prote\u00e7\u00e3o \u00e0 mulher e o minist\u00e9rio vem com esta ideia.&#8221;<\/p>\n<p>Damares tamb\u00e9m aborda o ensino domiciliar, tema que est\u00e1 entre as prioridades da pasta para o 100 primeiros dias de governo.<\/p>\n<p>&#8220;Quando falamos do ensino domiciliar, estamos trabalhando uma necessidade de muitas fam\u00edlias do Brasil. O projeto tem um parecer favor\u00e1vel no Congresso. Nosso minist\u00e9rio apresenta como proposta uma MP para regulamentar o ensino regulamentar porque quando ela entra, ela j\u00e1 d\u00e1 guarita \u00e0s fam\u00edlias que j\u00e1 fazem o ensino domiciliar.&#8221;<\/p>\n<p><strong>Assista ao v\u00eddeo<\/strong><\/p>\n<blockquote class=\"twitter-tweet\" data-width=\"550\" data-dnt=\"true\">\n<p lang=\"pt\" dir=\"ltr\">Qualquer celebra\u00e7\u00e3o deve vir acompanhada de propostas e que respeitemos o feeling da mulher. Infelizmente n\u00e3o depende s\u00f3 de mim para que muitas das pautas j\u00e1 conhecidas avancem. De tudo faremos que estas j\u00f3ias raras ao fim dos pr\u00f3ximos 4 anos possam se sentir mais representadas. <a href=\"https:\/\/t.co\/DeebaAKHBU\">pic.twitter.com\/DeebaAKHBU<\/a><\/p>\n<p>&mdash; Jair M. Bolsonaro (@jairbolsonaro) <a href=\"https:\/\/twitter.com\/jairbolsonaro\/status\/1103993261214048257?ref_src=twsrc%5Etfw\">March 8, 2019<\/a><\/p><\/blockquote>\n<p><script async src=\"https:\/\/platform.twitter.com\/widgets.js\" charset=\"utf-8\"><\/script><\/p>\n","protected":false},"excerpt":{"rendered":"<p>O presidente Jair Bolsonaro fez veicular uma mensagem sobre o Dia Internacional da Mulher nesta sexta, 8. Ele prometeu a\u00e7\u00f5es para aumentar a representatividade da mulher no Pa\u00eds. Ele publicou um v\u00eddeo em que a ministra Damares Alves, da pasta da Mulher, Fam\u00edlia e Direitos Humanos cita dados sobre viol\u00eancia contra mulheres. &#8220;Qualquer celebra\u00e7\u00e3o deve [&hellip;]<\/p>\n","protected":false},"author":2,"featured_media":204313,"comment_status":"closed","ping_status":"closed","sticky":false,"template":"","format":"standard","meta":{"_acf_changed":false,"footnotes":""},"categories":[16],"tags":[95],"class_list":["post-204311","post","type-post","status-publish","format-standard","has-post-thumbnail","hentry","category-brasil","tag-capa"],"acf":[],"yoast_head":"<!-- This site is optimized with the Yoast SEO plugin v27.2 - https:\/\/yoast.com\/product\/yoast-seo-wordpress\/ -->\n<title>&#039;Uma joia rara, mulher merece mais carinho e nosso respeito&#039; - Notibras<\/title>\n<meta name=\"robots\" content=\"index, follow, max-snippet:-1, max-image-preview:large, max-video-preview:-1\" \/>\n<link rel=\"canonical\" href=\"https:\/\/www.notibras.com\/site\/uma-joia-rara-mulher-merece-mais-carinho-e-nosso-respeito\/\" \/>\n<meta property=\"og:locale\" content=\"pt_BR\" \/>\n<meta property=\"og:type\" content=\"article\" \/>\n<meta property=\"og:title\" content=\"&#039;Uma joia rara, mulher merece mais carinho e nosso respeito&#039; - Notibras\" \/>\n<meta property=\"og:description\" content=\"O presidente Jair Bolsonaro fez veicular uma mensagem sobre o Dia Internacional da Mulher nesta sexta, 8. Ele prometeu a\u00e7\u00f5es para aumentar a representatividade da mulher no Pa\u00eds. Ele publicou um v\u00eddeo em que a ministra Damares Alves, da pasta da Mulher, Fam\u00edlia e Direitos Humanos cita dados sobre viol\u00eancia contra mulheres. &#8220;Qualquer celebra\u00e7\u00e3o deve [&hellip;]\" \/>\n<meta property=\"og:url\" content=\"https:\/\/www.notibras.com\/site\/uma-joia-rara-mulher-merece-mais-carinho-e-nosso-respeito\/\" \/>\n<meta property=\"og:site_name\" content=\"Notibras\" \/>\n<meta property=\"article:publisher\" content=\"https:\/\/www.facebook.com\/notibras\/\" \/>\n<meta property=\"article:published_time\" content=\"2019-03-08T13:30:15+00:00\" \/>\n<meta property=\"article:modified_time\" content=\"2019-03-08T13:54:34+00:00\" \/>\n<meta property=\"og:image\" content=\"https:\/\/www.notibras.com\/site\/wp-content\/uploads\/2019\/03\/damares.8.jpg\" \/>\n\t<meta property=\"og:image:width\" content=\"1140\" \/>\n\t<meta property=\"og:image:height\" content=\"760\" \/>\n\t<meta property=\"og:image:type\" content=\"image\/jpeg\" \/>\n<meta name=\"author\" content=\"Reda\u00e7\u00e3o\" \/>\n<meta name=\"twitter:card\" content=\"summary_large_image\" \/>\n<meta name=\"twitter:creator\" content=\"@Notibras\" \/>\n<meta name=\"twitter:site\" content=\"@Notibras\" \/>\n<meta name=\"twitter:label1\" content=\"Escrito por\" \/>\n\t<meta name=\"twitter:data1\" content=\"Reda\u00e7\u00e3o\" \/>\n\t<meta name=\"twitter:label2\" content=\"Est. tempo de leitura\" \/>\n\t<meta name=\"twitter:data2\" content=\"1 minuto\" \/>\n<script type=\"application\/ld+json\" class=\"yoast-schema-graph\">{\"@context\":\"https:\/\/schema.org\",\"@graph\":[{\"@type\":\"Article\",\"@id\":\"https:\/\/www.notibras.com\/site\/uma-joia-rara-mulher-merece-mais-carinho-e-nosso-respeito\/#article\",\"isPartOf\":{\"@id\":\"https:\/\/www.notibras.com\/site\/uma-joia-rara-mulher-merece-mais-carinho-e-nosso-respeito\/\"},\"author\":{\"name\":\"Reda\u00e7\u00e3o\",\"@id\":\"https:\/\/www.notibras.com\/site\/#\/schema\/person\/36ab0979449956132d3e5b517ea76ac8\"},\"headline\":\"&#8216;Uma joia rara, mulher merece mais carinho e nosso respeito&#8217;\",\"datePublished\":\"2019-03-08T13:30:15+00:00\",\"dateModified\":\"2019-03-08T13:54:34+00:00\",\"mainEntityOfPage\":{\"@id\":\"https:\/\/www.notibras.com\/site\/uma-joia-rara-mulher-merece-mais-carinho-e-nosso-respeito\/\"},\"wordCount\":253,\"publisher\":{\"@id\":\"https:\/\/www.notibras.com\/site\/#organization\"},\"image\":{\"@id\":\"https:\/\/www.notibras.com\/site\/uma-joia-rara-mulher-merece-mais-carinho-e-nosso-respeito\/#primaryimage\"},\"thumbnailUrl\":\"https:\/\/www.notibras.com\/site\/wp-content\/uploads\/2019\/03\/damares.8.jpg\",\"keywords\":[\"capa\"],\"articleSection\":[\"Brasil\"],\"inLanguage\":\"pt-BR\"},{\"@type\":\"WebPage\",\"@id\":\"https:\/\/www.notibras.com\/site\/uma-joia-rara-mulher-merece-mais-carinho-e-nosso-respeito\/\",\"url\":\"https:\/\/www.notibras.com\/site\/uma-joia-rara-mulher-merece-mais-carinho-e-nosso-respeito\/\",\"name\":\"'Uma joia rara, mulher merece mais carinho e nosso respeito' - Notibras\",\"isPartOf\":{\"@id\":\"https:\/\/www.notibras.com\/site\/#website\"},\"primaryImageOfPage\":{\"@id\":\"https:\/\/www.notibras.com\/site\/uma-joia-rara-mulher-merece-mais-carinho-e-nosso-respeito\/#primaryimage\"},\"image\":{\"@id\":\"https:\/\/www.notibras.com\/site\/uma-joia-rara-mulher-merece-mais-carinho-e-nosso-respeito\/#primaryimage\"},\"thumbnailUrl\":\"https:\/\/www.notibras.com\/site\/wp-content\/uploads\/2019\/03\/damares.8.jpg\",\"datePublished\":\"2019-03-08T13:30:15+00:00\",\"dateModified\":\"2019-03-08T13:54:34+00:00\",\"breadcrumb\":{\"@id\":\"https:\/\/www.notibras.com\/site\/uma-joia-rara-mulher-merece-mais-carinho-e-nosso-respeito\/#breadcrumb\"},\"inLanguage\":\"pt-BR\",\"potentialAction\":[{\"@type\":\"ReadAction\",\"target\":[\"https:\/\/www.notibras.com\/site\/uma-joia-rara-mulher-merece-mais-carinho-e-nosso-respeito\/\"]}]},{\"@type\":\"ImageObject\",\"inLanguage\":\"pt-BR\",\"@id\":\"https:\/\/www.notibras.com\/site\/uma-joia-rara-mulher-merece-mais-carinho-e-nosso-respeito\/#primaryimage\",\"url\":\"https:\/\/www.notibras.com\/site\/wp-content\/uploads\/2019\/03\/damares.8.jpg\",\"contentUrl\":\"https:\/\/www.notibras.com\/site\/wp-content\/uploads\/2019\/03\/damares.8.jpg\",\"width\":1140,\"height\":760,\"caption\":\"Foto: Wilson Dias\/ABr\"},{\"@type\":\"BreadcrumbList\",\"@id\":\"https:\/\/www.notibras.com\/site\/uma-joia-rara-mulher-merece-mais-carinho-e-nosso-respeito\/#breadcrumb\",\"itemListElement\":[{\"@type\":\"ListItem\",\"position\":1,\"name\":\"In\u00edcio\",\"item\":\"https:\/\/www.notibras.com\/site\/\"},{\"@type\":\"ListItem\",\"position\":2,\"name\":\"&#8216;Uma joia rara, mulher merece mais carinho e nosso respeito&#8217;\"}]},{\"@type\":\"WebSite\",\"@id\":\"https:\/\/www.notibras.com\/site\/#website\",\"url\":\"https:\/\/www.notibras.com\/site\/\",\"name\":\"Notibras\",\"description\":\"Not\u00edcias de Bras\u00edlia, do Brasil e do Mundo\",\"publisher\":{\"@id\":\"https:\/\/www.notibras.com\/site\/#organization\"},\"potentialAction\":[{\"@type\":\"SearchAction\",\"target\":{\"@type\":\"EntryPoint\",\"urlTemplate\":\"https:\/\/www.notibras.com\/site\/?s={search_term_string}\"},\"query-input\":{\"@type\":\"PropertyValueSpecification\",\"valueRequired\":true,\"valueName\":\"search_term_string\"}}],\"inLanguage\":\"pt-BR\"},{\"@type\":\"Organization\",\"@id\":\"https:\/\/www.notibras.com\/site\/#organization\",\"name\":\"Grupo Notibras de Comunica\u00e7\u00e3o\",\"url\":\"https:\/\/www.notibras.com\/site\/\",\"logo\":{\"@type\":\"ImageObject\",\"inLanguage\":\"pt-BR\",\"@id\":\"https:\/\/www.notibras.com\/site\/#\/schema\/logo\/image\/\",\"url\":\"https:\/\/www.notibras.com\/site\/wp-content\/uploads\/2023\/01\/notibras23.png\",\"contentUrl\":\"https:\/\/www.notibras.com\/site\/wp-content\/uploads\/2023\/01\/notibras23.png\",\"width\":350,\"height\":87,\"caption\":\"Grupo Notibras de Comunica\u00e7\u00e3o\"},\"image\":{\"@id\":\"https:\/\/www.notibras.com\/site\/#\/schema\/logo\/image\/\"},\"sameAs\":[\"https:\/\/www.facebook.com\/notibras\/\",\"https:\/\/x.com\/Notibras\",\"https:\/\/www.instagram.com\/notibras\/\"]},{\"@type\":\"Person\",\"@id\":\"https:\/\/www.notibras.com\/site\/#\/schema\/person\/36ab0979449956132d3e5b517ea76ac8\",\"name\":\"Reda\u00e7\u00e3o\",\"image\":{\"@type\":\"ImageObject\",\"inLanguage\":\"pt-BR\",\"@id\":\"https:\/\/secure.gravatar.com\/avatar\/e0a867bdedb85fd243eadf09663511f96fc81e0720a4a42581f334ad4303aa6b?s=96&d=mm&r=g\",\"url\":\"https:\/\/secure.gravatar.com\/avatar\/e0a867bdedb85fd243eadf09663511f96fc81e0720a4a42581f334ad4303aa6b?s=96&d=mm&r=g\",\"contentUrl\":\"https:\/\/secure.gravatar.com\/avatar\/e0a867bdedb85fd243eadf09663511f96fc81e0720a4a42581f334ad4303aa6b?s=96&d=mm&r=g\",\"caption\":\"Reda\u00e7\u00e3o\"}}]}<\/script>\n<!-- \/ Yoast SEO plugin. -->","yoast_head_json":{"title":"'Uma joia rara, mulher merece mais carinho e nosso respeito' - Notibras","robots":{"index":"index","follow":"follow","max-snippet":"max-snippet:-1","max-image-preview":"max-image-preview:large","max-video-preview":"max-video-preview:-1"},"canonical":"https:\/\/www.notibras.com\/site\/uma-joia-rara-mulher-merece-mais-carinho-e-nosso-respeito\/","og_locale":"pt_BR","og_type":"article","og_title":"'Uma joia rara, mulher merece mais carinho e nosso respeito' - Notibras","og_description":"O presidente Jair Bolsonaro fez veicular uma mensagem sobre o Dia Internacional da Mulher nesta sexta, 8. Ele prometeu a\u00e7\u00f5es para aumentar a representatividade da mulher no Pa\u00eds. Ele publicou um v\u00eddeo em que a ministra Damares Alves, da pasta da Mulher, Fam\u00edlia e Direitos Humanos cita dados sobre viol\u00eancia contra mulheres. &#8220;Qualquer celebra\u00e7\u00e3o deve [&hellip;]","og_url":"https:\/\/www.notibras.com\/site\/uma-joia-rara-mulher-merece-mais-carinho-e-nosso-respeito\/","og_site_name":"Notibras","article_publisher":"https:\/\/www.facebook.com\/notibras\/","article_published_time":"2019-03-08T13:30:15+00:00","article_modified_time":"2019-03-08T13:54:34+00:00","og_image":[{"width":1140,"height":760,"url":"https:\/\/www.notibras.com\/site\/wp-content\/uploads\/2019\/03\/damares.8.jpg","type":"image\/jpeg"}],"author":"Reda\u00e7\u00e3o","twitter_card":"summary_large_image","twitter_creator":"@Notibras","twitter_site":"@Notibras","twitter_misc":{"Escrito por":"Reda\u00e7\u00e3o","Est. tempo de leitura":"1 minuto"},"schema":{"@context":"https:\/\/schema.org","@graph":[{"@type":"Article","@id":"https:\/\/www.notibras.com\/site\/uma-joia-rara-mulher-merece-mais-carinho-e-nosso-respeito\/#article","isPartOf":{"@id":"https:\/\/www.notibras.com\/site\/uma-joia-rara-mulher-merece-mais-carinho-e-nosso-respeito\/"},"author":{"name":"Reda\u00e7\u00e3o","@id":"https:\/\/www.notibras.com\/site\/#\/schema\/person\/36ab0979449956132d3e5b517ea76ac8"},"headline":"&#8216;Uma joia rara, mulher merece mais carinho e nosso respeito&#8217;","datePublished":"2019-03-08T13:30:15+00:00","dateModified":"2019-03-08T13:54:34+00:00","mainEntityOfPage":{"@id":"https:\/\/www.notibras.com\/site\/uma-joia-rara-mulher-merece-mais-carinho-e-nosso-respeito\/"},"wordCount":253,"publisher":{"@id":"https:\/\/www.notibras.com\/site\/#organization"},"image":{"@id":"https:\/\/www.notibras.com\/site\/uma-joia-rara-mulher-merece-mais-carinho-e-nosso-respeito\/#primaryimage"},"thumbnailUrl":"https:\/\/www.notibras.com\/site\/wp-content\/uploads\/2019\/03\/damares.8.jpg","keywords":["capa"],"articleSection":["Brasil"],"inLanguage":"pt-BR"},{"@type":"WebPage","@id":"https:\/\/www.notibras.com\/site\/uma-joia-rara-mulher-merece-mais-carinho-e-nosso-respeito\/","url":"https:\/\/www.notibras.com\/site\/uma-joia-rara-mulher-merece-mais-carinho-e-nosso-respeito\/","name":"'Uma joia rara, mulher merece mais carinho e nosso respeito' - Notibras","isPartOf":{"@id":"https:\/\/www.notibras.com\/site\/#website"},"primaryImageOfPage":{"@id":"https:\/\/www.notibras.com\/site\/uma-joia-rara-mulher-merece-mais-carinho-e-nosso-respeito\/#primaryimage"},"image":{"@id":"https:\/\/www.notibras.com\/site\/uma-joia-rara-mulher-merece-mais-carinho-e-nosso-respeito\/#primaryimage"},"thumbnailUrl":"https:\/\/www.notibras.com\/site\/wp-content\/uploads\/2019\/03\/damares.8.jpg","datePublished":"2019-03-08T13:30:15+00:00","dateModified":"2019-03-08T13:54:34+00:00","breadcrumb":{"@id":"https:\/\/www.notibras.com\/site\/uma-joia-rara-mulher-merece-mais-carinho-e-nosso-respeito\/#breadcrumb"},"inLanguage":"pt-BR","potentialAction":[{"@type":"ReadAction","target":["https:\/\/www.notibras.com\/site\/uma-joia-rara-mulher-merece-mais-carinho-e-nosso-respeito\/"]}]},{"@type":"ImageObject","inLanguage":"pt-BR","@id":"https:\/\/www.notibras.com\/site\/uma-joia-rara-mulher-merece-mais-carinho-e-nosso-respeito\/#primaryimage","url":"https:\/\/www.notibras.com\/site\/wp-content\/uploads\/2019\/03\/damares.8.jpg","contentUrl":"https:\/\/www.notibras.com\/site\/wp-content\/uploads\/2019\/03\/damares.8.jpg","width":1140,"height":760,"caption":"Foto: Wilson Dias\/ABr"},{"@type":"BreadcrumbList","@id":"https:\/\/www.notibras.com\/site\/uma-joia-rara-mulher-merece-mais-carinho-e-nosso-respeito\/#breadcrumb","itemListElement":[{"@type":"ListItem","position":1,"name":"In\u00edcio","item":"https:\/\/www.notibras.com\/site\/"},{"@type":"ListItem","position":2,"name":"&#8216;Uma joia rara, mulher merece mais carinho e nosso respeito&#8217;"}]},{"@type":"WebSite","@id":"https:\/\/www.notibras.com\/site\/#website","url":"https:\/\/www.notibras.com\/site\/","name":"Notibras","description":"Not\u00edcias de Bras\u00edlia, do Brasil e do Mundo","publisher":{"@id":"https:\/\/www.notibras.com\/site\/#organization"},"potentialAction":[{"@type":"SearchAction","target":{"@type":"EntryPoint","urlTemplate":"https:\/\/www.notibras.com\/site\/?s={search_term_string}"},"query-input":{"@type":"PropertyValueSpecification","valueRequired":true,"valueName":"search_term_string"}}],"inLanguage":"pt-BR"},{"@type":"Organization","@id":"https:\/\/www.notibras.com\/site\/#organization","name":"Grupo Notibras de Comunica\u00e7\u00e3o","url":"https:\/\/www.notibras.com\/site\/","logo":{"@type":"ImageObject","inLanguage":"pt-BR","@id":"https:\/\/www.notibras.com\/site\/#\/schema\/logo\/image\/","url":"https:\/\/www.notibras.com\/site\/wp-content\/uploads\/2023\/01\/notibras23.png","contentUrl":"https:\/\/www.notibras.com\/site\/wp-content\/uploads\/2023\/01\/notibras23.png","width":350,"height":87,"caption":"Grupo Notibras de Comunica\u00e7\u00e3o"},"image":{"@id":"https:\/\/www.notibras.com\/site\/#\/schema\/logo\/image\/"},"sameAs":["https:\/\/www.facebook.com\/notibras\/","https:\/\/x.com\/Notibras","https:\/\/www.instagram.com\/notibras\/"]},{"@type":"Person","@id":"https:\/\/www.notibras.com\/site\/#\/schema\/person\/36ab0979449956132d3e5b517ea76ac8","name":"Reda\u00e7\u00e3o","image":{"@type":"ImageObject","inLanguage":"pt-BR","@id":"https:\/\/secure.gravatar.com\/avatar\/e0a867bdedb85fd243eadf09663511f96fc81e0720a4a42581f334ad4303aa6b?s=96&d=mm&r=g","url":"https:\/\/secure.gravatar.com\/avatar\/e0a867bdedb85fd243eadf09663511f96fc81e0720a4a42581f334ad4303aa6b?s=96&d=mm&r=g","contentUrl":"https:\/\/secure.gravatar.com\/avatar\/e0a867bdedb85fd243eadf09663511f96fc81e0720a4a42581f334ad4303aa6b?s=96&d=mm&r=g","caption":"Reda\u00e7\u00e3o"}}]}},"amp_enabled":true,"_links":{"self":[{"href":"https:\/\/www.notibras.com\/site\/wp-json\/wp\/v2\/posts\/204311","targetHints":{"allow":["GET"]}}],"collection":[{"href":"https:\/\/www.notibras.com\/site\/wp-json\/wp\/v2\/posts"}],"about":[{"href":"https:\/\/www.notibras.com\/site\/wp-json\/wp\/v2\/types\/post"}],"author":[{"embeddable":true,"href":"https:\/\/www.notibras.com\/site\/wp-json\/wp\/v2\/users\/2"}],"replies":[{"embeddable":true,"href":"https:\/\/www.notibras.com\/site\/wp-json\/wp\/v2\/comments?post=204311"}],"version-history":[{"count":3,"href":"https:\/\/www.notibras.com\/site\/wp-json\/wp\/v2\/posts\/204311\/revisions"}],"predecessor-version":[{"id":204316,"href":"https:\/\/www.notibras.com\/site\/wp-json\/wp\/v2\/posts\/204311\/revisions\/204316"}],"wp:featuredmedia":[{"embeddable":true,"href":"https:\/\/www.notibras.com\/site\/wp-json\/wp\/v2\/media\/204313"}],"wp:attachment":[{"href":"https:\/\/www.notibras.com\/site\/wp-json\/wp\/v2\/media?parent=204311"}],"wp:term":[{"taxonomy":"category","embeddable":true,"href":"https:\/\/www.notibras.com\/site\/wp-json\/wp\/v2\/categories?post=204311"},{"taxonomy":"post_tag","embeddable":true,"href":"https:\/\/www.notibras.com\/site\/wp-json\/wp\/v2\/tags?post=204311"}],"curies":[{"name":"wp","href":"https:\/\/api.w.org\/{rel}","templated":true}]}}