{"id":204326,"date":"2019-03-08T17:50:58","date_gmt":"2019-03-08T20:50:58","guid":{"rendered":"https:\/\/www.notibras.com\/site\/?p=204326"},"modified":"2019-03-09T07:42:10","modified_gmt":"2019-03-09T10:42:10","slug":"generais-afastam-qualquer-intriga-e-bolsonaro-fica-com-mais-moral","status":"publish","type":"post","link":"https:\/\/www.notibras.com\/site\/generais-afastam-qualquer-intriga-e-bolsonaro-fica-com-mais-moral\/","title":{"rendered":"Generais afastam intrigas e d\u00e3o moral a Bolsonaro"},"content":{"rendered":"<p>Jair Bolsonaro ir\u00e1 at\u00e9 o fim do seu mandato. E se o governo dele corresponder \u00e0s expectativas, ser\u00e1 natural que ele dispute uma eventual reelei\u00e7\u00e3o.<\/p>\n<p>Essa \u00e9 a posi\u00e7\u00e3o dos oficiais-generais que cercam o presidente da Rep\u00fablica. Foi manifestada a Notibras em conversas reservadas. E \u00e9 chancelada pelo vice Hamilton Mour\u00e3o.<\/p>\n<p>O consenso \u00e9 de que, se Bolsonaro recebeu aval das for\u00e7as armadas para chegar ao Planalto, teve &#8211; o que \u00e9 ainda mais significativo &#8211; o voto de milh\u00f5es de &#8216;soldados&#8217; (ativos, inativos, familiares, e reservistas) que foram \u00e0s urnas consagrar seu nome.<\/p>\n<p>Um desses oficiais que circula com algumas estrelas prateadas em cada ombro, justifica a unicidade da for\u00e7a: se Bolsonaro fracassar, respingar\u00e1 sobre os pr\u00f3prios militares, desgastando a imagem das tr\u00eas For\u00e7as.<\/p>\n<p>Dentro desse racioc\u00ednio n\u00e3o teria l\u00f3gica a ideia de querer promover a figura de um vice af\u00e1vel, respons\u00e1vel por corrigir supostas falhas atribu\u00eddas ao presidente.<\/p>\n<p>Na verdade, Mour\u00e3o age como escudo &#8211; como de resto, toda a c\u00fapula palaciana. N\u00e3o passa pela cabe\u00e7a de ningu\u00e9m que o exemplo de Temer seja repetido na atual administra\u00e7\u00e3o.<\/p>\n<p>O resumo \u00e9 o seguinte: hoje um general presta contin\u00eancia ao capit\u00e3o, cuja imagem incorpora a de presidente. E vale lembrar que os generais das mais altas patentes do Ex\u00e9rcito s\u00e3o contempor\u00e2neos de turma de Bolsonaro na Academia Militar das Agulhas Negras. Isso por si s\u00f3 torna a rela\u00e7\u00e3o entre eles ainda mais palat\u00e1vel e harm\u00f4nica. E ser\u00e1 assim at\u00e9 o final do mandato.<\/p>\n<p>Nas 3 For\u00e7as a imagem de um capit\u00e3o \u00e9 revestida de especial simbologia. \u00c9 a \u00faltima patente que tem contato direto com a tropa. N\u00e3o \u00e9 \u00e0 toa esta proximidade \u00edmpar de Bolsonaro com seu eleitorado. Assim como, para exercer a presid\u00eancia e a vice-presid\u00eancia, lan\u00e7am m\u00e3o de estrat\u00e9gias de comando castrenses que passam despercebidas a civis, inclusive fil\u00f3sofos, que, neste caso, esbravejam sem conhecimento de causa.<\/p>\n<p>Ou seja, Bolsonaro est\u00e1 bem com os militares. Quem disser o contr\u00e1rio, n\u00e3o fala pelas For\u00e7as Armadas e vai propagar intrigas. Dizer que h\u00e1 diverg\u00eancia, \u00e9 fake news.<\/p>\n","protected":false},"excerpt":{"rendered":"<p>Jair Bolsonaro ir\u00e1 at\u00e9 o fim do seu mandato. E se o governo dele corresponder \u00e0s expectativas, ser\u00e1 natural que ele dispute uma eventual reelei\u00e7\u00e3o. Essa \u00e9 a posi\u00e7\u00e3o dos oficiais-generais que cercam o presidente da Rep\u00fablica. Foi manifestada a Notibras em conversas reservadas. E \u00e9 chancelada pelo vice Hamilton Mour\u00e3o. O consenso \u00e9 de [&hellip;]<\/p>\n","protected":false},"author":2,"featured_media":204327,"comment_status":"closed","ping_status":"closed","sticky":false,"template":"","format":"standard","meta":{"_acf_changed":false,"footnotes":""},"categories":[16],"tags":[95],"class_list":["post-204326","post","type-post","status-publish","format-standard","has-post-thumbnail","hentry","category-brasil","tag-capa"],"acf":[],"yoast_head":"<!-- This site is optimized with the Yoast SEO plugin v27.2 - https:\/\/yoast.com\/product\/yoast-seo-wordpress\/ -->\n<title>Generais afastam intrigas e d\u00e3o moral a Bolsonaro - Notibras<\/title>\n<meta name=\"robots\" content=\"index, follow, max-snippet:-1, max-image-preview:large, max-video-preview:-1\" \/>\n<link rel=\"canonical\" href=\"https:\/\/www.notibras.com\/site\/generais-afastam-qualquer-intriga-e-bolsonaro-fica-com-mais-moral\/\" \/>\n<meta property=\"og:locale\" content=\"pt_BR\" \/>\n<meta property=\"og:type\" content=\"article\" \/>\n<meta property=\"og:title\" content=\"Generais afastam intrigas e d\u00e3o moral a Bolsonaro - Notibras\" \/>\n<meta property=\"og:description\" content=\"Jair Bolsonaro ir\u00e1 at\u00e9 o fim do seu mandato. E se o governo dele corresponder \u00e0s expectativas, ser\u00e1 natural que ele dispute uma eventual reelei\u00e7\u00e3o. Essa \u00e9 a posi\u00e7\u00e3o dos oficiais-generais que cercam o presidente da Rep\u00fablica. Foi manifestada a Notibras em conversas reservadas. E \u00e9 chancelada pelo vice Hamilton Mour\u00e3o. O consenso \u00e9 de [&hellip;]\" \/>\n<meta property=\"og:url\" content=\"https:\/\/www.notibras.com\/site\/generais-afastam-qualquer-intriga-e-bolsonaro-fica-com-mais-moral\/\" \/>\n<meta property=\"og:site_name\" content=\"Notibras\" \/>\n<meta property=\"article:publisher\" content=\"https:\/\/www.facebook.com\/notibras\/\" \/>\n<meta property=\"article:published_time\" content=\"2019-03-08T20:50:58+00:00\" \/>\n<meta property=\"article:modified_time\" content=\"2019-03-09T10:42:10+00:00\" \/>\n<meta property=\"og:image\" content=\"https:\/\/www.notibras.com\/site\/wp-content\/uploads\/2019\/03\/bolsonaro-com-generais-foto-antonio-cruz.jpg\" \/>\n\t<meta property=\"og:image:width\" content=\"1140\" \/>\n\t<meta property=\"og:image:height\" content=\"760\" \/>\n\t<meta property=\"og:image:type\" content=\"image\/jpeg\" \/>\n<meta name=\"author\" content=\"Reda\u00e7\u00e3o\" \/>\n<meta name=\"twitter:card\" content=\"summary_large_image\" \/>\n<meta name=\"twitter:creator\" content=\"@Notibras\" \/>\n<meta name=\"twitter:site\" content=\"@Notibras\" \/>\n<meta name=\"twitter:label1\" content=\"Escrito por\" \/>\n\t<meta name=\"twitter:data1\" content=\"Reda\u00e7\u00e3o\" \/>\n\t<meta name=\"twitter:label2\" content=\"Est. tempo de leitura\" \/>\n\t<meta name=\"twitter:data2\" content=\"2 minutos\" \/>\n<script type=\"application\/ld+json\" class=\"yoast-schema-graph\">{\"@context\":\"https:\/\/schema.org\",\"@graph\":[{\"@type\":\"Article\",\"@id\":\"https:\/\/www.notibras.com\/site\/generais-afastam-qualquer-intriga-e-bolsonaro-fica-com-mais-moral\/#article\",\"isPartOf\":{\"@id\":\"https:\/\/www.notibras.com\/site\/generais-afastam-qualquer-intriga-e-bolsonaro-fica-com-mais-moral\/\"},\"author\":{\"name\":\"Reda\u00e7\u00e3o\",\"@id\":\"https:\/\/www.notibras.com\/site\/#\/schema\/person\/36ab0979449956132d3e5b517ea76ac8\"},\"headline\":\"Generais afastam intrigas e d\u00e3o moral a Bolsonaro\",\"datePublished\":\"2019-03-08T20:50:58+00:00\",\"dateModified\":\"2019-03-09T10:42:10+00:00\",\"mainEntityOfPage\":{\"@id\":\"https:\/\/www.notibras.com\/site\/generais-afastam-qualquer-intriga-e-bolsonaro-fica-com-mais-moral\/\"},\"wordCount\":380,\"publisher\":{\"@id\":\"https:\/\/www.notibras.com\/site\/#organization\"},\"image\":{\"@id\":\"https:\/\/www.notibras.com\/site\/generais-afastam-qualquer-intriga-e-bolsonaro-fica-com-mais-moral\/#primaryimage\"},\"thumbnailUrl\":\"https:\/\/www.notibras.com\/site\/wp-content\/uploads\/2019\/03\/bolsonaro-com-generais-foto-antonio-cruz.jpg\",\"keywords\":[\"capa\"],\"articleSection\":[\"Brasil\"],\"inLanguage\":\"pt-BR\"},{\"@type\":\"WebPage\",\"@id\":\"https:\/\/www.notibras.com\/site\/generais-afastam-qualquer-intriga-e-bolsonaro-fica-com-mais-moral\/\",\"url\":\"https:\/\/www.notibras.com\/site\/generais-afastam-qualquer-intriga-e-bolsonaro-fica-com-mais-moral\/\",\"name\":\"Generais afastam intrigas e d\u00e3o moral a Bolsonaro - Notibras\",\"isPartOf\":{\"@id\":\"https:\/\/www.notibras.com\/site\/#website\"},\"primaryImageOfPage\":{\"@id\":\"https:\/\/www.notibras.com\/site\/generais-afastam-qualquer-intriga-e-bolsonaro-fica-com-mais-moral\/#primaryimage\"},\"image\":{\"@id\":\"https:\/\/www.notibras.com\/site\/generais-afastam-qualquer-intriga-e-bolsonaro-fica-com-mais-moral\/#primaryimage\"},\"thumbnailUrl\":\"https:\/\/www.notibras.com\/site\/wp-content\/uploads\/2019\/03\/bolsonaro-com-generais-foto-antonio-cruz.jpg\",\"datePublished\":\"2019-03-08T20:50:58+00:00\",\"dateModified\":\"2019-03-09T10:42:10+00:00\",\"breadcrumb\":{\"@id\":\"https:\/\/www.notibras.com\/site\/generais-afastam-qualquer-intriga-e-bolsonaro-fica-com-mais-moral\/#breadcrumb\"},\"inLanguage\":\"pt-BR\",\"potentialAction\":[{\"@type\":\"ReadAction\",\"target\":[\"https:\/\/www.notibras.com\/site\/generais-afastam-qualquer-intriga-e-bolsonaro-fica-com-mais-moral\/\"]}]},{\"@type\":\"ImageObject\",\"inLanguage\":\"pt-BR\",\"@id\":\"https:\/\/www.notibras.com\/site\/generais-afastam-qualquer-intriga-e-bolsonaro-fica-com-mais-moral\/#primaryimage\",\"url\":\"https:\/\/www.notibras.com\/site\/wp-content\/uploads\/2019\/03\/bolsonaro-com-generais-foto-antonio-cruz.jpg\",\"contentUrl\":\"https:\/\/www.notibras.com\/site\/wp-content\/uploads\/2019\/03\/bolsonaro-com-generais-foto-antonio-cruz.jpg\",\"width\":1140,\"height\":760,\"caption\":\"Foto: Ant\u00f4nio Cruz\/ABr\"},{\"@type\":\"BreadcrumbList\",\"@id\":\"https:\/\/www.notibras.com\/site\/generais-afastam-qualquer-intriga-e-bolsonaro-fica-com-mais-moral\/#breadcrumb\",\"itemListElement\":[{\"@type\":\"ListItem\",\"position\":1,\"name\":\"In\u00edcio\",\"item\":\"https:\/\/www.notibras.com\/site\/\"},{\"@type\":\"ListItem\",\"position\":2,\"name\":\"Generais afastam intrigas e d\u00e3o moral a Bolsonaro\"}]},{\"@type\":\"WebSite\",\"@id\":\"https:\/\/www.notibras.com\/site\/#website\",\"url\":\"https:\/\/www.notibras.com\/site\/\",\"name\":\"Notibras\",\"description\":\"Not\u00edcias de Bras\u00edlia, do Brasil e do Mundo\",\"publisher\":{\"@id\":\"https:\/\/www.notibras.com\/site\/#organization\"},\"potentialAction\":[{\"@type\":\"SearchAction\",\"target\":{\"@type\":\"EntryPoint\",\"urlTemplate\":\"https:\/\/www.notibras.com\/site\/?s={search_term_string}\"},\"query-input\":{\"@type\":\"PropertyValueSpecification\",\"valueRequired\":true,\"valueName\":\"search_term_string\"}}],\"inLanguage\":\"pt-BR\"},{\"@type\":\"Organization\",\"@id\":\"https:\/\/www.notibras.com\/site\/#organization\",\"name\":\"Grupo Notibras de Comunica\u00e7\u00e3o\",\"url\":\"https:\/\/www.notibras.com\/site\/\",\"logo\":{\"@type\":\"ImageObject\",\"inLanguage\":\"pt-BR\",\"@id\":\"https:\/\/www.notibras.com\/site\/#\/schema\/logo\/image\/\",\"url\":\"https:\/\/www.notibras.com\/site\/wp-content\/uploads\/2023\/01\/notibras23.png\",\"contentUrl\":\"https:\/\/www.notibras.com\/site\/wp-content\/uploads\/2023\/01\/notibras23.png\",\"width\":350,\"height\":87,\"caption\":\"Grupo Notibras de Comunica\u00e7\u00e3o\"},\"image\":{\"@id\":\"https:\/\/www.notibras.com\/site\/#\/schema\/logo\/image\/\"},\"sameAs\":[\"https:\/\/www.facebook.com\/notibras\/\",\"https:\/\/x.com\/Notibras\",\"https:\/\/www.instagram.com\/notibras\/\"]},{\"@type\":\"Person\",\"@id\":\"https:\/\/www.notibras.com\/site\/#\/schema\/person\/36ab0979449956132d3e5b517ea76ac8\",\"name\":\"Reda\u00e7\u00e3o\",\"image\":{\"@type\":\"ImageObject\",\"inLanguage\":\"pt-BR\",\"@id\":\"https:\/\/secure.gravatar.com\/avatar\/e0a867bdedb85fd243eadf09663511f96fc81e0720a4a42581f334ad4303aa6b?s=96&d=mm&r=g\",\"url\":\"https:\/\/secure.gravatar.com\/avatar\/e0a867bdedb85fd243eadf09663511f96fc81e0720a4a42581f334ad4303aa6b?s=96&d=mm&r=g\",\"contentUrl\":\"https:\/\/secure.gravatar.com\/avatar\/e0a867bdedb85fd243eadf09663511f96fc81e0720a4a42581f334ad4303aa6b?s=96&d=mm&r=g\",\"caption\":\"Reda\u00e7\u00e3o\"}}]}<\/script>\n<!-- \/ Yoast SEO plugin. -->","yoast_head_json":{"title":"Generais afastam intrigas e d\u00e3o moral a Bolsonaro - Notibras","robots":{"index":"index","follow":"follow","max-snippet":"max-snippet:-1","max-image-preview":"max-image-preview:large","max-video-preview":"max-video-preview:-1"},"canonical":"https:\/\/www.notibras.com\/site\/generais-afastam-qualquer-intriga-e-bolsonaro-fica-com-mais-moral\/","og_locale":"pt_BR","og_type":"article","og_title":"Generais afastam intrigas e d\u00e3o moral a Bolsonaro - Notibras","og_description":"Jair Bolsonaro ir\u00e1 at\u00e9 o fim do seu mandato. E se o governo dele corresponder \u00e0s expectativas, ser\u00e1 natural que ele dispute uma eventual reelei\u00e7\u00e3o. Essa \u00e9 a posi\u00e7\u00e3o dos oficiais-generais que cercam o presidente da Rep\u00fablica. Foi manifestada a Notibras em conversas reservadas. E \u00e9 chancelada pelo vice Hamilton Mour\u00e3o. O consenso \u00e9 de [&hellip;]","og_url":"https:\/\/www.notibras.com\/site\/generais-afastam-qualquer-intriga-e-bolsonaro-fica-com-mais-moral\/","og_site_name":"Notibras","article_publisher":"https:\/\/www.facebook.com\/notibras\/","article_published_time":"2019-03-08T20:50:58+00:00","article_modified_time":"2019-03-09T10:42:10+00:00","og_image":[{"width":1140,"height":760,"url":"https:\/\/www.notibras.com\/site\/wp-content\/uploads\/2019\/03\/bolsonaro-com-generais-foto-antonio-cruz.jpg","type":"image\/jpeg"}],"author":"Reda\u00e7\u00e3o","twitter_card":"summary_large_image","twitter_creator":"@Notibras","twitter_site":"@Notibras","twitter_misc":{"Escrito por":"Reda\u00e7\u00e3o","Est. tempo de leitura":"2 minutos"},"schema":{"@context":"https:\/\/schema.org","@graph":[{"@type":"Article","@id":"https:\/\/www.notibras.com\/site\/generais-afastam-qualquer-intriga-e-bolsonaro-fica-com-mais-moral\/#article","isPartOf":{"@id":"https:\/\/www.notibras.com\/site\/generais-afastam-qualquer-intriga-e-bolsonaro-fica-com-mais-moral\/"},"author":{"name":"Reda\u00e7\u00e3o","@id":"https:\/\/www.notibras.com\/site\/#\/schema\/person\/36ab0979449956132d3e5b517ea76ac8"},"headline":"Generais afastam intrigas e d\u00e3o moral a Bolsonaro","datePublished":"2019-03-08T20:50:58+00:00","dateModified":"2019-03-09T10:42:10+00:00","mainEntityOfPage":{"@id":"https:\/\/www.notibras.com\/site\/generais-afastam-qualquer-intriga-e-bolsonaro-fica-com-mais-moral\/"},"wordCount":380,"publisher":{"@id":"https:\/\/www.notibras.com\/site\/#organization"},"image":{"@id":"https:\/\/www.notibras.com\/site\/generais-afastam-qualquer-intriga-e-bolsonaro-fica-com-mais-moral\/#primaryimage"},"thumbnailUrl":"https:\/\/www.notibras.com\/site\/wp-content\/uploads\/2019\/03\/bolsonaro-com-generais-foto-antonio-cruz.jpg","keywords":["capa"],"articleSection":["Brasil"],"inLanguage":"pt-BR"},{"@type":"WebPage","@id":"https:\/\/www.notibras.com\/site\/generais-afastam-qualquer-intriga-e-bolsonaro-fica-com-mais-moral\/","url":"https:\/\/www.notibras.com\/site\/generais-afastam-qualquer-intriga-e-bolsonaro-fica-com-mais-moral\/","name":"Generais afastam intrigas e d\u00e3o moral a Bolsonaro - Notibras","isPartOf":{"@id":"https:\/\/www.notibras.com\/site\/#website"},"primaryImageOfPage":{"@id":"https:\/\/www.notibras.com\/site\/generais-afastam-qualquer-intriga-e-bolsonaro-fica-com-mais-moral\/#primaryimage"},"image":{"@id":"https:\/\/www.notibras.com\/site\/generais-afastam-qualquer-intriga-e-bolsonaro-fica-com-mais-moral\/#primaryimage"},"thumbnailUrl":"https:\/\/www.notibras.com\/site\/wp-content\/uploads\/2019\/03\/bolsonaro-com-generais-foto-antonio-cruz.jpg","datePublished":"2019-03-08T20:50:58+00:00","dateModified":"2019-03-09T10:42:10+00:00","breadcrumb":{"@id":"https:\/\/www.notibras.com\/site\/generais-afastam-qualquer-intriga-e-bolsonaro-fica-com-mais-moral\/#breadcrumb"},"inLanguage":"pt-BR","potentialAction":[{"@type":"ReadAction","target":["https:\/\/www.notibras.com\/site\/generais-afastam-qualquer-intriga-e-bolsonaro-fica-com-mais-moral\/"]}]},{"@type":"ImageObject","inLanguage":"pt-BR","@id":"https:\/\/www.notibras.com\/site\/generais-afastam-qualquer-intriga-e-bolsonaro-fica-com-mais-moral\/#primaryimage","url":"https:\/\/www.notibras.com\/site\/wp-content\/uploads\/2019\/03\/bolsonaro-com-generais-foto-antonio-cruz.jpg","contentUrl":"https:\/\/www.notibras.com\/site\/wp-content\/uploads\/2019\/03\/bolsonaro-com-generais-foto-antonio-cruz.jpg","width":1140,"height":760,"caption":"Foto: Ant\u00f4nio Cruz\/ABr"},{"@type":"BreadcrumbList","@id":"https:\/\/www.notibras.com\/site\/generais-afastam-qualquer-intriga-e-bolsonaro-fica-com-mais-moral\/#breadcrumb","itemListElement":[{"@type":"ListItem","position":1,"name":"In\u00edcio","item":"https:\/\/www.notibras.com\/site\/"},{"@type":"ListItem","position":2,"name":"Generais afastam intrigas e d\u00e3o moral a Bolsonaro"}]},{"@type":"WebSite","@id":"https:\/\/www.notibras.com\/site\/#website","url":"https:\/\/www.notibras.com\/site\/","name":"Notibras","description":"Not\u00edcias de Bras\u00edlia, do Brasil e do Mundo","publisher":{"@id":"https:\/\/www.notibras.com\/site\/#organization"},"potentialAction":[{"@type":"SearchAction","target":{"@type":"EntryPoint","urlTemplate":"https:\/\/www.notibras.com\/site\/?s={search_term_string}"},"query-input":{"@type":"PropertyValueSpecification","valueRequired":true,"valueName":"search_term_string"}}],"inLanguage":"pt-BR"},{"@type":"Organization","@id":"https:\/\/www.notibras.com\/site\/#organization","name":"Grupo Notibras de Comunica\u00e7\u00e3o","url":"https:\/\/www.notibras.com\/site\/","logo":{"@type":"ImageObject","inLanguage":"pt-BR","@id":"https:\/\/www.notibras.com\/site\/#\/schema\/logo\/image\/","url":"https:\/\/www.notibras.com\/site\/wp-content\/uploads\/2023\/01\/notibras23.png","contentUrl":"https:\/\/www.notibras.com\/site\/wp-content\/uploads\/2023\/01\/notibras23.png","width":350,"height":87,"caption":"Grupo Notibras de Comunica\u00e7\u00e3o"},"image":{"@id":"https:\/\/www.notibras.com\/site\/#\/schema\/logo\/image\/"},"sameAs":["https:\/\/www.facebook.com\/notibras\/","https:\/\/x.com\/Notibras","https:\/\/www.instagram.com\/notibras\/"]},{"@type":"Person","@id":"https:\/\/www.notibras.com\/site\/#\/schema\/person\/36ab0979449956132d3e5b517ea76ac8","name":"Reda\u00e7\u00e3o","image":{"@type":"ImageObject","inLanguage":"pt-BR","@id":"https:\/\/secure.gravatar.com\/avatar\/e0a867bdedb85fd243eadf09663511f96fc81e0720a4a42581f334ad4303aa6b?s=96&d=mm&r=g","url":"https:\/\/secure.gravatar.com\/avatar\/e0a867bdedb85fd243eadf09663511f96fc81e0720a4a42581f334ad4303aa6b?s=96&d=mm&r=g","contentUrl":"https:\/\/secure.gravatar.com\/avatar\/e0a867bdedb85fd243eadf09663511f96fc81e0720a4a42581f334ad4303aa6b?s=96&d=mm&r=g","caption":"Reda\u00e7\u00e3o"}}]}},"amp_enabled":true,"_links":{"self":[{"href":"https:\/\/www.notibras.com\/site\/wp-json\/wp\/v2\/posts\/204326","targetHints":{"allow":["GET"]}}],"collection":[{"href":"https:\/\/www.notibras.com\/site\/wp-json\/wp\/v2\/posts"}],"about":[{"href":"https:\/\/www.notibras.com\/site\/wp-json\/wp\/v2\/types\/post"}],"author":[{"embeddable":true,"href":"https:\/\/www.notibras.com\/site\/wp-json\/wp\/v2\/users\/2"}],"replies":[{"embeddable":true,"href":"https:\/\/www.notibras.com\/site\/wp-json\/wp\/v2\/comments?post=204326"}],"version-history":[{"count":13,"href":"https:\/\/www.notibras.com\/site\/wp-json\/wp\/v2\/posts\/204326\/revisions"}],"predecessor-version":[{"id":204361,"href":"https:\/\/www.notibras.com\/site\/wp-json\/wp\/v2\/posts\/204326\/revisions\/204361"}],"wp:featuredmedia":[{"embeddable":true,"href":"https:\/\/www.notibras.com\/site\/wp-json\/wp\/v2\/media\/204327"}],"wp:attachment":[{"href":"https:\/\/www.notibras.com\/site\/wp-json\/wp\/v2\/media?parent=204326"}],"wp:term":[{"taxonomy":"category","embeddable":true,"href":"https:\/\/www.notibras.com\/site\/wp-json\/wp\/v2\/categories?post=204326"},{"taxonomy":"post_tag","embeddable":true,"href":"https:\/\/www.notibras.com\/site\/wp-json\/wp\/v2\/tags?post=204326"}],"curies":[{"name":"wp","href":"https:\/\/api.w.org\/{rel}","templated":true}]}}